{"id":38517,"date":"2026-09-06T18:20:05","date_gmt":"2026-09-06T18:20:05","guid":{"rendered":"https:\/\/expresorgv.online\/home\/?p=38517"},"modified":"2026-09-06T18:20:08","modified_gmt":"2026-09-06T18:20:08","slug":"detienen-a-sujeto-en-oaxaca-por-abusar-de-su-hija-durante-cinco-anos-familiares-lo-entregaron-a-la-policia","status":"publish","type":"post","link":"https:\/\/expresorgv.online\/home\/blog\/2026\/09\/06\/detienen-a-sujeto-en-oaxaca-por-abusar-de-su-hija-durante-cinco-anos-familiares-lo-entregaron-a-la-policia\/","title":{"rendered":"Detienen a sujeto en Oaxaca por abusar de su hija durante cinco a\u00f1os; familiares lo entregaron a la polic\u00eda"},"content":{"rendered":"\n<p class=\"wp-block-paragraph\">Las fuerzas de seguridad lograron capturar a un hombre de 45 a\u00f1os identificado como Ra\u00fal &#8216;N&#8217;, quien abus\u00f3 sexualmente de una ni\u00f1a de cinco a\u00f1os de edad, hasta que la v\u00edctima, al cumplir diez a\u00f1os, relat\u00f3 los hechos a su madre, motivando la intervenci\u00f3n de familiares para someterlo y entregarlo a la polic\u00eda.<\/p>\n\n\n\n<p class=\"wp-block-paragraph\">El fiscal Bernardo Rodr\u00edguez Alamilla afirm\u00f3 que fue la propia v\u00edctima la encargada de reflejar cambios de comportamiento en la escuela y el hogar, lo que desencaden\u00f3 la confesi\u00f3n de las repetidas agresiones sexuales.<\/p>\n\n\n\n<p class=\"wp-block-paragraph\">El testimonio fue llevado ante la Fiscal\u00eda de G\u00e9nero, en donde solicitaron a un juez del Tribunal Superior de Justicia de Oaxaca la emisi\u00f3n de una orden de captura. El hombre fue detenido en su domicilio cuando fue entregado por los abuelos de la v\u00edctima y padres del presunto pederasta.<\/p>\n\n\n\n<p class=\"wp-block-paragraph\">De acuerdo con las investigaciones ministeriales, los hechos se habr\u00edan registrado en diversas ocasiones entre los a\u00f1os 2021 y 2025, periodo durante el cual la v\u00edctima habr\u00eda sido agredida sexualmente.<\/p>\n\n\n\n<p class=\"wp-block-paragraph\">La investigaci\u00f3n se\u00f1ala que la v\u00edctima es hija del probable responsable y, durante el periodo referido, habr\u00eda recibido amenazas contra su integridad y la de su madre para evitar la divulgaci\u00f3n de los hechos.<\/p>\n\n\n\n<p class=\"wp-block-paragraph\">El imputado fue trasladado v\u00eda terrestre hasta la zona del Valle Central, donde qued\u00f3 recluido en el penal de San Francisco Tamivet, en Tlacolula de Matamoros, acusado de los delitos de violaci\u00f3n agravada y abuso sexual agravado.<\/p>\n\n\n\n<p class=\"wp-block-paragraph\">Otros casos de abuso en CdMx<\/p>\n\n\n\n<p class=\"wp-block-paragraph\">Un caso similar sucedi\u00f3 en la Ciudad de M\u00e9xico el 16 de agosto, cuando una madre de familia acudi\u00f3 ante la Fiscal\u00eda General de Justicia para denunciar a su pareja sentimental, identificado como Miguel \u00c1ngel &#8216;N&#8217;, por presuntas agresiones sexuales cometidas de manera continuada contra su hija de 12 a\u00f1os en la alcald\u00eda \u00c1lvaro Obreg\u00f3n.<\/p>\n\n\n\n<p class=\"wp-block-paragraph\">La denunciante explic\u00f3 que la menor guard\u00f3 silencio durante meses por temor a represalias y por no desintegrar el n\u00facleo familiar.<\/p>\n\n\n\n<p class=\"wp-block-paragraph\">Tras conocer lo sucedido, la madre recab\u00f3 pruebas y acudi\u00f3 formalmente a la Fiscal\u00eda de Investigaci\u00f3n de Delitos Cometidos en Agravio de Ni\u00f1as, Ni\u00f1os y Adolescentes.<\/p>\n\n\n\n<p class=\"wp-block-paragraph\">Sin embargo, el presunto agresor logr\u00f3 escapar antes de ser asegurado y actualmente permanece pr\u00f3fugo. Por ello, la mujer alert\u00f3 que el hombre trabaja como repartidor de plataforma y solicit\u00f3 la pronta intervenci\u00f3n de las autoridades para agilizar su localizaci\u00f3n.<\/p>\n","protected":false},"excerpt":{"rendered":"<p>Las fuerzas de seguridad lograron capturar a un hombre de 45 a\u00f1os identificado como Ra\u00fal &#8216;N&#8217;, quien abus\u00f3 sexualmente de una ni\u00f1a de cinco a\u00f1os de edad, hasta que la v\u00edctima, al cumplir diez a\u00f1os, relat\u00f3 los hechos a su madre, motivando la intervenci\u00f3n de familiares para someterlo y entregarlo a la polic\u00eda. El fiscal [&hellip;]<\/p>\n","protected":false},"author":2,"featured_media":38518,"comment_status":"open","ping_status":"open","sticky":false,"template":"","format":"standard","meta":{"footnotes":""},"categories":[6],"tags":[],"class_list":["post-38517","post","type-post","status-publish","format-standard","has-post-thumbnail","hentry","category-nacional"],"yoast_head":"<!-- This site is optimized with the Yoast SEO plugin v27.2 - https:\/\/yoast.com\/product\/yoast-seo-wordpress\/ -->\n<title>Detienen a sujeto en Oaxaca por abusar de su hija durante cinco a\u00f1os; familiares lo entregaron a la polic\u00eda -<\/title>\n<meta name=\"robots\" content=\"index, follow, max-snippet:-1, max-image-preview:large, max-video-preview:-1\" \/>\n<link rel=\"canonical\" href=\"https:\/\/expresorgv.online\/home\/blog\/2026\/09\/06\/detienen-a-sujeto-en-oaxaca-por-abusar-de-su-hija-durante-cinco-anos-familiares-lo-entregaron-a-la-policia\/\" \/>\n<meta property=\"og:locale\" content=\"es_ES\" \/>\n<meta property=\"og:type\" content=\"article\" \/>\n<meta property=\"og:title\" content=\"Detienen a sujeto en Oaxaca por abusar de su hija durante cinco a\u00f1os; familiares lo entregaron a la polic\u00eda\" \/>\n<meta property=\"og:description\" content=\"Las fuerzas de seguridad lograron capturar a un hombre de 45 a\u00f1os identificado como Ra\u00fal &#8216;N&#8217;, quien abus\u00f3 sexualmente de una ni\u00f1a de cinco a\u00f1os de edad, hasta que la v\u00edctima, al cumplir diez a\u00f1os, relat\u00f3 los hechos a su madre, motivando la intervenci\u00f3n de familiares para someterlo y entregarlo a la polic\u00eda. El fiscal [&hellip;]\" \/>\n<meta property=\"og:url\" content=\"https:\/\/expresorgv.online\/home\/blog\/2026\/09\/06\/detienen-a-sujeto-en-oaxaca-por-abusar-de-su-hija-durante-cinco-anos-familiares-lo-entregaron-a-la-policia\/\" \/>\n<meta property=\"article:published_time\" content=\"2026-09-06T18:20:05+00:00\" \/>\n<meta property=\"article:modified_time\" content=\"2026-09-06T18:20:08+00:00\" \/>\n<meta property=\"og:image\" content=\"https:\/\/expresorgv.online\/home\/wp-content\/uploads\/2026\/09\/Detenido.png\" \/>\n\t<meta property=\"og:image:width\" content=\"591\" \/>\n\t<meta property=\"og:image:height\" content=\"328\" \/>\n\t<meta property=\"og:image:type\" content=\"image\/png\" \/>\n<meta name=\"author\" content=\"expreso\" \/>\n<meta name=\"twitter:card\" content=\"summary_large_image\" \/>\n<meta name=\"twitter:label1\" content=\"Escrito por\" \/>\n\t<meta name=\"twitter:data1\" content=\"expreso\" \/>\n\t<meta name=\"twitter:label2\" content=\"Tiempo de lectura\" \/>\n\t<meta name=\"twitter:data2\" content=\"2 minutos\" \/>\n<script type=\"application\/ld+json\" class=\"yoast-schema-graph\">{\"@context\":\"https:\/\/schema.org\",\"@graph\":[{\"@type\":\"Article\",\"@id\":\"https:\/\/expresorgv.online\/home\/blog\/2026\/09\/06\/detienen-a-sujeto-en-oaxaca-por-abusar-de-su-hija-durante-cinco-anos-familiares-lo-entregaron-a-la-policia\/#article\",\"isPartOf\":{\"@id\":\"https:\/\/expresorgv.online\/home\/blog\/2026\/09\/06\/detienen-a-sujeto-en-oaxaca-por-abusar-de-su-hija-durante-cinco-anos-familiares-lo-entregaron-a-la-policia\/\"},\"author\":{\"name\":\"expreso\",\"@id\":\"https:\/\/expresorgv.online\/home\/#\/schema\/person\/ae1ed1a575540204b5f59dca7f91f6a2\"},\"headline\":\"Detienen a sujeto en Oaxaca por abusar de su hija durante cinco a\u00f1os; familiares lo entregaron a la polic\u00eda\",\"datePublished\":\"2026-09-06T18:20:05+00:00\",\"dateModified\":\"2026-09-06T18:20:08+00:00\",\"mainEntityOfPage\":{\"@id\":\"https:\/\/expresorgv.online\/home\/blog\/2026\/09\/06\/detienen-a-sujeto-en-oaxaca-por-abusar-de-su-hija-durante-cinco-anos-familiares-lo-entregaron-a-la-policia\/\"},\"wordCount\":441,\"commentCount\":0,\"image\":{\"@id\":\"https:\/\/expresorgv.online\/home\/blog\/2026\/09\/06\/detienen-a-sujeto-en-oaxaca-por-abusar-de-su-hija-durante-cinco-anos-familiares-lo-entregaron-a-la-policia\/#primaryimage\"},\"thumbnailUrl\":\"https:\/\/i0.wp.com\/expresorgv.online\/home\/wp-content\/uploads\/2026\/09\/Detenido.png?fit=591%2C328&ssl=1\",\"articleSection\":[\"NACIONAL\"],\"inLanguage\":\"es\",\"potentialAction\":[{\"@type\":\"CommentAction\",\"name\":\"Comment\",\"target\":[\"https:\/\/expresorgv.online\/home\/blog\/2026\/09\/06\/detienen-a-sujeto-en-oaxaca-por-abusar-de-su-hija-durante-cinco-anos-familiares-lo-entregaron-a-la-policia\/#respond\"]}]},{\"@type\":\"WebPage\",\"@id\":\"https:\/\/expresorgv.online\/home\/blog\/2026\/09\/06\/detienen-a-sujeto-en-oaxaca-por-abusar-de-su-hija-durante-cinco-anos-familiares-lo-entregaron-a-la-policia\/\",\"url\":\"https:\/\/expresorgv.online\/home\/blog\/2026\/09\/06\/detienen-a-sujeto-en-oaxaca-por-abusar-de-su-hija-durante-cinco-anos-familiares-lo-entregaron-a-la-policia\/\",\"name\":\"Detienen a sujeto en Oaxaca por abusar de su hija durante cinco a\u00f1os; familiares lo entregaron a la polic\u00eda -\",\"isPartOf\":{\"@id\":\"https:\/\/expresorgv.online\/home\/#website\"},\"primaryImageOfPage\":{\"@id\":\"https:\/\/expresorgv.online\/home\/blog\/2026\/09\/06\/detienen-a-sujeto-en-oaxaca-por-abusar-de-su-hija-durante-cinco-anos-familiares-lo-entregaron-a-la-policia\/#primaryimage\"},\"image\":{\"@id\":\"https:\/\/expresorgv.online\/home\/blog\/2026\/09\/06\/detienen-a-sujeto-en-oaxaca-por-abusar-de-su-hija-durante-cinco-anos-familiares-lo-entregaron-a-la-policia\/#primaryimage\"},\"thumbnailUrl\":\"https:\/\/i0.wp.com\/expresorgv.online\/home\/wp-content\/uploads\/2026\/09\/Detenido.png?fit=591%2C328&ssl=1\",\"datePublished\":\"2026-09-06T18:20:05+00:00\",\"dateModified\":\"2026-09-06T18:20:08+00:00\",\"author\":{\"@id\":\"https:\/\/expresorgv.online\/home\/#\/schema\/person\/ae1ed1a575540204b5f59dca7f91f6a2\"},\"breadcrumb\":{\"@id\":\"https:\/\/expresorgv.online\/home\/blog\/2026\/09\/06\/detienen-a-sujeto-en-oaxaca-por-abusar-de-su-hija-durante-cinco-anos-familiares-lo-entregaron-a-la-policia\/#breadcrumb\"},\"inLanguage\":\"es\",\"potentialAction\":[{\"@type\":\"ReadAction\",\"target\":[\"https:\/\/expresorgv.online\/home\/blog\/2026\/09\/06\/detienen-a-sujeto-en-oaxaca-por-abusar-de-su-hija-durante-cinco-anos-familiares-lo-entregaron-a-la-policia\/\"]}]},{\"@type\":\"ImageObject\",\"inLanguage\":\"es\",\"@id\":\"https:\/\/expresorgv.online\/home\/blog\/2026\/09\/06\/detienen-a-sujeto-en-oaxaca-por-abusar-de-su-hija-durante-cinco-anos-familiares-lo-entregaron-a-la-policia\/#primaryimage\",\"url\":\"https:\/\/i0.wp.com\/expresorgv.online\/home\/wp-content\/uploads\/2026\/09\/Detenido.png?fit=591%2C328&ssl=1\",\"contentUrl\":\"https:\/\/i0.wp.com\/expresorgv.online\/home\/wp-content\/uploads\/2026\/09\/Detenido.png?fit=591%2C328&ssl=1\",\"width\":591,\"height\":328},{\"@type\":\"BreadcrumbList\",\"@id\":\"https:\/\/expresorgv.online\/home\/blog\/2026\/09\/06\/detienen-a-sujeto-en-oaxaca-por-abusar-de-su-hija-durante-cinco-anos-familiares-lo-entregaron-a-la-policia\/#breadcrumb\",\"itemListElement\":[{\"@type\":\"ListItem\",\"position\":1,\"name\":\"Home\",\"item\":\"https:\/\/expresorgv.online\/home\/\"},{\"@type\":\"ListItem\",\"position\":2,\"name\":\"Detienen a sujeto en Oaxaca por abusar de su hija durante cinco a\u00f1os; familiares lo entregaron a la polic\u00eda\"}]},{\"@type\":\"WebSite\",\"@id\":\"https:\/\/expresorgv.online\/home\/#website\",\"url\":\"https:\/\/expresorgv.online\/home\/\",\"name\":\"\",\"description\":\"\",\"potentialAction\":[{\"@type\":\"SearchAction\",\"target\":{\"@type\":\"EntryPoint\",\"urlTemplate\":\"https:\/\/expresorgv.online\/home\/?s={search_term_string}\"},\"query-input\":{\"@type\":\"PropertyValueSpecification\",\"valueRequired\":true,\"valueName\":\"search_term_string\"}}],\"inLanguage\":\"es\"},{\"@type\":\"Person\",\"@id\":\"https:\/\/expresorgv.online\/home\/#\/schema\/person\/ae1ed1a575540204b5f59dca7f91f6a2\",\"name\":\"expreso\",\"image\":{\"@type\":\"ImageObject\",\"inLanguage\":\"es\",\"@id\":\"https:\/\/secure.gravatar.com\/avatar\/88cd9f065dcd1b722cd984aac4181386a800c0bca699eaf07e42dd8f820bddee?s=96&d=mm&r=g\",\"url\":\"https:\/\/secure.gravatar.com\/avatar\/88cd9f065dcd1b722cd984aac4181386a800c0bca699eaf07e42dd8f820bddee?s=96&d=mm&r=g\",\"contentUrl\":\"https:\/\/secure.gravatar.com\/avatar\/88cd9f065dcd1b722cd984aac4181386a800c0bca699eaf07e42dd8f820bddee?s=96&d=mm&r=g\",\"caption\":\"expreso\"},\"url\":\"https:\/\/expresorgv.online\/home\/blog\/author\/expreso\/\"}]}<\/script>\n<!-- \/ Yoast SEO plugin. -->","yoast_head_json":{"title":"Detienen a sujeto en Oaxaca por abusar de su hija durante cinco a\u00f1os; familiares lo entregaron a la polic\u00eda -","robots":{"index":"index","follow":"follow","max-snippet":"max-snippet:-1","max-image-preview":"max-image-preview:large","max-video-preview":"max-video-preview:-1"},"canonical":"https:\/\/expresorgv.online\/home\/blog\/2026\/09\/06\/detienen-a-sujeto-en-oaxaca-por-abusar-de-su-hija-durante-cinco-anos-familiares-lo-entregaron-a-la-policia\/","og_locale":"es_ES","og_type":"article","og_title":"Detienen a sujeto en Oaxaca por abusar de su hija durante cinco a\u00f1os; familiares lo entregaron a la polic\u00eda","og_description":"Las fuerzas de seguridad lograron capturar a un hombre de 45 a\u00f1os identificado como Ra\u00fal &#8216;N&#8217;, quien abus\u00f3 sexualmente de una ni\u00f1a de cinco a\u00f1os de edad, hasta que la v\u00edctima, al cumplir diez a\u00f1os, relat\u00f3 los hechos a su madre, motivando la intervenci\u00f3n de familiares para someterlo y entregarlo a la polic\u00eda. El fiscal [&hellip;]","og_url":"https:\/\/expresorgv.online\/home\/blog\/2026\/09\/06\/detienen-a-sujeto-en-oaxaca-por-abusar-de-su-hija-durante-cinco-anos-familiares-lo-entregaron-a-la-policia\/","article_published_time":"2026-09-06T18:20:05+00:00","article_modified_time":"2026-09-06T18:20:08+00:00","og_image":[{"width":591,"height":328,"url":"https:\/\/expresorgv.online\/home\/wp-content\/uploads\/2026\/09\/Detenido.png","type":"image\/png"}],"author":"expreso","twitter_card":"summary_large_image","twitter_misc":{"Escrito por":"expreso","Tiempo de lectura":"2 minutos"},"schema":{"@context":"https:\/\/schema.org","@graph":[{"@type":"Article","@id":"https:\/\/expresorgv.online\/home\/blog\/2026\/09\/06\/detienen-a-sujeto-en-oaxaca-por-abusar-de-su-hija-durante-cinco-anos-familiares-lo-entregaron-a-la-policia\/#article","isPartOf":{"@id":"https:\/\/expresorgv.online\/home\/blog\/2026\/09\/06\/detienen-a-sujeto-en-oaxaca-por-abusar-de-su-hija-durante-cinco-anos-familiares-lo-entregaron-a-la-policia\/"},"author":{"name":"expreso","@id":"https:\/\/expresorgv.online\/home\/#\/schema\/person\/ae1ed1a575540204b5f59dca7f91f6a2"},"headline":"Detienen a sujeto en Oaxaca por abusar de su hija durante cinco a\u00f1os; familiares lo entregaron a la polic\u00eda","datePublished":"2026-09-06T18:20:05+00:00","dateModified":"2026-09-06T18:20:08+00:00","mainEntityOfPage":{"@id":"https:\/\/expresorgv.online\/home\/blog\/2026\/09\/06\/detienen-a-sujeto-en-oaxaca-por-abusar-de-su-hija-durante-cinco-anos-familiares-lo-entregaron-a-la-policia\/"},"wordCount":441,"commentCount":0,"image":{"@id":"https:\/\/expresorgv.online\/home\/blog\/2026\/09\/06\/detienen-a-sujeto-en-oaxaca-por-abusar-de-su-hija-durante-cinco-anos-familiares-lo-entregaron-a-la-policia\/#primaryimage"},"thumbnailUrl":"https:\/\/i0.wp.com\/expresorgv.online\/home\/wp-content\/uploads\/2026\/09\/Detenido.png?fit=591%2C328&ssl=1","articleSection":["NACIONAL"],"inLanguage":"es","potentialAction":[{"@type":"CommentAction","name":"Comment","target":["https:\/\/expresorgv.online\/home\/blog\/2026\/09\/06\/detienen-a-sujeto-en-oaxaca-por-abusar-de-su-hija-durante-cinco-anos-familiares-lo-entregaron-a-la-policia\/#respond"]}]},{"@type":"WebPage","@id":"https:\/\/expresorgv.online\/home\/blog\/2026\/09\/06\/detienen-a-sujeto-en-oaxaca-por-abusar-de-su-hija-durante-cinco-anos-familiares-lo-entregaron-a-la-policia\/","url":"https:\/\/expresorgv.online\/home\/blog\/2026\/09\/06\/detienen-a-sujeto-en-oaxaca-por-abusar-de-su-hija-durante-cinco-anos-familiares-lo-entregaron-a-la-policia\/","name":"Detienen a sujeto en Oaxaca por abusar de su hija durante cinco a\u00f1os; familiares lo entregaron a la polic\u00eda -","isPartOf":{"@id":"https:\/\/expresorgv.online\/home\/#website"},"primaryImageOfPage":{"@id":"https:\/\/expresorgv.online\/home\/blog\/2026\/09\/06\/detienen-a-sujeto-en-oaxaca-por-abusar-de-su-hija-durante-cinco-anos-familiares-lo-entregaron-a-la-policia\/#primaryimage"},"image":{"@id":"https:\/\/expresorgv.online\/home\/blog\/2026\/09\/06\/detienen-a-sujeto-en-oaxaca-por-abusar-de-su-hija-durante-cinco-anos-familiares-lo-entregaron-a-la-policia\/#primaryimage"},"thumbnailUrl":"https:\/\/i0.wp.com\/expresorgv.online\/home\/wp-content\/uploads\/2026\/09\/Detenido.png?fit=591%2C328&ssl=1","datePublished":"2026-09-06T18:20:05+00:00","dateModified":"2026-09-06T18:20:08+00:00","author":{"@id":"https:\/\/expresorgv.online\/home\/#\/schema\/person\/ae1ed1a575540204b5f59dca7f91f6a2"},"breadcrumb":{"@id":"https:\/\/expresorgv.online\/home\/blog\/2026\/09\/06\/detienen-a-sujeto-en-oaxaca-por-abusar-de-su-hija-durante-cinco-anos-familiares-lo-entregaron-a-la-policia\/#breadcrumb"},"inLanguage":"es","potentialAction":[{"@type":"ReadAction","target":["https:\/\/expresorgv.online\/home\/blog\/2026\/09\/06\/detienen-a-sujeto-en-oaxaca-por-abusar-de-su-hija-durante-cinco-anos-familiares-lo-entregaron-a-la-policia\/"]}]},{"@type":"ImageObject","inLanguage":"es","@id":"https:\/\/expresorgv.online\/home\/blog\/2026\/09\/06\/detienen-a-sujeto-en-oaxaca-por-abusar-de-su-hija-durante-cinco-anos-familiares-lo-entregaron-a-la-policia\/#primaryimage","url":"https:\/\/i0.wp.com\/expresorgv.online\/home\/wp-content\/uploads\/2026\/09\/Detenido.png?fit=591%2C328&ssl=1","contentUrl":"https:\/\/i0.wp.com\/expresorgv.online\/home\/wp-content\/uploads\/2026\/09\/Detenido.png?fit=591%2C328&ssl=1","width":591,"height":328},{"@type":"BreadcrumbList","@id":"https:\/\/expresorgv.online\/home\/blog\/2026\/09\/06\/detienen-a-sujeto-en-oaxaca-por-abusar-de-su-hija-durante-cinco-anos-familiares-lo-entregaron-a-la-policia\/#breadcrumb","itemListElement":[{"@type":"ListItem","position":1,"name":"Home","item":"https:\/\/expresorgv.online\/home\/"},{"@type":"ListItem","position":2,"name":"Detienen a sujeto en Oaxaca por abusar de su hija durante cinco a\u00f1os; familiares lo entregaron a la polic\u00eda"}]},{"@type":"WebSite","@id":"https:\/\/expresorgv.online\/home\/#website","url":"https:\/\/expresorgv.online\/home\/","name":"","description":"","potentialAction":[{"@type":"SearchAction","target":{"@type":"EntryPoint","urlTemplate":"https:\/\/expresorgv.online\/home\/?s={search_term_string}"},"query-input":{"@type":"PropertyValueSpecification","valueRequired":true,"valueName":"search_term_string"}}],"inLanguage":"es"},{"@type":"Person","@id":"https:\/\/expresorgv.online\/home\/#\/schema\/person\/ae1ed1a575540204b5f59dca7f91f6a2","name":"expreso","image":{"@type":"ImageObject","inLanguage":"es","@id":"https:\/\/secure.gravatar.com\/avatar\/88cd9f065dcd1b722cd984aac4181386a800c0bca699eaf07e42dd8f820bddee?s=96&d=mm&r=g","url":"https:\/\/secure.gravatar.com\/avatar\/88cd9f065dcd1b722cd984aac4181386a800c0bca699eaf07e42dd8f820bddee?s=96&d=mm&r=g","contentUrl":"https:\/\/secure.gravatar.com\/avatar\/88cd9f065dcd1b722cd984aac4181386a800c0bca699eaf07e42dd8f820bddee?s=96&d=mm&r=g","caption":"expreso"},"url":"https:\/\/expresorgv.online\/home\/blog\/author\/expreso\/"}]}},"jetpack_featured_media_url":"https:\/\/i0.wp.com\/expresorgv.online\/home\/wp-content\/uploads\/2026\/09\/Detenido.png?fit=591%2C328&ssl=1","_links":{"self":[{"href":"https:\/\/expresorgv.online\/home\/wp-json\/wp\/v2\/posts\/38517","targetHints":{"allow":["GET"]}}],"collection":[{"href":"https:\/\/expresorgv.online\/home\/wp-json\/wp\/v2\/posts"}],"about":[{"href":"https:\/\/expresorgv.online\/home\/wp-json\/wp\/v2\/types\/post"}],"author":[{"embeddable":true,"href":"https:\/\/expresorgv.online\/home\/wp-json\/wp\/v2\/users\/2"}],"replies":[{"embeddable":true,"href":"https:\/\/expresorgv.online\/home\/wp-json\/wp\/v2\/comments?post=38517"}],"version-history":[{"count":1,"href":"https:\/\/expresorgv.online\/home\/wp-json\/wp\/v2\/posts\/38517\/revisions"}],"predecessor-version":[{"id":38519,"href":"https:\/\/expresorgv.online\/home\/wp-json\/wp\/v2\/posts\/38517\/revisions\/38519"}],"wp:featuredmedia":[{"embeddable":true,"href":"https:\/\/expresorgv.online\/home\/wp-json\/wp\/v2\/media\/38518"}],"wp:attachment":[{"href":"https:\/\/expresorgv.online\/home\/wp-json\/wp\/v2\/media?parent=38517"}],"wp:term":[{"taxonomy":"category","embeddable":true,"href":"https:\/\/expresorgv.online\/home\/wp-json\/wp\/v2\/categories?post=38517"},{"taxonomy":"post_tag","embeddable":true,"href":"https:\/\/expresorgv.online\/home\/wp-json\/wp\/v2\/tags?post=38517"}],"curies":[{"name":"wp","href":"https:\/\/api.w.org\/{rel}","templated":true}]}}