{"id":38509,"date":"2026-09-06T13:27:38","date_gmt":"2026-09-06T13:27:38","guid":{"rendered":"https:\/\/expresorgv.online\/home\/?p=38509"},"modified":"2026-09-06T13:27:39","modified_gmt":"2026-09-06T13:27:39","slug":"bad-bunny-gana-su-primer-emmy-por-el-historico-show-de-medio-tiempo-del-super-bowl","status":"publish","type":"post","link":"https:\/\/expresorgv.online\/home\/blog\/2026\/09\/06\/bad-bunny-gana-su-primer-emmy-por-el-historico-show-de-medio-tiempo-del-super-bowl\/","title":{"rendered":"Bad Bunny gana su primer Emmy por el hist\u00f3rico show de medio tiempo del Super Bowl"},"content":{"rendered":"\n<p class=\"wp-block-paragraph\">El cantante Bad Bunny gan\u00f3 su primer Emmy en la noche de este s\u00e1bado gracias al espect\u00e1culo de medio tiempo del Super Bowl, durante la ceremonia de entrega de los Creative Arts Emmys, en Los \u00c1ngeles, California, que se celebran antes de la gala televisada, prevista para el pr\u00f3ximo 14 de septiembre.<\/p>\n\n\n\n<p class=\"wp-block-paragraph\">El show, titulado \u00abThe Apple Music Super Bowl LX Halftime Show Starring Bad Bunny\u00bb, contaba con nueve nominaciones, incluida la del cantante puertorrique\u00f1o, de las cuales tambi\u00e9n se alz\u00f3 con direcci\u00f3n musical, coreograf\u00eda, mezcla de sonido, direcci\u00f3n t\u00e9cnica, dise\u00f1o de iluminaci\u00f3n y direcci\u00f3n de programa especial, sumando un total de siete premios.<\/p>\n\n\n\n<p class=\"wp-block-paragraph\">El pasado mes de julio, el espect\u00e1culo del artista boricua se convirti\u00f3 en el m\u00e1s nominado de la historia de estos premios, considerados los m\u00e1s importantes de la televisi\u00f3n.<\/p>\n\n\n\n<p class=\"wp-block-paragraph\">El brasile\u00f1o Miguel Gandelman se hizo con el galard\u00f3n a mejor direcci\u00f3n musical y Charm La&#8217;Donna y Karina Ortiz a la mejor coreograf\u00eda en la categor\u00eda de mejores programas de variedades.<\/p>\n\n\n\n<p class=\"wp-block-paragraph\">El episodio de Saturday Night Live presentado por el artista en octubre de 2025 tambi\u00e9n obtuvo el reconocimiento a mejor maquillaje en un programa de variedades, no ficci\u00f3n o &#8216;reality&#8217; en esta edici\u00f3n de los Emmy.<\/p>\n\n\n\n<p class=\"wp-block-paragraph\">Asimismo, en su comentado espect\u00e1culo del Super Bowl, en el que se enfrentaron los equipos de los Seattle Seahawks contra los New England Patriots, Bad Bunny reivindic\u00f3 que Am\u00e9rica es todo el continente, no s\u00f3lo Estados Unidos.<\/p>\n\n\n\n<p class=\"wp-block-paragraph\">El cantante cerr\u00f3 su concierto al grito de \u00ab\u00a1Dios bendiga a Am\u00e9rica!\u00bb, con un bal\u00f3n de f\u00fatbol americano que dec\u00eda &#8216;Together we&#8217;re America&#8217; (&#8216;Juntos somos Am\u00e9rica&#8217;) y un desfile con las banderas y nombres de cada pa\u00eds del continente, desde Chile hasta Canad\u00e1.<\/p>\n\n\n\n<p class=\"wp-block-paragraph\">Un show que se ha convertido en el espect\u00e1culo de medio tiempo del Super Bowl m\u00e1s nominado de la historia, un r\u00e9cord que ostentaba desde 2017 Lady Gaga, que tambi\u00e9n fue nominada hoy a un Emmy, por la canci\u00f3n \u00abThe Dead Dance\u00bb, de la serie \u00abWednesday\u00bb.<\/p>\n\n\n\n<p class=\"wp-block-paragraph\">La cantante estadounidense fue una de las artistas invitadas al concierto de Bad Bunny en el Super Bowl, donde interpret\u00f3 una versi\u00f3n en salsa de su tema con Bruno Mars, \u00abDie With A Smile\u00bb y bail\u00f3 junto al boricua el tema \u00abBaile Inolvidable\u00bb.<\/p>\n\n\n\n<p class=\"wp-block-paragraph\">El puertorrique\u00f1o Ricky Martin tambi\u00e9n fue invitado al espect\u00e1culo para cantar una versi\u00f3n ac\u00fastica de la canci\u00f3n de Bad Bunny \u00abLo Que Le Pas\u00f3 a Haw\u00e1i\u00bb, en la que compara la gentrificaci\u00f3n y el estatus colonial de Puerto Rico con la anexi\u00f3n de Haw\u00e1i por parte de Estados Unidos en el siglo XIX.<\/p>\n\n\n\n<p class=\"wp-block-paragraph\">El anuncio de las nominaciones estuvo a cargo de la actriz Liza Col\u00f3n-Zayas, de ascendencia puertorrique\u00f1a y conocida especialmente por la serie \u00abThe Bear\u00bb, y el actor y comediante estadounidense Jeff Hiller.<\/p>\n\n\n\n<p class=\"wp-block-paragraph\">La ceremonia de entrega de los premios se celebrar\u00e1 el 14 de septiembre en el Teatro Peacock de Los \u00c1ngeles y ser\u00e1 transmitida por la cadena estadounidense NBC.<\/p>\n","protected":false},"excerpt":{"rendered":"<p>El cantante Bad Bunny gan\u00f3 su primer Emmy en la noche de este s\u00e1bado gracias al espect\u00e1culo de medio tiempo del Super Bowl, durante la ceremonia de entrega de los Creative Arts Emmys, en Los \u00c1ngeles, California, que se celebran antes de la gala televisada, prevista para el pr\u00f3ximo 14 de septiembre. El show, titulado [&hellip;]<\/p>\n","protected":false},"author":2,"featured_media":38510,"comment_status":"open","ping_status":"open","sticky":false,"template":"","format":"standard","meta":{"footnotes":""},"categories":[9],"tags":[],"class_list":["post-38509","post","type-post","status-publish","format-standard","has-post-thumbnail","hentry","category-hellou"],"yoast_head":"<!-- This site is optimized with the Yoast SEO plugin v27.2 - https:\/\/yoast.com\/product\/yoast-seo-wordpress\/ -->\n<title>Bad Bunny gana su primer Emmy por el hist\u00f3rico show de medio tiempo del Super Bowl -<\/title>\n<meta name=\"robots\" content=\"index, follow, max-snippet:-1, max-image-preview:large, max-video-preview:-1\" \/>\n<link rel=\"canonical\" href=\"https:\/\/expresorgv.online\/home\/blog\/2026\/09\/06\/bad-bunny-gana-su-primer-emmy-por-el-historico-show-de-medio-tiempo-del-super-bowl\/\" \/>\n<meta property=\"og:locale\" content=\"es_ES\" \/>\n<meta property=\"og:type\" content=\"article\" \/>\n<meta property=\"og:title\" content=\"Bad Bunny gana su primer Emmy por el hist\u00f3rico show de medio tiempo del Super Bowl\" \/>\n<meta property=\"og:description\" content=\"El cantante Bad Bunny gan\u00f3 su primer Emmy en la noche de este s\u00e1bado gracias al espect\u00e1culo de medio tiempo del Super Bowl, durante la ceremonia de entrega de los Creative Arts Emmys, en Los \u00c1ngeles, California, que se celebran antes de la gala televisada, prevista para el pr\u00f3ximo 14 de septiembre. El show, titulado [&hellip;]\" \/>\n<meta property=\"og:url\" content=\"https:\/\/expresorgv.online\/home\/blog\/2026\/09\/06\/bad-bunny-gana-su-primer-emmy-por-el-historico-show-de-medio-tiempo-del-super-bowl\/\" \/>\n<meta property=\"article:published_time\" content=\"2026-09-06T13:27:38+00:00\" \/>\n<meta property=\"article:modified_time\" content=\"2026-09-06T13:27:39+00:00\" \/>\n<meta property=\"og:image\" content=\"https:\/\/expresorgv.online\/home\/wp-content\/uploads\/2026\/09\/Bad-Bunny.png\" \/>\n\t<meta property=\"og:image:width\" content=\"591\" \/>\n\t<meta property=\"og:image:height\" content=\"328\" \/>\n\t<meta property=\"og:image:type\" content=\"image\/png\" \/>\n<meta name=\"author\" content=\"expreso\" \/>\n<meta name=\"twitter:card\" content=\"summary_large_image\" \/>\n<meta name=\"twitter:label1\" content=\"Escrito por\" \/>\n\t<meta name=\"twitter:data1\" content=\"expreso\" \/>\n\t<meta name=\"twitter:label2\" content=\"Tiempo de lectura\" \/>\n\t<meta name=\"twitter:data2\" content=\"3 minutos\" \/>\n<script type=\"application\/ld+json\" class=\"yoast-schema-graph\">{\"@context\":\"https:\/\/schema.org\",\"@graph\":[{\"@type\":\"Article\",\"@id\":\"https:\/\/expresorgv.online\/home\/blog\/2026\/09\/06\/bad-bunny-gana-su-primer-emmy-por-el-historico-show-de-medio-tiempo-del-super-bowl\/#article\",\"isPartOf\":{\"@id\":\"https:\/\/expresorgv.online\/home\/blog\/2026\/09\/06\/bad-bunny-gana-su-primer-emmy-por-el-historico-show-de-medio-tiempo-del-super-bowl\/\"},\"author\":{\"name\":\"expreso\",\"@id\":\"https:\/\/expresorgv.online\/home\/#\/schema\/person\/ae1ed1a575540204b5f59dca7f91f6a2\"},\"headline\":\"Bad Bunny gana su primer Emmy por el hist\u00f3rico show de medio tiempo del Super Bowl\",\"datePublished\":\"2026-09-06T13:27:38+00:00\",\"dateModified\":\"2026-09-06T13:27:39+00:00\",\"mainEntityOfPage\":{\"@id\":\"https:\/\/expresorgv.online\/home\/blog\/2026\/09\/06\/bad-bunny-gana-su-primer-emmy-por-el-historico-show-de-medio-tiempo-del-super-bowl\/\"},\"wordCount\":548,\"commentCount\":0,\"image\":{\"@id\":\"https:\/\/expresorgv.online\/home\/blog\/2026\/09\/06\/bad-bunny-gana-su-primer-emmy-por-el-historico-show-de-medio-tiempo-del-super-bowl\/#primaryimage\"},\"thumbnailUrl\":\"https:\/\/i0.wp.com\/expresorgv.online\/home\/wp-content\/uploads\/2026\/09\/Bad-Bunny.png?fit=591%2C328&ssl=1\",\"articleSection\":[\"HELLOU\"],\"inLanguage\":\"es\",\"potentialAction\":[{\"@type\":\"CommentAction\",\"name\":\"Comment\",\"target\":[\"https:\/\/expresorgv.online\/home\/blog\/2026\/09\/06\/bad-bunny-gana-su-primer-emmy-por-el-historico-show-de-medio-tiempo-del-super-bowl\/#respond\"]}]},{\"@type\":\"WebPage\",\"@id\":\"https:\/\/expresorgv.online\/home\/blog\/2026\/09\/06\/bad-bunny-gana-su-primer-emmy-por-el-historico-show-de-medio-tiempo-del-super-bowl\/\",\"url\":\"https:\/\/expresorgv.online\/home\/blog\/2026\/09\/06\/bad-bunny-gana-su-primer-emmy-por-el-historico-show-de-medio-tiempo-del-super-bowl\/\",\"name\":\"Bad Bunny gana su primer Emmy por el hist\u00f3rico show de medio tiempo del Super Bowl -\",\"isPartOf\":{\"@id\":\"https:\/\/expresorgv.online\/home\/#website\"},\"primaryImageOfPage\":{\"@id\":\"https:\/\/expresorgv.online\/home\/blog\/2026\/09\/06\/bad-bunny-gana-su-primer-emmy-por-el-historico-show-de-medio-tiempo-del-super-bowl\/#primaryimage\"},\"image\":{\"@id\":\"https:\/\/expresorgv.online\/home\/blog\/2026\/09\/06\/bad-bunny-gana-su-primer-emmy-por-el-historico-show-de-medio-tiempo-del-super-bowl\/#primaryimage\"},\"thumbnailUrl\":\"https:\/\/i0.wp.com\/expresorgv.online\/home\/wp-content\/uploads\/2026\/09\/Bad-Bunny.png?fit=591%2C328&ssl=1\",\"datePublished\":\"2026-09-06T13:27:38+00:00\",\"dateModified\":\"2026-09-06T13:27:39+00:00\",\"author\":{\"@id\":\"https:\/\/expresorgv.online\/home\/#\/schema\/person\/ae1ed1a575540204b5f59dca7f91f6a2\"},\"breadcrumb\":{\"@id\":\"https:\/\/expresorgv.online\/home\/blog\/2026\/09\/06\/bad-bunny-gana-su-primer-emmy-por-el-historico-show-de-medio-tiempo-del-super-bowl\/#breadcrumb\"},\"inLanguage\":\"es\",\"potentialAction\":[{\"@type\":\"ReadAction\",\"target\":[\"https:\/\/expresorgv.online\/home\/blog\/2026\/09\/06\/bad-bunny-gana-su-primer-emmy-por-el-historico-show-de-medio-tiempo-del-super-bowl\/\"]}]},{\"@type\":\"ImageObject\",\"inLanguage\":\"es\",\"@id\":\"https:\/\/expresorgv.online\/home\/blog\/2026\/09\/06\/bad-bunny-gana-su-primer-emmy-por-el-historico-show-de-medio-tiempo-del-super-bowl\/#primaryimage\",\"url\":\"https:\/\/i0.wp.com\/expresorgv.online\/home\/wp-content\/uploads\/2026\/09\/Bad-Bunny.png?fit=591%2C328&ssl=1\",\"contentUrl\":\"https:\/\/i0.wp.com\/expresorgv.online\/home\/wp-content\/uploads\/2026\/09\/Bad-Bunny.png?fit=591%2C328&ssl=1\",\"width\":591,\"height\":328},{\"@type\":\"BreadcrumbList\",\"@id\":\"https:\/\/expresorgv.online\/home\/blog\/2026\/09\/06\/bad-bunny-gana-su-primer-emmy-por-el-historico-show-de-medio-tiempo-del-super-bowl\/#breadcrumb\",\"itemListElement\":[{\"@type\":\"ListItem\",\"position\":1,\"name\":\"Home\",\"item\":\"https:\/\/expresorgv.online\/home\/\"},{\"@type\":\"ListItem\",\"position\":2,\"name\":\"Bad Bunny gana su primer Emmy por el hist\u00f3rico show de medio tiempo del Super Bowl\"}]},{\"@type\":\"WebSite\",\"@id\":\"https:\/\/expresorgv.online\/home\/#website\",\"url\":\"https:\/\/expresorgv.online\/home\/\",\"name\":\"\",\"description\":\"\",\"potentialAction\":[{\"@type\":\"SearchAction\",\"target\":{\"@type\":\"EntryPoint\",\"urlTemplate\":\"https:\/\/expresorgv.online\/home\/?s={search_term_string}\"},\"query-input\":{\"@type\":\"PropertyValueSpecification\",\"valueRequired\":true,\"valueName\":\"search_term_string\"}}],\"inLanguage\":\"es\"},{\"@type\":\"Person\",\"@id\":\"https:\/\/expresorgv.online\/home\/#\/schema\/person\/ae1ed1a575540204b5f59dca7f91f6a2\",\"name\":\"expreso\",\"image\":{\"@type\":\"ImageObject\",\"inLanguage\":\"es\",\"@id\":\"https:\/\/secure.gravatar.com\/avatar\/88cd9f065dcd1b722cd984aac4181386a800c0bca699eaf07e42dd8f820bddee?s=96&d=mm&r=g\",\"url\":\"https:\/\/secure.gravatar.com\/avatar\/88cd9f065dcd1b722cd984aac4181386a800c0bca699eaf07e42dd8f820bddee?s=96&d=mm&r=g\",\"contentUrl\":\"https:\/\/secure.gravatar.com\/avatar\/88cd9f065dcd1b722cd984aac4181386a800c0bca699eaf07e42dd8f820bddee?s=96&d=mm&r=g\",\"caption\":\"expreso\"},\"url\":\"https:\/\/expresorgv.online\/home\/blog\/author\/expreso\/\"}]}<\/script>\n<!-- \/ Yoast SEO plugin. -->","yoast_head_json":{"title":"Bad Bunny gana su primer Emmy por el hist\u00f3rico show de medio tiempo del Super Bowl -","robots":{"index":"index","follow":"follow","max-snippet":"max-snippet:-1","max-image-preview":"max-image-preview:large","max-video-preview":"max-video-preview:-1"},"canonical":"https:\/\/expresorgv.online\/home\/blog\/2026\/09\/06\/bad-bunny-gana-su-primer-emmy-por-el-historico-show-de-medio-tiempo-del-super-bowl\/","og_locale":"es_ES","og_type":"article","og_title":"Bad Bunny gana su primer Emmy por el hist\u00f3rico show de medio tiempo del Super Bowl","og_description":"El cantante Bad Bunny gan\u00f3 su primer Emmy en la noche de este s\u00e1bado gracias al espect\u00e1culo de medio tiempo del Super Bowl, durante la ceremonia de entrega de los Creative Arts Emmys, en Los \u00c1ngeles, California, que se celebran antes de la gala televisada, prevista para el pr\u00f3ximo 14 de septiembre. El show, titulado [&hellip;]","og_url":"https:\/\/expresorgv.online\/home\/blog\/2026\/09\/06\/bad-bunny-gana-su-primer-emmy-por-el-historico-show-de-medio-tiempo-del-super-bowl\/","article_published_time":"2026-09-06T13:27:38+00:00","article_modified_time":"2026-09-06T13:27:39+00:00","og_image":[{"width":591,"height":328,"url":"https:\/\/expresorgv.online\/home\/wp-content\/uploads\/2026\/09\/Bad-Bunny.png","type":"image\/png"}],"author":"expreso","twitter_card":"summary_large_image","twitter_misc":{"Escrito por":"expreso","Tiempo de lectura":"3 minutos"},"schema":{"@context":"https:\/\/schema.org","@graph":[{"@type":"Article","@id":"https:\/\/expresorgv.online\/home\/blog\/2026\/09\/06\/bad-bunny-gana-su-primer-emmy-por-el-historico-show-de-medio-tiempo-del-super-bowl\/#article","isPartOf":{"@id":"https:\/\/expresorgv.online\/home\/blog\/2026\/09\/06\/bad-bunny-gana-su-primer-emmy-por-el-historico-show-de-medio-tiempo-del-super-bowl\/"},"author":{"name":"expreso","@id":"https:\/\/expresorgv.online\/home\/#\/schema\/person\/ae1ed1a575540204b5f59dca7f91f6a2"},"headline":"Bad Bunny gana su primer Emmy por el hist\u00f3rico show de medio tiempo del Super Bowl","datePublished":"2026-09-06T13:27:38+00:00","dateModified":"2026-09-06T13:27:39+00:00","mainEntityOfPage":{"@id":"https:\/\/expresorgv.online\/home\/blog\/2026\/09\/06\/bad-bunny-gana-su-primer-emmy-por-el-historico-show-de-medio-tiempo-del-super-bowl\/"},"wordCount":548,"commentCount":0,"image":{"@id":"https:\/\/expresorgv.online\/home\/blog\/2026\/09\/06\/bad-bunny-gana-su-primer-emmy-por-el-historico-show-de-medio-tiempo-del-super-bowl\/#primaryimage"},"thumbnailUrl":"https:\/\/i0.wp.com\/expresorgv.online\/home\/wp-content\/uploads\/2026\/09\/Bad-Bunny.png?fit=591%2C328&ssl=1","articleSection":["HELLOU"],"inLanguage":"es","potentialAction":[{"@type":"CommentAction","name":"Comment","target":["https:\/\/expresorgv.online\/home\/blog\/2026\/09\/06\/bad-bunny-gana-su-primer-emmy-por-el-historico-show-de-medio-tiempo-del-super-bowl\/#respond"]}]},{"@type":"WebPage","@id":"https:\/\/expresorgv.online\/home\/blog\/2026\/09\/06\/bad-bunny-gana-su-primer-emmy-por-el-historico-show-de-medio-tiempo-del-super-bowl\/","url":"https:\/\/expresorgv.online\/home\/blog\/2026\/09\/06\/bad-bunny-gana-su-primer-emmy-por-el-historico-show-de-medio-tiempo-del-super-bowl\/","name":"Bad Bunny gana su primer Emmy por el hist\u00f3rico show de medio tiempo del Super Bowl -","isPartOf":{"@id":"https:\/\/expresorgv.online\/home\/#website"},"primaryImageOfPage":{"@id":"https:\/\/expresorgv.online\/home\/blog\/2026\/09\/06\/bad-bunny-gana-su-primer-emmy-por-el-historico-show-de-medio-tiempo-del-super-bowl\/#primaryimage"},"image":{"@id":"https:\/\/expresorgv.online\/home\/blog\/2026\/09\/06\/bad-bunny-gana-su-primer-emmy-por-el-historico-show-de-medio-tiempo-del-super-bowl\/#primaryimage"},"thumbnailUrl":"https:\/\/i0.wp.com\/expresorgv.online\/home\/wp-content\/uploads\/2026\/09\/Bad-Bunny.png?fit=591%2C328&ssl=1","datePublished":"2026-09-06T13:27:38+00:00","dateModified":"2026-09-06T13:27:39+00:00","author":{"@id":"https:\/\/expresorgv.online\/home\/#\/schema\/person\/ae1ed1a575540204b5f59dca7f91f6a2"},"breadcrumb":{"@id":"https:\/\/expresorgv.online\/home\/blog\/2026\/09\/06\/bad-bunny-gana-su-primer-emmy-por-el-historico-show-de-medio-tiempo-del-super-bowl\/#breadcrumb"},"inLanguage":"es","potentialAction":[{"@type":"ReadAction","target":["https:\/\/expresorgv.online\/home\/blog\/2026\/09\/06\/bad-bunny-gana-su-primer-emmy-por-el-historico-show-de-medio-tiempo-del-super-bowl\/"]}]},{"@type":"ImageObject","inLanguage":"es","@id":"https:\/\/expresorgv.online\/home\/blog\/2026\/09\/06\/bad-bunny-gana-su-primer-emmy-por-el-historico-show-de-medio-tiempo-del-super-bowl\/#primaryimage","url":"https:\/\/i0.wp.com\/expresorgv.online\/home\/wp-content\/uploads\/2026\/09\/Bad-Bunny.png?fit=591%2C328&ssl=1","contentUrl":"https:\/\/i0.wp.com\/expresorgv.online\/home\/wp-content\/uploads\/2026\/09\/Bad-Bunny.png?fit=591%2C328&ssl=1","width":591,"height":328},{"@type":"BreadcrumbList","@id":"https:\/\/expresorgv.online\/home\/blog\/2026\/09\/06\/bad-bunny-gana-su-primer-emmy-por-el-historico-show-de-medio-tiempo-del-super-bowl\/#breadcrumb","itemListElement":[{"@type":"ListItem","position":1,"name":"Home","item":"https:\/\/expresorgv.online\/home\/"},{"@type":"ListItem","position":2,"name":"Bad Bunny gana su primer Emmy por el hist\u00f3rico show de medio tiempo del Super Bowl"}]},{"@type":"WebSite","@id":"https:\/\/expresorgv.online\/home\/#website","url":"https:\/\/expresorgv.online\/home\/","name":"","description":"","potentialAction":[{"@type":"SearchAction","target":{"@type":"EntryPoint","urlTemplate":"https:\/\/expresorgv.online\/home\/?s={search_term_string}"},"query-input":{"@type":"PropertyValueSpecification","valueRequired":true,"valueName":"search_term_string"}}],"inLanguage":"es"},{"@type":"Person","@id":"https:\/\/expresorgv.online\/home\/#\/schema\/person\/ae1ed1a575540204b5f59dca7f91f6a2","name":"expreso","image":{"@type":"ImageObject","inLanguage":"es","@id":"https:\/\/secure.gravatar.com\/avatar\/88cd9f065dcd1b722cd984aac4181386a800c0bca699eaf07e42dd8f820bddee?s=96&d=mm&r=g","url":"https:\/\/secure.gravatar.com\/avatar\/88cd9f065dcd1b722cd984aac4181386a800c0bca699eaf07e42dd8f820bddee?s=96&d=mm&r=g","contentUrl":"https:\/\/secure.gravatar.com\/avatar\/88cd9f065dcd1b722cd984aac4181386a800c0bca699eaf07e42dd8f820bddee?s=96&d=mm&r=g","caption":"expreso"},"url":"https:\/\/expresorgv.online\/home\/blog\/author\/expreso\/"}]}},"jetpack_featured_media_url":"https:\/\/i0.wp.com\/expresorgv.online\/home\/wp-content\/uploads\/2026\/09\/Bad-Bunny.png?fit=591%2C328&ssl=1","_links":{"self":[{"href":"https:\/\/expresorgv.online\/home\/wp-json\/wp\/v2\/posts\/38509","targetHints":{"allow":["GET"]}}],"collection":[{"href":"https:\/\/expresorgv.online\/home\/wp-json\/wp\/v2\/posts"}],"about":[{"href":"https:\/\/expresorgv.online\/home\/wp-json\/wp\/v2\/types\/post"}],"author":[{"embeddable":true,"href":"https:\/\/expresorgv.online\/home\/wp-json\/wp\/v2\/users\/2"}],"replies":[{"embeddable":true,"href":"https:\/\/expresorgv.online\/home\/wp-json\/wp\/v2\/comments?post=38509"}],"version-history":[{"count":1,"href":"https:\/\/expresorgv.online\/home\/wp-json\/wp\/v2\/posts\/38509\/revisions"}],"predecessor-version":[{"id":38511,"href":"https:\/\/expresorgv.online\/home\/wp-json\/wp\/v2\/posts\/38509\/revisions\/38511"}],"wp:featuredmedia":[{"embeddable":true,"href":"https:\/\/expresorgv.online\/home\/wp-json\/wp\/v2\/media\/38510"}],"wp:attachment":[{"href":"https:\/\/expresorgv.online\/home\/wp-json\/wp\/v2\/media?parent=38509"}],"wp:term":[{"taxonomy":"category","embeddable":true,"href":"https:\/\/expresorgv.online\/home\/wp-json\/wp\/v2\/categories?post=38509"},{"taxonomy":"post_tag","embeddable":true,"href":"https:\/\/expresorgv.online\/home\/wp-json\/wp\/v2\/tags?post=38509"}],"curies":[{"name":"wp","href":"https:\/\/api.w.org\/{rel}","templated":true}]}}