{"id":38506,"date":"2026-09-06T13:24:12","date_gmt":"2026-09-06T13:24:12","guid":{"rendered":"https:\/\/expresorgv.online\/home\/?p=38506"},"modified":"2026-09-06T13:24:14","modified_gmt":"2026-09-06T13:24:14","slug":"hijo-de-jorge-campos-debuta-en-la-liga-de-canada-falla-en-el-gol-del-empate","status":"publish","type":"post","link":"https:\/\/expresorgv.online\/home\/blog\/2026\/09\/06\/hijo-de-jorge-campos-debuta-en-la-liga-de-canada-falla-en-el-gol-del-empate\/","title":{"rendered":"Hijo de Jorge Campos debuta en la Liga de Canad\u00e1; falla en el gol del empate"},"content":{"rendered":"\n<p class=\"wp-block-paragraph\">Antonio Campos, hijo del legendario exportero mexicano Jorge Campos, tuvo este s\u00e1bado su debut profesional con el Inter Toronto en la Liga Canadiense y respondi\u00f3 con cuatro atajadas, aunque con un sabor agridulce luego de que se le escap\u00f3 el gol con el que el Forge les empat\u00f3 1-1.<\/p>\n\n\n\n<p class=\"wp-block-paragraph\">Campos, de 20 a\u00f1os y con una estatura de 1.85 metros, defendi\u00f3 el arco del conjunto canadiense durante los 90 minutos. Con el n\u00famero 17 en la espalda, el joven arquero mostr\u00f3 personalidad ante uno de los equipos m\u00e1s fuertes del torneo.<\/p>\n\n\n\n<p class=\"wp-block-paragraph\">El mexicocanadiense tuvo una actuaci\u00f3n destacada y fue fundamental para que el Inter Toronto rescatara el empate, al realizar cuatro atajadas durante el encuentro y brindar seguridad bajo los tres postes.<\/p>\n\n\n\n<p class=\"wp-block-paragraph\">El Inter Toronto se fue al frente apenas al 11\u2019 y a partir de ese momento comenz\u00f3 a recibir gran presi\u00f3n del Forge. La jugada del empate se suscit\u00f3 al 70\u2019 cuando Rezart Rama lleg\u00f3 barri\u00e9ndose por la derecha sobre l\u00ednea de fondo, Campos reclam\u00f3 que el bal\u00f3n hab\u00eda salido, se distrajo un poco y luego no atin\u00f3 a desviar el remate de Hoce Massunda que no llevaba tanta fuerza.<\/p>\n\n\n\n<p class=\"wp-block-paragraph\">Con este resultado, el Inter Toronto se mantiene en el s\u00e9ptimo lugar de una clasificaci\u00f3n de ocho equipos, con 19 unidades. Ahora, Campos buscar\u00e1 seguir sumando minutos y experiencia en el futbol canadiense.<\/p>\n\n\n\n<p class=\"wp-block-paragraph\">El pr\u00f3ximo compromiso del equipo ser\u00e1 el mi\u00e9rcoles 9 de septiembre, cuando reciba al Pacific FC, una nueva oportunidad para el hijo de Jorge Campos de continuar construyendo su propio camino en el futbol profesional.<\/p>\n","protected":false},"excerpt":{"rendered":"<p>Antonio Campos, hijo del legendario exportero mexicano Jorge Campos, tuvo este s\u00e1bado su debut profesional con el Inter Toronto en la Liga Canadiense y respondi\u00f3 con cuatro atajadas, aunque con un sabor agridulce luego de que se le escap\u00f3 el gol con el que el Forge les empat\u00f3 1-1. Campos, de 20 a\u00f1os y con [&hellip;]<\/p>\n","protected":false},"author":2,"featured_media":38507,"comment_status":"open","ping_status":"open","sticky":false,"template":"","format":"standard","meta":{"footnotes":""},"categories":[10],"tags":[],"class_list":["post-38506","post","type-post","status-publish","format-standard","has-post-thumbnail","hentry","category-oe-deportes"],"yoast_head":"<!-- This site is optimized with the Yoast SEO plugin v27.2 - https:\/\/yoast.com\/product\/yoast-seo-wordpress\/ -->\n<title>Hijo de Jorge Campos debuta en la Liga de Canad\u00e1; falla en el gol del empate -<\/title>\n<meta name=\"robots\" content=\"index, follow, max-snippet:-1, max-image-preview:large, max-video-preview:-1\" \/>\n<link rel=\"canonical\" href=\"https:\/\/expresorgv.online\/home\/blog\/2026\/09\/06\/hijo-de-jorge-campos-debuta-en-la-liga-de-canada-falla-en-el-gol-del-empate\/\" \/>\n<meta property=\"og:locale\" content=\"es_ES\" \/>\n<meta property=\"og:type\" content=\"article\" \/>\n<meta property=\"og:title\" content=\"Hijo de Jorge Campos debuta en la Liga de Canad\u00e1; falla en el gol del empate\" \/>\n<meta property=\"og:description\" content=\"Antonio Campos, hijo del legendario exportero mexicano Jorge Campos, tuvo este s\u00e1bado su debut profesional con el Inter Toronto en la Liga Canadiense y respondi\u00f3 con cuatro atajadas, aunque con un sabor agridulce luego de que se le escap\u00f3 el gol con el que el Forge les empat\u00f3 1-1. Campos, de 20 a\u00f1os y con [&hellip;]\" \/>\n<meta property=\"og:url\" content=\"https:\/\/expresorgv.online\/home\/blog\/2026\/09\/06\/hijo-de-jorge-campos-debuta-en-la-liga-de-canada-falla-en-el-gol-del-empate\/\" \/>\n<meta property=\"article:published_time\" content=\"2026-09-06T13:24:12+00:00\" \/>\n<meta property=\"article:modified_time\" content=\"2026-09-06T13:24:14+00:00\" \/>\n<meta property=\"og:image\" content=\"https:\/\/expresorgv.online\/home\/wp-content\/uploads\/2026\/09\/Antonio-Campos.png\" \/>\n\t<meta property=\"og:image:width\" content=\"591\" \/>\n\t<meta property=\"og:image:height\" content=\"328\" \/>\n\t<meta property=\"og:image:type\" content=\"image\/png\" \/>\n<meta name=\"author\" content=\"expreso\" \/>\n<meta name=\"twitter:card\" content=\"summary_large_image\" \/>\n<meta name=\"twitter:label1\" content=\"Escrito por\" \/>\n\t<meta name=\"twitter:data1\" content=\"expreso\" \/>\n\t<meta name=\"twitter:label2\" content=\"Tiempo de lectura\" \/>\n\t<meta name=\"twitter:data2\" content=\"2 minutos\" \/>\n<script type=\"application\/ld+json\" class=\"yoast-schema-graph\">{\"@context\":\"https:\/\/schema.org\",\"@graph\":[{\"@type\":\"Article\",\"@id\":\"https:\/\/expresorgv.online\/home\/blog\/2026\/09\/06\/hijo-de-jorge-campos-debuta-en-la-liga-de-canada-falla-en-el-gol-del-empate\/#article\",\"isPartOf\":{\"@id\":\"https:\/\/expresorgv.online\/home\/blog\/2026\/09\/06\/hijo-de-jorge-campos-debuta-en-la-liga-de-canada-falla-en-el-gol-del-empate\/\"},\"author\":{\"name\":\"expreso\",\"@id\":\"https:\/\/expresorgv.online\/home\/#\/schema\/person\/ae1ed1a575540204b5f59dca7f91f6a2\"},\"headline\":\"Hijo de Jorge Campos debuta en la Liga de Canad\u00e1; falla en el gol del empate\",\"datePublished\":\"2026-09-06T13:24:12+00:00\",\"dateModified\":\"2026-09-06T13:24:14+00:00\",\"mainEntityOfPage\":{\"@id\":\"https:\/\/expresorgv.online\/home\/blog\/2026\/09\/06\/hijo-de-jorge-campos-debuta-en-la-liga-de-canada-falla-en-el-gol-del-empate\/\"},\"wordCount\":282,\"commentCount\":0,\"image\":{\"@id\":\"https:\/\/expresorgv.online\/home\/blog\/2026\/09\/06\/hijo-de-jorge-campos-debuta-en-la-liga-de-canada-falla-en-el-gol-del-empate\/#primaryimage\"},\"thumbnailUrl\":\"https:\/\/i0.wp.com\/expresorgv.online\/home\/wp-content\/uploads\/2026\/09\/Antonio-Campos.png?fit=591%2C328&ssl=1\",\"articleSection\":[\"OE DEPORTES\"],\"inLanguage\":\"es\",\"potentialAction\":[{\"@type\":\"CommentAction\",\"name\":\"Comment\",\"target\":[\"https:\/\/expresorgv.online\/home\/blog\/2026\/09\/06\/hijo-de-jorge-campos-debuta-en-la-liga-de-canada-falla-en-el-gol-del-empate\/#respond\"]}]},{\"@type\":\"WebPage\",\"@id\":\"https:\/\/expresorgv.online\/home\/blog\/2026\/09\/06\/hijo-de-jorge-campos-debuta-en-la-liga-de-canada-falla-en-el-gol-del-empate\/\",\"url\":\"https:\/\/expresorgv.online\/home\/blog\/2026\/09\/06\/hijo-de-jorge-campos-debuta-en-la-liga-de-canada-falla-en-el-gol-del-empate\/\",\"name\":\"Hijo de Jorge Campos debuta en la Liga de Canad\u00e1; falla en el gol del empate -\",\"isPartOf\":{\"@id\":\"https:\/\/expresorgv.online\/home\/#website\"},\"primaryImageOfPage\":{\"@id\":\"https:\/\/expresorgv.online\/home\/blog\/2026\/09\/06\/hijo-de-jorge-campos-debuta-en-la-liga-de-canada-falla-en-el-gol-del-empate\/#primaryimage\"},\"image\":{\"@id\":\"https:\/\/expresorgv.online\/home\/blog\/2026\/09\/06\/hijo-de-jorge-campos-debuta-en-la-liga-de-canada-falla-en-el-gol-del-empate\/#primaryimage\"},\"thumbnailUrl\":\"https:\/\/i0.wp.com\/expresorgv.online\/home\/wp-content\/uploads\/2026\/09\/Antonio-Campos.png?fit=591%2C328&ssl=1\",\"datePublished\":\"2026-09-06T13:24:12+00:00\",\"dateModified\":\"2026-09-06T13:24:14+00:00\",\"author\":{\"@id\":\"https:\/\/expresorgv.online\/home\/#\/schema\/person\/ae1ed1a575540204b5f59dca7f91f6a2\"},\"breadcrumb\":{\"@id\":\"https:\/\/expresorgv.online\/home\/blog\/2026\/09\/06\/hijo-de-jorge-campos-debuta-en-la-liga-de-canada-falla-en-el-gol-del-empate\/#breadcrumb\"},\"inLanguage\":\"es\",\"potentialAction\":[{\"@type\":\"ReadAction\",\"target\":[\"https:\/\/expresorgv.online\/home\/blog\/2026\/09\/06\/hijo-de-jorge-campos-debuta-en-la-liga-de-canada-falla-en-el-gol-del-empate\/\"]}]},{\"@type\":\"ImageObject\",\"inLanguage\":\"es\",\"@id\":\"https:\/\/expresorgv.online\/home\/blog\/2026\/09\/06\/hijo-de-jorge-campos-debuta-en-la-liga-de-canada-falla-en-el-gol-del-empate\/#primaryimage\",\"url\":\"https:\/\/i0.wp.com\/expresorgv.online\/home\/wp-content\/uploads\/2026\/09\/Antonio-Campos.png?fit=591%2C328&ssl=1\",\"contentUrl\":\"https:\/\/i0.wp.com\/expresorgv.online\/home\/wp-content\/uploads\/2026\/09\/Antonio-Campos.png?fit=591%2C328&ssl=1\",\"width\":591,\"height\":328},{\"@type\":\"BreadcrumbList\",\"@id\":\"https:\/\/expresorgv.online\/home\/blog\/2026\/09\/06\/hijo-de-jorge-campos-debuta-en-la-liga-de-canada-falla-en-el-gol-del-empate\/#breadcrumb\",\"itemListElement\":[{\"@type\":\"ListItem\",\"position\":1,\"name\":\"Home\",\"item\":\"https:\/\/expresorgv.online\/home\/\"},{\"@type\":\"ListItem\",\"position\":2,\"name\":\"Hijo de Jorge Campos debuta en la Liga de Canad\u00e1; falla en el gol del empate\"}]},{\"@type\":\"WebSite\",\"@id\":\"https:\/\/expresorgv.online\/home\/#website\",\"url\":\"https:\/\/expresorgv.online\/home\/\",\"name\":\"\",\"description\":\"\",\"potentialAction\":[{\"@type\":\"SearchAction\",\"target\":{\"@type\":\"EntryPoint\",\"urlTemplate\":\"https:\/\/expresorgv.online\/home\/?s={search_term_string}\"},\"query-input\":{\"@type\":\"PropertyValueSpecification\",\"valueRequired\":true,\"valueName\":\"search_term_string\"}}],\"inLanguage\":\"es\"},{\"@type\":\"Person\",\"@id\":\"https:\/\/expresorgv.online\/home\/#\/schema\/person\/ae1ed1a575540204b5f59dca7f91f6a2\",\"name\":\"expreso\",\"image\":{\"@type\":\"ImageObject\",\"inLanguage\":\"es\",\"@id\":\"https:\/\/secure.gravatar.com\/avatar\/88cd9f065dcd1b722cd984aac4181386a800c0bca699eaf07e42dd8f820bddee?s=96&d=mm&r=g\",\"url\":\"https:\/\/secure.gravatar.com\/avatar\/88cd9f065dcd1b722cd984aac4181386a800c0bca699eaf07e42dd8f820bddee?s=96&d=mm&r=g\",\"contentUrl\":\"https:\/\/secure.gravatar.com\/avatar\/88cd9f065dcd1b722cd984aac4181386a800c0bca699eaf07e42dd8f820bddee?s=96&d=mm&r=g\",\"caption\":\"expreso\"},\"url\":\"https:\/\/expresorgv.online\/home\/blog\/author\/expreso\/\"}]}<\/script>\n<!-- \/ Yoast SEO plugin. -->","yoast_head_json":{"title":"Hijo de Jorge Campos debuta en la Liga de Canad\u00e1; falla en el gol del empate -","robots":{"index":"index","follow":"follow","max-snippet":"max-snippet:-1","max-image-preview":"max-image-preview:large","max-video-preview":"max-video-preview:-1"},"canonical":"https:\/\/expresorgv.online\/home\/blog\/2026\/09\/06\/hijo-de-jorge-campos-debuta-en-la-liga-de-canada-falla-en-el-gol-del-empate\/","og_locale":"es_ES","og_type":"article","og_title":"Hijo de Jorge Campos debuta en la Liga de Canad\u00e1; falla en el gol del empate","og_description":"Antonio Campos, hijo del legendario exportero mexicano Jorge Campos, tuvo este s\u00e1bado su debut profesional con el Inter Toronto en la Liga Canadiense y respondi\u00f3 con cuatro atajadas, aunque con un sabor agridulce luego de que se le escap\u00f3 el gol con el que el Forge les empat\u00f3 1-1. Campos, de 20 a\u00f1os y con [&hellip;]","og_url":"https:\/\/expresorgv.online\/home\/blog\/2026\/09\/06\/hijo-de-jorge-campos-debuta-en-la-liga-de-canada-falla-en-el-gol-del-empate\/","article_published_time":"2026-09-06T13:24:12+00:00","article_modified_time":"2026-09-06T13:24:14+00:00","og_image":[{"width":591,"height":328,"url":"https:\/\/expresorgv.online\/home\/wp-content\/uploads\/2026\/09\/Antonio-Campos.png","type":"image\/png"}],"author":"expreso","twitter_card":"summary_large_image","twitter_misc":{"Escrito por":"expreso","Tiempo de lectura":"2 minutos"},"schema":{"@context":"https:\/\/schema.org","@graph":[{"@type":"Article","@id":"https:\/\/expresorgv.online\/home\/blog\/2026\/09\/06\/hijo-de-jorge-campos-debuta-en-la-liga-de-canada-falla-en-el-gol-del-empate\/#article","isPartOf":{"@id":"https:\/\/expresorgv.online\/home\/blog\/2026\/09\/06\/hijo-de-jorge-campos-debuta-en-la-liga-de-canada-falla-en-el-gol-del-empate\/"},"author":{"name":"expreso","@id":"https:\/\/expresorgv.online\/home\/#\/schema\/person\/ae1ed1a575540204b5f59dca7f91f6a2"},"headline":"Hijo de Jorge Campos debuta en la Liga de Canad\u00e1; falla en el gol del empate","datePublished":"2026-09-06T13:24:12+00:00","dateModified":"2026-09-06T13:24:14+00:00","mainEntityOfPage":{"@id":"https:\/\/expresorgv.online\/home\/blog\/2026\/09\/06\/hijo-de-jorge-campos-debuta-en-la-liga-de-canada-falla-en-el-gol-del-empate\/"},"wordCount":282,"commentCount":0,"image":{"@id":"https:\/\/expresorgv.online\/home\/blog\/2026\/09\/06\/hijo-de-jorge-campos-debuta-en-la-liga-de-canada-falla-en-el-gol-del-empate\/#primaryimage"},"thumbnailUrl":"https:\/\/i0.wp.com\/expresorgv.online\/home\/wp-content\/uploads\/2026\/09\/Antonio-Campos.png?fit=591%2C328&ssl=1","articleSection":["OE DEPORTES"],"inLanguage":"es","potentialAction":[{"@type":"CommentAction","name":"Comment","target":["https:\/\/expresorgv.online\/home\/blog\/2026\/09\/06\/hijo-de-jorge-campos-debuta-en-la-liga-de-canada-falla-en-el-gol-del-empate\/#respond"]}]},{"@type":"WebPage","@id":"https:\/\/expresorgv.online\/home\/blog\/2026\/09\/06\/hijo-de-jorge-campos-debuta-en-la-liga-de-canada-falla-en-el-gol-del-empate\/","url":"https:\/\/expresorgv.online\/home\/blog\/2026\/09\/06\/hijo-de-jorge-campos-debuta-en-la-liga-de-canada-falla-en-el-gol-del-empate\/","name":"Hijo de Jorge Campos debuta en la Liga de Canad\u00e1; falla en el gol del empate -","isPartOf":{"@id":"https:\/\/expresorgv.online\/home\/#website"},"primaryImageOfPage":{"@id":"https:\/\/expresorgv.online\/home\/blog\/2026\/09\/06\/hijo-de-jorge-campos-debuta-en-la-liga-de-canada-falla-en-el-gol-del-empate\/#primaryimage"},"image":{"@id":"https:\/\/expresorgv.online\/home\/blog\/2026\/09\/06\/hijo-de-jorge-campos-debuta-en-la-liga-de-canada-falla-en-el-gol-del-empate\/#primaryimage"},"thumbnailUrl":"https:\/\/i0.wp.com\/expresorgv.online\/home\/wp-content\/uploads\/2026\/09\/Antonio-Campos.png?fit=591%2C328&ssl=1","datePublished":"2026-09-06T13:24:12+00:00","dateModified":"2026-09-06T13:24:14+00:00","author":{"@id":"https:\/\/expresorgv.online\/home\/#\/schema\/person\/ae1ed1a575540204b5f59dca7f91f6a2"},"breadcrumb":{"@id":"https:\/\/expresorgv.online\/home\/blog\/2026\/09\/06\/hijo-de-jorge-campos-debuta-en-la-liga-de-canada-falla-en-el-gol-del-empate\/#breadcrumb"},"inLanguage":"es","potentialAction":[{"@type":"ReadAction","target":["https:\/\/expresorgv.online\/home\/blog\/2026\/09\/06\/hijo-de-jorge-campos-debuta-en-la-liga-de-canada-falla-en-el-gol-del-empate\/"]}]},{"@type":"ImageObject","inLanguage":"es","@id":"https:\/\/expresorgv.online\/home\/blog\/2026\/09\/06\/hijo-de-jorge-campos-debuta-en-la-liga-de-canada-falla-en-el-gol-del-empate\/#primaryimage","url":"https:\/\/i0.wp.com\/expresorgv.online\/home\/wp-content\/uploads\/2026\/09\/Antonio-Campos.png?fit=591%2C328&ssl=1","contentUrl":"https:\/\/i0.wp.com\/expresorgv.online\/home\/wp-content\/uploads\/2026\/09\/Antonio-Campos.png?fit=591%2C328&ssl=1","width":591,"height":328},{"@type":"BreadcrumbList","@id":"https:\/\/expresorgv.online\/home\/blog\/2026\/09\/06\/hijo-de-jorge-campos-debuta-en-la-liga-de-canada-falla-en-el-gol-del-empate\/#breadcrumb","itemListElement":[{"@type":"ListItem","position":1,"name":"Home","item":"https:\/\/expresorgv.online\/home\/"},{"@type":"ListItem","position":2,"name":"Hijo de Jorge Campos debuta en la Liga de Canad\u00e1; falla en el gol del empate"}]},{"@type":"WebSite","@id":"https:\/\/expresorgv.online\/home\/#website","url":"https:\/\/expresorgv.online\/home\/","name":"","description":"","potentialAction":[{"@type":"SearchAction","target":{"@type":"EntryPoint","urlTemplate":"https:\/\/expresorgv.online\/home\/?s={search_term_string}"},"query-input":{"@type":"PropertyValueSpecification","valueRequired":true,"valueName":"search_term_string"}}],"inLanguage":"es"},{"@type":"Person","@id":"https:\/\/expresorgv.online\/home\/#\/schema\/person\/ae1ed1a575540204b5f59dca7f91f6a2","name":"expreso","image":{"@type":"ImageObject","inLanguage":"es","@id":"https:\/\/secure.gravatar.com\/avatar\/88cd9f065dcd1b722cd984aac4181386a800c0bca699eaf07e42dd8f820bddee?s=96&d=mm&r=g","url":"https:\/\/secure.gravatar.com\/avatar\/88cd9f065dcd1b722cd984aac4181386a800c0bca699eaf07e42dd8f820bddee?s=96&d=mm&r=g","contentUrl":"https:\/\/secure.gravatar.com\/avatar\/88cd9f065dcd1b722cd984aac4181386a800c0bca699eaf07e42dd8f820bddee?s=96&d=mm&r=g","caption":"expreso"},"url":"https:\/\/expresorgv.online\/home\/blog\/author\/expreso\/"}]}},"jetpack_featured_media_url":"https:\/\/i0.wp.com\/expresorgv.online\/home\/wp-content\/uploads\/2026\/09\/Antonio-Campos.png?fit=591%2C328&ssl=1","_links":{"self":[{"href":"https:\/\/expresorgv.online\/home\/wp-json\/wp\/v2\/posts\/38506","targetHints":{"allow":["GET"]}}],"collection":[{"href":"https:\/\/expresorgv.online\/home\/wp-json\/wp\/v2\/posts"}],"about":[{"href":"https:\/\/expresorgv.online\/home\/wp-json\/wp\/v2\/types\/post"}],"author":[{"embeddable":true,"href":"https:\/\/expresorgv.online\/home\/wp-json\/wp\/v2\/users\/2"}],"replies":[{"embeddable":true,"href":"https:\/\/expresorgv.online\/home\/wp-json\/wp\/v2\/comments?post=38506"}],"version-history":[{"count":1,"href":"https:\/\/expresorgv.online\/home\/wp-json\/wp\/v2\/posts\/38506\/revisions"}],"predecessor-version":[{"id":38508,"href":"https:\/\/expresorgv.online\/home\/wp-json\/wp\/v2\/posts\/38506\/revisions\/38508"}],"wp:featuredmedia":[{"embeddable":true,"href":"https:\/\/expresorgv.online\/home\/wp-json\/wp\/v2\/media\/38507"}],"wp:attachment":[{"href":"https:\/\/expresorgv.online\/home\/wp-json\/wp\/v2\/media?parent=38506"}],"wp:term":[{"taxonomy":"category","embeddable":true,"href":"https:\/\/expresorgv.online\/home\/wp-json\/wp\/v2\/categories?post=38506"},{"taxonomy":"post_tag","embeddable":true,"href":"https:\/\/expresorgv.online\/home\/wp-json\/wp\/v2\/tags?post=38506"}],"curies":[{"name":"wp","href":"https:\/\/api.w.org\/{rel}","templated":true}]}}