{"id":38500,"date":"2026-09-06T13:03:48","date_gmt":"2026-09-06T13:03:48","guid":{"rendered":"https:\/\/expresorgv.online\/home\/?p=38500"},"modified":"2026-09-06T13:03:49","modified_gmt":"2026-09-06T13:03:49","slug":"anuncian-propuesta-para-castigar-la-maternidad-subrogada-como-trata-de-personas","status":"publish","type":"post","link":"https:\/\/expresorgv.online\/home\/blog\/2026\/09\/06\/anuncian-propuesta-para-castigar-la-maternidad-subrogada-como-trata-de-personas\/","title":{"rendered":"Anuncian propuesta para castigar la maternidad subrogada como trata de personas"},"content":{"rendered":"\n<p class=\"wp-block-paragraph\">Especialistas, abogados, psiquiatras y acad\u00e9micos llamaron a prohibir la maternidad subrogada (tambi\u00e9n conocida como vientres de alquiler) al considerarla una pr\u00e1ctica contraria a los derechos humanos, que mercantiliza los cuerpos de las mujeres y convierte a los beb\u00e9s reci\u00e9n nacidos en un objeto de transacci\u00f3n.<\/p>\n\n\n\n<p class=\"wp-block-paragraph\">Abraham Madero M\u00e1rquez, maestro en Derecho y director ejecutivo del Early Institute, expuso la importancia del lenguaje al nombrar estas pr\u00e1cticas, ya que considera que lo que diversas cl\u00ednicas privadas anuncian como un procedimiento para conseguir un hijo o hija, en realidad se trata de la explotaci\u00f3n de mujeres con fines reproductivos.<\/p>\n\n\n\n<p class=\"wp-block-paragraph\">Denuncia que M\u00e9xico es un para\u00edso para este tipo de explotaci\u00f3n, ya que no existe ninguna ley que la proh\u00edba y \u00fanicamente est\u00e1 regulada en dos estados: Tabasco y Sinaloa.<\/p>\n\n\n\n<p class=\"wp-block-paragraph\">A escala internacional el amplio debate para regular la pr\u00e1ctica tom\u00f3 un nuevo rumbo en 2025, cuando Reem Alsalem, Relatora Especial sobre la violencia contra la mujer de las Naciones Unidas (ONU), pidi\u00f3 la abolici\u00f3n mundial de la gestaci\u00f3n subrogada al considerarla \u00abun sistema de mercantilizaci\u00f3n de mujeres y ni\u00f1os\u00bb marcado por la explotaci\u00f3n, el abuso y la violencia.<\/p>\n\n\n\n<p class=\"wp-block-paragraph\">Esto fue calificado como un \u00abhito hist\u00f3rico\u00bb por Jorge Cardona Llorens, exmiembro del Comit\u00e9 de los Derechos del Ni\u00f1o de la ONU, quien explic\u00f3 que, a largo de los a\u00f1os, con resoluciones de distintos organismos, se ha priorizado el inter\u00e9s superior de la ni\u00f1ez y los derechos de las mujeres o madres gestantes.<\/p>\n\n\n\n<p class=\"wp-block-paragraph\">\u00abDurante a\u00f1os hemos tendido a plantear la gestaci\u00f3n subrogada como un conflicto entre dos intereses igualmente leg\u00edtimos. Pero este modo de plantear el problema es el que pone en cuesti\u00f3n el informe de 2025\u00bb, explic\u00f3.<\/p>\n\n\n\n<p class=\"wp-block-paragraph\">\u00abEl derecho internacional reconoce el derecho a fundar una familia (\u2026) Pero no reconoce el derecho a obtener un hijo\u00bb, afirm\u00f3 desde la IV Conferencia Internacional de la Declaraci\u00f3n de Casablanca \u2014iniciativa que busca abolir la maternidad subrogada a escala mundial\u2014 que se realiz\u00f3 en la Ciudad de M\u00e9xico el 3 y 4 de septiembre de 2026 en la Universidad Panamericana.<\/p>\n\n\n\n<p class=\"wp-block-paragraph\">Patricia Olamendi Torres, abogada y exintegrante del Consejo de Derechos Humanos de Naciones Unidas (ONU) explic\u00f3 que la pr\u00e1ctica opera en todo el territorio nacional mediante contratos privados avalados por notarios, sobre todo en Jalisco y Estado de M\u00e9xico.<\/p>\n\n\n\n<p class=\"wp-block-paragraph\">Los vientres de alquiler funcionan amparados por seis sentencias de la Suprema Corte de la Justicia de la Naci\u00f3n (SCJN), inform\u00f3 Olamendi, aunque critic\u00f3 que el m\u00e1ximo tribunal no discuti\u00f3 el fondo de la materia, sino \u00fanicamente la validez de los contratos y concluy\u00f3 que debe regularse en M\u00e9xico esta pr\u00e1ctica.<\/p>\n\n\n\n<p class=\"wp-block-paragraph\">Mientras tanto, en el pa\u00eds florece un lucrativo negocio, sin datos oficiales que den cuenta de su crecimiento, aunque reportes period\u00edsticos e investigaciones han documentado la existencia de empresas que aprovechan los vac\u00edos legales para vender promesas a padres \u00abintencionales\u00bb que desean tener un hijo.<\/p>\n\n\n\n<p class=\"wp-block-paragraph\">La p\u00e1gina web Surrogate M\u00e9xico, que ofrece este servicio desde 60 mil d\u00f3lares, asegura: \u00abHoy en d\u00eda, M\u00e9xico es la jurisdicci\u00f3n que mejor facilita el proceso de subrogaci\u00f3n en el mundo\u00bb.<\/p>\n\n\n\n<p class=\"wp-block-paragraph\">La compa\u00f1\u00eda promete asignar una mujer gestante entre cuatro y ocho semanas y lo compara con el tiempo de espera en Estados Unidos (que es de uno a tres a\u00f1os). Asimismo garantiza que la mujer que da a luz no constar\u00e1 en el acta de nacimiento.<\/p>\n\n\n\n<p class=\"wp-block-paragraph\">\u00abM\u00e9xico se caracteriza por ser el mercado barato de la maternidad subrogada\u00bb, afirm\u00f3 Olamendi, quien explic\u00f3 que esta pr\u00e1ctica involucra a mujeres en situaci\u00f3n de vulnerabilidad debido a su situaci\u00f3n precaria y falta de conocimiento sobre sus derechos.<\/p>\n\n\n\n<p class=\"wp-block-paragraph\">Adem\u00e1s, como indic\u00f3 Bernardo Garc\u00eda Larr\u00edn, director ejecutivo de la Declaraci\u00f3n de Casablanca \u00abpersonas de pa\u00edses del primer mundo\u00bb llegan a pa\u00edses \u00abmenos desarrollados\u00bb para llevar a cabo este proceso, muchas veces prohibido en sus naciones, y posteriormente se llevan a los reci\u00e9n nacidos con ellos.<\/p>\n\n\n\n<p class=\"wp-block-paragraph\">Esto tambi\u00e9n se evidencia en la p\u00e1gina de Surrogate M\u00e9xico, que promociona su servicio con estadunidenses, canadienses, espa\u00f1oles, franceses, alemanes, australianos e israel\u00edes. \u00abSolo se requieren dos viajes a M\u00e9xico: la firma de los acuerdos y el nacimiento de tu beb\u00e9\u00bb, enfatiza la empresa.<\/p>\n\n\n\n<p class=\"wp-block-paragraph\">De acuerdo con expertos, eso genera un vicio en el consentimiento de las mujeres gestantes, ya que existe una marcada asimetr\u00eda entre las partes. Por un lado, mujeres en situaci\u00f3n de vulnerabilidad y que acceden a gestar el beb\u00e9 por necesidad econ\u00f3mica, pero en muchas ocasiones sin conocimiento de los riesgos de salud que conlleva. Por el otro, firmas, cl\u00ednicas y despachos especializados respaldando a extranjeros con alto poder adquisitivo para garantizar la obtenci\u00f3n del beb\u00e9.<\/p>\n\n\n\n<p class=\"wp-block-paragraph\">Tambi\u00e9n compararon el consentimiento en el alquiler de vientres con el caso de las adopciones, en las que la entrega del beb\u00e9 se vuelve definitiva hasta despu\u00e9s del parto. Por esta raz\u00f3n, cuestionaron si las condiciones de desigualdad estructural, la dependencia econ\u00f3mica y la presi\u00f3n social, aunadas a la forma de operar de la industria, permiten realmente a las mujeres gestantes dar su consentimiento libre.<\/p>\n\n\n\n<p class=\"wp-block-paragraph\">Alsalem. Llamado a la abolici\u00f3n mundial de la gestaci\u00f3n subrogada. \u2014 C\u00e1mara de Diputados<br>Sin embargo, algunos grupos de activistas que abogan por la regulaci\u00f3n de esta pr\u00e1ctica en lugar de su prohibici\u00f3n critican estos argumentos sobre el consentimiento, al considerar que niegan la autonom\u00eda y el reconocimiento de sus decisiones a las mujeres gestantes.<\/p>\n\n\n\n<p class=\"wp-block-paragraph\"><strong>Propuesta para castigar a intermediarios<\/strong><\/p>\n\n\n\n<p class=\"wp-block-paragraph\">Olamendi dio a conocer que en las pr\u00f3ximas semanas se presentar\u00e1 una propuesta ante el Congreso de M\u00e9xico para considerar la gestaci\u00f3n subrogada como una modalidad de trata de personas. \u00abEl objetivo es erradicar esta pr\u00e1ctica de nuestro pa\u00eds\u00bb, afirm\u00f3.<\/p>\n\n\n\n<p class=\"wp-block-paragraph\">Explic\u00f3 que mediante diversas investigaciones se ha documentado que tiene elementos en com\u00fan con otras formas de trata como la explotaci\u00f3n sexual, ya que muchas veces quienes enganchan a las mujeres gestantes son su pareja sentimental. Posteriormente, se les retiran documentos de identidad oficial y a veces las trasladan de manera forzosa o las recluyen en inmuebles.<\/p>\n\n\n\n<p class=\"wp-block-paragraph\">Por lo tanto, la propuesta busca sancionar intermediarios, despachos y agencias, con una penalidad de 10 a 20 a\u00f1os de prisi\u00f3n como m\u00ednimo. La mujer gestante no ser\u00e1 sujeta a responsabilidad penal ni se crear\u00e1 acci\u00f3n penal en su contra.<\/p>\n\n\n\n<p class=\"wp-block-paragraph\">\u00abSon reformas que modifican varios art\u00edculos de la Ley General de Trata y con estas podemos abarcar el territorio nacional y poner fin a esto que yo llamo una forma horrible de esclavitud del siglo XXI\u00bb, dijo.<\/p>\n\n\n\n<p class=\"wp-block-paragraph\"><strong>Ni\u00f1os, de sujetos de derecho a objetos de transferencia<\/strong><\/p>\n\n\n\n<p class=\"wp-block-paragraph\">Otro punto criticado durante el congreso fue que la maternidad subrogada muchas veces despoja a los ni\u00f1os de algunos de sus derechos b\u00e1sicos, como el derecho a la identidad y a conocer su origen.<\/p>\n\n\n\n<p class=\"wp-block-paragraph\">Olivia Maurel, de 34 a\u00f1os, quien naci\u00f3 gracias a la maternidad subrogada y ahora se ha convertido en una de sus principales opositoras, como vocera de la Declaraci\u00f3n de Casablanca, dijo a Proceso que busca su abolici\u00f3n debido a las profundas afectaciones que deja en las mujeres gestantes y en los beb\u00e9s.<\/p>\n\n\n\n<p class=\"wp-block-paragraph\">\u00abTuve serios problemas con el trauma del abandono porque me separaron de mi madre al nacer (\u2026) no sab\u00eda c\u00f3mo conectar con otras personas. Afect\u00f3 toda mi vida. No ten\u00eda amigos. No ten\u00eda novios. Y tambi\u00e9n estaba el problema de la identidad. No sab\u00eda qui\u00e9n era, as\u00ed que no pod\u00eda construirme como persona. Era imposible\u00bb, dijo Maurel, ciudadana francesa, suiza y estadunidense.<\/p>\n\n\n\n<p class=\"wp-block-paragraph\">Al respecto, la doctora Ivone Olza, psiquiatra infantil, explic\u00f3 que la separaci\u00f3n temprana del reci\u00e9n nacido y su madre biol\u00f3gica genera riesgos significativos de trastornos mentales y traumas, debido al complejo proceso hormonal que se desarrolla durante el embarazo como pre\u00e1mbulo al v\u00ednculo entre madre y beb\u00e9.<\/p>\n\n\n\n<p class=\"wp-block-paragraph\">Olivia explic\u00f3 que desde ni\u00f1a tuvo dificultades para integrarse con sus padres y sentirse parte de la familia, lo que deriv\u00f3 en problemas de consumo de drogas y alcohol en la adolescencia, que la llevaron a diversas situaciones de riesgo y de violencia.<\/p>\n\n\n\n<p class=\"wp-block-paragraph\">Aunque desde joven comenz\u00f3 a investigar su historia, buscando informaci\u00f3n sobre su ciudad natal en Estados Unidos, fue hasta que ya era una adulta cuando descubri\u00f3 la verdad sobre su origen. Despu\u00e9s, conoci\u00f3 a la mujer que la dio a luz y decidi\u00f3 emprender una lucha contra esta pr\u00e1ctica, proceso que narra en su libro \u00ab\u00bfD\u00f3nde est\u00e1s, mam\u00e1?\u00bb.<\/p>\n","protected":false},"excerpt":{"rendered":"<p>Especialistas, abogados, psiquiatras y acad\u00e9micos llamaron a prohibir la maternidad subrogada (tambi\u00e9n conocida como vientres de alquiler) al considerarla una pr\u00e1ctica contraria a los derechos humanos, que mercantiliza los cuerpos de las mujeres y convierte a los beb\u00e9s reci\u00e9n nacidos en un objeto de transacci\u00f3n. Abraham Madero M\u00e1rquez, maestro en Derecho y director ejecutivo del [&hellip;]<\/p>\n","protected":false},"author":2,"featured_media":38501,"comment_status":"open","ping_status":"open","sticky":false,"template":"","format":"standard","meta":{"footnotes":""},"categories":[6],"tags":[],"class_list":["post-38500","post","type-post","status-publish","format-standard","has-post-thumbnail","hentry","category-nacional"],"yoast_head":"<!-- This site is optimized with the Yoast SEO plugin v27.2 - https:\/\/yoast.com\/product\/yoast-seo-wordpress\/ -->\n<title>Anuncian propuesta para castigar la maternidad subrogada como trata de personas -<\/title>\n<meta name=\"robots\" content=\"index, follow, max-snippet:-1, max-image-preview:large, max-video-preview:-1\" \/>\n<link rel=\"canonical\" href=\"https:\/\/expresorgv.online\/home\/blog\/2026\/09\/06\/anuncian-propuesta-para-castigar-la-maternidad-subrogada-como-trata-de-personas\/\" \/>\n<meta property=\"og:locale\" content=\"es_ES\" \/>\n<meta property=\"og:type\" content=\"article\" \/>\n<meta property=\"og:title\" content=\"Anuncian propuesta para castigar la maternidad subrogada como trata de personas\" \/>\n<meta property=\"og:description\" content=\"Especialistas, abogados, psiquiatras y acad\u00e9micos llamaron a prohibir la maternidad subrogada (tambi\u00e9n conocida como vientres de alquiler) al considerarla una pr\u00e1ctica contraria a los derechos humanos, que mercantiliza los cuerpos de las mujeres y convierte a los beb\u00e9s reci\u00e9n nacidos en un objeto de transacci\u00f3n. Abraham Madero M\u00e1rquez, maestro en Derecho y director ejecutivo del [&hellip;]\" \/>\n<meta property=\"og:url\" content=\"https:\/\/expresorgv.online\/home\/blog\/2026\/09\/06\/anuncian-propuesta-para-castigar-la-maternidad-subrogada-como-trata-de-personas\/\" \/>\n<meta property=\"article:published_time\" content=\"2026-09-06T13:03:48+00:00\" \/>\n<meta property=\"article:modified_time\" content=\"2026-09-06T13:03:49+00:00\" \/>\n<meta property=\"og:image\" content=\"https:\/\/expresorgv.online\/home\/wp-content\/uploads\/2026\/09\/Embarazada.png\" \/>\n\t<meta property=\"og:image:width\" content=\"591\" \/>\n\t<meta property=\"og:image:height\" content=\"328\" \/>\n\t<meta property=\"og:image:type\" content=\"image\/png\" \/>\n<meta name=\"author\" content=\"expreso\" \/>\n<meta name=\"twitter:card\" content=\"summary_large_image\" \/>\n<meta name=\"twitter:label1\" content=\"Escrito por\" \/>\n\t<meta name=\"twitter:data1\" content=\"expreso\" \/>\n\t<meta name=\"twitter:label2\" content=\"Tiempo de lectura\" \/>\n\t<meta name=\"twitter:data2\" content=\"7 minutos\" \/>\n<script type=\"application\/ld+json\" class=\"yoast-schema-graph\">{\"@context\":\"https:\/\/schema.org\",\"@graph\":[{\"@type\":\"Article\",\"@id\":\"https:\/\/expresorgv.online\/home\/blog\/2026\/09\/06\/anuncian-propuesta-para-castigar-la-maternidad-subrogada-como-trata-de-personas\/#article\",\"isPartOf\":{\"@id\":\"https:\/\/expresorgv.online\/home\/blog\/2026\/09\/06\/anuncian-propuesta-para-castigar-la-maternidad-subrogada-como-trata-de-personas\/\"},\"author\":{\"name\":\"expreso\",\"@id\":\"https:\/\/expresorgv.online\/home\/#\/schema\/person\/ae1ed1a575540204b5f59dca7f91f6a2\"},\"headline\":\"Anuncian propuesta para castigar la maternidad subrogada como trata de personas\",\"datePublished\":\"2026-09-06T13:03:48+00:00\",\"dateModified\":\"2026-09-06T13:03:49+00:00\",\"mainEntityOfPage\":{\"@id\":\"https:\/\/expresorgv.online\/home\/blog\/2026\/09\/06\/anuncian-propuesta-para-castigar-la-maternidad-subrogada-como-trata-de-personas\/\"},\"wordCount\":1474,\"commentCount\":0,\"image\":{\"@id\":\"https:\/\/expresorgv.online\/home\/blog\/2026\/09\/06\/anuncian-propuesta-para-castigar-la-maternidad-subrogada-como-trata-de-personas\/#primaryimage\"},\"thumbnailUrl\":\"https:\/\/i0.wp.com\/expresorgv.online\/home\/wp-content\/uploads\/2026\/09\/Embarazada.png?fit=591%2C328&ssl=1\",\"articleSection\":[\"NACIONAL\"],\"inLanguage\":\"es\",\"potentialAction\":[{\"@type\":\"CommentAction\",\"name\":\"Comment\",\"target\":[\"https:\/\/expresorgv.online\/home\/blog\/2026\/09\/06\/anuncian-propuesta-para-castigar-la-maternidad-subrogada-como-trata-de-personas\/#respond\"]}]},{\"@type\":\"WebPage\",\"@id\":\"https:\/\/expresorgv.online\/home\/blog\/2026\/09\/06\/anuncian-propuesta-para-castigar-la-maternidad-subrogada-como-trata-de-personas\/\",\"url\":\"https:\/\/expresorgv.online\/home\/blog\/2026\/09\/06\/anuncian-propuesta-para-castigar-la-maternidad-subrogada-como-trata-de-personas\/\",\"name\":\"Anuncian propuesta para castigar la maternidad subrogada como trata de personas -\",\"isPartOf\":{\"@id\":\"https:\/\/expresorgv.online\/home\/#website\"},\"primaryImageOfPage\":{\"@id\":\"https:\/\/expresorgv.online\/home\/blog\/2026\/09\/06\/anuncian-propuesta-para-castigar-la-maternidad-subrogada-como-trata-de-personas\/#primaryimage\"},\"image\":{\"@id\":\"https:\/\/expresorgv.online\/home\/blog\/2026\/09\/06\/anuncian-propuesta-para-castigar-la-maternidad-subrogada-como-trata-de-personas\/#primaryimage\"},\"thumbnailUrl\":\"https:\/\/i0.wp.com\/expresorgv.online\/home\/wp-content\/uploads\/2026\/09\/Embarazada.png?fit=591%2C328&ssl=1\",\"datePublished\":\"2026-09-06T13:03:48+00:00\",\"dateModified\":\"2026-09-06T13:03:49+00:00\",\"author\":{\"@id\":\"https:\/\/expresorgv.online\/home\/#\/schema\/person\/ae1ed1a575540204b5f59dca7f91f6a2\"},\"breadcrumb\":{\"@id\":\"https:\/\/expresorgv.online\/home\/blog\/2026\/09\/06\/anuncian-propuesta-para-castigar-la-maternidad-subrogada-como-trata-de-personas\/#breadcrumb\"},\"inLanguage\":\"es\",\"potentialAction\":[{\"@type\":\"ReadAction\",\"target\":[\"https:\/\/expresorgv.online\/home\/blog\/2026\/09\/06\/anuncian-propuesta-para-castigar-la-maternidad-subrogada-como-trata-de-personas\/\"]}]},{\"@type\":\"ImageObject\",\"inLanguage\":\"es\",\"@id\":\"https:\/\/expresorgv.online\/home\/blog\/2026\/09\/06\/anuncian-propuesta-para-castigar-la-maternidad-subrogada-como-trata-de-personas\/#primaryimage\",\"url\":\"https:\/\/i0.wp.com\/expresorgv.online\/home\/wp-content\/uploads\/2026\/09\/Embarazada.png?fit=591%2C328&ssl=1\",\"contentUrl\":\"https:\/\/i0.wp.com\/expresorgv.online\/home\/wp-content\/uploads\/2026\/09\/Embarazada.png?fit=591%2C328&ssl=1\",\"width\":591,\"height\":328},{\"@type\":\"BreadcrumbList\",\"@id\":\"https:\/\/expresorgv.online\/home\/blog\/2026\/09\/06\/anuncian-propuesta-para-castigar-la-maternidad-subrogada-como-trata-de-personas\/#breadcrumb\",\"itemListElement\":[{\"@type\":\"ListItem\",\"position\":1,\"name\":\"Home\",\"item\":\"https:\/\/expresorgv.online\/home\/\"},{\"@type\":\"ListItem\",\"position\":2,\"name\":\"Anuncian propuesta para castigar la maternidad subrogada como trata de personas\"}]},{\"@type\":\"WebSite\",\"@id\":\"https:\/\/expresorgv.online\/home\/#website\",\"url\":\"https:\/\/expresorgv.online\/home\/\",\"name\":\"\",\"description\":\"\",\"potentialAction\":[{\"@type\":\"SearchAction\",\"target\":{\"@type\":\"EntryPoint\",\"urlTemplate\":\"https:\/\/expresorgv.online\/home\/?s={search_term_string}\"},\"query-input\":{\"@type\":\"PropertyValueSpecification\",\"valueRequired\":true,\"valueName\":\"search_term_string\"}}],\"inLanguage\":\"es\"},{\"@type\":\"Person\",\"@id\":\"https:\/\/expresorgv.online\/home\/#\/schema\/person\/ae1ed1a575540204b5f59dca7f91f6a2\",\"name\":\"expreso\",\"image\":{\"@type\":\"ImageObject\",\"inLanguage\":\"es\",\"@id\":\"https:\/\/secure.gravatar.com\/avatar\/88cd9f065dcd1b722cd984aac4181386a800c0bca699eaf07e42dd8f820bddee?s=96&d=mm&r=g\",\"url\":\"https:\/\/secure.gravatar.com\/avatar\/88cd9f065dcd1b722cd984aac4181386a800c0bca699eaf07e42dd8f820bddee?s=96&d=mm&r=g\",\"contentUrl\":\"https:\/\/secure.gravatar.com\/avatar\/88cd9f065dcd1b722cd984aac4181386a800c0bca699eaf07e42dd8f820bddee?s=96&d=mm&r=g\",\"caption\":\"expreso\"},\"url\":\"https:\/\/expresorgv.online\/home\/blog\/author\/expreso\/\"}]}<\/script>\n<!-- \/ Yoast SEO plugin. -->","yoast_head_json":{"title":"Anuncian propuesta para castigar la maternidad subrogada como trata de personas -","robots":{"index":"index","follow":"follow","max-snippet":"max-snippet:-1","max-image-preview":"max-image-preview:large","max-video-preview":"max-video-preview:-1"},"canonical":"https:\/\/expresorgv.online\/home\/blog\/2026\/09\/06\/anuncian-propuesta-para-castigar-la-maternidad-subrogada-como-trata-de-personas\/","og_locale":"es_ES","og_type":"article","og_title":"Anuncian propuesta para castigar la maternidad subrogada como trata de personas","og_description":"Especialistas, abogados, psiquiatras y acad\u00e9micos llamaron a prohibir la maternidad subrogada (tambi\u00e9n conocida como vientres de alquiler) al considerarla una pr\u00e1ctica contraria a los derechos humanos, que mercantiliza los cuerpos de las mujeres y convierte a los beb\u00e9s reci\u00e9n nacidos en un objeto de transacci\u00f3n. Abraham Madero M\u00e1rquez, maestro en Derecho y director ejecutivo del [&hellip;]","og_url":"https:\/\/expresorgv.online\/home\/blog\/2026\/09\/06\/anuncian-propuesta-para-castigar-la-maternidad-subrogada-como-trata-de-personas\/","article_published_time":"2026-09-06T13:03:48+00:00","article_modified_time":"2026-09-06T13:03:49+00:00","og_image":[{"width":591,"height":328,"url":"https:\/\/expresorgv.online\/home\/wp-content\/uploads\/2026\/09\/Embarazada.png","type":"image\/png"}],"author":"expreso","twitter_card":"summary_large_image","twitter_misc":{"Escrito por":"expreso","Tiempo de lectura":"7 minutos"},"schema":{"@context":"https:\/\/schema.org","@graph":[{"@type":"Article","@id":"https:\/\/expresorgv.online\/home\/blog\/2026\/09\/06\/anuncian-propuesta-para-castigar-la-maternidad-subrogada-como-trata-de-personas\/#article","isPartOf":{"@id":"https:\/\/expresorgv.online\/home\/blog\/2026\/09\/06\/anuncian-propuesta-para-castigar-la-maternidad-subrogada-como-trata-de-personas\/"},"author":{"name":"expreso","@id":"https:\/\/expresorgv.online\/home\/#\/schema\/person\/ae1ed1a575540204b5f59dca7f91f6a2"},"headline":"Anuncian propuesta para castigar la maternidad subrogada como trata de personas","datePublished":"2026-09-06T13:03:48+00:00","dateModified":"2026-09-06T13:03:49+00:00","mainEntityOfPage":{"@id":"https:\/\/expresorgv.online\/home\/blog\/2026\/09\/06\/anuncian-propuesta-para-castigar-la-maternidad-subrogada-como-trata-de-personas\/"},"wordCount":1474,"commentCount":0,"image":{"@id":"https:\/\/expresorgv.online\/home\/blog\/2026\/09\/06\/anuncian-propuesta-para-castigar-la-maternidad-subrogada-como-trata-de-personas\/#primaryimage"},"thumbnailUrl":"https:\/\/i0.wp.com\/expresorgv.online\/home\/wp-content\/uploads\/2026\/09\/Embarazada.png?fit=591%2C328&ssl=1","articleSection":["NACIONAL"],"inLanguage":"es","potentialAction":[{"@type":"CommentAction","name":"Comment","target":["https:\/\/expresorgv.online\/home\/blog\/2026\/09\/06\/anuncian-propuesta-para-castigar-la-maternidad-subrogada-como-trata-de-personas\/#respond"]}]},{"@type":"WebPage","@id":"https:\/\/expresorgv.online\/home\/blog\/2026\/09\/06\/anuncian-propuesta-para-castigar-la-maternidad-subrogada-como-trata-de-personas\/","url":"https:\/\/expresorgv.online\/home\/blog\/2026\/09\/06\/anuncian-propuesta-para-castigar-la-maternidad-subrogada-como-trata-de-personas\/","name":"Anuncian propuesta para castigar la maternidad subrogada como trata de personas -","isPartOf":{"@id":"https:\/\/expresorgv.online\/home\/#website"},"primaryImageOfPage":{"@id":"https:\/\/expresorgv.online\/home\/blog\/2026\/09\/06\/anuncian-propuesta-para-castigar-la-maternidad-subrogada-como-trata-de-personas\/#primaryimage"},"image":{"@id":"https:\/\/expresorgv.online\/home\/blog\/2026\/09\/06\/anuncian-propuesta-para-castigar-la-maternidad-subrogada-como-trata-de-personas\/#primaryimage"},"thumbnailUrl":"https:\/\/i0.wp.com\/expresorgv.online\/home\/wp-content\/uploads\/2026\/09\/Embarazada.png?fit=591%2C328&ssl=1","datePublished":"2026-09-06T13:03:48+00:00","dateModified":"2026-09-06T13:03:49+00:00","author":{"@id":"https:\/\/expresorgv.online\/home\/#\/schema\/person\/ae1ed1a575540204b5f59dca7f91f6a2"},"breadcrumb":{"@id":"https:\/\/expresorgv.online\/home\/blog\/2026\/09\/06\/anuncian-propuesta-para-castigar-la-maternidad-subrogada-como-trata-de-personas\/#breadcrumb"},"inLanguage":"es","potentialAction":[{"@type":"ReadAction","target":["https:\/\/expresorgv.online\/home\/blog\/2026\/09\/06\/anuncian-propuesta-para-castigar-la-maternidad-subrogada-como-trata-de-personas\/"]}]},{"@type":"ImageObject","inLanguage":"es","@id":"https:\/\/expresorgv.online\/home\/blog\/2026\/09\/06\/anuncian-propuesta-para-castigar-la-maternidad-subrogada-como-trata-de-personas\/#primaryimage","url":"https:\/\/i0.wp.com\/expresorgv.online\/home\/wp-content\/uploads\/2026\/09\/Embarazada.png?fit=591%2C328&ssl=1","contentUrl":"https:\/\/i0.wp.com\/expresorgv.online\/home\/wp-content\/uploads\/2026\/09\/Embarazada.png?fit=591%2C328&ssl=1","width":591,"height":328},{"@type":"BreadcrumbList","@id":"https:\/\/expresorgv.online\/home\/blog\/2026\/09\/06\/anuncian-propuesta-para-castigar-la-maternidad-subrogada-como-trata-de-personas\/#breadcrumb","itemListElement":[{"@type":"ListItem","position":1,"name":"Home","item":"https:\/\/expresorgv.online\/home\/"},{"@type":"ListItem","position":2,"name":"Anuncian propuesta para castigar la maternidad subrogada como trata de personas"}]},{"@type":"WebSite","@id":"https:\/\/expresorgv.online\/home\/#website","url":"https:\/\/expresorgv.online\/home\/","name":"","description":"","potentialAction":[{"@type":"SearchAction","target":{"@type":"EntryPoint","urlTemplate":"https:\/\/expresorgv.online\/home\/?s={search_term_string}"},"query-input":{"@type":"PropertyValueSpecification","valueRequired":true,"valueName":"search_term_string"}}],"inLanguage":"es"},{"@type":"Person","@id":"https:\/\/expresorgv.online\/home\/#\/schema\/person\/ae1ed1a575540204b5f59dca7f91f6a2","name":"expreso","image":{"@type":"ImageObject","inLanguage":"es","@id":"https:\/\/secure.gravatar.com\/avatar\/88cd9f065dcd1b722cd984aac4181386a800c0bca699eaf07e42dd8f820bddee?s=96&d=mm&r=g","url":"https:\/\/secure.gravatar.com\/avatar\/88cd9f065dcd1b722cd984aac4181386a800c0bca699eaf07e42dd8f820bddee?s=96&d=mm&r=g","contentUrl":"https:\/\/secure.gravatar.com\/avatar\/88cd9f065dcd1b722cd984aac4181386a800c0bca699eaf07e42dd8f820bddee?s=96&d=mm&r=g","caption":"expreso"},"url":"https:\/\/expresorgv.online\/home\/blog\/author\/expreso\/"}]}},"jetpack_featured_media_url":"https:\/\/i0.wp.com\/expresorgv.online\/home\/wp-content\/uploads\/2026\/09\/Embarazada.png?fit=591%2C328&ssl=1","_links":{"self":[{"href":"https:\/\/expresorgv.online\/home\/wp-json\/wp\/v2\/posts\/38500","targetHints":{"allow":["GET"]}}],"collection":[{"href":"https:\/\/expresorgv.online\/home\/wp-json\/wp\/v2\/posts"}],"about":[{"href":"https:\/\/expresorgv.online\/home\/wp-json\/wp\/v2\/types\/post"}],"author":[{"embeddable":true,"href":"https:\/\/expresorgv.online\/home\/wp-json\/wp\/v2\/users\/2"}],"replies":[{"embeddable":true,"href":"https:\/\/expresorgv.online\/home\/wp-json\/wp\/v2\/comments?post=38500"}],"version-history":[{"count":1,"href":"https:\/\/expresorgv.online\/home\/wp-json\/wp\/v2\/posts\/38500\/revisions"}],"predecessor-version":[{"id":38502,"href":"https:\/\/expresorgv.online\/home\/wp-json\/wp\/v2\/posts\/38500\/revisions\/38502"}],"wp:featuredmedia":[{"embeddable":true,"href":"https:\/\/expresorgv.online\/home\/wp-json\/wp\/v2\/media\/38501"}],"wp:attachment":[{"href":"https:\/\/expresorgv.online\/home\/wp-json\/wp\/v2\/media?parent=38500"}],"wp:term":[{"taxonomy":"category","embeddable":true,"href":"https:\/\/expresorgv.online\/home\/wp-json\/wp\/v2\/categories?post=38500"},{"taxonomy":"post_tag","embeddable":true,"href":"https:\/\/expresorgv.online\/home\/wp-json\/wp\/v2\/tags?post=38500"}],"curies":[{"name":"wp","href":"https:\/\/api.w.org\/{rel}","templated":true}]}}