{"id":38495,"date":"2026-09-06T12:57:18","date_gmt":"2026-09-06T12:57:18","guid":{"rendered":"https:\/\/expresorgv.online\/home\/?p=38495"},"modified":"2026-09-06T12:57:20","modified_gmt":"2026-09-06T12:57:20","slug":"manifestantes-interrumpen-evento-de-sheinbaum-los-acusa-de-irrespetuosos-e-infiltados-del-prian","status":"publish","type":"post","link":"https:\/\/expresorgv.online\/home\/blog\/2026\/09\/06\/manifestantes-interrumpen-evento-de-sheinbaum-los-acusa-de-irrespetuosos-e-infiltados-del-prian\/","title":{"rendered":"Manifestantes interrumpen evento de Sheinbaum; los acusa de \u00abirrespetuosos\u00bb e \u00abinfiltados\u00bb del PRIAN"},"content":{"rendered":"\n<p class=\"wp-block-paragraph\">La presidenta Claudia Sheinbaum acus\u00f3 a ciudadanos defensores de la laguna de Cuyutl\u00e1n, en Colima, de ser irrespetuosos, provocadores e infiltrados del PRIAN, porque interrumpieron con protestas su evento de rendici\u00f3n del Segundo Informe de Gobierno en la entidad; la organizaci\u00f3n revir\u00f3: \u201cLa defensa del territorio s\u00ed es de izquierda\u201d.<\/p>\n\n\n\n<p class=\"wp-block-paragraph\">Mientras daba su discurso, la ciudadan\u00eda inconforme insist\u00eda en sus demandas, ante lo que la mandataria federal los se\u00f1al\u00f3 directamente:<\/p>\n\n\n\n<p class=\"wp-block-paragraph\">\u201cVamos a continuar. Hagan de cuenta que no est\u00e1n. No, no, no. Nada de violencia, nada, nada, nada\u2026 Son muy irrespetuosos. As\u00ed es el PRIAN, seguro pertenece al PRIAN aqu\u00ed, de infiltrados en la\u2026 Porque si fuera una demanda leg\u00edtima, estar\u00edan de acuerdo en reunirnos para atender lo que est\u00e1n pidiendo, \u00bfverdad? Pero, bueno, no vamos a caer en provocaciones, vamos a seguir recordando el pasado\u201d.<\/p>\n\n\n\n<p class=\"wp-block-paragraph\">Incluso agreg\u00f3: \u201cYo creo que les duele cuando se recuerda el pasado, por eso gritan as\u00ed de fuerte, \u00bfverdad? Vamos a seguir con la asamblea porque\u2026 Para qu\u00e9 caemos en provocaciones\u201d, insist\u00eda en medio de las inconformidades que no cesaron.<\/p>\n\n\n\n<figure class=\"wp-block-embed is-type-video is-provider-youtube wp-block-embed-youtube wp-embed-aspect-9-16 wp-has-aspect-ratio\"><div class=\"wp-block-embed__wrapper\">\n<iframe loading=\"lazy\" title=\"Claudia Sheinbaum discute con manifestantes en Colima: &quot;Seguro son del PRIAN&quot;\" width=\"540\" height=\"960\" src=\"https:\/\/www.youtube.com\/embed\/U3aUobEMr8Q?feature=oembed\" frameborder=\"0\" allow=\"accelerometer; autoplay; clipboard-write; encrypted-media; gyroscope; picture-in-picture; web-share\" referrerpolicy=\"strict-origin-when-cross-origin\" allowfullscreen><\/iframe>\n<\/div><\/figure>\n\n\n\n<p class=\"wp-block-paragraph\">Antes de esas acusaciones, la jefa del Ejecutivo Federal incluso puso a votaci\u00f3n que no expusieran sus demandas durante su discurso y los atender\u00eda al final y consider\u00f3 que \u201cla mayor\u00eda vot\u00f3\u201d por mejor escuchar las declaraciones de la autoridad.<\/p>\n\n\n\n<p class=\"wp-block-paragraph\">\u201cA los que est\u00e1n gritando, \u00bfme escuchan? Bueno, vamos a poner a votaci\u00f3n, porque los puedo atender al final de la asamblea, al final del informe. Entonces, vamos a poner a votaci\u00f3n, porque la democracia es lo que opine la mayor\u00eda, \u00bfverdad? Entonces, a los que est\u00e1n gritando, vamos a poner a votaci\u00f3n: \u00bfQui\u00e9n opina que sigan gritando mientras est\u00e1 el evento? Levanten la mano qui\u00e9n opina que\u2026 &#8216;No&#8217;, bueno\u00bb.<\/p>\n\n\n\n<p class=\"wp-block-paragraph\">La mandataria federal no logr\u00f3 controlar la situaci\u00f3n e insisti\u00f3: \u201cBueno, ahora vamos a poner a votaci\u00f3n: \u00bfQui\u00e9n opina que respeten el evento y al final los recibo, los escucho? Bueno, mayor\u00eda. Ya si no respetan a la mayor\u00eda, pues es que son unos irrespetuosos, \u00bfverdad? Entonces, ya a los que gritan en este momento, los atiendo al final de la asamblea. Y si siguen gritando, pues ya sabemos que son unos irrespetuosos. \u00bfCierto?<\/p>\n\n\n\n<p class=\"wp-block-paragraph\">Despu\u00e9s, insisti\u00f3: \u201cOigan, ya votamos, ya es la mayor\u00eda, \u00bfverdad? Por respeto, que guarden silencio\u201d.<\/p>\n\n\n\n<p class=\"wp-block-paragraph\">Antes de acusar a los manifestantes de provocadores, la presidenta admiti\u00f3: \u201cS\u00e9 que por ah\u00ed hay unas personas que tienen algunas demandas. Leo ah\u00ed una manta que dice que no est\u00e1n de acuerdo con la ampliaci\u00f3n del puerto de Manzanillo, pero condicion\u00f3 su atenci\u00f3n al tema que solicitaban a que quedaran callados.<\/p>\n\n\n\n<p class=\"wp-block-paragraph\">\u201cA ver, bajen todas las mantas, bajen todas las lonas, bajen todas las lonas. A los que est\u00e1n gritando, \u00bfme escuchan? Bueno, vamos a poner a votaci\u00f3n, porque los puedo atender al final de la asamblea, al final del Informe. Entonces, vamos a poner a votaci\u00f3n, porque la democracia es lo que opine la mayor\u00eda, \u00bfverdad?\u201d.<\/p>\n\n\n\n<p class=\"wp-block-paragraph\">Luego de las acusaciones de la presidenta del pa\u00eds, la organizaci\u00f3n Movimiento Socialista del Poder Popular &#8211; Colima public\u00f3 un comunicado en redes sociales en las que aclar\u00f3 que no son prianistas y que defienden una causa justa que es, tambi\u00e9n, en defensa de la soberan\u00eda.<\/p>\n\n\n\n<p class=\"wp-block-paragraph\">Su postura es de rechazo a la construcci\u00f3n del Nuevo Puerto de Manzanillo en la Laguna de Cuyutl\u00e1n.<\/p>\n\n\n\n<p class=\"wp-block-paragraph\">\u201cComo hemos dicho, el nuevo puerto no es un proyecto que dar\u00e1 soberan\u00eda a M\u00e9xico y bienestar a la poblaci\u00f3n, sino que subordina al pa\u00eds a los capitales internacionales quienes ser\u00e1n los verdaderos beneficiados mientras a las mayor\u00edas sociales nos dejan ecosistemas destruidos, producci\u00f3n salinera y pesquera afectadas y un Manzanillo cada vez menos habitable\u201d, afirmaron.<\/p>\n\n\n\n<p class=\"wp-block-paragraph\">La organizaci\u00f3n neg\u00f3 que acudi\u00f3 a \u00ab&#8216;reventar&#8217; el evento, como algunos dirigentes de Morena afirman, mucho menos somos del &#8216;PRIAN&#8217; como la presidenta insinu\u00f3. Nuestra organizaci\u00f3n tiene m\u00e1s de 10 a\u00f1os en Colima acompa\u00f1ando a los movimientos sociales en sus demandas justas sin ning\u00fan inter\u00e9s partidista y quienes conocen nuestro trabajo lo saben. Incluso hoy constatamos como muchos simpatizantes de Morena apoyan nuestra causa\u201d.<\/p>\n\n\n\n<p class=\"wp-block-paragraph\">Pese a las acusaciones de la jefa del Ejecutivo federal, aseguran que continuar\u00e1n con el apoyo a este movimiento en la lucha por la Laguna de Cuyutl\u00e1n y un futuro para la poblaci\u00f3n y los ecosistemas de Colima.<\/p>\n\n\n\n<p class=\"wp-block-paragraph\">En su publicaci\u00f3n en redes, la organizaci\u00f3n asegur\u00f3 que ellos no fueron a aplaudir, sino a exigir que se frene ese nuevo Puerto de Manzanillo en la Laguna de Cuyutl\u00e1n.<\/p>\n\n\n\n<p class=\"wp-block-paragraph\">\u201cNo es soberan\u00eda, es entrega. No es progreso, es destrucci\u00f3n. Mientras los grandes capitales ganan, nuestras salineras, pescadores y ecosistemas pagan el precio. Y no, no fuimos a &#8216;reventar&#8217; ni somos del &#8216;PRIAN&#8217;. Llevamos m\u00e1s de 10 a\u00f1os en lucha, solo con la verdad y el territorio de por medio\u201d, reiteraron.<\/p>\n\n\n\n<p class=\"wp-block-paragraph\">Tambi\u00e9n fueron contundentes en que \u201cla defensa del territorio s\u00ed es de izquierda, porque nos implica la vida o muerte\u201d.<\/p>\n","protected":false},"excerpt":{"rendered":"<p>La presidenta Claudia Sheinbaum acus\u00f3 a ciudadanos defensores de la laguna de Cuyutl\u00e1n, en Colima, de ser irrespetuosos, provocadores e infiltrados del PRIAN, porque interrumpieron con protestas su evento de rendici\u00f3n del Segundo Informe de Gobierno en la entidad; la organizaci\u00f3n revir\u00f3: \u201cLa defensa del territorio s\u00ed es de izquierda\u201d. Mientras daba su discurso, la [&hellip;]<\/p>\n","protected":false},"author":2,"featured_media":38498,"comment_status":"open","ping_status":"open","sticky":false,"template":"","format":"standard","meta":{"footnotes":""},"categories":[6],"tags":[],"class_list":["post-38495","post","type-post","status-publish","format-standard","has-post-thumbnail","hentry","category-nacional"],"yoast_head":"<!-- This site is optimized with the Yoast SEO plugin v27.2 - https:\/\/yoast.com\/product\/yoast-seo-wordpress\/ -->\n<title>Manifestantes interrumpen evento de Sheinbaum; los acusa de &quot;irrespetuosos&quot; e &quot;infiltados&quot; del PRIAN -<\/title>\n<meta name=\"robots\" content=\"index, follow, max-snippet:-1, max-image-preview:large, max-video-preview:-1\" \/>\n<link rel=\"canonical\" href=\"https:\/\/expresorgv.online\/home\/blog\/2026\/09\/06\/manifestantes-interrumpen-evento-de-sheinbaum-los-acusa-de-irrespetuosos-e-infiltados-del-prian\/\" \/>\n<meta property=\"og:locale\" content=\"es_ES\" \/>\n<meta property=\"og:type\" content=\"article\" \/>\n<meta property=\"og:title\" content=\"Manifestantes interrumpen evento de Sheinbaum; los acusa de &quot;irrespetuosos&quot; e &quot;infiltados&quot; del PRIAN\" \/>\n<meta property=\"og:description\" content=\"La presidenta Claudia Sheinbaum acus\u00f3 a ciudadanos defensores de la laguna de Cuyutl\u00e1n, en Colima, de ser irrespetuosos, provocadores e infiltrados del PRIAN, porque interrumpieron con protestas su evento de rendici\u00f3n del Segundo Informe de Gobierno en la entidad; la organizaci\u00f3n revir\u00f3: \u201cLa defensa del territorio s\u00ed es de izquierda\u201d. Mientras daba su discurso, la [&hellip;]\" \/>\n<meta property=\"og:url\" content=\"https:\/\/expresorgv.online\/home\/blog\/2026\/09\/06\/manifestantes-interrumpen-evento-de-sheinbaum-los-acusa-de-irrespetuosos-e-infiltados-del-prian\/\" \/>\n<meta property=\"article:published_time\" content=\"2026-09-06T12:57:18+00:00\" \/>\n<meta property=\"article:modified_time\" content=\"2026-09-06T12:57:20+00:00\" \/>\n<meta property=\"og:image\" content=\"https:\/\/expresorgv.online\/home\/wp-content\/uploads\/2026\/09\/Claudia-Sheinbaum-1.png\" \/>\n\t<meta property=\"og:image:width\" content=\"591\" \/>\n\t<meta property=\"og:image:height\" content=\"328\" \/>\n\t<meta property=\"og:image:type\" content=\"image\/png\" \/>\n<meta name=\"author\" content=\"expreso\" \/>\n<meta name=\"twitter:card\" content=\"summary_large_image\" \/>\n<meta name=\"twitter:label1\" content=\"Escrito por\" \/>\n\t<meta name=\"twitter:data1\" content=\"expreso\" \/>\n\t<meta name=\"twitter:label2\" content=\"Tiempo de lectura\" \/>\n\t<meta name=\"twitter:data2\" content=\"4 minutos\" \/>\n<script type=\"application\/ld+json\" class=\"yoast-schema-graph\">{\"@context\":\"https:\/\/schema.org\",\"@graph\":[{\"@type\":\"Article\",\"@id\":\"https:\/\/expresorgv.online\/home\/blog\/2026\/09\/06\/manifestantes-interrumpen-evento-de-sheinbaum-los-acusa-de-irrespetuosos-e-infiltados-del-prian\/#article\",\"isPartOf\":{\"@id\":\"https:\/\/expresorgv.online\/home\/blog\/2026\/09\/06\/manifestantes-interrumpen-evento-de-sheinbaum-los-acusa-de-irrespetuosos-e-infiltados-del-prian\/\"},\"author\":{\"name\":\"expreso\",\"@id\":\"https:\/\/expresorgv.online\/home\/#\/schema\/person\/ae1ed1a575540204b5f59dca7f91f6a2\"},\"headline\":\"Manifestantes interrumpen evento de Sheinbaum; los acusa de \u00abirrespetuosos\u00bb e \u00abinfiltados\u00bb del PRIAN\",\"datePublished\":\"2026-09-06T12:57:18+00:00\",\"dateModified\":\"2026-09-06T12:57:20+00:00\",\"mainEntityOfPage\":{\"@id\":\"https:\/\/expresorgv.online\/home\/blog\/2026\/09\/06\/manifestantes-interrumpen-evento-de-sheinbaum-los-acusa-de-irrespetuosos-e-infiltados-del-prian\/\"},\"wordCount\":894,\"commentCount\":0,\"image\":{\"@id\":\"https:\/\/expresorgv.online\/home\/blog\/2026\/09\/06\/manifestantes-interrumpen-evento-de-sheinbaum-los-acusa-de-irrespetuosos-e-infiltados-del-prian\/#primaryimage\"},\"thumbnailUrl\":\"https:\/\/i0.wp.com\/expresorgv.online\/home\/wp-content\/uploads\/2026\/09\/Claudia-Sheinbaum-1.png?fit=591%2C328&ssl=1\",\"articleSection\":[\"NACIONAL\"],\"inLanguage\":\"es\",\"potentialAction\":[{\"@type\":\"CommentAction\",\"name\":\"Comment\",\"target\":[\"https:\/\/expresorgv.online\/home\/blog\/2026\/09\/06\/manifestantes-interrumpen-evento-de-sheinbaum-los-acusa-de-irrespetuosos-e-infiltados-del-prian\/#respond\"]}]},{\"@type\":\"WebPage\",\"@id\":\"https:\/\/expresorgv.online\/home\/blog\/2026\/09\/06\/manifestantes-interrumpen-evento-de-sheinbaum-los-acusa-de-irrespetuosos-e-infiltados-del-prian\/\",\"url\":\"https:\/\/expresorgv.online\/home\/blog\/2026\/09\/06\/manifestantes-interrumpen-evento-de-sheinbaum-los-acusa-de-irrespetuosos-e-infiltados-del-prian\/\",\"name\":\"Manifestantes interrumpen evento de Sheinbaum; los acusa de \\\"irrespetuosos\\\" e \\\"infiltados\\\" del PRIAN -\",\"isPartOf\":{\"@id\":\"https:\/\/expresorgv.online\/home\/#website\"},\"primaryImageOfPage\":{\"@id\":\"https:\/\/expresorgv.online\/home\/blog\/2026\/09\/06\/manifestantes-interrumpen-evento-de-sheinbaum-los-acusa-de-irrespetuosos-e-infiltados-del-prian\/#primaryimage\"},\"image\":{\"@id\":\"https:\/\/expresorgv.online\/home\/blog\/2026\/09\/06\/manifestantes-interrumpen-evento-de-sheinbaum-los-acusa-de-irrespetuosos-e-infiltados-del-prian\/#primaryimage\"},\"thumbnailUrl\":\"https:\/\/i0.wp.com\/expresorgv.online\/home\/wp-content\/uploads\/2026\/09\/Claudia-Sheinbaum-1.png?fit=591%2C328&ssl=1\",\"datePublished\":\"2026-09-06T12:57:18+00:00\",\"dateModified\":\"2026-09-06T12:57:20+00:00\",\"author\":{\"@id\":\"https:\/\/expresorgv.online\/home\/#\/schema\/person\/ae1ed1a575540204b5f59dca7f91f6a2\"},\"breadcrumb\":{\"@id\":\"https:\/\/expresorgv.online\/home\/blog\/2026\/09\/06\/manifestantes-interrumpen-evento-de-sheinbaum-los-acusa-de-irrespetuosos-e-infiltados-del-prian\/#breadcrumb\"},\"inLanguage\":\"es\",\"potentialAction\":[{\"@type\":\"ReadAction\",\"target\":[\"https:\/\/expresorgv.online\/home\/blog\/2026\/09\/06\/manifestantes-interrumpen-evento-de-sheinbaum-los-acusa-de-irrespetuosos-e-infiltados-del-prian\/\"]}]},{\"@type\":\"ImageObject\",\"inLanguage\":\"es\",\"@id\":\"https:\/\/expresorgv.online\/home\/blog\/2026\/09\/06\/manifestantes-interrumpen-evento-de-sheinbaum-los-acusa-de-irrespetuosos-e-infiltados-del-prian\/#primaryimage\",\"url\":\"https:\/\/i0.wp.com\/expresorgv.online\/home\/wp-content\/uploads\/2026\/09\/Claudia-Sheinbaum-1.png?fit=591%2C328&ssl=1\",\"contentUrl\":\"https:\/\/i0.wp.com\/expresorgv.online\/home\/wp-content\/uploads\/2026\/09\/Claudia-Sheinbaum-1.png?fit=591%2C328&ssl=1\",\"width\":591,\"height\":328},{\"@type\":\"BreadcrumbList\",\"@id\":\"https:\/\/expresorgv.online\/home\/blog\/2026\/09\/06\/manifestantes-interrumpen-evento-de-sheinbaum-los-acusa-de-irrespetuosos-e-infiltados-del-prian\/#breadcrumb\",\"itemListElement\":[{\"@type\":\"ListItem\",\"position\":1,\"name\":\"Home\",\"item\":\"https:\/\/expresorgv.online\/home\/\"},{\"@type\":\"ListItem\",\"position\":2,\"name\":\"Manifestantes interrumpen evento de Sheinbaum; los acusa de \u00abirrespetuosos\u00bb e \u00abinfiltados\u00bb del PRIAN\"}]},{\"@type\":\"WebSite\",\"@id\":\"https:\/\/expresorgv.online\/home\/#website\",\"url\":\"https:\/\/expresorgv.online\/home\/\",\"name\":\"\",\"description\":\"\",\"potentialAction\":[{\"@type\":\"SearchAction\",\"target\":{\"@type\":\"EntryPoint\",\"urlTemplate\":\"https:\/\/expresorgv.online\/home\/?s={search_term_string}\"},\"query-input\":{\"@type\":\"PropertyValueSpecification\",\"valueRequired\":true,\"valueName\":\"search_term_string\"}}],\"inLanguage\":\"es\"},{\"@type\":\"Person\",\"@id\":\"https:\/\/expresorgv.online\/home\/#\/schema\/person\/ae1ed1a575540204b5f59dca7f91f6a2\",\"name\":\"expreso\",\"image\":{\"@type\":\"ImageObject\",\"inLanguage\":\"es\",\"@id\":\"https:\/\/secure.gravatar.com\/avatar\/88cd9f065dcd1b722cd984aac4181386a800c0bca699eaf07e42dd8f820bddee?s=96&d=mm&r=g\",\"url\":\"https:\/\/secure.gravatar.com\/avatar\/88cd9f065dcd1b722cd984aac4181386a800c0bca699eaf07e42dd8f820bddee?s=96&d=mm&r=g\",\"contentUrl\":\"https:\/\/secure.gravatar.com\/avatar\/88cd9f065dcd1b722cd984aac4181386a800c0bca699eaf07e42dd8f820bddee?s=96&d=mm&r=g\",\"caption\":\"expreso\"},\"url\":\"https:\/\/expresorgv.online\/home\/blog\/author\/expreso\/\"}]}<\/script>\n<!-- \/ Yoast SEO plugin. -->","yoast_head_json":{"title":"Manifestantes interrumpen evento de Sheinbaum; los acusa de \"irrespetuosos\" e \"infiltados\" del PRIAN -","robots":{"index":"index","follow":"follow","max-snippet":"max-snippet:-1","max-image-preview":"max-image-preview:large","max-video-preview":"max-video-preview:-1"},"canonical":"https:\/\/expresorgv.online\/home\/blog\/2026\/09\/06\/manifestantes-interrumpen-evento-de-sheinbaum-los-acusa-de-irrespetuosos-e-infiltados-del-prian\/","og_locale":"es_ES","og_type":"article","og_title":"Manifestantes interrumpen evento de Sheinbaum; los acusa de \"irrespetuosos\" e \"infiltados\" del PRIAN","og_description":"La presidenta Claudia Sheinbaum acus\u00f3 a ciudadanos defensores de la laguna de Cuyutl\u00e1n, en Colima, de ser irrespetuosos, provocadores e infiltrados del PRIAN, porque interrumpieron con protestas su evento de rendici\u00f3n del Segundo Informe de Gobierno en la entidad; la organizaci\u00f3n revir\u00f3: \u201cLa defensa del territorio s\u00ed es de izquierda\u201d. Mientras daba su discurso, la [&hellip;]","og_url":"https:\/\/expresorgv.online\/home\/blog\/2026\/09\/06\/manifestantes-interrumpen-evento-de-sheinbaum-los-acusa-de-irrespetuosos-e-infiltados-del-prian\/","article_published_time":"2026-09-06T12:57:18+00:00","article_modified_time":"2026-09-06T12:57:20+00:00","og_image":[{"width":591,"height":328,"url":"https:\/\/expresorgv.online\/home\/wp-content\/uploads\/2026\/09\/Claudia-Sheinbaum-1.png","type":"image\/png"}],"author":"expreso","twitter_card":"summary_large_image","twitter_misc":{"Escrito por":"expreso","Tiempo de lectura":"4 minutos"},"schema":{"@context":"https:\/\/schema.org","@graph":[{"@type":"Article","@id":"https:\/\/expresorgv.online\/home\/blog\/2026\/09\/06\/manifestantes-interrumpen-evento-de-sheinbaum-los-acusa-de-irrespetuosos-e-infiltados-del-prian\/#article","isPartOf":{"@id":"https:\/\/expresorgv.online\/home\/blog\/2026\/09\/06\/manifestantes-interrumpen-evento-de-sheinbaum-los-acusa-de-irrespetuosos-e-infiltados-del-prian\/"},"author":{"name":"expreso","@id":"https:\/\/expresorgv.online\/home\/#\/schema\/person\/ae1ed1a575540204b5f59dca7f91f6a2"},"headline":"Manifestantes interrumpen evento de Sheinbaum; los acusa de \u00abirrespetuosos\u00bb e \u00abinfiltados\u00bb del PRIAN","datePublished":"2026-09-06T12:57:18+00:00","dateModified":"2026-09-06T12:57:20+00:00","mainEntityOfPage":{"@id":"https:\/\/expresorgv.online\/home\/blog\/2026\/09\/06\/manifestantes-interrumpen-evento-de-sheinbaum-los-acusa-de-irrespetuosos-e-infiltados-del-prian\/"},"wordCount":894,"commentCount":0,"image":{"@id":"https:\/\/expresorgv.online\/home\/blog\/2026\/09\/06\/manifestantes-interrumpen-evento-de-sheinbaum-los-acusa-de-irrespetuosos-e-infiltados-del-prian\/#primaryimage"},"thumbnailUrl":"https:\/\/i0.wp.com\/expresorgv.online\/home\/wp-content\/uploads\/2026\/09\/Claudia-Sheinbaum-1.png?fit=591%2C328&ssl=1","articleSection":["NACIONAL"],"inLanguage":"es","potentialAction":[{"@type":"CommentAction","name":"Comment","target":["https:\/\/expresorgv.online\/home\/blog\/2026\/09\/06\/manifestantes-interrumpen-evento-de-sheinbaum-los-acusa-de-irrespetuosos-e-infiltados-del-prian\/#respond"]}]},{"@type":"WebPage","@id":"https:\/\/expresorgv.online\/home\/blog\/2026\/09\/06\/manifestantes-interrumpen-evento-de-sheinbaum-los-acusa-de-irrespetuosos-e-infiltados-del-prian\/","url":"https:\/\/expresorgv.online\/home\/blog\/2026\/09\/06\/manifestantes-interrumpen-evento-de-sheinbaum-los-acusa-de-irrespetuosos-e-infiltados-del-prian\/","name":"Manifestantes interrumpen evento de Sheinbaum; los acusa de \"irrespetuosos\" e \"infiltados\" del PRIAN -","isPartOf":{"@id":"https:\/\/expresorgv.online\/home\/#website"},"primaryImageOfPage":{"@id":"https:\/\/expresorgv.online\/home\/blog\/2026\/09\/06\/manifestantes-interrumpen-evento-de-sheinbaum-los-acusa-de-irrespetuosos-e-infiltados-del-prian\/#primaryimage"},"image":{"@id":"https:\/\/expresorgv.online\/home\/blog\/2026\/09\/06\/manifestantes-interrumpen-evento-de-sheinbaum-los-acusa-de-irrespetuosos-e-infiltados-del-prian\/#primaryimage"},"thumbnailUrl":"https:\/\/i0.wp.com\/expresorgv.online\/home\/wp-content\/uploads\/2026\/09\/Claudia-Sheinbaum-1.png?fit=591%2C328&ssl=1","datePublished":"2026-09-06T12:57:18+00:00","dateModified":"2026-09-06T12:57:20+00:00","author":{"@id":"https:\/\/expresorgv.online\/home\/#\/schema\/person\/ae1ed1a575540204b5f59dca7f91f6a2"},"breadcrumb":{"@id":"https:\/\/expresorgv.online\/home\/blog\/2026\/09\/06\/manifestantes-interrumpen-evento-de-sheinbaum-los-acusa-de-irrespetuosos-e-infiltados-del-prian\/#breadcrumb"},"inLanguage":"es","potentialAction":[{"@type":"ReadAction","target":["https:\/\/expresorgv.online\/home\/blog\/2026\/09\/06\/manifestantes-interrumpen-evento-de-sheinbaum-los-acusa-de-irrespetuosos-e-infiltados-del-prian\/"]}]},{"@type":"ImageObject","inLanguage":"es","@id":"https:\/\/expresorgv.online\/home\/blog\/2026\/09\/06\/manifestantes-interrumpen-evento-de-sheinbaum-los-acusa-de-irrespetuosos-e-infiltados-del-prian\/#primaryimage","url":"https:\/\/i0.wp.com\/expresorgv.online\/home\/wp-content\/uploads\/2026\/09\/Claudia-Sheinbaum-1.png?fit=591%2C328&ssl=1","contentUrl":"https:\/\/i0.wp.com\/expresorgv.online\/home\/wp-content\/uploads\/2026\/09\/Claudia-Sheinbaum-1.png?fit=591%2C328&ssl=1","width":591,"height":328},{"@type":"BreadcrumbList","@id":"https:\/\/expresorgv.online\/home\/blog\/2026\/09\/06\/manifestantes-interrumpen-evento-de-sheinbaum-los-acusa-de-irrespetuosos-e-infiltados-del-prian\/#breadcrumb","itemListElement":[{"@type":"ListItem","position":1,"name":"Home","item":"https:\/\/expresorgv.online\/home\/"},{"@type":"ListItem","position":2,"name":"Manifestantes interrumpen evento de Sheinbaum; los acusa de \u00abirrespetuosos\u00bb e \u00abinfiltados\u00bb del PRIAN"}]},{"@type":"WebSite","@id":"https:\/\/expresorgv.online\/home\/#website","url":"https:\/\/expresorgv.online\/home\/","name":"","description":"","potentialAction":[{"@type":"SearchAction","target":{"@type":"EntryPoint","urlTemplate":"https:\/\/expresorgv.online\/home\/?s={search_term_string}"},"query-input":{"@type":"PropertyValueSpecification","valueRequired":true,"valueName":"search_term_string"}}],"inLanguage":"es"},{"@type":"Person","@id":"https:\/\/expresorgv.online\/home\/#\/schema\/person\/ae1ed1a575540204b5f59dca7f91f6a2","name":"expreso","image":{"@type":"ImageObject","inLanguage":"es","@id":"https:\/\/secure.gravatar.com\/avatar\/88cd9f065dcd1b722cd984aac4181386a800c0bca699eaf07e42dd8f820bddee?s=96&d=mm&r=g","url":"https:\/\/secure.gravatar.com\/avatar\/88cd9f065dcd1b722cd984aac4181386a800c0bca699eaf07e42dd8f820bddee?s=96&d=mm&r=g","contentUrl":"https:\/\/secure.gravatar.com\/avatar\/88cd9f065dcd1b722cd984aac4181386a800c0bca699eaf07e42dd8f820bddee?s=96&d=mm&r=g","caption":"expreso"},"url":"https:\/\/expresorgv.online\/home\/blog\/author\/expreso\/"}]}},"jetpack_featured_media_url":"https:\/\/i0.wp.com\/expresorgv.online\/home\/wp-content\/uploads\/2026\/09\/Claudia-Sheinbaum-1.png?fit=591%2C328&ssl=1","_links":{"self":[{"href":"https:\/\/expresorgv.online\/home\/wp-json\/wp\/v2\/posts\/38495","targetHints":{"allow":["GET"]}}],"collection":[{"href":"https:\/\/expresorgv.online\/home\/wp-json\/wp\/v2\/posts"}],"about":[{"href":"https:\/\/expresorgv.online\/home\/wp-json\/wp\/v2\/types\/post"}],"author":[{"embeddable":true,"href":"https:\/\/expresorgv.online\/home\/wp-json\/wp\/v2\/users\/2"}],"replies":[{"embeddable":true,"href":"https:\/\/expresorgv.online\/home\/wp-json\/wp\/v2\/comments?post=38495"}],"version-history":[{"count":1,"href":"https:\/\/expresorgv.online\/home\/wp-json\/wp\/v2\/posts\/38495\/revisions"}],"predecessor-version":[{"id":38499,"href":"https:\/\/expresorgv.online\/home\/wp-json\/wp\/v2\/posts\/38495\/revisions\/38499"}],"wp:featuredmedia":[{"embeddable":true,"href":"https:\/\/expresorgv.online\/home\/wp-json\/wp\/v2\/media\/38498"}],"wp:attachment":[{"href":"https:\/\/expresorgv.online\/home\/wp-json\/wp\/v2\/media?parent=38495"}],"wp:term":[{"taxonomy":"category","embeddable":true,"href":"https:\/\/expresorgv.online\/home\/wp-json\/wp\/v2\/categories?post=38495"},{"taxonomy":"post_tag","embeddable":true,"href":"https:\/\/expresorgv.online\/home\/wp-json\/wp\/v2\/tags?post=38495"}],"curies":[{"name":"wp","href":"https:\/\/api.w.org\/{rel}","templated":true}]}}