{"id":38492,"date":"2026-09-06T12:45:21","date_gmt":"2026-09-06T12:45:21","guid":{"rendered":"https:\/\/expresorgv.online\/home\/?p=38492"},"modified":"2026-09-06T12:45:22","modified_gmt":"2026-09-06T12:45:22","slug":"ejercito-oculta-los-datos-y-costos-del-viaje-de-sheinbaum-a-la-final-del-mundial-de-futbol","status":"publish","type":"post","link":"https:\/\/expresorgv.online\/home\/blog\/2026\/09\/06\/ejercito-oculta-los-datos-y-costos-del-viaje-de-sheinbaum-a-la-final-del-mundial-de-futbol\/","title":{"rendered":"Ej\u00e9rcito oculta los datos y costos del viaje de Sheinbaum a la final del Mundial de futbol"},"content":{"rendered":"\n<p class=\"wp-block-paragraph\">La Secretar\u00eda de la Defensa Nacional reserv\u00f3 por cinco a\u00f1os la informaci\u00f3n del viaje que realiz\u00f3 la presidenta Claudia Sheinbaum a Nueva York para asistir a la final del Mundial de Futbol el pasado 19 de julio.<\/p>\n\n\n\n<p class=\"wp-block-paragraph\">Latinus solicit\u00f3 v\u00eda transparencia datos de la aeronave utilizada para el traslado de la presidenta al partido de futbol, el itinerario del vuelo, la lista de pasajeros \u2014sin incluir tripulaci\u00f3n y personal militar\u2014 y los gastos inherentes al vuelo, tales como combustible y el pago de derechos por uso de instalaciones en el extranjero, entre otros.<\/p>\n\n\n\n<p class=\"wp-block-paragraph\">La Secretar\u00eda de la Defensa argument\u00f3 que la informaci\u00f3n relacionada con los vuelos de las aeronaves de la Fuerza A\u00e9rea Mexicana en apoyo a la Presidencia de la Rep\u00fablica se encuentra clasificada como informaci\u00f3n reservada.<\/p>\n\n\n\n<p class=\"wp-block-paragraph\">\u201cEn virtud de que su divulgaci\u00f3n permitir\u00eda que grupos delictivos obstaculicen o preparen planes tendientes a atentar contra la integridad de los pasajeros, tripulaciones de vuelo, aeronaves y operaciones a\u00e9reas militares, poniendo en riesgo la seguridad nacional\u201d, justific\u00f3 Defensa Nacional, aun cuando en la solicitud se expuso que transparentar los gastos, el modelo de avi\u00f3n y los nombres de la comitiva no revelaba operativos vigentes o estrategias de defensa y que se trataba de vuelos ya concluidos.<\/p>\n\n\n\n<p class=\"wp-block-paragraph\">Un d\u00eda antes de la final del Mundial, el 18 de julio, el gobierno de M\u00e9xico inform\u00f3 a trav\u00e9s de redes sociales que Sheinbaum se trasladar\u00eda en una aeronave del ej\u00e9rcito debido a las condiciones clim\u00e1ticas en Estados Unidos y la cancelaci\u00f3n de vuelos.<\/p>\n\n\n\n<p class=\"wp-block-paragraph\">Hasta el gobierno de Enrique Pe\u00f1a Nieto, los viajes del presidente de la Rep\u00fablica se realizaban en el avi\u00f3n presidencial, que contaba con medidas de seguridad para proteger al jefe de Estado y del que era posible conocer sus recorridos. Con el discurso de la austeridad, Andr\u00e9s Manuel L\u00f3pez Obrador cambi\u00f3 el blindaje por los vuelos comerciales.<\/p>\n\n\n\n<p class=\"wp-block-paragraph\"><strong>Tampoco transparentan el hotel<\/strong><\/p>\n\n\n\n<p class=\"wp-block-paragraph\">Latinus tambi\u00e9n pidi\u00f3 a la Oficina de la Presidencia informaci\u00f3n del hotel en el que se aloj\u00f3 Sheinbaum en Nueva York y el monto total erogado por hospedaje.<\/p>\n\n\n\n<p class=\"wp-block-paragraph\">Pero la dependencia evadi\u00f3 entregar la informaci\u00f3n de manera directa y se limit\u00f3 a responder que los datos estaban en la plataforma de transparencia, en la cual s\u00f3lo se desglosa el gasto por hotel de la mandataria por 9 mil 409 pesos y las erogaciones de otros tres funcionarios de Presidencia, dos de ellos para la realizaci\u00f3n de foto y video, por el mismo monto, lo cual suma unos 37 mil pesos.<\/p>\n\n\n\n<p class=\"wp-block-paragraph\">El nombre del hotel donde se hosped\u00f3 Sheinbaum no fue revelado por la Oficina de la Presidencia.<\/p>\n","protected":false},"excerpt":{"rendered":"<p>La Secretar\u00eda de la Defensa Nacional reserv\u00f3 por cinco a\u00f1os la informaci\u00f3n del viaje que realiz\u00f3 la presidenta Claudia Sheinbaum a Nueva York para asistir a la final del Mundial de Futbol el pasado 19 de julio. Latinus solicit\u00f3 v\u00eda transparencia datos de la aeronave utilizada para el traslado de la presidenta al partido de [&hellip;]<\/p>\n","protected":false},"author":2,"featured_media":38493,"comment_status":"open","ping_status":"open","sticky":false,"template":"","format":"standard","meta":{"footnotes":""},"categories":[6],"tags":[],"class_list":["post-38492","post","type-post","status-publish","format-standard","has-post-thumbnail","hentry","category-nacional"],"yoast_head":"<!-- This site is optimized with the Yoast SEO plugin v27.2 - https:\/\/yoast.com\/product\/yoast-seo-wordpress\/ -->\n<title>Ej\u00e9rcito oculta los datos y costos del viaje de Sheinbaum a la final del Mundial de futbol -<\/title>\n<meta name=\"robots\" content=\"index, follow, max-snippet:-1, max-image-preview:large, max-video-preview:-1\" \/>\n<link rel=\"canonical\" href=\"https:\/\/expresorgv.online\/home\/blog\/2026\/09\/06\/ejercito-oculta-los-datos-y-costos-del-viaje-de-sheinbaum-a-la-final-del-mundial-de-futbol\/\" \/>\n<meta property=\"og:locale\" content=\"es_ES\" \/>\n<meta property=\"og:type\" content=\"article\" \/>\n<meta property=\"og:title\" content=\"Ej\u00e9rcito oculta los datos y costos del viaje de Sheinbaum a la final del Mundial de futbol\" \/>\n<meta property=\"og:description\" content=\"La Secretar\u00eda de la Defensa Nacional reserv\u00f3 por cinco a\u00f1os la informaci\u00f3n del viaje que realiz\u00f3 la presidenta Claudia Sheinbaum a Nueva York para asistir a la final del Mundial de Futbol el pasado 19 de julio. Latinus solicit\u00f3 v\u00eda transparencia datos de la aeronave utilizada para el traslado de la presidenta al partido de [&hellip;]\" \/>\n<meta property=\"og:url\" content=\"https:\/\/expresorgv.online\/home\/blog\/2026\/09\/06\/ejercito-oculta-los-datos-y-costos-del-viaje-de-sheinbaum-a-la-final-del-mundial-de-futbol\/\" \/>\n<meta property=\"article:published_time\" content=\"2026-09-06T12:45:21+00:00\" \/>\n<meta property=\"article:modified_time\" content=\"2026-09-06T12:45:22+00:00\" \/>\n<meta property=\"og:image\" content=\"https:\/\/expresorgv.online\/home\/wp-content\/uploads\/2026\/09\/Claudia-Sheinbaum-Mundial.png\" \/>\n\t<meta property=\"og:image:width\" content=\"591\" \/>\n\t<meta property=\"og:image:height\" content=\"328\" \/>\n\t<meta property=\"og:image:type\" content=\"image\/png\" \/>\n<meta name=\"author\" content=\"expreso\" \/>\n<meta name=\"twitter:card\" content=\"summary_large_image\" \/>\n<meta name=\"twitter:label1\" content=\"Escrito por\" \/>\n\t<meta name=\"twitter:data1\" content=\"expreso\" \/>\n\t<meta name=\"twitter:label2\" content=\"Tiempo de lectura\" \/>\n\t<meta name=\"twitter:data2\" content=\"3 minutos\" \/>\n<script type=\"application\/ld+json\" class=\"yoast-schema-graph\">{\"@context\":\"https:\/\/schema.org\",\"@graph\":[{\"@type\":\"Article\",\"@id\":\"https:\/\/expresorgv.online\/home\/blog\/2026\/09\/06\/ejercito-oculta-los-datos-y-costos-del-viaje-de-sheinbaum-a-la-final-del-mundial-de-futbol\/#article\",\"isPartOf\":{\"@id\":\"https:\/\/expresorgv.online\/home\/blog\/2026\/09\/06\/ejercito-oculta-los-datos-y-costos-del-viaje-de-sheinbaum-a-la-final-del-mundial-de-futbol\/\"},\"author\":{\"name\":\"expreso\",\"@id\":\"https:\/\/expresorgv.online\/home\/#\/schema\/person\/ae1ed1a575540204b5f59dca7f91f6a2\"},\"headline\":\"Ej\u00e9rcito oculta los datos y costos del viaje de Sheinbaum a la final del Mundial de futbol\",\"datePublished\":\"2026-09-06T12:45:21+00:00\",\"dateModified\":\"2026-09-06T12:45:22+00:00\",\"mainEntityOfPage\":{\"@id\":\"https:\/\/expresorgv.online\/home\/blog\/2026\/09\/06\/ejercito-oculta-los-datos-y-costos-del-viaje-de-sheinbaum-a-la-final-del-mundial-de-futbol\/\"},\"wordCount\":471,\"commentCount\":0,\"image\":{\"@id\":\"https:\/\/expresorgv.online\/home\/blog\/2026\/09\/06\/ejercito-oculta-los-datos-y-costos-del-viaje-de-sheinbaum-a-la-final-del-mundial-de-futbol\/#primaryimage\"},\"thumbnailUrl\":\"https:\/\/i0.wp.com\/expresorgv.online\/home\/wp-content\/uploads\/2026\/09\/Claudia-Sheinbaum-Mundial.png?fit=591%2C328&ssl=1\",\"articleSection\":[\"NACIONAL\"],\"inLanguage\":\"es\",\"potentialAction\":[{\"@type\":\"CommentAction\",\"name\":\"Comment\",\"target\":[\"https:\/\/expresorgv.online\/home\/blog\/2026\/09\/06\/ejercito-oculta-los-datos-y-costos-del-viaje-de-sheinbaum-a-la-final-del-mundial-de-futbol\/#respond\"]}]},{\"@type\":\"WebPage\",\"@id\":\"https:\/\/expresorgv.online\/home\/blog\/2026\/09\/06\/ejercito-oculta-los-datos-y-costos-del-viaje-de-sheinbaum-a-la-final-del-mundial-de-futbol\/\",\"url\":\"https:\/\/expresorgv.online\/home\/blog\/2026\/09\/06\/ejercito-oculta-los-datos-y-costos-del-viaje-de-sheinbaum-a-la-final-del-mundial-de-futbol\/\",\"name\":\"Ej\u00e9rcito oculta los datos y costos del viaje de Sheinbaum a la final del Mundial de futbol -\",\"isPartOf\":{\"@id\":\"https:\/\/expresorgv.online\/home\/#website\"},\"primaryImageOfPage\":{\"@id\":\"https:\/\/expresorgv.online\/home\/blog\/2026\/09\/06\/ejercito-oculta-los-datos-y-costos-del-viaje-de-sheinbaum-a-la-final-del-mundial-de-futbol\/#primaryimage\"},\"image\":{\"@id\":\"https:\/\/expresorgv.online\/home\/blog\/2026\/09\/06\/ejercito-oculta-los-datos-y-costos-del-viaje-de-sheinbaum-a-la-final-del-mundial-de-futbol\/#primaryimage\"},\"thumbnailUrl\":\"https:\/\/i0.wp.com\/expresorgv.online\/home\/wp-content\/uploads\/2026\/09\/Claudia-Sheinbaum-Mundial.png?fit=591%2C328&ssl=1\",\"datePublished\":\"2026-09-06T12:45:21+00:00\",\"dateModified\":\"2026-09-06T12:45:22+00:00\",\"author\":{\"@id\":\"https:\/\/expresorgv.online\/home\/#\/schema\/person\/ae1ed1a575540204b5f59dca7f91f6a2\"},\"breadcrumb\":{\"@id\":\"https:\/\/expresorgv.online\/home\/blog\/2026\/09\/06\/ejercito-oculta-los-datos-y-costos-del-viaje-de-sheinbaum-a-la-final-del-mundial-de-futbol\/#breadcrumb\"},\"inLanguage\":\"es\",\"potentialAction\":[{\"@type\":\"ReadAction\",\"target\":[\"https:\/\/expresorgv.online\/home\/blog\/2026\/09\/06\/ejercito-oculta-los-datos-y-costos-del-viaje-de-sheinbaum-a-la-final-del-mundial-de-futbol\/\"]}]},{\"@type\":\"ImageObject\",\"inLanguage\":\"es\",\"@id\":\"https:\/\/expresorgv.online\/home\/blog\/2026\/09\/06\/ejercito-oculta-los-datos-y-costos-del-viaje-de-sheinbaum-a-la-final-del-mundial-de-futbol\/#primaryimage\",\"url\":\"https:\/\/i0.wp.com\/expresorgv.online\/home\/wp-content\/uploads\/2026\/09\/Claudia-Sheinbaum-Mundial.png?fit=591%2C328&ssl=1\",\"contentUrl\":\"https:\/\/i0.wp.com\/expresorgv.online\/home\/wp-content\/uploads\/2026\/09\/Claudia-Sheinbaum-Mundial.png?fit=591%2C328&ssl=1\",\"width\":591,\"height\":328},{\"@type\":\"BreadcrumbList\",\"@id\":\"https:\/\/expresorgv.online\/home\/blog\/2026\/09\/06\/ejercito-oculta-los-datos-y-costos-del-viaje-de-sheinbaum-a-la-final-del-mundial-de-futbol\/#breadcrumb\",\"itemListElement\":[{\"@type\":\"ListItem\",\"position\":1,\"name\":\"Home\",\"item\":\"https:\/\/expresorgv.online\/home\/\"},{\"@type\":\"ListItem\",\"position\":2,\"name\":\"Ej\u00e9rcito oculta los datos y costos del viaje de Sheinbaum a la final del Mundial de futbol\"}]},{\"@type\":\"WebSite\",\"@id\":\"https:\/\/expresorgv.online\/home\/#website\",\"url\":\"https:\/\/expresorgv.online\/home\/\",\"name\":\"\",\"description\":\"\",\"potentialAction\":[{\"@type\":\"SearchAction\",\"target\":{\"@type\":\"EntryPoint\",\"urlTemplate\":\"https:\/\/expresorgv.online\/home\/?s={search_term_string}\"},\"query-input\":{\"@type\":\"PropertyValueSpecification\",\"valueRequired\":true,\"valueName\":\"search_term_string\"}}],\"inLanguage\":\"es\"},{\"@type\":\"Person\",\"@id\":\"https:\/\/expresorgv.online\/home\/#\/schema\/person\/ae1ed1a575540204b5f59dca7f91f6a2\",\"name\":\"expreso\",\"image\":{\"@type\":\"ImageObject\",\"inLanguage\":\"es\",\"@id\":\"https:\/\/secure.gravatar.com\/avatar\/88cd9f065dcd1b722cd984aac4181386a800c0bca699eaf07e42dd8f820bddee?s=96&d=mm&r=g\",\"url\":\"https:\/\/secure.gravatar.com\/avatar\/88cd9f065dcd1b722cd984aac4181386a800c0bca699eaf07e42dd8f820bddee?s=96&d=mm&r=g\",\"contentUrl\":\"https:\/\/secure.gravatar.com\/avatar\/88cd9f065dcd1b722cd984aac4181386a800c0bca699eaf07e42dd8f820bddee?s=96&d=mm&r=g\",\"caption\":\"expreso\"},\"url\":\"https:\/\/expresorgv.online\/home\/blog\/author\/expreso\/\"}]}<\/script>\n<!-- \/ Yoast SEO plugin. -->","yoast_head_json":{"title":"Ej\u00e9rcito oculta los datos y costos del viaje de Sheinbaum a la final del Mundial de futbol -","robots":{"index":"index","follow":"follow","max-snippet":"max-snippet:-1","max-image-preview":"max-image-preview:large","max-video-preview":"max-video-preview:-1"},"canonical":"https:\/\/expresorgv.online\/home\/blog\/2026\/09\/06\/ejercito-oculta-los-datos-y-costos-del-viaje-de-sheinbaum-a-la-final-del-mundial-de-futbol\/","og_locale":"es_ES","og_type":"article","og_title":"Ej\u00e9rcito oculta los datos y costos del viaje de Sheinbaum a la final del Mundial de futbol","og_description":"La Secretar\u00eda de la Defensa Nacional reserv\u00f3 por cinco a\u00f1os la informaci\u00f3n del viaje que realiz\u00f3 la presidenta Claudia Sheinbaum a Nueva York para asistir a la final del Mundial de Futbol el pasado 19 de julio. Latinus solicit\u00f3 v\u00eda transparencia datos de la aeronave utilizada para el traslado de la presidenta al partido de [&hellip;]","og_url":"https:\/\/expresorgv.online\/home\/blog\/2026\/09\/06\/ejercito-oculta-los-datos-y-costos-del-viaje-de-sheinbaum-a-la-final-del-mundial-de-futbol\/","article_published_time":"2026-09-06T12:45:21+00:00","article_modified_time":"2026-09-06T12:45:22+00:00","og_image":[{"width":591,"height":328,"url":"https:\/\/expresorgv.online\/home\/wp-content\/uploads\/2026\/09\/Claudia-Sheinbaum-Mundial.png","type":"image\/png"}],"author":"expreso","twitter_card":"summary_large_image","twitter_misc":{"Escrito por":"expreso","Tiempo de lectura":"3 minutos"},"schema":{"@context":"https:\/\/schema.org","@graph":[{"@type":"Article","@id":"https:\/\/expresorgv.online\/home\/blog\/2026\/09\/06\/ejercito-oculta-los-datos-y-costos-del-viaje-de-sheinbaum-a-la-final-del-mundial-de-futbol\/#article","isPartOf":{"@id":"https:\/\/expresorgv.online\/home\/blog\/2026\/09\/06\/ejercito-oculta-los-datos-y-costos-del-viaje-de-sheinbaum-a-la-final-del-mundial-de-futbol\/"},"author":{"name":"expreso","@id":"https:\/\/expresorgv.online\/home\/#\/schema\/person\/ae1ed1a575540204b5f59dca7f91f6a2"},"headline":"Ej\u00e9rcito oculta los datos y costos del viaje de Sheinbaum a la final del Mundial de futbol","datePublished":"2026-09-06T12:45:21+00:00","dateModified":"2026-09-06T12:45:22+00:00","mainEntityOfPage":{"@id":"https:\/\/expresorgv.online\/home\/blog\/2026\/09\/06\/ejercito-oculta-los-datos-y-costos-del-viaje-de-sheinbaum-a-la-final-del-mundial-de-futbol\/"},"wordCount":471,"commentCount":0,"image":{"@id":"https:\/\/expresorgv.online\/home\/blog\/2026\/09\/06\/ejercito-oculta-los-datos-y-costos-del-viaje-de-sheinbaum-a-la-final-del-mundial-de-futbol\/#primaryimage"},"thumbnailUrl":"https:\/\/i0.wp.com\/expresorgv.online\/home\/wp-content\/uploads\/2026\/09\/Claudia-Sheinbaum-Mundial.png?fit=591%2C328&ssl=1","articleSection":["NACIONAL"],"inLanguage":"es","potentialAction":[{"@type":"CommentAction","name":"Comment","target":["https:\/\/expresorgv.online\/home\/blog\/2026\/09\/06\/ejercito-oculta-los-datos-y-costos-del-viaje-de-sheinbaum-a-la-final-del-mundial-de-futbol\/#respond"]}]},{"@type":"WebPage","@id":"https:\/\/expresorgv.online\/home\/blog\/2026\/09\/06\/ejercito-oculta-los-datos-y-costos-del-viaje-de-sheinbaum-a-la-final-del-mundial-de-futbol\/","url":"https:\/\/expresorgv.online\/home\/blog\/2026\/09\/06\/ejercito-oculta-los-datos-y-costos-del-viaje-de-sheinbaum-a-la-final-del-mundial-de-futbol\/","name":"Ej\u00e9rcito oculta los datos y costos del viaje de Sheinbaum a la final del Mundial de futbol -","isPartOf":{"@id":"https:\/\/expresorgv.online\/home\/#website"},"primaryImageOfPage":{"@id":"https:\/\/expresorgv.online\/home\/blog\/2026\/09\/06\/ejercito-oculta-los-datos-y-costos-del-viaje-de-sheinbaum-a-la-final-del-mundial-de-futbol\/#primaryimage"},"image":{"@id":"https:\/\/expresorgv.online\/home\/blog\/2026\/09\/06\/ejercito-oculta-los-datos-y-costos-del-viaje-de-sheinbaum-a-la-final-del-mundial-de-futbol\/#primaryimage"},"thumbnailUrl":"https:\/\/i0.wp.com\/expresorgv.online\/home\/wp-content\/uploads\/2026\/09\/Claudia-Sheinbaum-Mundial.png?fit=591%2C328&ssl=1","datePublished":"2026-09-06T12:45:21+00:00","dateModified":"2026-09-06T12:45:22+00:00","author":{"@id":"https:\/\/expresorgv.online\/home\/#\/schema\/person\/ae1ed1a575540204b5f59dca7f91f6a2"},"breadcrumb":{"@id":"https:\/\/expresorgv.online\/home\/blog\/2026\/09\/06\/ejercito-oculta-los-datos-y-costos-del-viaje-de-sheinbaum-a-la-final-del-mundial-de-futbol\/#breadcrumb"},"inLanguage":"es","potentialAction":[{"@type":"ReadAction","target":["https:\/\/expresorgv.online\/home\/blog\/2026\/09\/06\/ejercito-oculta-los-datos-y-costos-del-viaje-de-sheinbaum-a-la-final-del-mundial-de-futbol\/"]}]},{"@type":"ImageObject","inLanguage":"es","@id":"https:\/\/expresorgv.online\/home\/blog\/2026\/09\/06\/ejercito-oculta-los-datos-y-costos-del-viaje-de-sheinbaum-a-la-final-del-mundial-de-futbol\/#primaryimage","url":"https:\/\/i0.wp.com\/expresorgv.online\/home\/wp-content\/uploads\/2026\/09\/Claudia-Sheinbaum-Mundial.png?fit=591%2C328&ssl=1","contentUrl":"https:\/\/i0.wp.com\/expresorgv.online\/home\/wp-content\/uploads\/2026\/09\/Claudia-Sheinbaum-Mundial.png?fit=591%2C328&ssl=1","width":591,"height":328},{"@type":"BreadcrumbList","@id":"https:\/\/expresorgv.online\/home\/blog\/2026\/09\/06\/ejercito-oculta-los-datos-y-costos-del-viaje-de-sheinbaum-a-la-final-del-mundial-de-futbol\/#breadcrumb","itemListElement":[{"@type":"ListItem","position":1,"name":"Home","item":"https:\/\/expresorgv.online\/home\/"},{"@type":"ListItem","position":2,"name":"Ej\u00e9rcito oculta los datos y costos del viaje de Sheinbaum a la final del Mundial de futbol"}]},{"@type":"WebSite","@id":"https:\/\/expresorgv.online\/home\/#website","url":"https:\/\/expresorgv.online\/home\/","name":"","description":"","potentialAction":[{"@type":"SearchAction","target":{"@type":"EntryPoint","urlTemplate":"https:\/\/expresorgv.online\/home\/?s={search_term_string}"},"query-input":{"@type":"PropertyValueSpecification","valueRequired":true,"valueName":"search_term_string"}}],"inLanguage":"es"},{"@type":"Person","@id":"https:\/\/expresorgv.online\/home\/#\/schema\/person\/ae1ed1a575540204b5f59dca7f91f6a2","name":"expreso","image":{"@type":"ImageObject","inLanguage":"es","@id":"https:\/\/secure.gravatar.com\/avatar\/88cd9f065dcd1b722cd984aac4181386a800c0bca699eaf07e42dd8f820bddee?s=96&d=mm&r=g","url":"https:\/\/secure.gravatar.com\/avatar\/88cd9f065dcd1b722cd984aac4181386a800c0bca699eaf07e42dd8f820bddee?s=96&d=mm&r=g","contentUrl":"https:\/\/secure.gravatar.com\/avatar\/88cd9f065dcd1b722cd984aac4181386a800c0bca699eaf07e42dd8f820bddee?s=96&d=mm&r=g","caption":"expreso"},"url":"https:\/\/expresorgv.online\/home\/blog\/author\/expreso\/"}]}},"jetpack_featured_media_url":"https:\/\/i0.wp.com\/expresorgv.online\/home\/wp-content\/uploads\/2026\/09\/Claudia-Sheinbaum-Mundial.png?fit=591%2C328&ssl=1","_links":{"self":[{"href":"https:\/\/expresorgv.online\/home\/wp-json\/wp\/v2\/posts\/38492","targetHints":{"allow":["GET"]}}],"collection":[{"href":"https:\/\/expresorgv.online\/home\/wp-json\/wp\/v2\/posts"}],"about":[{"href":"https:\/\/expresorgv.online\/home\/wp-json\/wp\/v2\/types\/post"}],"author":[{"embeddable":true,"href":"https:\/\/expresorgv.online\/home\/wp-json\/wp\/v2\/users\/2"}],"replies":[{"embeddable":true,"href":"https:\/\/expresorgv.online\/home\/wp-json\/wp\/v2\/comments?post=38492"}],"version-history":[{"count":1,"href":"https:\/\/expresorgv.online\/home\/wp-json\/wp\/v2\/posts\/38492\/revisions"}],"predecessor-version":[{"id":38494,"href":"https:\/\/expresorgv.online\/home\/wp-json\/wp\/v2\/posts\/38492\/revisions\/38494"}],"wp:featuredmedia":[{"embeddable":true,"href":"https:\/\/expresorgv.online\/home\/wp-json\/wp\/v2\/media\/38493"}],"wp:attachment":[{"href":"https:\/\/expresorgv.online\/home\/wp-json\/wp\/v2\/media?parent=38492"}],"wp:term":[{"taxonomy":"category","embeddable":true,"href":"https:\/\/expresorgv.online\/home\/wp-json\/wp\/v2\/categories?post=38492"},{"taxonomy":"post_tag","embeddable":true,"href":"https:\/\/expresorgv.online\/home\/wp-json\/wp\/v2\/tags?post=38492"}],"curies":[{"name":"wp","href":"https:\/\/api.w.org\/{rel}","templated":true}]}}