{"id":38489,"date":"2026-09-06T12:39:55","date_gmt":"2026-09-06T12:39:55","guid":{"rendered":"https:\/\/expresorgv.online\/home\/?p=38489"},"modified":"2026-09-06T12:39:56","modified_gmt":"2026-09-06T12:39:56","slug":"nosotros-nunca-hemos-sido-de-la-oposicion-responden-manifestantes-a-sheinbaum-que-los-acuso-de-infiltrados-en-colima","status":"publish","type":"post","link":"https:\/\/expresorgv.online\/home\/blog\/2026\/09\/06\/nosotros-nunca-hemos-sido-de-la-oposicion-responden-manifestantes-a-sheinbaum-que-los-acuso-de-infiltrados-en-colima\/","title":{"rendered":"\u00abNosotros nunca hemos sido de la oposici\u00f3n\u00bb, responden manifestantes a Sheinbaum que los acus\u00f3 de infiltrados en Colima"},"content":{"rendered":"\n<p class=\"wp-block-paragraph\">Las personas que se manifestaron este s\u00e1bado 5 de septiembre en Colima durante el segundo informe de gobierno de la presidenta Claudia Sheinbaum rechazaron ser \u00abprianistas\u00bb o ser \u201cinfiltrados\u201d, como acus\u00f3 la mandataria para descalificar su protesta, y se identificaron como activistas medioambientales, comunidades pesqueras y salineros artesanales.<\/p>\n\n\n\n<p class=\"wp-block-paragraph\">\u201cNo, para nada. Al contrario, nosotros nunca hemos sido &#8216;prianistas&#8217;. En alg\u00fan momento, los activistas y luchadores sociales apoyaron la transformaci\u00f3n. Eso fue en un momento inicial. Luego nos empezamos a dar cuenta de que traicionaban su propia ideolog\u00eda\u201d, dijo Yerania Valencia, una de las manifestantes.<\/p>\n\n\n\n<p class=\"wp-block-paragraph\">La tambi\u00e9n integrante del colectivo ambiental Salvemos a la Laguna de Cuyutl\u00e1n, en entrevista con Latinus aclar\u00f3 que la movilizaci\u00f3n no responde a intereses partidistas, sino de miembros de cooperativas de salineros artesanales y pescadores tradicionales de la regi\u00f3n, respaldados por organizaciones de defensa ambiental como \u201cTierra Colima\u201d y \u201cMaram\u201d, que rechazan la ampliaci\u00f3n del puerto de Manzanillo sobre una zona de manglares.<\/p>\n\n\n\n<p class=\"wp-block-paragraph\">\u00abAl meter un puerto, contaminar\u00edan esta sal, porque al entrar buques con petr\u00f3leo, agentes qu\u00edmicos y otros contaminantes, obviamente perder\u00eda su calidad. Eso es lo que estamos defendiendo, un patrimonio cultural e hist\u00f3rico\u00bb, explic\u00f3 la activista.<\/p>\n\n\n\n<p class=\"wp-block-paragraph\">Valencia se\u00f1al\u00f3 que decidieron manifestarse en el acto p\u00fablico porque las autoridades federales han ignorado sus cartas y peticiones previas.<\/p>\n\n\n\n<p class=\"wp-block-paragraph\">\u201cDesde hace aproximadamente un a\u00f1o mantenemos algunas manifestaciones en el estado de Colima, como marchas hacia la Semarnat y tambi\u00e9n consultas populares, porque se quiere expandir el puerto de Manzanillo, pero lo quieren expandir donde hay una laguna y esta laguna tiene uno de los manglares m\u00e1s importantes a nivel de toda la Rep\u00fablica mexicana e incluso mundialmente\u201d, dijo.<\/p>\n\n\n\n<p class=\"wp-block-paragraph\">Durante el mitin, Claudia Sheinbaum paus\u00f3 su discurso para someter a votaci\u00f3n a mano alzada si los manifestantes deb\u00edan guardar silencio. Al continuar los reclamos, los tach\u00f3 de \u00abirrespetuosos\u00bb.<\/p>\n\n\n\n<p class=\"wp-block-paragraph\">\u00abSon muy irrespetuosos, as\u00ed es el &#8216;PRIAN&#8217;, seguro pertenecen al &#8216;PRIAN&#8217;, aqu\u00ed de infiltrados, porque si fuera una demanda leg\u00edtima estar\u00edan de acuerdo en reunirnos (\u2026) Yo creo que les duele cuando se recuerda el pasado, por eso gritan as\u00ed de fuerte, \u00bfverdad?\u00bb, dijo la mandataria.<\/p>\n\n\n\n<p class=\"wp-block-paragraph\">\u201cElla lo que hizo fue desestimar nuestra protesta, justificar o pretextar que \u00e9ramos del &#8216;PRIAN&#8217;, que porque no tenemos respeto, respeto es el que no nos tiene ella al dejarnos manifestar porque ellos, la 4T, vienen de la protesta\u201d, respondi\u00f3 Yenaria Valencia.<\/p>\n\n\n\n<p class=\"wp-block-paragraph\">Durante el evento, denunci\u00f3 que personal de seguridad del evento presidencial intent\u00f3 arrebatarle el meg\u00e1fono por la fuerza entre empujones con asistentes.<\/p>\n\n\n\n<p class=\"wp-block-paragraph\">\u201cS\u00ed, lleg\u00f3 de una manera muy agresiva a arrebatarme y quererme robar mi meg\u00e1fono, lo cual es inaudito delante de tanta gente\u201d, dijo.<\/p>\n\n\n\n<p class=\"wp-block-paragraph\">La defensora ambiental tambi\u00e9n acus\u00f3 al gobierno estatal y federal de \u201cintimidaci\u00f3n\u201d y reconoci\u00f3 temer por su seguridad.<\/p>\n\n\n\n<p class=\"wp-block-paragraph\">Pese a los descalificativos presidenciales, los colectivos ciudadanos, pescadores y salineros advirtieron que mantendr\u00e1n las protestas en contra de las obras en la laguna de Cuyutl\u00e1n, Colima.<\/p>\n","protected":false},"excerpt":{"rendered":"<p>Las personas que se manifestaron este s\u00e1bado 5 de septiembre en Colima durante el segundo informe de gobierno de la presidenta Claudia Sheinbaum rechazaron ser \u00abprianistas\u00bb o ser \u201cinfiltrados\u201d, como acus\u00f3 la mandataria para descalificar su protesta, y se identificaron como activistas medioambientales, comunidades pesqueras y salineros artesanales. \u201cNo, para nada. Al contrario, nosotros nunca [&hellip;]<\/p>\n","protected":false},"author":2,"featured_media":38490,"comment_status":"open","ping_status":"open","sticky":false,"template":"","format":"standard","meta":{"footnotes":""},"categories":[6],"tags":[],"class_list":["post-38489","post","type-post","status-publish","format-standard","has-post-thumbnail","hentry","category-nacional"],"yoast_head":"<!-- This site is optimized with the Yoast SEO plugin v27.2 - https:\/\/yoast.com\/product\/yoast-seo-wordpress\/ -->\n<title>&quot;Nosotros nunca hemos sido de la oposici\u00f3n&quot;, responden manifestantes a Sheinbaum que los acus\u00f3 de infiltrados en Colima -<\/title>\n<meta name=\"robots\" content=\"index, follow, max-snippet:-1, max-image-preview:large, max-video-preview:-1\" \/>\n<link rel=\"canonical\" href=\"https:\/\/expresorgv.online\/home\/blog\/2026\/09\/06\/nosotros-nunca-hemos-sido-de-la-oposicion-responden-manifestantes-a-sheinbaum-que-los-acuso-de-infiltrados-en-colima\/\" \/>\n<meta property=\"og:locale\" content=\"es_ES\" \/>\n<meta property=\"og:type\" content=\"article\" \/>\n<meta property=\"og:title\" content=\"&quot;Nosotros nunca hemos sido de la oposici\u00f3n&quot;, responden manifestantes a Sheinbaum que los acus\u00f3 de infiltrados en Colima\" \/>\n<meta property=\"og:description\" content=\"Las personas que se manifestaron este s\u00e1bado 5 de septiembre en Colima durante el segundo informe de gobierno de la presidenta Claudia Sheinbaum rechazaron ser \u00abprianistas\u00bb o ser \u201cinfiltrados\u201d, como acus\u00f3 la mandataria para descalificar su protesta, y se identificaron como activistas medioambientales, comunidades pesqueras y salineros artesanales. \u201cNo, para nada. Al contrario, nosotros nunca [&hellip;]\" \/>\n<meta property=\"og:url\" content=\"https:\/\/expresorgv.online\/home\/blog\/2026\/09\/06\/nosotros-nunca-hemos-sido-de-la-oposicion-responden-manifestantes-a-sheinbaum-que-los-acuso-de-infiltrados-en-colima\/\" \/>\n<meta property=\"article:published_time\" content=\"2026-09-06T12:39:55+00:00\" \/>\n<meta property=\"article:modified_time\" content=\"2026-09-06T12:39:56+00:00\" \/>\n<meta property=\"og:image\" content=\"https:\/\/expresorgv.online\/home\/wp-content\/uploads\/2026\/09\/Manifestantes.png\" \/>\n\t<meta property=\"og:image:width\" content=\"591\" \/>\n\t<meta property=\"og:image:height\" content=\"328\" \/>\n\t<meta property=\"og:image:type\" content=\"image\/png\" \/>\n<meta name=\"author\" content=\"expreso\" \/>\n<meta name=\"twitter:card\" content=\"summary_large_image\" \/>\n<meta name=\"twitter:label1\" content=\"Escrito por\" \/>\n\t<meta name=\"twitter:data1\" content=\"expreso\" \/>\n\t<meta name=\"twitter:label2\" content=\"Tiempo de lectura\" \/>\n\t<meta name=\"twitter:data2\" content=\"3 minutos\" \/>\n<script type=\"application\/ld+json\" class=\"yoast-schema-graph\">{\"@context\":\"https:\/\/schema.org\",\"@graph\":[{\"@type\":\"Article\",\"@id\":\"https:\/\/expresorgv.online\/home\/blog\/2026\/09\/06\/nosotros-nunca-hemos-sido-de-la-oposicion-responden-manifestantes-a-sheinbaum-que-los-acuso-de-infiltrados-en-colima\/#article\",\"isPartOf\":{\"@id\":\"https:\/\/expresorgv.online\/home\/blog\/2026\/09\/06\/nosotros-nunca-hemos-sido-de-la-oposicion-responden-manifestantes-a-sheinbaum-que-los-acuso-de-infiltrados-en-colima\/\"},\"author\":{\"name\":\"expreso\",\"@id\":\"https:\/\/expresorgv.online\/home\/#\/schema\/person\/ae1ed1a575540204b5f59dca7f91f6a2\"},\"headline\":\"\u00abNosotros nunca hemos sido de la oposici\u00f3n\u00bb, responden manifestantes a Sheinbaum que los acus\u00f3 de infiltrados en Colima\",\"datePublished\":\"2026-09-06T12:39:55+00:00\",\"dateModified\":\"2026-09-06T12:39:56+00:00\",\"mainEntityOfPage\":{\"@id\":\"https:\/\/expresorgv.online\/home\/blog\/2026\/09\/06\/nosotros-nunca-hemos-sido-de-la-oposicion-responden-manifestantes-a-sheinbaum-que-los-acuso-de-infiltrados-en-colima\/\"},\"wordCount\":526,\"commentCount\":0,\"image\":{\"@id\":\"https:\/\/expresorgv.online\/home\/blog\/2026\/09\/06\/nosotros-nunca-hemos-sido-de-la-oposicion-responden-manifestantes-a-sheinbaum-que-los-acuso-de-infiltrados-en-colima\/#primaryimage\"},\"thumbnailUrl\":\"https:\/\/i0.wp.com\/expresorgv.online\/home\/wp-content\/uploads\/2026\/09\/Manifestantes.png?fit=591%2C328&ssl=1\",\"articleSection\":[\"NACIONAL\"],\"inLanguage\":\"es\",\"potentialAction\":[{\"@type\":\"CommentAction\",\"name\":\"Comment\",\"target\":[\"https:\/\/expresorgv.online\/home\/blog\/2026\/09\/06\/nosotros-nunca-hemos-sido-de-la-oposicion-responden-manifestantes-a-sheinbaum-que-los-acuso-de-infiltrados-en-colima\/#respond\"]}]},{\"@type\":\"WebPage\",\"@id\":\"https:\/\/expresorgv.online\/home\/blog\/2026\/09\/06\/nosotros-nunca-hemos-sido-de-la-oposicion-responden-manifestantes-a-sheinbaum-que-los-acuso-de-infiltrados-en-colima\/\",\"url\":\"https:\/\/expresorgv.online\/home\/blog\/2026\/09\/06\/nosotros-nunca-hemos-sido-de-la-oposicion-responden-manifestantes-a-sheinbaum-que-los-acuso-de-infiltrados-en-colima\/\",\"name\":\"\\\"Nosotros nunca hemos sido de la oposici\u00f3n\\\", responden manifestantes a Sheinbaum que los acus\u00f3 de infiltrados en Colima -\",\"isPartOf\":{\"@id\":\"https:\/\/expresorgv.online\/home\/#website\"},\"primaryImageOfPage\":{\"@id\":\"https:\/\/expresorgv.online\/home\/blog\/2026\/09\/06\/nosotros-nunca-hemos-sido-de-la-oposicion-responden-manifestantes-a-sheinbaum-que-los-acuso-de-infiltrados-en-colima\/#primaryimage\"},\"image\":{\"@id\":\"https:\/\/expresorgv.online\/home\/blog\/2026\/09\/06\/nosotros-nunca-hemos-sido-de-la-oposicion-responden-manifestantes-a-sheinbaum-que-los-acuso-de-infiltrados-en-colima\/#primaryimage\"},\"thumbnailUrl\":\"https:\/\/i0.wp.com\/expresorgv.online\/home\/wp-content\/uploads\/2026\/09\/Manifestantes.png?fit=591%2C328&ssl=1\",\"datePublished\":\"2026-09-06T12:39:55+00:00\",\"dateModified\":\"2026-09-06T12:39:56+00:00\",\"author\":{\"@id\":\"https:\/\/expresorgv.online\/home\/#\/schema\/person\/ae1ed1a575540204b5f59dca7f91f6a2\"},\"breadcrumb\":{\"@id\":\"https:\/\/expresorgv.online\/home\/blog\/2026\/09\/06\/nosotros-nunca-hemos-sido-de-la-oposicion-responden-manifestantes-a-sheinbaum-que-los-acuso-de-infiltrados-en-colima\/#breadcrumb\"},\"inLanguage\":\"es\",\"potentialAction\":[{\"@type\":\"ReadAction\",\"target\":[\"https:\/\/expresorgv.online\/home\/blog\/2026\/09\/06\/nosotros-nunca-hemos-sido-de-la-oposicion-responden-manifestantes-a-sheinbaum-que-los-acuso-de-infiltrados-en-colima\/\"]}]},{\"@type\":\"ImageObject\",\"inLanguage\":\"es\",\"@id\":\"https:\/\/expresorgv.online\/home\/blog\/2026\/09\/06\/nosotros-nunca-hemos-sido-de-la-oposicion-responden-manifestantes-a-sheinbaum-que-los-acuso-de-infiltrados-en-colima\/#primaryimage\",\"url\":\"https:\/\/i0.wp.com\/expresorgv.online\/home\/wp-content\/uploads\/2026\/09\/Manifestantes.png?fit=591%2C328&ssl=1\",\"contentUrl\":\"https:\/\/i0.wp.com\/expresorgv.online\/home\/wp-content\/uploads\/2026\/09\/Manifestantes.png?fit=591%2C328&ssl=1\",\"width\":591,\"height\":328},{\"@type\":\"BreadcrumbList\",\"@id\":\"https:\/\/expresorgv.online\/home\/blog\/2026\/09\/06\/nosotros-nunca-hemos-sido-de-la-oposicion-responden-manifestantes-a-sheinbaum-que-los-acuso-de-infiltrados-en-colima\/#breadcrumb\",\"itemListElement\":[{\"@type\":\"ListItem\",\"position\":1,\"name\":\"Home\",\"item\":\"https:\/\/expresorgv.online\/home\/\"},{\"@type\":\"ListItem\",\"position\":2,\"name\":\"\u00abNosotros nunca hemos sido de la oposici\u00f3n\u00bb, responden manifestantes a Sheinbaum que los acus\u00f3 de infiltrados en Colima\"}]},{\"@type\":\"WebSite\",\"@id\":\"https:\/\/expresorgv.online\/home\/#website\",\"url\":\"https:\/\/expresorgv.online\/home\/\",\"name\":\"\",\"description\":\"\",\"potentialAction\":[{\"@type\":\"SearchAction\",\"target\":{\"@type\":\"EntryPoint\",\"urlTemplate\":\"https:\/\/expresorgv.online\/home\/?s={search_term_string}\"},\"query-input\":{\"@type\":\"PropertyValueSpecification\",\"valueRequired\":true,\"valueName\":\"search_term_string\"}}],\"inLanguage\":\"es\"},{\"@type\":\"Person\",\"@id\":\"https:\/\/expresorgv.online\/home\/#\/schema\/person\/ae1ed1a575540204b5f59dca7f91f6a2\",\"name\":\"expreso\",\"image\":{\"@type\":\"ImageObject\",\"inLanguage\":\"es\",\"@id\":\"https:\/\/secure.gravatar.com\/avatar\/88cd9f065dcd1b722cd984aac4181386a800c0bca699eaf07e42dd8f820bddee?s=96&d=mm&r=g\",\"url\":\"https:\/\/secure.gravatar.com\/avatar\/88cd9f065dcd1b722cd984aac4181386a800c0bca699eaf07e42dd8f820bddee?s=96&d=mm&r=g\",\"contentUrl\":\"https:\/\/secure.gravatar.com\/avatar\/88cd9f065dcd1b722cd984aac4181386a800c0bca699eaf07e42dd8f820bddee?s=96&d=mm&r=g\",\"caption\":\"expreso\"},\"url\":\"https:\/\/expresorgv.online\/home\/blog\/author\/expreso\/\"}]}<\/script>\n<!-- \/ Yoast SEO plugin. -->","yoast_head_json":{"title":"\"Nosotros nunca hemos sido de la oposici\u00f3n\", responden manifestantes a Sheinbaum que los acus\u00f3 de infiltrados en Colima -","robots":{"index":"index","follow":"follow","max-snippet":"max-snippet:-1","max-image-preview":"max-image-preview:large","max-video-preview":"max-video-preview:-1"},"canonical":"https:\/\/expresorgv.online\/home\/blog\/2026\/09\/06\/nosotros-nunca-hemos-sido-de-la-oposicion-responden-manifestantes-a-sheinbaum-que-los-acuso-de-infiltrados-en-colima\/","og_locale":"es_ES","og_type":"article","og_title":"\"Nosotros nunca hemos sido de la oposici\u00f3n\", responden manifestantes a Sheinbaum que los acus\u00f3 de infiltrados en Colima","og_description":"Las personas que se manifestaron este s\u00e1bado 5 de septiembre en Colima durante el segundo informe de gobierno de la presidenta Claudia Sheinbaum rechazaron ser \u00abprianistas\u00bb o ser \u201cinfiltrados\u201d, como acus\u00f3 la mandataria para descalificar su protesta, y se identificaron como activistas medioambientales, comunidades pesqueras y salineros artesanales. \u201cNo, para nada. Al contrario, nosotros nunca [&hellip;]","og_url":"https:\/\/expresorgv.online\/home\/blog\/2026\/09\/06\/nosotros-nunca-hemos-sido-de-la-oposicion-responden-manifestantes-a-sheinbaum-que-los-acuso-de-infiltrados-en-colima\/","article_published_time":"2026-09-06T12:39:55+00:00","article_modified_time":"2026-09-06T12:39:56+00:00","og_image":[{"width":591,"height":328,"url":"https:\/\/expresorgv.online\/home\/wp-content\/uploads\/2026\/09\/Manifestantes.png","type":"image\/png"}],"author":"expreso","twitter_card":"summary_large_image","twitter_misc":{"Escrito por":"expreso","Tiempo de lectura":"3 minutos"},"schema":{"@context":"https:\/\/schema.org","@graph":[{"@type":"Article","@id":"https:\/\/expresorgv.online\/home\/blog\/2026\/09\/06\/nosotros-nunca-hemos-sido-de-la-oposicion-responden-manifestantes-a-sheinbaum-que-los-acuso-de-infiltrados-en-colima\/#article","isPartOf":{"@id":"https:\/\/expresorgv.online\/home\/blog\/2026\/09\/06\/nosotros-nunca-hemos-sido-de-la-oposicion-responden-manifestantes-a-sheinbaum-que-los-acuso-de-infiltrados-en-colima\/"},"author":{"name":"expreso","@id":"https:\/\/expresorgv.online\/home\/#\/schema\/person\/ae1ed1a575540204b5f59dca7f91f6a2"},"headline":"\u00abNosotros nunca hemos sido de la oposici\u00f3n\u00bb, responden manifestantes a Sheinbaum que los acus\u00f3 de infiltrados en Colima","datePublished":"2026-09-06T12:39:55+00:00","dateModified":"2026-09-06T12:39:56+00:00","mainEntityOfPage":{"@id":"https:\/\/expresorgv.online\/home\/blog\/2026\/09\/06\/nosotros-nunca-hemos-sido-de-la-oposicion-responden-manifestantes-a-sheinbaum-que-los-acuso-de-infiltrados-en-colima\/"},"wordCount":526,"commentCount":0,"image":{"@id":"https:\/\/expresorgv.online\/home\/blog\/2026\/09\/06\/nosotros-nunca-hemos-sido-de-la-oposicion-responden-manifestantes-a-sheinbaum-que-los-acuso-de-infiltrados-en-colima\/#primaryimage"},"thumbnailUrl":"https:\/\/i0.wp.com\/expresorgv.online\/home\/wp-content\/uploads\/2026\/09\/Manifestantes.png?fit=591%2C328&ssl=1","articleSection":["NACIONAL"],"inLanguage":"es","potentialAction":[{"@type":"CommentAction","name":"Comment","target":["https:\/\/expresorgv.online\/home\/blog\/2026\/09\/06\/nosotros-nunca-hemos-sido-de-la-oposicion-responden-manifestantes-a-sheinbaum-que-los-acuso-de-infiltrados-en-colima\/#respond"]}]},{"@type":"WebPage","@id":"https:\/\/expresorgv.online\/home\/blog\/2026\/09\/06\/nosotros-nunca-hemos-sido-de-la-oposicion-responden-manifestantes-a-sheinbaum-que-los-acuso-de-infiltrados-en-colima\/","url":"https:\/\/expresorgv.online\/home\/blog\/2026\/09\/06\/nosotros-nunca-hemos-sido-de-la-oposicion-responden-manifestantes-a-sheinbaum-que-los-acuso-de-infiltrados-en-colima\/","name":"\"Nosotros nunca hemos sido de la oposici\u00f3n\", responden manifestantes a Sheinbaum que los acus\u00f3 de infiltrados en Colima -","isPartOf":{"@id":"https:\/\/expresorgv.online\/home\/#website"},"primaryImageOfPage":{"@id":"https:\/\/expresorgv.online\/home\/blog\/2026\/09\/06\/nosotros-nunca-hemos-sido-de-la-oposicion-responden-manifestantes-a-sheinbaum-que-los-acuso-de-infiltrados-en-colima\/#primaryimage"},"image":{"@id":"https:\/\/expresorgv.online\/home\/blog\/2026\/09\/06\/nosotros-nunca-hemos-sido-de-la-oposicion-responden-manifestantes-a-sheinbaum-que-los-acuso-de-infiltrados-en-colima\/#primaryimage"},"thumbnailUrl":"https:\/\/i0.wp.com\/expresorgv.online\/home\/wp-content\/uploads\/2026\/09\/Manifestantes.png?fit=591%2C328&ssl=1","datePublished":"2026-09-06T12:39:55+00:00","dateModified":"2026-09-06T12:39:56+00:00","author":{"@id":"https:\/\/expresorgv.online\/home\/#\/schema\/person\/ae1ed1a575540204b5f59dca7f91f6a2"},"breadcrumb":{"@id":"https:\/\/expresorgv.online\/home\/blog\/2026\/09\/06\/nosotros-nunca-hemos-sido-de-la-oposicion-responden-manifestantes-a-sheinbaum-que-los-acuso-de-infiltrados-en-colima\/#breadcrumb"},"inLanguage":"es","potentialAction":[{"@type":"ReadAction","target":["https:\/\/expresorgv.online\/home\/blog\/2026\/09\/06\/nosotros-nunca-hemos-sido-de-la-oposicion-responden-manifestantes-a-sheinbaum-que-los-acuso-de-infiltrados-en-colima\/"]}]},{"@type":"ImageObject","inLanguage":"es","@id":"https:\/\/expresorgv.online\/home\/blog\/2026\/09\/06\/nosotros-nunca-hemos-sido-de-la-oposicion-responden-manifestantes-a-sheinbaum-que-los-acuso-de-infiltrados-en-colima\/#primaryimage","url":"https:\/\/i0.wp.com\/expresorgv.online\/home\/wp-content\/uploads\/2026\/09\/Manifestantes.png?fit=591%2C328&ssl=1","contentUrl":"https:\/\/i0.wp.com\/expresorgv.online\/home\/wp-content\/uploads\/2026\/09\/Manifestantes.png?fit=591%2C328&ssl=1","width":591,"height":328},{"@type":"BreadcrumbList","@id":"https:\/\/expresorgv.online\/home\/blog\/2026\/09\/06\/nosotros-nunca-hemos-sido-de-la-oposicion-responden-manifestantes-a-sheinbaum-que-los-acuso-de-infiltrados-en-colima\/#breadcrumb","itemListElement":[{"@type":"ListItem","position":1,"name":"Home","item":"https:\/\/expresorgv.online\/home\/"},{"@type":"ListItem","position":2,"name":"\u00abNosotros nunca hemos sido de la oposici\u00f3n\u00bb, responden manifestantes a Sheinbaum que los acus\u00f3 de infiltrados en Colima"}]},{"@type":"WebSite","@id":"https:\/\/expresorgv.online\/home\/#website","url":"https:\/\/expresorgv.online\/home\/","name":"","description":"","potentialAction":[{"@type":"SearchAction","target":{"@type":"EntryPoint","urlTemplate":"https:\/\/expresorgv.online\/home\/?s={search_term_string}"},"query-input":{"@type":"PropertyValueSpecification","valueRequired":true,"valueName":"search_term_string"}}],"inLanguage":"es"},{"@type":"Person","@id":"https:\/\/expresorgv.online\/home\/#\/schema\/person\/ae1ed1a575540204b5f59dca7f91f6a2","name":"expreso","image":{"@type":"ImageObject","inLanguage":"es","@id":"https:\/\/secure.gravatar.com\/avatar\/88cd9f065dcd1b722cd984aac4181386a800c0bca699eaf07e42dd8f820bddee?s=96&d=mm&r=g","url":"https:\/\/secure.gravatar.com\/avatar\/88cd9f065dcd1b722cd984aac4181386a800c0bca699eaf07e42dd8f820bddee?s=96&d=mm&r=g","contentUrl":"https:\/\/secure.gravatar.com\/avatar\/88cd9f065dcd1b722cd984aac4181386a800c0bca699eaf07e42dd8f820bddee?s=96&d=mm&r=g","caption":"expreso"},"url":"https:\/\/expresorgv.online\/home\/blog\/author\/expreso\/"}]}},"jetpack_featured_media_url":"https:\/\/i0.wp.com\/expresorgv.online\/home\/wp-content\/uploads\/2026\/09\/Manifestantes.png?fit=591%2C328&ssl=1","_links":{"self":[{"href":"https:\/\/expresorgv.online\/home\/wp-json\/wp\/v2\/posts\/38489","targetHints":{"allow":["GET"]}}],"collection":[{"href":"https:\/\/expresorgv.online\/home\/wp-json\/wp\/v2\/posts"}],"about":[{"href":"https:\/\/expresorgv.online\/home\/wp-json\/wp\/v2\/types\/post"}],"author":[{"embeddable":true,"href":"https:\/\/expresorgv.online\/home\/wp-json\/wp\/v2\/users\/2"}],"replies":[{"embeddable":true,"href":"https:\/\/expresorgv.online\/home\/wp-json\/wp\/v2\/comments?post=38489"}],"version-history":[{"count":1,"href":"https:\/\/expresorgv.online\/home\/wp-json\/wp\/v2\/posts\/38489\/revisions"}],"predecessor-version":[{"id":38491,"href":"https:\/\/expresorgv.online\/home\/wp-json\/wp\/v2\/posts\/38489\/revisions\/38491"}],"wp:featuredmedia":[{"embeddable":true,"href":"https:\/\/expresorgv.online\/home\/wp-json\/wp\/v2\/media\/38490"}],"wp:attachment":[{"href":"https:\/\/expresorgv.online\/home\/wp-json\/wp\/v2\/media?parent=38489"}],"wp:term":[{"taxonomy":"category","embeddable":true,"href":"https:\/\/expresorgv.online\/home\/wp-json\/wp\/v2\/categories?post=38489"},{"taxonomy":"post_tag","embeddable":true,"href":"https:\/\/expresorgv.online\/home\/wp-json\/wp\/v2\/tags?post=38489"}],"curies":[{"name":"wp","href":"https:\/\/api.w.org\/{rel}","templated":true}]}}