{"id":38483,"date":"2026-09-06T12:21:06","date_gmt":"2026-09-06T12:21:06","guid":{"rendered":"https:\/\/expresorgv.online\/home\/?p=38483"},"modified":"2026-09-06T12:21:07","modified_gmt":"2026-09-06T12:21:07","slug":"eu-emite-alerta-de-seguridad-en-nogales-por-presunta-amenaza","status":"publish","type":"post","link":"https:\/\/expresorgv.online\/home\/blog\/2026\/09\/06\/eu-emite-alerta-de-seguridad-en-nogales-por-presunta-amenaza\/","title":{"rendered":"EU emite alerta de seguridad en Nogales por presunta amenaza"},"content":{"rendered":"\n<p class=\"wp-block-paragraph\">El Consulado de Estados Unidos en Nogales, Sonora emiti\u00f3 una alerta para sus ciudadanos ante posibles amenazas.<\/p>\n\n\n\n<p class=\"wp-block-paragraph\">Detall\u00f3 que \u00abdebido a informaci\u00f3n acerca de amenazas, las actividades del gobierno estadounidense en Nogales, y los viajes hacia ah\u00ed, se han restringido \u00fanicamente a movimientos esenciales durante las horas de luz del d\u00eda. Estamos alertando a los ciudadanos de EU sobre esta amenaza y el cambio en la postura\u00bb.<\/p>\n\n\n\n<p class=\"wp-block-paragraph\">Record\u00f3 que \u00abla Alerta de Viajes de EU designa a Sonora como un \u00e1rea de Nivel 3 (Reconsiderar el Viaje).<\/p>\n\n\n\n<p class=\"wp-block-paragraph\">A sus ciudadanos les pidi\u00f3 \u00abejercer mayor precauci\u00f3n y estar atento a su entorno\u00bb, adem\u00e1s, de \u00abbuscar refugio en caso de un incidente, notificar a amigos y familiares sobre su seguridad en caso de un incidente, seguir las instrucciones de las fuerzas del orden mexicanas\u00bb, y \u00abmonitorear los medios locales para actualizaciones\u00bb.<\/p>\n\n\n\n<p class=\"wp-block-paragraph\">En agosto, diferentes instituciones de gobierno local, estatal y federal reforzaron la seguridad e inclusive, en algunos casos, suspendieron actividades tras la alerta emitida por el Gobierno de Estados Unidos sobre una posible amenaza en Mexicali.<\/p>\n\n\n\n<p class=\"wp-block-paragraph\">La alerta fue difundida el 24 de agosto por el Consulado General de Estados Unidos en Tijuana. El aviso no especific\u00f3 la naturaleza de la amenaza ni se\u00f1al\u00f3 p\u00fablicamente un objetivo concreto, pero recomend\u00f3 a los ciudadanos estadounidenses evitar edificios gubernamentales, mantenerse atentos a su entorno, buscar refugio en caso de un incidente y seguir las instrucciones de las autoridades mexicanas.<\/p>\n","protected":false},"excerpt":{"rendered":"<p>El Consulado de Estados Unidos en Nogales, Sonora emiti\u00f3 una alerta para sus ciudadanos ante posibles amenazas. Detall\u00f3 que \u00abdebido a informaci\u00f3n acerca de amenazas, las actividades del gobierno estadounidense en Nogales, y los viajes hacia ah\u00ed, se han restringido \u00fanicamente a movimientos esenciales durante las horas de luz del d\u00eda. Estamos alertando a los [&hellip;]<\/p>\n","protected":false},"author":2,"featured_media":38484,"comment_status":"open","ping_status":"open","sticky":false,"template":"","format":"standard","meta":{"footnotes":""},"categories":[7],"tags":[],"class_list":["post-38483","post","type-post","status-publish","format-standard","has-post-thumbnail","hentry","category-internacional"],"yoast_head":"<!-- This site is optimized with the Yoast SEO plugin v27.2 - https:\/\/yoast.com\/product\/yoast-seo-wordpress\/ -->\n<title>EU emite alerta de seguridad en Nogales por presunta amenaza -<\/title>\n<meta name=\"robots\" content=\"index, follow, max-snippet:-1, max-image-preview:large, max-video-preview:-1\" \/>\n<link rel=\"canonical\" href=\"https:\/\/expresorgv.online\/home\/blog\/2026\/09\/06\/eu-emite-alerta-de-seguridad-en-nogales-por-presunta-amenaza\/\" \/>\n<meta property=\"og:locale\" content=\"es_ES\" \/>\n<meta property=\"og:type\" content=\"article\" \/>\n<meta property=\"og:title\" content=\"EU emite alerta de seguridad en Nogales por presunta amenaza\" \/>\n<meta property=\"og:description\" content=\"El Consulado de Estados Unidos en Nogales, Sonora emiti\u00f3 una alerta para sus ciudadanos ante posibles amenazas. Detall\u00f3 que \u00abdebido a informaci\u00f3n acerca de amenazas, las actividades del gobierno estadounidense en Nogales, y los viajes hacia ah\u00ed, se han restringido \u00fanicamente a movimientos esenciales durante las horas de luz del d\u00eda. Estamos alertando a los [&hellip;]\" \/>\n<meta property=\"og:url\" content=\"https:\/\/expresorgv.online\/home\/blog\/2026\/09\/06\/eu-emite-alerta-de-seguridad-en-nogales-por-presunta-amenaza\/\" \/>\n<meta property=\"article:published_time\" content=\"2026-09-06T12:21:06+00:00\" \/>\n<meta property=\"article:modified_time\" content=\"2026-09-06T12:21:07+00:00\" \/>\n<meta property=\"og:image\" content=\"https:\/\/expresorgv.online\/home\/wp-content\/uploads\/2026\/09\/Consulado-Nogales.png\" \/>\n\t<meta property=\"og:image:width\" content=\"591\" \/>\n\t<meta property=\"og:image:height\" content=\"328\" \/>\n\t<meta property=\"og:image:type\" content=\"image\/png\" \/>\n<meta name=\"author\" content=\"expreso\" \/>\n<meta name=\"twitter:card\" content=\"summary_large_image\" \/>\n<meta name=\"twitter:label1\" content=\"Escrito por\" \/>\n\t<meta name=\"twitter:data1\" content=\"expreso\" \/>\n\t<meta name=\"twitter:label2\" content=\"Tiempo de lectura\" \/>\n\t<meta name=\"twitter:data2\" content=\"2 minutos\" \/>\n<script type=\"application\/ld+json\" class=\"yoast-schema-graph\">{\"@context\":\"https:\/\/schema.org\",\"@graph\":[{\"@type\":\"Article\",\"@id\":\"https:\/\/expresorgv.online\/home\/blog\/2026\/09\/06\/eu-emite-alerta-de-seguridad-en-nogales-por-presunta-amenaza\/#article\",\"isPartOf\":{\"@id\":\"https:\/\/expresorgv.online\/home\/blog\/2026\/09\/06\/eu-emite-alerta-de-seguridad-en-nogales-por-presunta-amenaza\/\"},\"author\":{\"name\":\"expreso\",\"@id\":\"https:\/\/expresorgv.online\/home\/#\/schema\/person\/ae1ed1a575540204b5f59dca7f91f6a2\"},\"headline\":\"EU emite alerta de seguridad en Nogales por presunta amenaza\",\"datePublished\":\"2026-09-06T12:21:06+00:00\",\"dateModified\":\"2026-09-06T12:21:07+00:00\",\"mainEntityOfPage\":{\"@id\":\"https:\/\/expresorgv.online\/home\/blog\/2026\/09\/06\/eu-emite-alerta-de-seguridad-en-nogales-por-presunta-amenaza\/\"},\"wordCount\":250,\"commentCount\":0,\"image\":{\"@id\":\"https:\/\/expresorgv.online\/home\/blog\/2026\/09\/06\/eu-emite-alerta-de-seguridad-en-nogales-por-presunta-amenaza\/#primaryimage\"},\"thumbnailUrl\":\"https:\/\/i0.wp.com\/expresorgv.online\/home\/wp-content\/uploads\/2026\/09\/Consulado-Nogales.png?fit=591%2C328&ssl=1\",\"articleSection\":[\"INTERNACIONAL\"],\"inLanguage\":\"es\",\"potentialAction\":[{\"@type\":\"CommentAction\",\"name\":\"Comment\",\"target\":[\"https:\/\/expresorgv.online\/home\/blog\/2026\/09\/06\/eu-emite-alerta-de-seguridad-en-nogales-por-presunta-amenaza\/#respond\"]}]},{\"@type\":\"WebPage\",\"@id\":\"https:\/\/expresorgv.online\/home\/blog\/2026\/09\/06\/eu-emite-alerta-de-seguridad-en-nogales-por-presunta-amenaza\/\",\"url\":\"https:\/\/expresorgv.online\/home\/blog\/2026\/09\/06\/eu-emite-alerta-de-seguridad-en-nogales-por-presunta-amenaza\/\",\"name\":\"EU emite alerta de seguridad en Nogales por presunta amenaza -\",\"isPartOf\":{\"@id\":\"https:\/\/expresorgv.online\/home\/#website\"},\"primaryImageOfPage\":{\"@id\":\"https:\/\/expresorgv.online\/home\/blog\/2026\/09\/06\/eu-emite-alerta-de-seguridad-en-nogales-por-presunta-amenaza\/#primaryimage\"},\"image\":{\"@id\":\"https:\/\/expresorgv.online\/home\/blog\/2026\/09\/06\/eu-emite-alerta-de-seguridad-en-nogales-por-presunta-amenaza\/#primaryimage\"},\"thumbnailUrl\":\"https:\/\/i0.wp.com\/expresorgv.online\/home\/wp-content\/uploads\/2026\/09\/Consulado-Nogales.png?fit=591%2C328&ssl=1\",\"datePublished\":\"2026-09-06T12:21:06+00:00\",\"dateModified\":\"2026-09-06T12:21:07+00:00\",\"author\":{\"@id\":\"https:\/\/expresorgv.online\/home\/#\/schema\/person\/ae1ed1a575540204b5f59dca7f91f6a2\"},\"breadcrumb\":{\"@id\":\"https:\/\/expresorgv.online\/home\/blog\/2026\/09\/06\/eu-emite-alerta-de-seguridad-en-nogales-por-presunta-amenaza\/#breadcrumb\"},\"inLanguage\":\"es\",\"potentialAction\":[{\"@type\":\"ReadAction\",\"target\":[\"https:\/\/expresorgv.online\/home\/blog\/2026\/09\/06\/eu-emite-alerta-de-seguridad-en-nogales-por-presunta-amenaza\/\"]}]},{\"@type\":\"ImageObject\",\"inLanguage\":\"es\",\"@id\":\"https:\/\/expresorgv.online\/home\/blog\/2026\/09\/06\/eu-emite-alerta-de-seguridad-en-nogales-por-presunta-amenaza\/#primaryimage\",\"url\":\"https:\/\/i0.wp.com\/expresorgv.online\/home\/wp-content\/uploads\/2026\/09\/Consulado-Nogales.png?fit=591%2C328&ssl=1\",\"contentUrl\":\"https:\/\/i0.wp.com\/expresorgv.online\/home\/wp-content\/uploads\/2026\/09\/Consulado-Nogales.png?fit=591%2C328&ssl=1\",\"width\":591,\"height\":328},{\"@type\":\"BreadcrumbList\",\"@id\":\"https:\/\/expresorgv.online\/home\/blog\/2026\/09\/06\/eu-emite-alerta-de-seguridad-en-nogales-por-presunta-amenaza\/#breadcrumb\",\"itemListElement\":[{\"@type\":\"ListItem\",\"position\":1,\"name\":\"Home\",\"item\":\"https:\/\/expresorgv.online\/home\/\"},{\"@type\":\"ListItem\",\"position\":2,\"name\":\"EU emite alerta de seguridad en Nogales por presunta amenaza\"}]},{\"@type\":\"WebSite\",\"@id\":\"https:\/\/expresorgv.online\/home\/#website\",\"url\":\"https:\/\/expresorgv.online\/home\/\",\"name\":\"\",\"description\":\"\",\"potentialAction\":[{\"@type\":\"SearchAction\",\"target\":{\"@type\":\"EntryPoint\",\"urlTemplate\":\"https:\/\/expresorgv.online\/home\/?s={search_term_string}\"},\"query-input\":{\"@type\":\"PropertyValueSpecification\",\"valueRequired\":true,\"valueName\":\"search_term_string\"}}],\"inLanguage\":\"es\"},{\"@type\":\"Person\",\"@id\":\"https:\/\/expresorgv.online\/home\/#\/schema\/person\/ae1ed1a575540204b5f59dca7f91f6a2\",\"name\":\"expreso\",\"image\":{\"@type\":\"ImageObject\",\"inLanguage\":\"es\",\"@id\":\"https:\/\/secure.gravatar.com\/avatar\/88cd9f065dcd1b722cd984aac4181386a800c0bca699eaf07e42dd8f820bddee?s=96&d=mm&r=g\",\"url\":\"https:\/\/secure.gravatar.com\/avatar\/88cd9f065dcd1b722cd984aac4181386a800c0bca699eaf07e42dd8f820bddee?s=96&d=mm&r=g\",\"contentUrl\":\"https:\/\/secure.gravatar.com\/avatar\/88cd9f065dcd1b722cd984aac4181386a800c0bca699eaf07e42dd8f820bddee?s=96&d=mm&r=g\",\"caption\":\"expreso\"},\"url\":\"https:\/\/expresorgv.online\/home\/blog\/author\/expreso\/\"}]}<\/script>\n<!-- \/ Yoast SEO plugin. -->","yoast_head_json":{"title":"EU emite alerta de seguridad en Nogales por presunta amenaza -","robots":{"index":"index","follow":"follow","max-snippet":"max-snippet:-1","max-image-preview":"max-image-preview:large","max-video-preview":"max-video-preview:-1"},"canonical":"https:\/\/expresorgv.online\/home\/blog\/2026\/09\/06\/eu-emite-alerta-de-seguridad-en-nogales-por-presunta-amenaza\/","og_locale":"es_ES","og_type":"article","og_title":"EU emite alerta de seguridad en Nogales por presunta amenaza","og_description":"El Consulado de Estados Unidos en Nogales, Sonora emiti\u00f3 una alerta para sus ciudadanos ante posibles amenazas. Detall\u00f3 que \u00abdebido a informaci\u00f3n acerca de amenazas, las actividades del gobierno estadounidense en Nogales, y los viajes hacia ah\u00ed, se han restringido \u00fanicamente a movimientos esenciales durante las horas de luz del d\u00eda. Estamos alertando a los [&hellip;]","og_url":"https:\/\/expresorgv.online\/home\/blog\/2026\/09\/06\/eu-emite-alerta-de-seguridad-en-nogales-por-presunta-amenaza\/","article_published_time":"2026-09-06T12:21:06+00:00","article_modified_time":"2026-09-06T12:21:07+00:00","og_image":[{"width":591,"height":328,"url":"https:\/\/expresorgv.online\/home\/wp-content\/uploads\/2026\/09\/Consulado-Nogales.png","type":"image\/png"}],"author":"expreso","twitter_card":"summary_large_image","twitter_misc":{"Escrito por":"expreso","Tiempo de lectura":"2 minutos"},"schema":{"@context":"https:\/\/schema.org","@graph":[{"@type":"Article","@id":"https:\/\/expresorgv.online\/home\/blog\/2026\/09\/06\/eu-emite-alerta-de-seguridad-en-nogales-por-presunta-amenaza\/#article","isPartOf":{"@id":"https:\/\/expresorgv.online\/home\/blog\/2026\/09\/06\/eu-emite-alerta-de-seguridad-en-nogales-por-presunta-amenaza\/"},"author":{"name":"expreso","@id":"https:\/\/expresorgv.online\/home\/#\/schema\/person\/ae1ed1a575540204b5f59dca7f91f6a2"},"headline":"EU emite alerta de seguridad en Nogales por presunta amenaza","datePublished":"2026-09-06T12:21:06+00:00","dateModified":"2026-09-06T12:21:07+00:00","mainEntityOfPage":{"@id":"https:\/\/expresorgv.online\/home\/blog\/2026\/09\/06\/eu-emite-alerta-de-seguridad-en-nogales-por-presunta-amenaza\/"},"wordCount":250,"commentCount":0,"image":{"@id":"https:\/\/expresorgv.online\/home\/blog\/2026\/09\/06\/eu-emite-alerta-de-seguridad-en-nogales-por-presunta-amenaza\/#primaryimage"},"thumbnailUrl":"https:\/\/i0.wp.com\/expresorgv.online\/home\/wp-content\/uploads\/2026\/09\/Consulado-Nogales.png?fit=591%2C328&ssl=1","articleSection":["INTERNACIONAL"],"inLanguage":"es","potentialAction":[{"@type":"CommentAction","name":"Comment","target":["https:\/\/expresorgv.online\/home\/blog\/2026\/09\/06\/eu-emite-alerta-de-seguridad-en-nogales-por-presunta-amenaza\/#respond"]}]},{"@type":"WebPage","@id":"https:\/\/expresorgv.online\/home\/blog\/2026\/09\/06\/eu-emite-alerta-de-seguridad-en-nogales-por-presunta-amenaza\/","url":"https:\/\/expresorgv.online\/home\/blog\/2026\/09\/06\/eu-emite-alerta-de-seguridad-en-nogales-por-presunta-amenaza\/","name":"EU emite alerta de seguridad en Nogales por presunta amenaza -","isPartOf":{"@id":"https:\/\/expresorgv.online\/home\/#website"},"primaryImageOfPage":{"@id":"https:\/\/expresorgv.online\/home\/blog\/2026\/09\/06\/eu-emite-alerta-de-seguridad-en-nogales-por-presunta-amenaza\/#primaryimage"},"image":{"@id":"https:\/\/expresorgv.online\/home\/blog\/2026\/09\/06\/eu-emite-alerta-de-seguridad-en-nogales-por-presunta-amenaza\/#primaryimage"},"thumbnailUrl":"https:\/\/i0.wp.com\/expresorgv.online\/home\/wp-content\/uploads\/2026\/09\/Consulado-Nogales.png?fit=591%2C328&ssl=1","datePublished":"2026-09-06T12:21:06+00:00","dateModified":"2026-09-06T12:21:07+00:00","author":{"@id":"https:\/\/expresorgv.online\/home\/#\/schema\/person\/ae1ed1a575540204b5f59dca7f91f6a2"},"breadcrumb":{"@id":"https:\/\/expresorgv.online\/home\/blog\/2026\/09\/06\/eu-emite-alerta-de-seguridad-en-nogales-por-presunta-amenaza\/#breadcrumb"},"inLanguage":"es","potentialAction":[{"@type":"ReadAction","target":["https:\/\/expresorgv.online\/home\/blog\/2026\/09\/06\/eu-emite-alerta-de-seguridad-en-nogales-por-presunta-amenaza\/"]}]},{"@type":"ImageObject","inLanguage":"es","@id":"https:\/\/expresorgv.online\/home\/blog\/2026\/09\/06\/eu-emite-alerta-de-seguridad-en-nogales-por-presunta-amenaza\/#primaryimage","url":"https:\/\/i0.wp.com\/expresorgv.online\/home\/wp-content\/uploads\/2026\/09\/Consulado-Nogales.png?fit=591%2C328&ssl=1","contentUrl":"https:\/\/i0.wp.com\/expresorgv.online\/home\/wp-content\/uploads\/2026\/09\/Consulado-Nogales.png?fit=591%2C328&ssl=1","width":591,"height":328},{"@type":"BreadcrumbList","@id":"https:\/\/expresorgv.online\/home\/blog\/2026\/09\/06\/eu-emite-alerta-de-seguridad-en-nogales-por-presunta-amenaza\/#breadcrumb","itemListElement":[{"@type":"ListItem","position":1,"name":"Home","item":"https:\/\/expresorgv.online\/home\/"},{"@type":"ListItem","position":2,"name":"EU emite alerta de seguridad en Nogales por presunta amenaza"}]},{"@type":"WebSite","@id":"https:\/\/expresorgv.online\/home\/#website","url":"https:\/\/expresorgv.online\/home\/","name":"","description":"","potentialAction":[{"@type":"SearchAction","target":{"@type":"EntryPoint","urlTemplate":"https:\/\/expresorgv.online\/home\/?s={search_term_string}"},"query-input":{"@type":"PropertyValueSpecification","valueRequired":true,"valueName":"search_term_string"}}],"inLanguage":"es"},{"@type":"Person","@id":"https:\/\/expresorgv.online\/home\/#\/schema\/person\/ae1ed1a575540204b5f59dca7f91f6a2","name":"expreso","image":{"@type":"ImageObject","inLanguage":"es","@id":"https:\/\/secure.gravatar.com\/avatar\/88cd9f065dcd1b722cd984aac4181386a800c0bca699eaf07e42dd8f820bddee?s=96&d=mm&r=g","url":"https:\/\/secure.gravatar.com\/avatar\/88cd9f065dcd1b722cd984aac4181386a800c0bca699eaf07e42dd8f820bddee?s=96&d=mm&r=g","contentUrl":"https:\/\/secure.gravatar.com\/avatar\/88cd9f065dcd1b722cd984aac4181386a800c0bca699eaf07e42dd8f820bddee?s=96&d=mm&r=g","caption":"expreso"},"url":"https:\/\/expresorgv.online\/home\/blog\/author\/expreso\/"}]}},"jetpack_featured_media_url":"https:\/\/i0.wp.com\/expresorgv.online\/home\/wp-content\/uploads\/2026\/09\/Consulado-Nogales.png?fit=591%2C328&ssl=1","_links":{"self":[{"href":"https:\/\/expresorgv.online\/home\/wp-json\/wp\/v2\/posts\/38483","targetHints":{"allow":["GET"]}}],"collection":[{"href":"https:\/\/expresorgv.online\/home\/wp-json\/wp\/v2\/posts"}],"about":[{"href":"https:\/\/expresorgv.online\/home\/wp-json\/wp\/v2\/types\/post"}],"author":[{"embeddable":true,"href":"https:\/\/expresorgv.online\/home\/wp-json\/wp\/v2\/users\/2"}],"replies":[{"embeddable":true,"href":"https:\/\/expresorgv.online\/home\/wp-json\/wp\/v2\/comments?post=38483"}],"version-history":[{"count":1,"href":"https:\/\/expresorgv.online\/home\/wp-json\/wp\/v2\/posts\/38483\/revisions"}],"predecessor-version":[{"id":38485,"href":"https:\/\/expresorgv.online\/home\/wp-json\/wp\/v2\/posts\/38483\/revisions\/38485"}],"wp:featuredmedia":[{"embeddable":true,"href":"https:\/\/expresorgv.online\/home\/wp-json\/wp\/v2\/media\/38484"}],"wp:attachment":[{"href":"https:\/\/expresorgv.online\/home\/wp-json\/wp\/v2\/media?parent=38483"}],"wp:term":[{"taxonomy":"category","embeddable":true,"href":"https:\/\/expresorgv.online\/home\/wp-json\/wp\/v2\/categories?post=38483"},{"taxonomy":"post_tag","embeddable":true,"href":"https:\/\/expresorgv.online\/home\/wp-json\/wp\/v2\/tags?post=38483"}],"curies":[{"name":"wp","href":"https:\/\/api.w.org\/{rel}","templated":true}]}}