{"id":38477,"date":"2026-09-06T11:25:04","date_gmt":"2026-09-06T11:25:04","guid":{"rendered":"https:\/\/expresorgv.online\/home\/?p=38477"},"modified":"2026-09-06T11:25:05","modified_gmt":"2026-09-06T11:25:05","slug":"ietam-gastara-hasta-23-mdp-en-renta-de-inmuebles-para-las-elecciones-de-2027","status":"publish","type":"post","link":"https:\/\/expresorgv.online\/home\/blog\/2026\/09\/06\/ietam-gastara-hasta-23-mdp-en-renta-de-inmuebles-para-las-elecciones-de-2027\/","title":{"rendered":"IETAM gastar\u00e1 hasta 23 mdp en renta de inmuebles para las elecciones de 2027"},"content":{"rendered":"\n<p class=\"wp-block-paragraph\">Hasta 23 millones de pesos tiene como tope de gasto el Instituto Electoral de Tamaulipas (Ietam) para la renta de los edificios donde se instalar\u00e1n los 65 consejos municipales y distritales durante el proceso electoral de 2027.<\/p>\n\n\n\n<p class=\"wp-block-paragraph\">El presidente del Ietam, Juan Jos\u00e9 Ramos Charre, mencion\u00f3 que este organismo comenz\u00f3 con la planeaci\u00f3n y equipamiento de los edificios.<\/p>\n\n\n\n<p class=\"wp-block-paragraph\">\u201cAlbergar\u00e1n los consejos municipales y distritales durante la elecci\u00f3n de alcaldes y diputados locales en 2027 y actualmente no se cuenta con los recursos suficientes para disponer de los 65 consejos electorales\u201d, inform\u00f3.<\/p>\n\n\n\n<p class=\"wp-block-paragraph\">El presupuesto para arrendamientos, se inform\u00f3, se mantendr\u00e1 en niveles similares a los de 2024, cuando se destinaron entre 20 y 23 millones de pesos para este rubro, cantidad que deber\u00e1 definirse en las pr\u00f3ximas semanas con el objetivo de evitar, en esta ocasi\u00f3n, que las sesiones se realicen en espacios improvisados.<\/p>\n\n\n\n<p class=\"wp-block-paragraph\">Ramos Charre record\u00f3 que ha habido consejos que sesionaron en restaurantes, cafeter\u00edas e incluso domicilios particulares, especialmente en la zona metropolitana, debido a la falta de espacios adecuados.<\/p>\n\n\n\n<p class=\"wp-block-paragraph\">\u201cLa intenci\u00f3n es que, desde el inicio del proceso concurrente, los consejos cuenten con inmuebles contratados y en condiciones \u00f3ptimas para trabajar\u201d, afirm\u00f3.<\/p>\n\n\n\n<p class=\"wp-block-paragraph\">El anteproyecto de presupuesto ser\u00e1 presentado al Consejo General durante la \u00faltima semana de septiembre.<\/p>\n\n\n\n<p class=\"wp-block-paragraph\">Ramos Charre indic\u00f3 que la proyecci\u00f3n se mantiene en niveles similares a los recursos asignados en 2024, cuando para servicios generales, rubro que incluye arrendamientos, se erogaron poco m\u00e1s de 57 millones 800 mil pesos.<\/p>\n\n\n\n<p class=\"wp-block-paragraph\">De esa cantidad, entre 20 y 23 millones se destinaron espec\u00edficamente a casas y espacios para los consejos electorales.<\/p>\n\n\n\n<p class=\"wp-block-paragraph\">\u201cSe revisar\u00e1 el cat\u00e1logo de actividades y los costos correspondientes para que la pr\u00f3xima elecci\u00f3n requiera el menor presupuesto posible\u201d, puntualiz\u00f3.<\/p>\n\n\n\n<p class=\"wp-block-paragraph\">Adelant\u00f3 que los inmuebles deber\u00e1n cumplir con requisitos establecidos por los municipios, como disposiciones de desarrollo urbano y uso de suelo, lo que podr\u00eda complicar la b\u00fasqueda en la zona metropolitana.<\/p>\n\n\n\n<p class=\"wp-block-paragraph\">La consejera de la Comisi\u00f3n de Organizaci\u00f3n Electoral, Mayra Gisela Lugo Rodr\u00edguez, present\u00f3 el informe de los trabajos relacionados con la preparaci\u00f3n del Proceso Electoral Ordinario 2026-2027, como la convocatoria para la integraci\u00f3n de los consejos distritales y municipales, tema que habr\u00e1 de definirse en breve.<\/p>\n\n\n\n<p class=\"wp-block-paragraph\">Dijo que el Ietam analiza alternativas de arrendamiento o comodato con propietarios de espacios que puedan ser habilitados.<\/p>\n\n\n\n<p class=\"wp-block-paragraph\">Los contratos se programar\u00e1n a partir de 2027. Previamente, deber\u00e1n emitirse los lineamientos correspondientes, mientras que durante el \u00faltimo cuatrimestre de este a\u00f1o se concentrar\u00e1n los esfuerzos en localizar los inmuebles.<\/p>\n\n\n\n<p class=\"wp-block-paragraph\">\u201cEste a\u00f1o el organismo destina 30 millones 640 mil 575 pesos a proyectos vinculados con el proceso electoral que iniciar\u00e1 en septiembre, lo que representa cerca de 7% del gasto corriente del Ietam para el ejercicio fiscal 2026\u201d, afirm\u00f3.<\/p>\n\n\n\n<p class=\"wp-block-paragraph\">Cada consejo electoral en Tamaulipas contar\u00e1 con un lugar digno y funcional<br>El presupuesto total del instituto fue de 419 millones de pesos, de los que m\u00e1s de la mitad, 224 millones 271 mil pesos, se destinaron al financiamiento p\u00fablico de los partidos pol\u00edticos.<\/p>\n\n\n\n<p class=\"wp-block-paragraph\">Inform\u00f3 que la b\u00fasqueda de espacios se intensificar\u00e1 en los pr\u00f3ximos meses, para evitar contratiempos y asegurar que cada consejo electoral en Tamaulipas cuente con un lugar digno y funcional desde el inicio de las actividades.<\/p>\n","protected":false},"excerpt":{"rendered":"<p>Hasta 23 millones de pesos tiene como tope de gasto el Instituto Electoral de Tamaulipas (Ietam) para la renta de los edificios donde se instalar\u00e1n los 65 consejos municipales y distritales durante el proceso electoral de 2027. El presidente del Ietam, Juan Jos\u00e9 Ramos Charre, mencion\u00f3 que este organismo comenz\u00f3 con la planeaci\u00f3n y equipamiento [&hellip;]<\/p>\n","protected":false},"author":2,"featured_media":38478,"comment_status":"open","ping_status":"open","sticky":false,"template":"","format":"standard","meta":{"footnotes":""},"categories":[5],"tags":[],"class_list":["post-38477","post","type-post","status-publish","format-standard","has-post-thumbnail","hentry","category-estatal"],"yoast_head":"<!-- This site is optimized with the Yoast SEO plugin v27.2 - https:\/\/yoast.com\/product\/yoast-seo-wordpress\/ -->\n<title>IETAM gastar\u00e1 hasta 23 mdp en renta de inmuebles para las elecciones de 2027 -<\/title>\n<meta name=\"robots\" content=\"index, follow, max-snippet:-1, max-image-preview:large, max-video-preview:-1\" \/>\n<link rel=\"canonical\" href=\"https:\/\/expresorgv.online\/home\/blog\/2026\/09\/06\/ietam-gastara-hasta-23-mdp-en-renta-de-inmuebles-para-las-elecciones-de-2027\/\" \/>\n<meta property=\"og:locale\" content=\"es_ES\" \/>\n<meta property=\"og:type\" content=\"article\" \/>\n<meta property=\"og:title\" content=\"IETAM gastar\u00e1 hasta 23 mdp en renta de inmuebles para las elecciones de 2027\" \/>\n<meta property=\"og:description\" content=\"Hasta 23 millones de pesos tiene como tope de gasto el Instituto Electoral de Tamaulipas (Ietam) para la renta de los edificios donde se instalar\u00e1n los 65 consejos municipales y distritales durante el proceso electoral de 2027. El presidente del Ietam, Juan Jos\u00e9 Ramos Charre, mencion\u00f3 que este organismo comenz\u00f3 con la planeaci\u00f3n y equipamiento [&hellip;]\" \/>\n<meta property=\"og:url\" content=\"https:\/\/expresorgv.online\/home\/blog\/2026\/09\/06\/ietam-gastara-hasta-23-mdp-en-renta-de-inmuebles-para-las-elecciones-de-2027\/\" \/>\n<meta property=\"article:published_time\" content=\"2026-09-06T11:25:04+00:00\" \/>\n<meta property=\"article:modified_time\" content=\"2026-09-06T11:25:05+00:00\" \/>\n<meta property=\"og:image\" content=\"https:\/\/expresorgv.online\/home\/wp-content\/uploads\/2026\/09\/IETAM.png\" \/>\n\t<meta property=\"og:image:width\" content=\"591\" \/>\n\t<meta property=\"og:image:height\" content=\"328\" \/>\n\t<meta property=\"og:image:type\" content=\"image\/png\" \/>\n<meta name=\"author\" content=\"expreso\" \/>\n<meta name=\"twitter:card\" content=\"summary_large_image\" \/>\n<meta name=\"twitter:label1\" content=\"Escrito por\" \/>\n\t<meta name=\"twitter:data1\" content=\"expreso\" \/>\n\t<meta name=\"twitter:label2\" content=\"Tiempo de lectura\" \/>\n\t<meta name=\"twitter:data2\" content=\"3 minutos\" \/>\n<script type=\"application\/ld+json\" class=\"yoast-schema-graph\">{\"@context\":\"https:\/\/schema.org\",\"@graph\":[{\"@type\":\"Article\",\"@id\":\"https:\/\/expresorgv.online\/home\/blog\/2026\/09\/06\/ietam-gastara-hasta-23-mdp-en-renta-de-inmuebles-para-las-elecciones-de-2027\/#article\",\"isPartOf\":{\"@id\":\"https:\/\/expresorgv.online\/home\/blog\/2026\/09\/06\/ietam-gastara-hasta-23-mdp-en-renta-de-inmuebles-para-las-elecciones-de-2027\/\"},\"author\":{\"name\":\"expreso\",\"@id\":\"https:\/\/expresorgv.online\/home\/#\/schema\/person\/ae1ed1a575540204b5f59dca7f91f6a2\"},\"headline\":\"IETAM gastar\u00e1 hasta 23 mdp en renta de inmuebles para las elecciones de 2027\",\"datePublished\":\"2026-09-06T11:25:04+00:00\",\"dateModified\":\"2026-09-06T11:25:05+00:00\",\"mainEntityOfPage\":{\"@id\":\"https:\/\/expresorgv.online\/home\/blog\/2026\/09\/06\/ietam-gastara-hasta-23-mdp-en-renta-de-inmuebles-para-las-elecciones-de-2027\/\"},\"wordCount\":550,\"commentCount\":0,\"image\":{\"@id\":\"https:\/\/expresorgv.online\/home\/blog\/2026\/09\/06\/ietam-gastara-hasta-23-mdp-en-renta-de-inmuebles-para-las-elecciones-de-2027\/#primaryimage\"},\"thumbnailUrl\":\"https:\/\/i0.wp.com\/expresorgv.online\/home\/wp-content\/uploads\/2026\/09\/IETAM.png?fit=591%2C328&ssl=1\",\"articleSection\":[\"ESTATAL\"],\"inLanguage\":\"es\",\"potentialAction\":[{\"@type\":\"CommentAction\",\"name\":\"Comment\",\"target\":[\"https:\/\/expresorgv.online\/home\/blog\/2026\/09\/06\/ietam-gastara-hasta-23-mdp-en-renta-de-inmuebles-para-las-elecciones-de-2027\/#respond\"]}]},{\"@type\":\"WebPage\",\"@id\":\"https:\/\/expresorgv.online\/home\/blog\/2026\/09\/06\/ietam-gastara-hasta-23-mdp-en-renta-de-inmuebles-para-las-elecciones-de-2027\/\",\"url\":\"https:\/\/expresorgv.online\/home\/blog\/2026\/09\/06\/ietam-gastara-hasta-23-mdp-en-renta-de-inmuebles-para-las-elecciones-de-2027\/\",\"name\":\"IETAM gastar\u00e1 hasta 23 mdp en renta de inmuebles para las elecciones de 2027 -\",\"isPartOf\":{\"@id\":\"https:\/\/expresorgv.online\/home\/#website\"},\"primaryImageOfPage\":{\"@id\":\"https:\/\/expresorgv.online\/home\/blog\/2026\/09\/06\/ietam-gastara-hasta-23-mdp-en-renta-de-inmuebles-para-las-elecciones-de-2027\/#primaryimage\"},\"image\":{\"@id\":\"https:\/\/expresorgv.online\/home\/blog\/2026\/09\/06\/ietam-gastara-hasta-23-mdp-en-renta-de-inmuebles-para-las-elecciones-de-2027\/#primaryimage\"},\"thumbnailUrl\":\"https:\/\/i0.wp.com\/expresorgv.online\/home\/wp-content\/uploads\/2026\/09\/IETAM.png?fit=591%2C328&ssl=1\",\"datePublished\":\"2026-09-06T11:25:04+00:00\",\"dateModified\":\"2026-09-06T11:25:05+00:00\",\"author\":{\"@id\":\"https:\/\/expresorgv.online\/home\/#\/schema\/person\/ae1ed1a575540204b5f59dca7f91f6a2\"},\"breadcrumb\":{\"@id\":\"https:\/\/expresorgv.online\/home\/blog\/2026\/09\/06\/ietam-gastara-hasta-23-mdp-en-renta-de-inmuebles-para-las-elecciones-de-2027\/#breadcrumb\"},\"inLanguage\":\"es\",\"potentialAction\":[{\"@type\":\"ReadAction\",\"target\":[\"https:\/\/expresorgv.online\/home\/blog\/2026\/09\/06\/ietam-gastara-hasta-23-mdp-en-renta-de-inmuebles-para-las-elecciones-de-2027\/\"]}]},{\"@type\":\"ImageObject\",\"inLanguage\":\"es\",\"@id\":\"https:\/\/expresorgv.online\/home\/blog\/2026\/09\/06\/ietam-gastara-hasta-23-mdp-en-renta-de-inmuebles-para-las-elecciones-de-2027\/#primaryimage\",\"url\":\"https:\/\/i0.wp.com\/expresorgv.online\/home\/wp-content\/uploads\/2026\/09\/IETAM.png?fit=591%2C328&ssl=1\",\"contentUrl\":\"https:\/\/i0.wp.com\/expresorgv.online\/home\/wp-content\/uploads\/2026\/09\/IETAM.png?fit=591%2C328&ssl=1\",\"width\":591,\"height\":328},{\"@type\":\"BreadcrumbList\",\"@id\":\"https:\/\/expresorgv.online\/home\/blog\/2026\/09\/06\/ietam-gastara-hasta-23-mdp-en-renta-de-inmuebles-para-las-elecciones-de-2027\/#breadcrumb\",\"itemListElement\":[{\"@type\":\"ListItem\",\"position\":1,\"name\":\"Home\",\"item\":\"https:\/\/expresorgv.online\/home\/\"},{\"@type\":\"ListItem\",\"position\":2,\"name\":\"IETAM gastar\u00e1 hasta 23 mdp en renta de inmuebles para las elecciones de 2027\"}]},{\"@type\":\"WebSite\",\"@id\":\"https:\/\/expresorgv.online\/home\/#website\",\"url\":\"https:\/\/expresorgv.online\/home\/\",\"name\":\"\",\"description\":\"\",\"potentialAction\":[{\"@type\":\"SearchAction\",\"target\":{\"@type\":\"EntryPoint\",\"urlTemplate\":\"https:\/\/expresorgv.online\/home\/?s={search_term_string}\"},\"query-input\":{\"@type\":\"PropertyValueSpecification\",\"valueRequired\":true,\"valueName\":\"search_term_string\"}}],\"inLanguage\":\"es\"},{\"@type\":\"Person\",\"@id\":\"https:\/\/expresorgv.online\/home\/#\/schema\/person\/ae1ed1a575540204b5f59dca7f91f6a2\",\"name\":\"expreso\",\"image\":{\"@type\":\"ImageObject\",\"inLanguage\":\"es\",\"@id\":\"https:\/\/secure.gravatar.com\/avatar\/88cd9f065dcd1b722cd984aac4181386a800c0bca699eaf07e42dd8f820bddee?s=96&d=mm&r=g\",\"url\":\"https:\/\/secure.gravatar.com\/avatar\/88cd9f065dcd1b722cd984aac4181386a800c0bca699eaf07e42dd8f820bddee?s=96&d=mm&r=g\",\"contentUrl\":\"https:\/\/secure.gravatar.com\/avatar\/88cd9f065dcd1b722cd984aac4181386a800c0bca699eaf07e42dd8f820bddee?s=96&d=mm&r=g\",\"caption\":\"expreso\"},\"url\":\"https:\/\/expresorgv.online\/home\/blog\/author\/expreso\/\"}]}<\/script>\n<!-- \/ Yoast SEO plugin. -->","yoast_head_json":{"title":"IETAM gastar\u00e1 hasta 23 mdp en renta de inmuebles para las elecciones de 2027 -","robots":{"index":"index","follow":"follow","max-snippet":"max-snippet:-1","max-image-preview":"max-image-preview:large","max-video-preview":"max-video-preview:-1"},"canonical":"https:\/\/expresorgv.online\/home\/blog\/2026\/09\/06\/ietam-gastara-hasta-23-mdp-en-renta-de-inmuebles-para-las-elecciones-de-2027\/","og_locale":"es_ES","og_type":"article","og_title":"IETAM gastar\u00e1 hasta 23 mdp en renta de inmuebles para las elecciones de 2027","og_description":"Hasta 23 millones de pesos tiene como tope de gasto el Instituto Electoral de Tamaulipas (Ietam) para la renta de los edificios donde se instalar\u00e1n los 65 consejos municipales y distritales durante el proceso electoral de 2027. El presidente del Ietam, Juan Jos\u00e9 Ramos Charre, mencion\u00f3 que este organismo comenz\u00f3 con la planeaci\u00f3n y equipamiento [&hellip;]","og_url":"https:\/\/expresorgv.online\/home\/blog\/2026\/09\/06\/ietam-gastara-hasta-23-mdp-en-renta-de-inmuebles-para-las-elecciones-de-2027\/","article_published_time":"2026-09-06T11:25:04+00:00","article_modified_time":"2026-09-06T11:25:05+00:00","og_image":[{"width":591,"height":328,"url":"https:\/\/expresorgv.online\/home\/wp-content\/uploads\/2026\/09\/IETAM.png","type":"image\/png"}],"author":"expreso","twitter_card":"summary_large_image","twitter_misc":{"Escrito por":"expreso","Tiempo de lectura":"3 minutos"},"schema":{"@context":"https:\/\/schema.org","@graph":[{"@type":"Article","@id":"https:\/\/expresorgv.online\/home\/blog\/2026\/09\/06\/ietam-gastara-hasta-23-mdp-en-renta-de-inmuebles-para-las-elecciones-de-2027\/#article","isPartOf":{"@id":"https:\/\/expresorgv.online\/home\/blog\/2026\/09\/06\/ietam-gastara-hasta-23-mdp-en-renta-de-inmuebles-para-las-elecciones-de-2027\/"},"author":{"name":"expreso","@id":"https:\/\/expresorgv.online\/home\/#\/schema\/person\/ae1ed1a575540204b5f59dca7f91f6a2"},"headline":"IETAM gastar\u00e1 hasta 23 mdp en renta de inmuebles para las elecciones de 2027","datePublished":"2026-09-06T11:25:04+00:00","dateModified":"2026-09-06T11:25:05+00:00","mainEntityOfPage":{"@id":"https:\/\/expresorgv.online\/home\/blog\/2026\/09\/06\/ietam-gastara-hasta-23-mdp-en-renta-de-inmuebles-para-las-elecciones-de-2027\/"},"wordCount":550,"commentCount":0,"image":{"@id":"https:\/\/expresorgv.online\/home\/blog\/2026\/09\/06\/ietam-gastara-hasta-23-mdp-en-renta-de-inmuebles-para-las-elecciones-de-2027\/#primaryimage"},"thumbnailUrl":"https:\/\/i0.wp.com\/expresorgv.online\/home\/wp-content\/uploads\/2026\/09\/IETAM.png?fit=591%2C328&ssl=1","articleSection":["ESTATAL"],"inLanguage":"es","potentialAction":[{"@type":"CommentAction","name":"Comment","target":["https:\/\/expresorgv.online\/home\/blog\/2026\/09\/06\/ietam-gastara-hasta-23-mdp-en-renta-de-inmuebles-para-las-elecciones-de-2027\/#respond"]}]},{"@type":"WebPage","@id":"https:\/\/expresorgv.online\/home\/blog\/2026\/09\/06\/ietam-gastara-hasta-23-mdp-en-renta-de-inmuebles-para-las-elecciones-de-2027\/","url":"https:\/\/expresorgv.online\/home\/blog\/2026\/09\/06\/ietam-gastara-hasta-23-mdp-en-renta-de-inmuebles-para-las-elecciones-de-2027\/","name":"IETAM gastar\u00e1 hasta 23 mdp en renta de inmuebles para las elecciones de 2027 -","isPartOf":{"@id":"https:\/\/expresorgv.online\/home\/#website"},"primaryImageOfPage":{"@id":"https:\/\/expresorgv.online\/home\/blog\/2026\/09\/06\/ietam-gastara-hasta-23-mdp-en-renta-de-inmuebles-para-las-elecciones-de-2027\/#primaryimage"},"image":{"@id":"https:\/\/expresorgv.online\/home\/blog\/2026\/09\/06\/ietam-gastara-hasta-23-mdp-en-renta-de-inmuebles-para-las-elecciones-de-2027\/#primaryimage"},"thumbnailUrl":"https:\/\/i0.wp.com\/expresorgv.online\/home\/wp-content\/uploads\/2026\/09\/IETAM.png?fit=591%2C328&ssl=1","datePublished":"2026-09-06T11:25:04+00:00","dateModified":"2026-09-06T11:25:05+00:00","author":{"@id":"https:\/\/expresorgv.online\/home\/#\/schema\/person\/ae1ed1a575540204b5f59dca7f91f6a2"},"breadcrumb":{"@id":"https:\/\/expresorgv.online\/home\/blog\/2026\/09\/06\/ietam-gastara-hasta-23-mdp-en-renta-de-inmuebles-para-las-elecciones-de-2027\/#breadcrumb"},"inLanguage":"es","potentialAction":[{"@type":"ReadAction","target":["https:\/\/expresorgv.online\/home\/blog\/2026\/09\/06\/ietam-gastara-hasta-23-mdp-en-renta-de-inmuebles-para-las-elecciones-de-2027\/"]}]},{"@type":"ImageObject","inLanguage":"es","@id":"https:\/\/expresorgv.online\/home\/blog\/2026\/09\/06\/ietam-gastara-hasta-23-mdp-en-renta-de-inmuebles-para-las-elecciones-de-2027\/#primaryimage","url":"https:\/\/i0.wp.com\/expresorgv.online\/home\/wp-content\/uploads\/2026\/09\/IETAM.png?fit=591%2C328&ssl=1","contentUrl":"https:\/\/i0.wp.com\/expresorgv.online\/home\/wp-content\/uploads\/2026\/09\/IETAM.png?fit=591%2C328&ssl=1","width":591,"height":328},{"@type":"BreadcrumbList","@id":"https:\/\/expresorgv.online\/home\/blog\/2026\/09\/06\/ietam-gastara-hasta-23-mdp-en-renta-de-inmuebles-para-las-elecciones-de-2027\/#breadcrumb","itemListElement":[{"@type":"ListItem","position":1,"name":"Home","item":"https:\/\/expresorgv.online\/home\/"},{"@type":"ListItem","position":2,"name":"IETAM gastar\u00e1 hasta 23 mdp en renta de inmuebles para las elecciones de 2027"}]},{"@type":"WebSite","@id":"https:\/\/expresorgv.online\/home\/#website","url":"https:\/\/expresorgv.online\/home\/","name":"","description":"","potentialAction":[{"@type":"SearchAction","target":{"@type":"EntryPoint","urlTemplate":"https:\/\/expresorgv.online\/home\/?s={search_term_string}"},"query-input":{"@type":"PropertyValueSpecification","valueRequired":true,"valueName":"search_term_string"}}],"inLanguage":"es"},{"@type":"Person","@id":"https:\/\/expresorgv.online\/home\/#\/schema\/person\/ae1ed1a575540204b5f59dca7f91f6a2","name":"expreso","image":{"@type":"ImageObject","inLanguage":"es","@id":"https:\/\/secure.gravatar.com\/avatar\/88cd9f065dcd1b722cd984aac4181386a800c0bca699eaf07e42dd8f820bddee?s=96&d=mm&r=g","url":"https:\/\/secure.gravatar.com\/avatar\/88cd9f065dcd1b722cd984aac4181386a800c0bca699eaf07e42dd8f820bddee?s=96&d=mm&r=g","contentUrl":"https:\/\/secure.gravatar.com\/avatar\/88cd9f065dcd1b722cd984aac4181386a800c0bca699eaf07e42dd8f820bddee?s=96&d=mm&r=g","caption":"expreso"},"url":"https:\/\/expresorgv.online\/home\/blog\/author\/expreso\/"}]}},"jetpack_featured_media_url":"https:\/\/i0.wp.com\/expresorgv.online\/home\/wp-content\/uploads\/2026\/09\/IETAM.png?fit=591%2C328&ssl=1","_links":{"self":[{"href":"https:\/\/expresorgv.online\/home\/wp-json\/wp\/v2\/posts\/38477","targetHints":{"allow":["GET"]}}],"collection":[{"href":"https:\/\/expresorgv.online\/home\/wp-json\/wp\/v2\/posts"}],"about":[{"href":"https:\/\/expresorgv.online\/home\/wp-json\/wp\/v2\/types\/post"}],"author":[{"embeddable":true,"href":"https:\/\/expresorgv.online\/home\/wp-json\/wp\/v2\/users\/2"}],"replies":[{"embeddable":true,"href":"https:\/\/expresorgv.online\/home\/wp-json\/wp\/v2\/comments?post=38477"}],"version-history":[{"count":1,"href":"https:\/\/expresorgv.online\/home\/wp-json\/wp\/v2\/posts\/38477\/revisions"}],"predecessor-version":[{"id":38479,"href":"https:\/\/expresorgv.online\/home\/wp-json\/wp\/v2\/posts\/38477\/revisions\/38479"}],"wp:featuredmedia":[{"embeddable":true,"href":"https:\/\/expresorgv.online\/home\/wp-json\/wp\/v2\/media\/38478"}],"wp:attachment":[{"href":"https:\/\/expresorgv.online\/home\/wp-json\/wp\/v2\/media?parent=38477"}],"wp:term":[{"taxonomy":"category","embeddable":true,"href":"https:\/\/expresorgv.online\/home\/wp-json\/wp\/v2\/categories?post=38477"},{"taxonomy":"post_tag","embeddable":true,"href":"https:\/\/expresorgv.online\/home\/wp-json\/wp\/v2\/tags?post=38477"}],"curies":[{"name":"wp","href":"https:\/\/api.w.org\/{rel}","templated":true}]}}