{"id":38471,"date":"2026-09-05T17:52:50","date_gmt":"2026-09-05T17:52:50","guid":{"rendered":"https:\/\/expresorgv.online\/home\/?p=38471"},"modified":"2026-09-05T17:58:33","modified_gmt":"2026-09-05T17:58:33","slug":"morena-presenta-queja-ante-el-ine-contra-la-casa-de-los-manosos-tv-azteca-acusa-censura","status":"publish","type":"post","link":"https:\/\/expresorgv.online\/home\/blog\/2026\/09\/05\/morena-presenta-queja-ante-el-ine-contra-la-casa-de-los-manosos-tv-azteca-acusa-censura\/","title":{"rendered":"Morena presenta queja ante el INE contra \u201cLa Casa de los Ma\u00f1osos\u201d; TV Azteca acusa censura"},"content":{"rendered":"\n<p class=\"wp-block-paragraph\">Morena present\u00f3 una queja formal ante el Instituto Nacional Electoral (INE) para solicitar la suspensi\u00f3n y retiro de publicaciones relacionadas con \u201cLa Casa de los Ma\u00f1osos\u201d, una s\u00e1tira pol\u00edtica creada mediante inteligencia artificial (IA).<\/p>\n\n\n\n<p class=\"wp-block-paragraph\">El contenido se presenta en formato de reality show par\u00f3dico y utiliza herramientas de inteligencia artificial para representar, criticar y ridiculizar a figuras p\u00fablicas y legisladores vinculados con Morena. La producci\u00f3n ha circulado principalmente a trav\u00e9s de redes sociales y distintos espacios informativos.<\/p>\n\n\n\n<figure class=\"wp-block-embed is-type-video is-provider-youtube wp-block-embed-youtube wp-embed-aspect-16-9 wp-has-aspect-ratio\"><div class=\"wp-block-embed__wrapper\">\n<iframe loading=\"lazy\" title=\"\u00a1Bienvenidos a La Casa de los Ma\u00f1osos! El reality donde el premio es un fuero y no culpan a Calder\u00f3n\" width=\"640\" height=\"360\" src=\"https:\/\/www.youtube.com\/embed\/bsxCVDqgGLc?feature=oembed\" frameborder=\"0\" allow=\"accelerometer; autoplay; clipboard-write; encrypted-media; gyroscope; picture-in-picture; web-share\" referrerpolicy=\"strict-origin-when-cross-origin\" allowfullscreen><\/iframe>\n<\/div><\/figure>\n\n\n\n<figure class=\"wp-block-embed is-type-video is-provider-youtube wp-block-embed-youtube wp-embed-aspect-16-9 wp-has-aspect-ratio\"><div class=\"wp-block-embed__wrapper\">\n<iframe loading=\"lazy\" title=\"LCDLM - Episodio 2 - \u201c100 maneras de CENSURAR\u201d\" width=\"640\" height=\"360\" src=\"https:\/\/www.youtube.com\/embed\/kzLlYenDSeU?feature=oembed\" frameborder=\"0\" allow=\"accelerometer; autoplay; clipboard-write; encrypted-media; gyroscope; picture-in-picture; web-share\" referrerpolicy=\"strict-origin-when-cross-origin\" allowfullscreen><\/iframe>\n<\/div><\/figure>\n\n\n\n<p class=\"wp-block-paragraph\">De acuerdo con la postura del partido, estas publicaciones afectan sus derechos pol\u00edticos, por lo que solicit\u00f3 la intervenci\u00f3n de la autoridad electoral para frenar su difusi\u00f3n.<\/p>\n\n\n\n<p class=\"wp-block-paragraph\">La petici\u00f3n gener\u00f3 cuestionamientos desde sectores que consideran que una eventual restricci\u00f3n podr\u00eda representar una afectaci\u00f3n a la libertad de expresi\u00f3n y al debate p\u00fablico, particularmente cuando se trata de contenidos sat\u00edricos o de cr\u00edtica pol\u00edtica.<\/p>\n\n\n\n<p class=\"wp-block-paragraph\">En este contexto, TV Azteca y diversos actores pol\u00edticos han se\u00f1alado la acci\u00f3n promovida ante el INE como un posible intento de censura, al considerar que limitar la difusi\u00f3n de una parodia pol\u00edtica podr\u00eda sentar un precedente para otros contenidos de cr\u00edtica y s\u00e1tira.<\/p>\n\n\n\n<p class=\"wp-block-paragraph\">El caso tambi\u00e9n provoc\u00f3 preocupaci\u00f3n en el \u00e1mbito internacional. La Sociedad Interamericana de Prensa (SIP) manifest\u00f3 su inquietud por las posibles consecuencias que restricciones de este tipo podr\u00edan generar para la libertad de expresi\u00f3n y el ejercicio period\u00edstico.<\/p>\n\n\n\n<p class=\"wp-block-paragraph\">La controversia pone nuevamente sobre la mesa los l\u00edmites entre libertad de expresi\u00f3n, s\u00e1tira pol\u00edtica, inteligencia artificial y derechos electorales, en un escenario donde las nuevas tecnolog\u00edas permiten crear y difundir contenidos sobre figuras p\u00fablicas a una velocidad y alcance sin precedentes.<\/p>\n\n\n\n<p class=\"wp-block-paragraph\">La decisi\u00f3n que adopte el INE ser\u00e1 relevante para determinar hasta d\u00f3nde puede intervenir la autoridad electoral frente a contenidos sat\u00edricos difundidos mediante redes sociales y herramientas de inteligencia artificial.<\/p>\n","protected":false},"excerpt":{"rendered":"<p>Morena present\u00f3 una queja formal ante el Instituto Nacional Electoral (INE) para solicitar la suspensi\u00f3n y retiro de publicaciones relacionadas con \u201cLa Casa de los Ma\u00f1osos\u201d, una s\u00e1tira pol\u00edtica creada mediante inteligencia artificial (IA). El contenido se presenta en formato de reality show par\u00f3dico y utiliza herramientas de inteligencia artificial para representar, criticar y ridiculizar [&hellip;]<\/p>\n","protected":false},"author":2,"featured_media":38472,"comment_status":"open","ping_status":"open","sticky":false,"template":"","format":"standard","meta":{"footnotes":""},"categories":[6],"tags":[],"class_list":["post-38471","post","type-post","status-publish","format-standard","has-post-thumbnail","hentry","category-nacional"],"yoast_head":"<!-- This site is optimized with the Yoast SEO plugin v27.2 - https:\/\/yoast.com\/product\/yoast-seo-wordpress\/ -->\n<title>Morena presenta queja ante el INE contra \u201cLa Casa de los Ma\u00f1osos\u201d; TV Azteca acusa censura -<\/title>\n<meta name=\"robots\" content=\"index, follow, max-snippet:-1, max-image-preview:large, max-video-preview:-1\" \/>\n<link rel=\"canonical\" href=\"https:\/\/expresorgv.online\/home\/blog\/2026\/09\/05\/morena-presenta-queja-ante-el-ine-contra-la-casa-de-los-manosos-tv-azteca-acusa-censura\/\" \/>\n<meta property=\"og:locale\" content=\"es_ES\" \/>\n<meta property=\"og:type\" content=\"article\" \/>\n<meta property=\"og:title\" content=\"Morena presenta queja ante el INE contra \u201cLa Casa de los Ma\u00f1osos\u201d; TV Azteca acusa censura\" \/>\n<meta property=\"og:description\" content=\"Morena present\u00f3 una queja formal ante el Instituto Nacional Electoral (INE) para solicitar la suspensi\u00f3n y retiro de publicaciones relacionadas con \u201cLa Casa de los Ma\u00f1osos\u201d, una s\u00e1tira pol\u00edtica creada mediante inteligencia artificial (IA). El contenido se presenta en formato de reality show par\u00f3dico y utiliza herramientas de inteligencia artificial para representar, criticar y ridiculizar [&hellip;]\" \/>\n<meta property=\"og:url\" content=\"https:\/\/expresorgv.online\/home\/blog\/2026\/09\/05\/morena-presenta-queja-ante-el-ine-contra-la-casa-de-los-manosos-tv-azteca-acusa-censura\/\" \/>\n<meta property=\"article:published_time\" content=\"2026-09-05T17:52:50+00:00\" \/>\n<meta property=\"article:modified_time\" content=\"2026-09-05T17:58:33+00:00\" \/>\n<meta property=\"og:image\" content=\"https:\/\/expresorgv.online\/home\/wp-content\/uploads\/2026\/09\/La-Casa-de-los-Manosos.png\" \/>\n\t<meta property=\"og:image:width\" content=\"591\" \/>\n\t<meta property=\"og:image:height\" content=\"328\" \/>\n\t<meta property=\"og:image:type\" content=\"image\/png\" \/>\n<meta name=\"author\" content=\"expreso\" \/>\n<meta name=\"twitter:card\" content=\"summary_large_image\" \/>\n<meta name=\"twitter:label1\" content=\"Escrito por\" \/>\n\t<meta name=\"twitter:data1\" content=\"expreso\" \/>\n\t<meta name=\"twitter:label2\" content=\"Tiempo de lectura\" \/>\n\t<meta name=\"twitter:data2\" content=\"2 minutos\" \/>\n<script type=\"application\/ld+json\" class=\"yoast-schema-graph\">{\"@context\":\"https:\/\/schema.org\",\"@graph\":[{\"@type\":\"Article\",\"@id\":\"https:\/\/expresorgv.online\/home\/blog\/2026\/09\/05\/morena-presenta-queja-ante-el-ine-contra-la-casa-de-los-manosos-tv-azteca-acusa-censura\/#article\",\"isPartOf\":{\"@id\":\"https:\/\/expresorgv.online\/home\/blog\/2026\/09\/05\/morena-presenta-queja-ante-el-ine-contra-la-casa-de-los-manosos-tv-azteca-acusa-censura\/\"},\"author\":{\"name\":\"expreso\",\"@id\":\"https:\/\/expresorgv.online\/home\/#\/schema\/person\/ae1ed1a575540204b5f59dca7f91f6a2\"},\"headline\":\"Morena presenta queja ante el INE contra \u201cLa Casa de los Ma\u00f1osos\u201d; TV Azteca acusa censura\",\"datePublished\":\"2026-09-05T17:52:50+00:00\",\"dateModified\":\"2026-09-05T17:58:33+00:00\",\"mainEntityOfPage\":{\"@id\":\"https:\/\/expresorgv.online\/home\/blog\/2026\/09\/05\/morena-presenta-queja-ante-el-ine-contra-la-casa-de-los-manosos-tv-azteca-acusa-censura\/\"},\"wordCount\":361,\"commentCount\":0,\"image\":{\"@id\":\"https:\/\/expresorgv.online\/home\/blog\/2026\/09\/05\/morena-presenta-queja-ante-el-ine-contra-la-casa-de-los-manosos-tv-azteca-acusa-censura\/#primaryimage\"},\"thumbnailUrl\":\"https:\/\/i0.wp.com\/expresorgv.online\/home\/wp-content\/uploads\/2026\/09\/La-Casa-de-los-Manosos.png?fit=591%2C328&ssl=1\",\"articleSection\":[\"NACIONAL\"],\"inLanguage\":\"es\",\"potentialAction\":[{\"@type\":\"CommentAction\",\"name\":\"Comment\",\"target\":[\"https:\/\/expresorgv.online\/home\/blog\/2026\/09\/05\/morena-presenta-queja-ante-el-ine-contra-la-casa-de-los-manosos-tv-azteca-acusa-censura\/#respond\"]}]},{\"@type\":\"WebPage\",\"@id\":\"https:\/\/expresorgv.online\/home\/blog\/2026\/09\/05\/morena-presenta-queja-ante-el-ine-contra-la-casa-de-los-manosos-tv-azteca-acusa-censura\/\",\"url\":\"https:\/\/expresorgv.online\/home\/blog\/2026\/09\/05\/morena-presenta-queja-ante-el-ine-contra-la-casa-de-los-manosos-tv-azteca-acusa-censura\/\",\"name\":\"Morena presenta queja ante el INE contra \u201cLa Casa de los Ma\u00f1osos\u201d; TV Azteca acusa censura -\",\"isPartOf\":{\"@id\":\"https:\/\/expresorgv.online\/home\/#website\"},\"primaryImageOfPage\":{\"@id\":\"https:\/\/expresorgv.online\/home\/blog\/2026\/09\/05\/morena-presenta-queja-ante-el-ine-contra-la-casa-de-los-manosos-tv-azteca-acusa-censura\/#primaryimage\"},\"image\":{\"@id\":\"https:\/\/expresorgv.online\/home\/blog\/2026\/09\/05\/morena-presenta-queja-ante-el-ine-contra-la-casa-de-los-manosos-tv-azteca-acusa-censura\/#primaryimage\"},\"thumbnailUrl\":\"https:\/\/i0.wp.com\/expresorgv.online\/home\/wp-content\/uploads\/2026\/09\/La-Casa-de-los-Manosos.png?fit=591%2C328&ssl=1\",\"datePublished\":\"2026-09-05T17:52:50+00:00\",\"dateModified\":\"2026-09-05T17:58:33+00:00\",\"author\":{\"@id\":\"https:\/\/expresorgv.online\/home\/#\/schema\/person\/ae1ed1a575540204b5f59dca7f91f6a2\"},\"breadcrumb\":{\"@id\":\"https:\/\/expresorgv.online\/home\/blog\/2026\/09\/05\/morena-presenta-queja-ante-el-ine-contra-la-casa-de-los-manosos-tv-azteca-acusa-censura\/#breadcrumb\"},\"inLanguage\":\"es\",\"potentialAction\":[{\"@type\":\"ReadAction\",\"target\":[\"https:\/\/expresorgv.online\/home\/blog\/2026\/09\/05\/morena-presenta-queja-ante-el-ine-contra-la-casa-de-los-manosos-tv-azteca-acusa-censura\/\"]}]},{\"@type\":\"ImageObject\",\"inLanguage\":\"es\",\"@id\":\"https:\/\/expresorgv.online\/home\/blog\/2026\/09\/05\/morena-presenta-queja-ante-el-ine-contra-la-casa-de-los-manosos-tv-azteca-acusa-censura\/#primaryimage\",\"url\":\"https:\/\/i0.wp.com\/expresorgv.online\/home\/wp-content\/uploads\/2026\/09\/La-Casa-de-los-Manosos.png?fit=591%2C328&ssl=1\",\"contentUrl\":\"https:\/\/i0.wp.com\/expresorgv.online\/home\/wp-content\/uploads\/2026\/09\/La-Casa-de-los-Manosos.png?fit=591%2C328&ssl=1\",\"width\":591,\"height\":328},{\"@type\":\"BreadcrumbList\",\"@id\":\"https:\/\/expresorgv.online\/home\/blog\/2026\/09\/05\/morena-presenta-queja-ante-el-ine-contra-la-casa-de-los-manosos-tv-azteca-acusa-censura\/#breadcrumb\",\"itemListElement\":[{\"@type\":\"ListItem\",\"position\":1,\"name\":\"Home\",\"item\":\"https:\/\/expresorgv.online\/home\/\"},{\"@type\":\"ListItem\",\"position\":2,\"name\":\"Morena presenta queja ante el INE contra \u201cLa Casa de los Ma\u00f1osos\u201d; TV Azteca acusa censura\"}]},{\"@type\":\"WebSite\",\"@id\":\"https:\/\/expresorgv.online\/home\/#website\",\"url\":\"https:\/\/expresorgv.online\/home\/\",\"name\":\"\",\"description\":\"\",\"potentialAction\":[{\"@type\":\"SearchAction\",\"target\":{\"@type\":\"EntryPoint\",\"urlTemplate\":\"https:\/\/expresorgv.online\/home\/?s={search_term_string}\"},\"query-input\":{\"@type\":\"PropertyValueSpecification\",\"valueRequired\":true,\"valueName\":\"search_term_string\"}}],\"inLanguage\":\"es\"},{\"@type\":\"Person\",\"@id\":\"https:\/\/expresorgv.online\/home\/#\/schema\/person\/ae1ed1a575540204b5f59dca7f91f6a2\",\"name\":\"expreso\",\"image\":{\"@type\":\"ImageObject\",\"inLanguage\":\"es\",\"@id\":\"https:\/\/secure.gravatar.com\/avatar\/88cd9f065dcd1b722cd984aac4181386a800c0bca699eaf07e42dd8f820bddee?s=96&d=mm&r=g\",\"url\":\"https:\/\/secure.gravatar.com\/avatar\/88cd9f065dcd1b722cd984aac4181386a800c0bca699eaf07e42dd8f820bddee?s=96&d=mm&r=g\",\"contentUrl\":\"https:\/\/secure.gravatar.com\/avatar\/88cd9f065dcd1b722cd984aac4181386a800c0bca699eaf07e42dd8f820bddee?s=96&d=mm&r=g\",\"caption\":\"expreso\"},\"url\":\"https:\/\/expresorgv.online\/home\/blog\/author\/expreso\/\"}]}<\/script>\n<!-- \/ Yoast SEO plugin. -->","yoast_head_json":{"title":"Morena presenta queja ante el INE contra \u201cLa Casa de los Ma\u00f1osos\u201d; TV Azteca acusa censura -","robots":{"index":"index","follow":"follow","max-snippet":"max-snippet:-1","max-image-preview":"max-image-preview:large","max-video-preview":"max-video-preview:-1"},"canonical":"https:\/\/expresorgv.online\/home\/blog\/2026\/09\/05\/morena-presenta-queja-ante-el-ine-contra-la-casa-de-los-manosos-tv-azteca-acusa-censura\/","og_locale":"es_ES","og_type":"article","og_title":"Morena presenta queja ante el INE contra \u201cLa Casa de los Ma\u00f1osos\u201d; TV Azteca acusa censura","og_description":"Morena present\u00f3 una queja formal ante el Instituto Nacional Electoral (INE) para solicitar la suspensi\u00f3n y retiro de publicaciones relacionadas con \u201cLa Casa de los Ma\u00f1osos\u201d, una s\u00e1tira pol\u00edtica creada mediante inteligencia artificial (IA). El contenido se presenta en formato de reality show par\u00f3dico y utiliza herramientas de inteligencia artificial para representar, criticar y ridiculizar [&hellip;]","og_url":"https:\/\/expresorgv.online\/home\/blog\/2026\/09\/05\/morena-presenta-queja-ante-el-ine-contra-la-casa-de-los-manosos-tv-azteca-acusa-censura\/","article_published_time":"2026-09-05T17:52:50+00:00","article_modified_time":"2026-09-05T17:58:33+00:00","og_image":[{"width":591,"height":328,"url":"https:\/\/expresorgv.online\/home\/wp-content\/uploads\/2026\/09\/La-Casa-de-los-Manosos.png","type":"image\/png"}],"author":"expreso","twitter_card":"summary_large_image","twitter_misc":{"Escrito por":"expreso","Tiempo de lectura":"2 minutos"},"schema":{"@context":"https:\/\/schema.org","@graph":[{"@type":"Article","@id":"https:\/\/expresorgv.online\/home\/blog\/2026\/09\/05\/morena-presenta-queja-ante-el-ine-contra-la-casa-de-los-manosos-tv-azteca-acusa-censura\/#article","isPartOf":{"@id":"https:\/\/expresorgv.online\/home\/blog\/2026\/09\/05\/morena-presenta-queja-ante-el-ine-contra-la-casa-de-los-manosos-tv-azteca-acusa-censura\/"},"author":{"name":"expreso","@id":"https:\/\/expresorgv.online\/home\/#\/schema\/person\/ae1ed1a575540204b5f59dca7f91f6a2"},"headline":"Morena presenta queja ante el INE contra \u201cLa Casa de los Ma\u00f1osos\u201d; TV Azteca acusa censura","datePublished":"2026-09-05T17:52:50+00:00","dateModified":"2026-09-05T17:58:33+00:00","mainEntityOfPage":{"@id":"https:\/\/expresorgv.online\/home\/blog\/2026\/09\/05\/morena-presenta-queja-ante-el-ine-contra-la-casa-de-los-manosos-tv-azteca-acusa-censura\/"},"wordCount":361,"commentCount":0,"image":{"@id":"https:\/\/expresorgv.online\/home\/blog\/2026\/09\/05\/morena-presenta-queja-ante-el-ine-contra-la-casa-de-los-manosos-tv-azteca-acusa-censura\/#primaryimage"},"thumbnailUrl":"https:\/\/i0.wp.com\/expresorgv.online\/home\/wp-content\/uploads\/2026\/09\/La-Casa-de-los-Manosos.png?fit=591%2C328&ssl=1","articleSection":["NACIONAL"],"inLanguage":"es","potentialAction":[{"@type":"CommentAction","name":"Comment","target":["https:\/\/expresorgv.online\/home\/blog\/2026\/09\/05\/morena-presenta-queja-ante-el-ine-contra-la-casa-de-los-manosos-tv-azteca-acusa-censura\/#respond"]}]},{"@type":"WebPage","@id":"https:\/\/expresorgv.online\/home\/blog\/2026\/09\/05\/morena-presenta-queja-ante-el-ine-contra-la-casa-de-los-manosos-tv-azteca-acusa-censura\/","url":"https:\/\/expresorgv.online\/home\/blog\/2026\/09\/05\/morena-presenta-queja-ante-el-ine-contra-la-casa-de-los-manosos-tv-azteca-acusa-censura\/","name":"Morena presenta queja ante el INE contra \u201cLa Casa de los Ma\u00f1osos\u201d; TV Azteca acusa censura -","isPartOf":{"@id":"https:\/\/expresorgv.online\/home\/#website"},"primaryImageOfPage":{"@id":"https:\/\/expresorgv.online\/home\/blog\/2026\/09\/05\/morena-presenta-queja-ante-el-ine-contra-la-casa-de-los-manosos-tv-azteca-acusa-censura\/#primaryimage"},"image":{"@id":"https:\/\/expresorgv.online\/home\/blog\/2026\/09\/05\/morena-presenta-queja-ante-el-ine-contra-la-casa-de-los-manosos-tv-azteca-acusa-censura\/#primaryimage"},"thumbnailUrl":"https:\/\/i0.wp.com\/expresorgv.online\/home\/wp-content\/uploads\/2026\/09\/La-Casa-de-los-Manosos.png?fit=591%2C328&ssl=1","datePublished":"2026-09-05T17:52:50+00:00","dateModified":"2026-09-05T17:58:33+00:00","author":{"@id":"https:\/\/expresorgv.online\/home\/#\/schema\/person\/ae1ed1a575540204b5f59dca7f91f6a2"},"breadcrumb":{"@id":"https:\/\/expresorgv.online\/home\/blog\/2026\/09\/05\/morena-presenta-queja-ante-el-ine-contra-la-casa-de-los-manosos-tv-azteca-acusa-censura\/#breadcrumb"},"inLanguage":"es","potentialAction":[{"@type":"ReadAction","target":["https:\/\/expresorgv.online\/home\/blog\/2026\/09\/05\/morena-presenta-queja-ante-el-ine-contra-la-casa-de-los-manosos-tv-azteca-acusa-censura\/"]}]},{"@type":"ImageObject","inLanguage":"es","@id":"https:\/\/expresorgv.online\/home\/blog\/2026\/09\/05\/morena-presenta-queja-ante-el-ine-contra-la-casa-de-los-manosos-tv-azteca-acusa-censura\/#primaryimage","url":"https:\/\/i0.wp.com\/expresorgv.online\/home\/wp-content\/uploads\/2026\/09\/La-Casa-de-los-Manosos.png?fit=591%2C328&ssl=1","contentUrl":"https:\/\/i0.wp.com\/expresorgv.online\/home\/wp-content\/uploads\/2026\/09\/La-Casa-de-los-Manosos.png?fit=591%2C328&ssl=1","width":591,"height":328},{"@type":"BreadcrumbList","@id":"https:\/\/expresorgv.online\/home\/blog\/2026\/09\/05\/morena-presenta-queja-ante-el-ine-contra-la-casa-de-los-manosos-tv-azteca-acusa-censura\/#breadcrumb","itemListElement":[{"@type":"ListItem","position":1,"name":"Home","item":"https:\/\/expresorgv.online\/home\/"},{"@type":"ListItem","position":2,"name":"Morena presenta queja ante el INE contra \u201cLa Casa de los Ma\u00f1osos\u201d; TV Azteca acusa censura"}]},{"@type":"WebSite","@id":"https:\/\/expresorgv.online\/home\/#website","url":"https:\/\/expresorgv.online\/home\/","name":"","description":"","potentialAction":[{"@type":"SearchAction","target":{"@type":"EntryPoint","urlTemplate":"https:\/\/expresorgv.online\/home\/?s={search_term_string}"},"query-input":{"@type":"PropertyValueSpecification","valueRequired":true,"valueName":"search_term_string"}}],"inLanguage":"es"},{"@type":"Person","@id":"https:\/\/expresorgv.online\/home\/#\/schema\/person\/ae1ed1a575540204b5f59dca7f91f6a2","name":"expreso","image":{"@type":"ImageObject","inLanguage":"es","@id":"https:\/\/secure.gravatar.com\/avatar\/88cd9f065dcd1b722cd984aac4181386a800c0bca699eaf07e42dd8f820bddee?s=96&d=mm&r=g","url":"https:\/\/secure.gravatar.com\/avatar\/88cd9f065dcd1b722cd984aac4181386a800c0bca699eaf07e42dd8f820bddee?s=96&d=mm&r=g","contentUrl":"https:\/\/secure.gravatar.com\/avatar\/88cd9f065dcd1b722cd984aac4181386a800c0bca699eaf07e42dd8f820bddee?s=96&d=mm&r=g","caption":"expreso"},"url":"https:\/\/expresorgv.online\/home\/blog\/author\/expreso\/"}]}},"jetpack_featured_media_url":"https:\/\/i0.wp.com\/expresorgv.online\/home\/wp-content\/uploads\/2026\/09\/La-Casa-de-los-Manosos.png?fit=591%2C328&ssl=1","_links":{"self":[{"href":"https:\/\/expresorgv.online\/home\/wp-json\/wp\/v2\/posts\/38471","targetHints":{"allow":["GET"]}}],"collection":[{"href":"https:\/\/expresorgv.online\/home\/wp-json\/wp\/v2\/posts"}],"about":[{"href":"https:\/\/expresorgv.online\/home\/wp-json\/wp\/v2\/types\/post"}],"author":[{"embeddable":true,"href":"https:\/\/expresorgv.online\/home\/wp-json\/wp\/v2\/users\/2"}],"replies":[{"embeddable":true,"href":"https:\/\/expresorgv.online\/home\/wp-json\/wp\/v2\/comments?post=38471"}],"version-history":[{"count":2,"href":"https:\/\/expresorgv.online\/home\/wp-json\/wp\/v2\/posts\/38471\/revisions"}],"predecessor-version":[{"id":38475,"href":"https:\/\/expresorgv.online\/home\/wp-json\/wp\/v2\/posts\/38471\/revisions\/38475"}],"wp:featuredmedia":[{"embeddable":true,"href":"https:\/\/expresorgv.online\/home\/wp-json\/wp\/v2\/media\/38472"}],"wp:attachment":[{"href":"https:\/\/expresorgv.online\/home\/wp-json\/wp\/v2\/media?parent=38471"}],"wp:term":[{"taxonomy":"category","embeddable":true,"href":"https:\/\/expresorgv.online\/home\/wp-json\/wp\/v2\/categories?post=38471"},{"taxonomy":"post_tag","embeddable":true,"href":"https:\/\/expresorgv.online\/home\/wp-json\/wp\/v2\/tags?post=38471"}],"curies":[{"name":"wp","href":"https:\/\/api.w.org\/{rel}","templated":true}]}}