{"id":38465,"date":"2026-09-05T17:31:14","date_gmt":"2026-09-05T17:31:14","guid":{"rendered":"https:\/\/expresorgv.online\/home\/?p=38465"},"modified":"2026-09-05T17:31:15","modified_gmt":"2026-09-05T17:31:15","slug":"orden-ejecutiva-de-trump-pone-en-riesgo-a-lobo-mexicano","status":"publish","type":"post","link":"https:\/\/expresorgv.online\/home\/blog\/2026\/09\/05\/orden-ejecutiva-de-trump-pone-en-riesgo-a-lobo-mexicano\/","title":{"rendered":"Orden ejecutiva de Trump pone en riesgo a Lobo Mexicano"},"content":{"rendered":"\n<p class=\"wp-block-paragraph\">El presidente de Estados Unidos, Donald Trump firm\u00f3 el viernes una orden ejecutiva que instruye al Departamento del Interior que considere en un plazo no mayor a 90 d\u00edas, retirar al Lobo Mexicano la protecci\u00f3n de la Ley de Especies en Peligro de Extinci\u00f3n.<\/p>\n\n\n\n<p class=\"wp-block-paragraph\">La orden ejecutiva exhorta a la vez a los congresos locales a modificar sus legislaciones que protegen a esta especie compartida con M\u00e9xico, y que pr\u00e1cticamente fue exterminada de ambos lados de la frontera en los a\u00f1os 70, debido a la caza indiscriminada por parte de los ganaderos, que la consideraban una plaga.<\/p>\n\n\n\n<p class=\"wp-block-paragraph\">De esta forma, Trump abre la puerta a que cualquier ranchero pueda disparar contra el Lobo Mexicano, con lo que busca congraciarse con los productores pecuarios, luego de que aprob\u00f3 la importaci\u00f3n de 300 mil toneladas de carne de res sin aranceles procedente de Brasil y Argentina.<\/p>\n\n\n\n<p class=\"wp-block-paragraph\">Seg\u00fan estad\u00edsticas, el Lobo Mexicano representa menos del 1 por ciento de las interacciones y la p\u00e9rdida de ganado bovino en los Estados Unidos.<\/p>\n\n\n\n<p class=\"wp-block-paragraph\">\u00abEsta es una gran distracci\u00f3n para apaciguar a un pu\u00f1ado de ganaderos y hacerles creer que los lobos son una amenaza mayor que las propias pol\u00edticas del presidente Trump\u00bb, advirti\u00f3 Greta Anderson, subdirectora del Proyecto de Cuencas Hidrogr\u00e1ficas del Oeste.<\/p>\n\n\n\n<p class=\"wp-block-paragraph\">Destac\u00f3 que el impacto de los lobos en el sector ganadero palidece en comparaci\u00f3n con el da\u00f1o que provocan los recientes acuerdos comerciales y la realidad de la ganader\u00eda en el \u00e1rido oeste bajo condiciones clim\u00e1ticas cambiantes.<\/p>\n\n\n\n<p class=\"wp-block-paragraph\">Record\u00f3 que los productores pecuarios tienen derecho a una compensaci\u00f3n del 100 por ciento ante las p\u00e9rdidas de cabezas de ganado por la depredaci\u00f3n de los lobos bajo los programas estatales y federales.<\/p>\n\n\n\n<p class=\"wp-block-paragraph\">\u201cEl problema no es el Lobo Mexicano sino m\u00e1s bien el enfoque que le est\u00e1 dando la administraci\u00f3n Trump para resolver supuestos conflictos.<\/p>\n\n\n\n<p class=\"wp-block-paragraph\">Si el presidente realmente quisiera apoyar a los ganaderos, aumentar\u00eda el presupuesto para iniciativas no letales, con lo que se crear\u00edan soluciones duraderas\u00bb, consider\u00f3 Regan Downey, directora de educaci\u00f3n y defensa del Wolf Conservation Center.<\/p>\n\n\n\n<p class=\"wp-block-paragraph\">Por su parte, Michelle Lute, directora ejecutiva de Wildlife for All, indic\u00f3 que la hist\u00f3rica mala gesti\u00f3n de la poblaci\u00f3n estadounidense de Lobo Mexicano, que fueron reintroducida en Arizona y Nuevo M\u00e9xico en 1998, ha llevado a una disminuci\u00f3n en la diversidad gen\u00e9tica de la poblaci\u00f3n acompa\u00f1ada de defectos de nacimiento y menos cachorros que nacen y sobreviven.<\/p>\n\n\n\n<p class=\"wp-block-paragraph\">\u201cS\u00f3lo siete lobos mexicanos fueron rescatados del medio silvestre y criados con \u00e9xito en cautiverio para salvar a la subespecie de la extinci\u00f3n, pero desde entonces la mayor\u00eda de sus genes se han perdido\u201d, lament\u00f3.<\/p>\n\n\n\n<p class=\"wp-block-paragraph\">A su vez, Sandy Bahr, directora de Sierra Club cap\u00edtulo Grand Canyon, manifest\u00f3 que durante mucho tiempo, especies como el Lobo Mexicano, han estado sujetas a los caprichos de pol\u00edticos que saben muy poco sobre animales en peligro de extinci\u00f3n.<\/p>\n\n\n\n<p class=\"wp-block-paragraph\">Un censo reciente confirma la presencia de 317 ejemplares de Lobo Mexicano en vida silvestre en Arizona y Nuevo M\u00e9xico, que est\u00e1n en riesgo de desparecer con esta nueva orden ejecutiva de Donald Trump.<\/p>\n","protected":false},"excerpt":{"rendered":"<p>El presidente de Estados Unidos, Donald Trump firm\u00f3 el viernes una orden ejecutiva que instruye al Departamento del Interior que considere en un plazo no mayor a 90 d\u00edas, retirar al Lobo Mexicano la protecci\u00f3n de la Ley de Especies en Peligro de Extinci\u00f3n. La orden ejecutiva exhorta a la vez a los congresos locales [&hellip;]<\/p>\n","protected":false},"author":2,"featured_media":38466,"comment_status":"open","ping_status":"open","sticky":false,"template":"","format":"standard","meta":{"footnotes":""},"categories":[7],"tags":[],"class_list":["post-38465","post","type-post","status-publish","format-standard","has-post-thumbnail","hentry","category-internacional"],"yoast_head":"<!-- This site is optimized with the Yoast SEO plugin v27.2 - https:\/\/yoast.com\/product\/yoast-seo-wordpress\/ -->\n<title>Orden ejecutiva de Trump pone en riesgo a Lobo Mexicano -<\/title>\n<meta name=\"robots\" content=\"index, follow, max-snippet:-1, max-image-preview:large, max-video-preview:-1\" \/>\n<link rel=\"canonical\" href=\"https:\/\/expresorgv.online\/home\/blog\/2026\/09\/05\/orden-ejecutiva-de-trump-pone-en-riesgo-a-lobo-mexicano\/\" \/>\n<meta property=\"og:locale\" content=\"es_ES\" \/>\n<meta property=\"og:type\" content=\"article\" \/>\n<meta property=\"og:title\" content=\"Orden ejecutiva de Trump pone en riesgo a Lobo Mexicano\" \/>\n<meta property=\"og:description\" content=\"El presidente de Estados Unidos, Donald Trump firm\u00f3 el viernes una orden ejecutiva que instruye al Departamento del Interior que considere en un plazo no mayor a 90 d\u00edas, retirar al Lobo Mexicano la protecci\u00f3n de la Ley de Especies en Peligro de Extinci\u00f3n. La orden ejecutiva exhorta a la vez a los congresos locales [&hellip;]\" \/>\n<meta property=\"og:url\" content=\"https:\/\/expresorgv.online\/home\/blog\/2026\/09\/05\/orden-ejecutiva-de-trump-pone-en-riesgo-a-lobo-mexicano\/\" \/>\n<meta property=\"article:published_time\" content=\"2026-09-05T17:31:14+00:00\" \/>\n<meta property=\"article:modified_time\" content=\"2026-09-05T17:31:15+00:00\" \/>\n<meta property=\"og:image\" content=\"https:\/\/expresorgv.online\/home\/wp-content\/uploads\/2026\/09\/Lobo-Mexicano.png\" \/>\n\t<meta property=\"og:image:width\" content=\"591\" \/>\n\t<meta property=\"og:image:height\" content=\"328\" \/>\n\t<meta property=\"og:image:type\" content=\"image\/png\" \/>\n<meta name=\"author\" content=\"expreso\" \/>\n<meta name=\"twitter:card\" content=\"summary_large_image\" \/>\n<meta name=\"twitter:label1\" content=\"Escrito por\" \/>\n\t<meta name=\"twitter:data1\" content=\"expreso\" \/>\n\t<meta name=\"twitter:label2\" content=\"Tiempo de lectura\" \/>\n\t<meta name=\"twitter:data2\" content=\"3 minutos\" \/>\n<script type=\"application\/ld+json\" class=\"yoast-schema-graph\">{\"@context\":\"https:\/\/schema.org\",\"@graph\":[{\"@type\":\"Article\",\"@id\":\"https:\/\/expresorgv.online\/home\/blog\/2026\/09\/05\/orden-ejecutiva-de-trump-pone-en-riesgo-a-lobo-mexicano\/#article\",\"isPartOf\":{\"@id\":\"https:\/\/expresorgv.online\/home\/blog\/2026\/09\/05\/orden-ejecutiva-de-trump-pone-en-riesgo-a-lobo-mexicano\/\"},\"author\":{\"name\":\"expreso\",\"@id\":\"https:\/\/expresorgv.online\/home\/#\/schema\/person\/ae1ed1a575540204b5f59dca7f91f6a2\"},\"headline\":\"Orden ejecutiva de Trump pone en riesgo a Lobo Mexicano\",\"datePublished\":\"2026-09-05T17:31:14+00:00\",\"dateModified\":\"2026-09-05T17:31:15+00:00\",\"mainEntityOfPage\":{\"@id\":\"https:\/\/expresorgv.online\/home\/blog\/2026\/09\/05\/orden-ejecutiva-de-trump-pone-en-riesgo-a-lobo-mexicano\/\"},\"wordCount\":548,\"commentCount\":0,\"image\":{\"@id\":\"https:\/\/expresorgv.online\/home\/blog\/2026\/09\/05\/orden-ejecutiva-de-trump-pone-en-riesgo-a-lobo-mexicano\/#primaryimage\"},\"thumbnailUrl\":\"https:\/\/i0.wp.com\/expresorgv.online\/home\/wp-content\/uploads\/2026\/09\/Lobo-Mexicano.png?fit=591%2C328&ssl=1\",\"articleSection\":[\"INTERNACIONAL\"],\"inLanguage\":\"es\",\"potentialAction\":[{\"@type\":\"CommentAction\",\"name\":\"Comment\",\"target\":[\"https:\/\/expresorgv.online\/home\/blog\/2026\/09\/05\/orden-ejecutiva-de-trump-pone-en-riesgo-a-lobo-mexicano\/#respond\"]}]},{\"@type\":\"WebPage\",\"@id\":\"https:\/\/expresorgv.online\/home\/blog\/2026\/09\/05\/orden-ejecutiva-de-trump-pone-en-riesgo-a-lobo-mexicano\/\",\"url\":\"https:\/\/expresorgv.online\/home\/blog\/2026\/09\/05\/orden-ejecutiva-de-trump-pone-en-riesgo-a-lobo-mexicano\/\",\"name\":\"Orden ejecutiva de Trump pone en riesgo a Lobo Mexicano -\",\"isPartOf\":{\"@id\":\"https:\/\/expresorgv.online\/home\/#website\"},\"primaryImageOfPage\":{\"@id\":\"https:\/\/expresorgv.online\/home\/blog\/2026\/09\/05\/orden-ejecutiva-de-trump-pone-en-riesgo-a-lobo-mexicano\/#primaryimage\"},\"image\":{\"@id\":\"https:\/\/expresorgv.online\/home\/blog\/2026\/09\/05\/orden-ejecutiva-de-trump-pone-en-riesgo-a-lobo-mexicano\/#primaryimage\"},\"thumbnailUrl\":\"https:\/\/i0.wp.com\/expresorgv.online\/home\/wp-content\/uploads\/2026\/09\/Lobo-Mexicano.png?fit=591%2C328&ssl=1\",\"datePublished\":\"2026-09-05T17:31:14+00:00\",\"dateModified\":\"2026-09-05T17:31:15+00:00\",\"author\":{\"@id\":\"https:\/\/expresorgv.online\/home\/#\/schema\/person\/ae1ed1a575540204b5f59dca7f91f6a2\"},\"breadcrumb\":{\"@id\":\"https:\/\/expresorgv.online\/home\/blog\/2026\/09\/05\/orden-ejecutiva-de-trump-pone-en-riesgo-a-lobo-mexicano\/#breadcrumb\"},\"inLanguage\":\"es\",\"potentialAction\":[{\"@type\":\"ReadAction\",\"target\":[\"https:\/\/expresorgv.online\/home\/blog\/2026\/09\/05\/orden-ejecutiva-de-trump-pone-en-riesgo-a-lobo-mexicano\/\"]}]},{\"@type\":\"ImageObject\",\"inLanguage\":\"es\",\"@id\":\"https:\/\/expresorgv.online\/home\/blog\/2026\/09\/05\/orden-ejecutiva-de-trump-pone-en-riesgo-a-lobo-mexicano\/#primaryimage\",\"url\":\"https:\/\/i0.wp.com\/expresorgv.online\/home\/wp-content\/uploads\/2026\/09\/Lobo-Mexicano.png?fit=591%2C328&ssl=1\",\"contentUrl\":\"https:\/\/i0.wp.com\/expresorgv.online\/home\/wp-content\/uploads\/2026\/09\/Lobo-Mexicano.png?fit=591%2C328&ssl=1\",\"width\":591,\"height\":328},{\"@type\":\"BreadcrumbList\",\"@id\":\"https:\/\/expresorgv.online\/home\/blog\/2026\/09\/05\/orden-ejecutiva-de-trump-pone-en-riesgo-a-lobo-mexicano\/#breadcrumb\",\"itemListElement\":[{\"@type\":\"ListItem\",\"position\":1,\"name\":\"Home\",\"item\":\"https:\/\/expresorgv.online\/home\/\"},{\"@type\":\"ListItem\",\"position\":2,\"name\":\"Orden ejecutiva de Trump pone en riesgo a Lobo Mexicano\"}]},{\"@type\":\"WebSite\",\"@id\":\"https:\/\/expresorgv.online\/home\/#website\",\"url\":\"https:\/\/expresorgv.online\/home\/\",\"name\":\"\",\"description\":\"\",\"potentialAction\":[{\"@type\":\"SearchAction\",\"target\":{\"@type\":\"EntryPoint\",\"urlTemplate\":\"https:\/\/expresorgv.online\/home\/?s={search_term_string}\"},\"query-input\":{\"@type\":\"PropertyValueSpecification\",\"valueRequired\":true,\"valueName\":\"search_term_string\"}}],\"inLanguage\":\"es\"},{\"@type\":\"Person\",\"@id\":\"https:\/\/expresorgv.online\/home\/#\/schema\/person\/ae1ed1a575540204b5f59dca7f91f6a2\",\"name\":\"expreso\",\"image\":{\"@type\":\"ImageObject\",\"inLanguage\":\"es\",\"@id\":\"https:\/\/secure.gravatar.com\/avatar\/88cd9f065dcd1b722cd984aac4181386a800c0bca699eaf07e42dd8f820bddee?s=96&d=mm&r=g\",\"url\":\"https:\/\/secure.gravatar.com\/avatar\/88cd9f065dcd1b722cd984aac4181386a800c0bca699eaf07e42dd8f820bddee?s=96&d=mm&r=g\",\"contentUrl\":\"https:\/\/secure.gravatar.com\/avatar\/88cd9f065dcd1b722cd984aac4181386a800c0bca699eaf07e42dd8f820bddee?s=96&d=mm&r=g\",\"caption\":\"expreso\"},\"url\":\"https:\/\/expresorgv.online\/home\/blog\/author\/expreso\/\"}]}<\/script>\n<!-- \/ Yoast SEO plugin. -->","yoast_head_json":{"title":"Orden ejecutiva de Trump pone en riesgo a Lobo Mexicano -","robots":{"index":"index","follow":"follow","max-snippet":"max-snippet:-1","max-image-preview":"max-image-preview:large","max-video-preview":"max-video-preview:-1"},"canonical":"https:\/\/expresorgv.online\/home\/blog\/2026\/09\/05\/orden-ejecutiva-de-trump-pone-en-riesgo-a-lobo-mexicano\/","og_locale":"es_ES","og_type":"article","og_title":"Orden ejecutiva de Trump pone en riesgo a Lobo Mexicano","og_description":"El presidente de Estados Unidos, Donald Trump firm\u00f3 el viernes una orden ejecutiva que instruye al Departamento del Interior que considere en un plazo no mayor a 90 d\u00edas, retirar al Lobo Mexicano la protecci\u00f3n de la Ley de Especies en Peligro de Extinci\u00f3n. La orden ejecutiva exhorta a la vez a los congresos locales [&hellip;]","og_url":"https:\/\/expresorgv.online\/home\/blog\/2026\/09\/05\/orden-ejecutiva-de-trump-pone-en-riesgo-a-lobo-mexicano\/","article_published_time":"2026-09-05T17:31:14+00:00","article_modified_time":"2026-09-05T17:31:15+00:00","og_image":[{"width":591,"height":328,"url":"https:\/\/expresorgv.online\/home\/wp-content\/uploads\/2026\/09\/Lobo-Mexicano.png","type":"image\/png"}],"author":"expreso","twitter_card":"summary_large_image","twitter_misc":{"Escrito por":"expreso","Tiempo de lectura":"3 minutos"},"schema":{"@context":"https:\/\/schema.org","@graph":[{"@type":"Article","@id":"https:\/\/expresorgv.online\/home\/blog\/2026\/09\/05\/orden-ejecutiva-de-trump-pone-en-riesgo-a-lobo-mexicano\/#article","isPartOf":{"@id":"https:\/\/expresorgv.online\/home\/blog\/2026\/09\/05\/orden-ejecutiva-de-trump-pone-en-riesgo-a-lobo-mexicano\/"},"author":{"name":"expreso","@id":"https:\/\/expresorgv.online\/home\/#\/schema\/person\/ae1ed1a575540204b5f59dca7f91f6a2"},"headline":"Orden ejecutiva de Trump pone en riesgo a Lobo Mexicano","datePublished":"2026-09-05T17:31:14+00:00","dateModified":"2026-09-05T17:31:15+00:00","mainEntityOfPage":{"@id":"https:\/\/expresorgv.online\/home\/blog\/2026\/09\/05\/orden-ejecutiva-de-trump-pone-en-riesgo-a-lobo-mexicano\/"},"wordCount":548,"commentCount":0,"image":{"@id":"https:\/\/expresorgv.online\/home\/blog\/2026\/09\/05\/orden-ejecutiva-de-trump-pone-en-riesgo-a-lobo-mexicano\/#primaryimage"},"thumbnailUrl":"https:\/\/i0.wp.com\/expresorgv.online\/home\/wp-content\/uploads\/2026\/09\/Lobo-Mexicano.png?fit=591%2C328&ssl=1","articleSection":["INTERNACIONAL"],"inLanguage":"es","potentialAction":[{"@type":"CommentAction","name":"Comment","target":["https:\/\/expresorgv.online\/home\/blog\/2026\/09\/05\/orden-ejecutiva-de-trump-pone-en-riesgo-a-lobo-mexicano\/#respond"]}]},{"@type":"WebPage","@id":"https:\/\/expresorgv.online\/home\/blog\/2026\/09\/05\/orden-ejecutiva-de-trump-pone-en-riesgo-a-lobo-mexicano\/","url":"https:\/\/expresorgv.online\/home\/blog\/2026\/09\/05\/orden-ejecutiva-de-trump-pone-en-riesgo-a-lobo-mexicano\/","name":"Orden ejecutiva de Trump pone en riesgo a Lobo Mexicano -","isPartOf":{"@id":"https:\/\/expresorgv.online\/home\/#website"},"primaryImageOfPage":{"@id":"https:\/\/expresorgv.online\/home\/blog\/2026\/09\/05\/orden-ejecutiva-de-trump-pone-en-riesgo-a-lobo-mexicano\/#primaryimage"},"image":{"@id":"https:\/\/expresorgv.online\/home\/blog\/2026\/09\/05\/orden-ejecutiva-de-trump-pone-en-riesgo-a-lobo-mexicano\/#primaryimage"},"thumbnailUrl":"https:\/\/i0.wp.com\/expresorgv.online\/home\/wp-content\/uploads\/2026\/09\/Lobo-Mexicano.png?fit=591%2C328&ssl=1","datePublished":"2026-09-05T17:31:14+00:00","dateModified":"2026-09-05T17:31:15+00:00","author":{"@id":"https:\/\/expresorgv.online\/home\/#\/schema\/person\/ae1ed1a575540204b5f59dca7f91f6a2"},"breadcrumb":{"@id":"https:\/\/expresorgv.online\/home\/blog\/2026\/09\/05\/orden-ejecutiva-de-trump-pone-en-riesgo-a-lobo-mexicano\/#breadcrumb"},"inLanguage":"es","potentialAction":[{"@type":"ReadAction","target":["https:\/\/expresorgv.online\/home\/blog\/2026\/09\/05\/orden-ejecutiva-de-trump-pone-en-riesgo-a-lobo-mexicano\/"]}]},{"@type":"ImageObject","inLanguage":"es","@id":"https:\/\/expresorgv.online\/home\/blog\/2026\/09\/05\/orden-ejecutiva-de-trump-pone-en-riesgo-a-lobo-mexicano\/#primaryimage","url":"https:\/\/i0.wp.com\/expresorgv.online\/home\/wp-content\/uploads\/2026\/09\/Lobo-Mexicano.png?fit=591%2C328&ssl=1","contentUrl":"https:\/\/i0.wp.com\/expresorgv.online\/home\/wp-content\/uploads\/2026\/09\/Lobo-Mexicano.png?fit=591%2C328&ssl=1","width":591,"height":328},{"@type":"BreadcrumbList","@id":"https:\/\/expresorgv.online\/home\/blog\/2026\/09\/05\/orden-ejecutiva-de-trump-pone-en-riesgo-a-lobo-mexicano\/#breadcrumb","itemListElement":[{"@type":"ListItem","position":1,"name":"Home","item":"https:\/\/expresorgv.online\/home\/"},{"@type":"ListItem","position":2,"name":"Orden ejecutiva de Trump pone en riesgo a Lobo Mexicano"}]},{"@type":"WebSite","@id":"https:\/\/expresorgv.online\/home\/#website","url":"https:\/\/expresorgv.online\/home\/","name":"","description":"","potentialAction":[{"@type":"SearchAction","target":{"@type":"EntryPoint","urlTemplate":"https:\/\/expresorgv.online\/home\/?s={search_term_string}"},"query-input":{"@type":"PropertyValueSpecification","valueRequired":true,"valueName":"search_term_string"}}],"inLanguage":"es"},{"@type":"Person","@id":"https:\/\/expresorgv.online\/home\/#\/schema\/person\/ae1ed1a575540204b5f59dca7f91f6a2","name":"expreso","image":{"@type":"ImageObject","inLanguage":"es","@id":"https:\/\/secure.gravatar.com\/avatar\/88cd9f065dcd1b722cd984aac4181386a800c0bca699eaf07e42dd8f820bddee?s=96&d=mm&r=g","url":"https:\/\/secure.gravatar.com\/avatar\/88cd9f065dcd1b722cd984aac4181386a800c0bca699eaf07e42dd8f820bddee?s=96&d=mm&r=g","contentUrl":"https:\/\/secure.gravatar.com\/avatar\/88cd9f065dcd1b722cd984aac4181386a800c0bca699eaf07e42dd8f820bddee?s=96&d=mm&r=g","caption":"expreso"},"url":"https:\/\/expresorgv.online\/home\/blog\/author\/expreso\/"}]}},"jetpack_featured_media_url":"https:\/\/i0.wp.com\/expresorgv.online\/home\/wp-content\/uploads\/2026\/09\/Lobo-Mexicano.png?fit=591%2C328&ssl=1","_links":{"self":[{"href":"https:\/\/expresorgv.online\/home\/wp-json\/wp\/v2\/posts\/38465","targetHints":{"allow":["GET"]}}],"collection":[{"href":"https:\/\/expresorgv.online\/home\/wp-json\/wp\/v2\/posts"}],"about":[{"href":"https:\/\/expresorgv.online\/home\/wp-json\/wp\/v2\/types\/post"}],"author":[{"embeddable":true,"href":"https:\/\/expresorgv.online\/home\/wp-json\/wp\/v2\/users\/2"}],"replies":[{"embeddable":true,"href":"https:\/\/expresorgv.online\/home\/wp-json\/wp\/v2\/comments?post=38465"}],"version-history":[{"count":1,"href":"https:\/\/expresorgv.online\/home\/wp-json\/wp\/v2\/posts\/38465\/revisions"}],"predecessor-version":[{"id":38467,"href":"https:\/\/expresorgv.online\/home\/wp-json\/wp\/v2\/posts\/38465\/revisions\/38467"}],"wp:featuredmedia":[{"embeddable":true,"href":"https:\/\/expresorgv.online\/home\/wp-json\/wp\/v2\/media\/38466"}],"wp:attachment":[{"href":"https:\/\/expresorgv.online\/home\/wp-json\/wp\/v2\/media?parent=38465"}],"wp:term":[{"taxonomy":"category","embeddable":true,"href":"https:\/\/expresorgv.online\/home\/wp-json\/wp\/v2\/categories?post=38465"},{"taxonomy":"post_tag","embeddable":true,"href":"https:\/\/expresorgv.online\/home\/wp-json\/wp\/v2\/tags?post=38465"}],"curies":[{"name":"wp","href":"https:\/\/api.w.org\/{rel}","templated":true}]}}