{"id":38462,"date":"2026-09-05T14:04:29","date_gmt":"2026-09-05T14:04:29","guid":{"rendered":"https:\/\/expresorgv.online\/home\/?p=38462"},"modified":"2026-09-05T14:04:30","modified_gmt":"2026-09-05T14:04:30","slug":"asesinan-a-dos-agentes-federales-en-ataque-armado-en-omealca-veracruz","status":"publish","type":"post","link":"https:\/\/expresorgv.online\/home\/blog\/2026\/09\/05\/asesinan-a-dos-agentes-federales-en-ataque-armado-en-omealca-veracruz\/","title":{"rendered":"Asesinan a dos agentes federales en ataque armado en Omealca, Veracruz"},"content":{"rendered":"\n<p class=\"wp-block-paragraph\">Dos agentes federales de la Secretar\u00eda de Seguridad y Protecci\u00f3n Ciudadana (SSPC) murieron y una agente result\u00f3 lesionada luego de ser atacados a balazos mientras realizaban labores de investigaci\u00f3n en el municipio de Omealca, Veracruz.<\/p>\n\n\n\n<p class=\"wp-block-paragraph\">El hecho fue confirmado por Omar Garc\u00eda Harfuch, titular de la SSPC, quien inform\u00f3 que los agentes fueron agredidos por integrantes de la delincuencia organizada durante un operativo de investigaci\u00f3n.<\/p>\n\n\n\n<p class=\"wp-block-paragraph\">A trav\u00e9s de redes sociales, Garc\u00eda Harfuch lament\u00f3 el fallecimiento de los dos elementos y expres\u00f3 su solidaridad con sus familias, compa\u00f1eros y seres queridos:<\/p>\n\n\n\n<p class=\"wp-block-paragraph\">\u00abMientras Agentes Federales de @SSPCMexico realizaban labores de investigaci\u00f3n en Omealca, Veracruz, fueron agredidos con disparos de arma de fuego por integrantes de la delincuencia organizada. Lamentablemente dos agentes federales perdieron la vida y una compa\u00f1era result\u00f3 lesionada; recibe atenci\u00f3n m\u00e9dica y cuenta con todo nuestro respaldo.<\/p>\n\n\n\n<p class=\"wp-block-paragraph\">Expresamos nuestro m\u00e1s sentido p\u00e9same y solidaridad a las familias, compa\u00f1eros y seres queridos de nuestros agentes fallecidos. Reconocemos su valent\u00eda y compromiso con la protecci\u00f3n de la ciudadan\u00eda. Desde el primer momento se despleg\u00f3 un operativo para localizar y detener a los responsables. Agradecemos el apoyo inmediato y la coordinaci\u00f3n de la Secretar\u00eda de la Defensa Nacional @Defensamx1, la Secretar\u00eda de Marina @SEMAR_mx, la Guardia Nacional @GN_MEXICO_, la Secretar\u00eda de Seguridad P\u00fablica y la Fiscal\u00eda General del Estado de Veracruz, y las autoridades de Oaxaca. Este crimen no quedar\u00e1 impune. Los responsables ser\u00e1n llevados ante la justicia. Continuaremos informando\u00bb.<\/p>\n\n\n\n<p class=\"wp-block-paragraph\">Despliegan operativo en Omealca para localizar a los responsables<\/p>\n\n\n\n<p class=\"wp-block-paragraph\">La agente que result\u00f3 herida fue trasladada para recibir atenci\u00f3n m\u00e9dica y, de acuerdo con el funcionario federal, cuenta con el respaldo de las autoridades.<\/p>\n\n\n\n<p class=\"wp-block-paragraph\">Tras la agresi\u00f3n, las autoridades desplegaron un operativo para localizar y detener a los responsables del ataque contra los agentes federales en Omealca.<\/p>\n\n\n\n<p class=\"wp-block-paragraph\">El titular de la SSPC asegur\u00f3 que el crimen no quedar\u00e1 impune y afirm\u00f3 que los responsables ser\u00e1n llevados ante la justicia.<\/p>\n\n\n\n<p class=\"wp-block-paragraph\"><strong>Investigaci\u00f3n contin\u00faa<\/strong><\/p>\n\n\n\n<p class=\"wp-block-paragraph\">Hasta el momento, las autoridades no han informado p\u00fablicamente la identidad de los agentes fallecidos ni se han dado a conocer detalles sobre el n\u00famero de personas que participaron en la agresi\u00f3n.<\/p>\n\n\n\n<p class=\"wp-block-paragraph\">El despliegue de seguridad contin\u00faa en la zona de Omealca, Veracruz, como parte de las acciones para ubicar a los responsables del ataque.<\/p>\n","protected":false},"excerpt":{"rendered":"<p>Dos agentes federales de la Secretar\u00eda de Seguridad y Protecci\u00f3n Ciudadana (SSPC) murieron y una agente result\u00f3 lesionada luego de ser atacados a balazos mientras realizaban labores de investigaci\u00f3n en el municipio de Omealca, Veracruz. El hecho fue confirmado por Omar Garc\u00eda Harfuch, titular de la SSPC, quien inform\u00f3 que los agentes fueron agredidos por [&hellip;]<\/p>\n","protected":false},"author":2,"featured_media":38463,"comment_status":"open","ping_status":"open","sticky":false,"template":"","format":"standard","meta":{"footnotes":""},"categories":[6],"tags":[],"class_list":["post-38462","post","type-post","status-publish","format-standard","has-post-thumbnail","hentry","category-nacional"],"yoast_head":"<!-- This site is optimized with the Yoast SEO plugin v27.2 - https:\/\/yoast.com\/product\/yoast-seo-wordpress\/ -->\n<title>Asesinan a dos agentes federales en ataque armado en Omealca, Veracruz -<\/title>\n<meta name=\"robots\" content=\"index, follow, max-snippet:-1, max-image-preview:large, max-video-preview:-1\" \/>\n<link rel=\"canonical\" href=\"https:\/\/expresorgv.online\/home\/blog\/2026\/09\/05\/asesinan-a-dos-agentes-federales-en-ataque-armado-en-omealca-veracruz\/\" \/>\n<meta property=\"og:locale\" content=\"es_ES\" \/>\n<meta property=\"og:type\" content=\"article\" \/>\n<meta property=\"og:title\" content=\"Asesinan a dos agentes federales en ataque armado en Omealca, Veracruz\" \/>\n<meta property=\"og:description\" content=\"Dos agentes federales de la Secretar\u00eda de Seguridad y Protecci\u00f3n Ciudadana (SSPC) murieron y una agente result\u00f3 lesionada luego de ser atacados a balazos mientras realizaban labores de investigaci\u00f3n en el municipio de Omealca, Veracruz. El hecho fue confirmado por Omar Garc\u00eda Harfuch, titular de la SSPC, quien inform\u00f3 que los agentes fueron agredidos por [&hellip;]\" \/>\n<meta property=\"og:url\" content=\"https:\/\/expresorgv.online\/home\/blog\/2026\/09\/05\/asesinan-a-dos-agentes-federales-en-ataque-armado-en-omealca-veracruz\/\" \/>\n<meta property=\"article:published_time\" content=\"2026-09-05T14:04:29+00:00\" \/>\n<meta property=\"article:modified_time\" content=\"2026-09-05T14:04:30+00:00\" \/>\n<meta property=\"og:image\" content=\"https:\/\/expresorgv.online\/home\/wp-content\/uploads\/2026\/09\/Policia.png\" \/>\n\t<meta property=\"og:image:width\" content=\"591\" \/>\n\t<meta property=\"og:image:height\" content=\"328\" \/>\n\t<meta property=\"og:image:type\" content=\"image\/png\" \/>\n<meta name=\"author\" content=\"expreso\" \/>\n<meta name=\"twitter:card\" content=\"summary_large_image\" \/>\n<meta name=\"twitter:label1\" content=\"Escrito por\" \/>\n\t<meta name=\"twitter:data1\" content=\"expreso\" \/>\n\t<meta name=\"twitter:label2\" content=\"Tiempo de lectura\" \/>\n\t<meta name=\"twitter:data2\" content=\"2 minutos\" \/>\n<script type=\"application\/ld+json\" class=\"yoast-schema-graph\">{\"@context\":\"https:\/\/schema.org\",\"@graph\":[{\"@type\":\"Article\",\"@id\":\"https:\/\/expresorgv.online\/home\/blog\/2026\/09\/05\/asesinan-a-dos-agentes-federales-en-ataque-armado-en-omealca-veracruz\/#article\",\"isPartOf\":{\"@id\":\"https:\/\/expresorgv.online\/home\/blog\/2026\/09\/05\/asesinan-a-dos-agentes-federales-en-ataque-armado-en-omealca-veracruz\/\"},\"author\":{\"name\":\"expreso\",\"@id\":\"https:\/\/expresorgv.online\/home\/#\/schema\/person\/ae1ed1a575540204b5f59dca7f91f6a2\"},\"headline\":\"Asesinan a dos agentes federales en ataque armado en Omealca, Veracruz\",\"datePublished\":\"2026-09-05T14:04:29+00:00\",\"dateModified\":\"2026-09-05T14:04:30+00:00\",\"mainEntityOfPage\":{\"@id\":\"https:\/\/expresorgv.online\/home\/blog\/2026\/09\/05\/asesinan-a-dos-agentes-federales-en-ataque-armado-en-omealca-veracruz\/\"},\"wordCount\":421,\"commentCount\":0,\"image\":{\"@id\":\"https:\/\/expresorgv.online\/home\/blog\/2026\/09\/05\/asesinan-a-dos-agentes-federales-en-ataque-armado-en-omealca-veracruz\/#primaryimage\"},\"thumbnailUrl\":\"https:\/\/i0.wp.com\/expresorgv.online\/home\/wp-content\/uploads\/2026\/09\/Policia.png?fit=591%2C328&ssl=1\",\"articleSection\":[\"NACIONAL\"],\"inLanguage\":\"es\",\"potentialAction\":[{\"@type\":\"CommentAction\",\"name\":\"Comment\",\"target\":[\"https:\/\/expresorgv.online\/home\/blog\/2026\/09\/05\/asesinan-a-dos-agentes-federales-en-ataque-armado-en-omealca-veracruz\/#respond\"]}]},{\"@type\":\"WebPage\",\"@id\":\"https:\/\/expresorgv.online\/home\/blog\/2026\/09\/05\/asesinan-a-dos-agentes-federales-en-ataque-armado-en-omealca-veracruz\/\",\"url\":\"https:\/\/expresorgv.online\/home\/blog\/2026\/09\/05\/asesinan-a-dos-agentes-federales-en-ataque-armado-en-omealca-veracruz\/\",\"name\":\"Asesinan a dos agentes federales en ataque armado en Omealca, Veracruz -\",\"isPartOf\":{\"@id\":\"https:\/\/expresorgv.online\/home\/#website\"},\"primaryImageOfPage\":{\"@id\":\"https:\/\/expresorgv.online\/home\/blog\/2026\/09\/05\/asesinan-a-dos-agentes-federales-en-ataque-armado-en-omealca-veracruz\/#primaryimage\"},\"image\":{\"@id\":\"https:\/\/expresorgv.online\/home\/blog\/2026\/09\/05\/asesinan-a-dos-agentes-federales-en-ataque-armado-en-omealca-veracruz\/#primaryimage\"},\"thumbnailUrl\":\"https:\/\/i0.wp.com\/expresorgv.online\/home\/wp-content\/uploads\/2026\/09\/Policia.png?fit=591%2C328&ssl=1\",\"datePublished\":\"2026-09-05T14:04:29+00:00\",\"dateModified\":\"2026-09-05T14:04:30+00:00\",\"author\":{\"@id\":\"https:\/\/expresorgv.online\/home\/#\/schema\/person\/ae1ed1a575540204b5f59dca7f91f6a2\"},\"breadcrumb\":{\"@id\":\"https:\/\/expresorgv.online\/home\/blog\/2026\/09\/05\/asesinan-a-dos-agentes-federales-en-ataque-armado-en-omealca-veracruz\/#breadcrumb\"},\"inLanguage\":\"es\",\"potentialAction\":[{\"@type\":\"ReadAction\",\"target\":[\"https:\/\/expresorgv.online\/home\/blog\/2026\/09\/05\/asesinan-a-dos-agentes-federales-en-ataque-armado-en-omealca-veracruz\/\"]}]},{\"@type\":\"ImageObject\",\"inLanguage\":\"es\",\"@id\":\"https:\/\/expresorgv.online\/home\/blog\/2026\/09\/05\/asesinan-a-dos-agentes-federales-en-ataque-armado-en-omealca-veracruz\/#primaryimage\",\"url\":\"https:\/\/i0.wp.com\/expresorgv.online\/home\/wp-content\/uploads\/2026\/09\/Policia.png?fit=591%2C328&ssl=1\",\"contentUrl\":\"https:\/\/i0.wp.com\/expresorgv.online\/home\/wp-content\/uploads\/2026\/09\/Policia.png?fit=591%2C328&ssl=1\",\"width\":591,\"height\":328},{\"@type\":\"BreadcrumbList\",\"@id\":\"https:\/\/expresorgv.online\/home\/blog\/2026\/09\/05\/asesinan-a-dos-agentes-federales-en-ataque-armado-en-omealca-veracruz\/#breadcrumb\",\"itemListElement\":[{\"@type\":\"ListItem\",\"position\":1,\"name\":\"Home\",\"item\":\"https:\/\/expresorgv.online\/home\/\"},{\"@type\":\"ListItem\",\"position\":2,\"name\":\"Asesinan a dos agentes federales en ataque armado en Omealca, Veracruz\"}]},{\"@type\":\"WebSite\",\"@id\":\"https:\/\/expresorgv.online\/home\/#website\",\"url\":\"https:\/\/expresorgv.online\/home\/\",\"name\":\"\",\"description\":\"\",\"potentialAction\":[{\"@type\":\"SearchAction\",\"target\":{\"@type\":\"EntryPoint\",\"urlTemplate\":\"https:\/\/expresorgv.online\/home\/?s={search_term_string}\"},\"query-input\":{\"@type\":\"PropertyValueSpecification\",\"valueRequired\":true,\"valueName\":\"search_term_string\"}}],\"inLanguage\":\"es\"},{\"@type\":\"Person\",\"@id\":\"https:\/\/expresorgv.online\/home\/#\/schema\/person\/ae1ed1a575540204b5f59dca7f91f6a2\",\"name\":\"expreso\",\"image\":{\"@type\":\"ImageObject\",\"inLanguage\":\"es\",\"@id\":\"https:\/\/secure.gravatar.com\/avatar\/88cd9f065dcd1b722cd984aac4181386a800c0bca699eaf07e42dd8f820bddee?s=96&d=mm&r=g\",\"url\":\"https:\/\/secure.gravatar.com\/avatar\/88cd9f065dcd1b722cd984aac4181386a800c0bca699eaf07e42dd8f820bddee?s=96&d=mm&r=g\",\"contentUrl\":\"https:\/\/secure.gravatar.com\/avatar\/88cd9f065dcd1b722cd984aac4181386a800c0bca699eaf07e42dd8f820bddee?s=96&d=mm&r=g\",\"caption\":\"expreso\"},\"url\":\"https:\/\/expresorgv.online\/home\/blog\/author\/expreso\/\"}]}<\/script>\n<!-- \/ Yoast SEO plugin. -->","yoast_head_json":{"title":"Asesinan a dos agentes federales en ataque armado en Omealca, Veracruz -","robots":{"index":"index","follow":"follow","max-snippet":"max-snippet:-1","max-image-preview":"max-image-preview:large","max-video-preview":"max-video-preview:-1"},"canonical":"https:\/\/expresorgv.online\/home\/blog\/2026\/09\/05\/asesinan-a-dos-agentes-federales-en-ataque-armado-en-omealca-veracruz\/","og_locale":"es_ES","og_type":"article","og_title":"Asesinan a dos agentes federales en ataque armado en Omealca, Veracruz","og_description":"Dos agentes federales de la Secretar\u00eda de Seguridad y Protecci\u00f3n Ciudadana (SSPC) murieron y una agente result\u00f3 lesionada luego de ser atacados a balazos mientras realizaban labores de investigaci\u00f3n en el municipio de Omealca, Veracruz. El hecho fue confirmado por Omar Garc\u00eda Harfuch, titular de la SSPC, quien inform\u00f3 que los agentes fueron agredidos por [&hellip;]","og_url":"https:\/\/expresorgv.online\/home\/blog\/2026\/09\/05\/asesinan-a-dos-agentes-federales-en-ataque-armado-en-omealca-veracruz\/","article_published_time":"2026-09-05T14:04:29+00:00","article_modified_time":"2026-09-05T14:04:30+00:00","og_image":[{"width":591,"height":328,"url":"https:\/\/expresorgv.online\/home\/wp-content\/uploads\/2026\/09\/Policia.png","type":"image\/png"}],"author":"expreso","twitter_card":"summary_large_image","twitter_misc":{"Escrito por":"expreso","Tiempo de lectura":"2 minutos"},"schema":{"@context":"https:\/\/schema.org","@graph":[{"@type":"Article","@id":"https:\/\/expresorgv.online\/home\/blog\/2026\/09\/05\/asesinan-a-dos-agentes-federales-en-ataque-armado-en-omealca-veracruz\/#article","isPartOf":{"@id":"https:\/\/expresorgv.online\/home\/blog\/2026\/09\/05\/asesinan-a-dos-agentes-federales-en-ataque-armado-en-omealca-veracruz\/"},"author":{"name":"expreso","@id":"https:\/\/expresorgv.online\/home\/#\/schema\/person\/ae1ed1a575540204b5f59dca7f91f6a2"},"headline":"Asesinan a dos agentes federales en ataque armado en Omealca, Veracruz","datePublished":"2026-09-05T14:04:29+00:00","dateModified":"2026-09-05T14:04:30+00:00","mainEntityOfPage":{"@id":"https:\/\/expresorgv.online\/home\/blog\/2026\/09\/05\/asesinan-a-dos-agentes-federales-en-ataque-armado-en-omealca-veracruz\/"},"wordCount":421,"commentCount":0,"image":{"@id":"https:\/\/expresorgv.online\/home\/blog\/2026\/09\/05\/asesinan-a-dos-agentes-federales-en-ataque-armado-en-omealca-veracruz\/#primaryimage"},"thumbnailUrl":"https:\/\/i0.wp.com\/expresorgv.online\/home\/wp-content\/uploads\/2026\/09\/Policia.png?fit=591%2C328&ssl=1","articleSection":["NACIONAL"],"inLanguage":"es","potentialAction":[{"@type":"CommentAction","name":"Comment","target":["https:\/\/expresorgv.online\/home\/blog\/2026\/09\/05\/asesinan-a-dos-agentes-federales-en-ataque-armado-en-omealca-veracruz\/#respond"]}]},{"@type":"WebPage","@id":"https:\/\/expresorgv.online\/home\/blog\/2026\/09\/05\/asesinan-a-dos-agentes-federales-en-ataque-armado-en-omealca-veracruz\/","url":"https:\/\/expresorgv.online\/home\/blog\/2026\/09\/05\/asesinan-a-dos-agentes-federales-en-ataque-armado-en-omealca-veracruz\/","name":"Asesinan a dos agentes federales en ataque armado en Omealca, Veracruz -","isPartOf":{"@id":"https:\/\/expresorgv.online\/home\/#website"},"primaryImageOfPage":{"@id":"https:\/\/expresorgv.online\/home\/blog\/2026\/09\/05\/asesinan-a-dos-agentes-federales-en-ataque-armado-en-omealca-veracruz\/#primaryimage"},"image":{"@id":"https:\/\/expresorgv.online\/home\/blog\/2026\/09\/05\/asesinan-a-dos-agentes-federales-en-ataque-armado-en-omealca-veracruz\/#primaryimage"},"thumbnailUrl":"https:\/\/i0.wp.com\/expresorgv.online\/home\/wp-content\/uploads\/2026\/09\/Policia.png?fit=591%2C328&ssl=1","datePublished":"2026-09-05T14:04:29+00:00","dateModified":"2026-09-05T14:04:30+00:00","author":{"@id":"https:\/\/expresorgv.online\/home\/#\/schema\/person\/ae1ed1a575540204b5f59dca7f91f6a2"},"breadcrumb":{"@id":"https:\/\/expresorgv.online\/home\/blog\/2026\/09\/05\/asesinan-a-dos-agentes-federales-en-ataque-armado-en-omealca-veracruz\/#breadcrumb"},"inLanguage":"es","potentialAction":[{"@type":"ReadAction","target":["https:\/\/expresorgv.online\/home\/blog\/2026\/09\/05\/asesinan-a-dos-agentes-federales-en-ataque-armado-en-omealca-veracruz\/"]}]},{"@type":"ImageObject","inLanguage":"es","@id":"https:\/\/expresorgv.online\/home\/blog\/2026\/09\/05\/asesinan-a-dos-agentes-federales-en-ataque-armado-en-omealca-veracruz\/#primaryimage","url":"https:\/\/i0.wp.com\/expresorgv.online\/home\/wp-content\/uploads\/2026\/09\/Policia.png?fit=591%2C328&ssl=1","contentUrl":"https:\/\/i0.wp.com\/expresorgv.online\/home\/wp-content\/uploads\/2026\/09\/Policia.png?fit=591%2C328&ssl=1","width":591,"height":328},{"@type":"BreadcrumbList","@id":"https:\/\/expresorgv.online\/home\/blog\/2026\/09\/05\/asesinan-a-dos-agentes-federales-en-ataque-armado-en-omealca-veracruz\/#breadcrumb","itemListElement":[{"@type":"ListItem","position":1,"name":"Home","item":"https:\/\/expresorgv.online\/home\/"},{"@type":"ListItem","position":2,"name":"Asesinan a dos agentes federales en ataque armado en Omealca, Veracruz"}]},{"@type":"WebSite","@id":"https:\/\/expresorgv.online\/home\/#website","url":"https:\/\/expresorgv.online\/home\/","name":"","description":"","potentialAction":[{"@type":"SearchAction","target":{"@type":"EntryPoint","urlTemplate":"https:\/\/expresorgv.online\/home\/?s={search_term_string}"},"query-input":{"@type":"PropertyValueSpecification","valueRequired":true,"valueName":"search_term_string"}}],"inLanguage":"es"},{"@type":"Person","@id":"https:\/\/expresorgv.online\/home\/#\/schema\/person\/ae1ed1a575540204b5f59dca7f91f6a2","name":"expreso","image":{"@type":"ImageObject","inLanguage":"es","@id":"https:\/\/secure.gravatar.com\/avatar\/88cd9f065dcd1b722cd984aac4181386a800c0bca699eaf07e42dd8f820bddee?s=96&d=mm&r=g","url":"https:\/\/secure.gravatar.com\/avatar\/88cd9f065dcd1b722cd984aac4181386a800c0bca699eaf07e42dd8f820bddee?s=96&d=mm&r=g","contentUrl":"https:\/\/secure.gravatar.com\/avatar\/88cd9f065dcd1b722cd984aac4181386a800c0bca699eaf07e42dd8f820bddee?s=96&d=mm&r=g","caption":"expreso"},"url":"https:\/\/expresorgv.online\/home\/blog\/author\/expreso\/"}]}},"jetpack_featured_media_url":"https:\/\/i0.wp.com\/expresorgv.online\/home\/wp-content\/uploads\/2026\/09\/Policia.png?fit=591%2C328&ssl=1","_links":{"self":[{"href":"https:\/\/expresorgv.online\/home\/wp-json\/wp\/v2\/posts\/38462","targetHints":{"allow":["GET"]}}],"collection":[{"href":"https:\/\/expresorgv.online\/home\/wp-json\/wp\/v2\/posts"}],"about":[{"href":"https:\/\/expresorgv.online\/home\/wp-json\/wp\/v2\/types\/post"}],"author":[{"embeddable":true,"href":"https:\/\/expresorgv.online\/home\/wp-json\/wp\/v2\/users\/2"}],"replies":[{"embeddable":true,"href":"https:\/\/expresorgv.online\/home\/wp-json\/wp\/v2\/comments?post=38462"}],"version-history":[{"count":1,"href":"https:\/\/expresorgv.online\/home\/wp-json\/wp\/v2\/posts\/38462\/revisions"}],"predecessor-version":[{"id":38464,"href":"https:\/\/expresorgv.online\/home\/wp-json\/wp\/v2\/posts\/38462\/revisions\/38464"}],"wp:featuredmedia":[{"embeddable":true,"href":"https:\/\/expresorgv.online\/home\/wp-json\/wp\/v2\/media\/38463"}],"wp:attachment":[{"href":"https:\/\/expresorgv.online\/home\/wp-json\/wp\/v2\/media?parent=38462"}],"wp:term":[{"taxonomy":"category","embeddable":true,"href":"https:\/\/expresorgv.online\/home\/wp-json\/wp\/v2\/categories?post=38462"},{"taxonomy":"post_tag","embeddable":true,"href":"https:\/\/expresorgv.online\/home\/wp-json\/wp\/v2\/tags?post=38462"}],"curies":[{"name":"wp","href":"https:\/\/api.w.org\/{rel}","templated":true}]}}