{"id":38459,"date":"2026-09-05T12:53:28","date_gmt":"2026-09-05T12:53:28","guid":{"rendered":"https:\/\/expresorgv.online\/home\/?p=38459"},"modified":"2026-09-05T12:53:29","modified_gmt":"2026-09-05T12:53:29","slug":"reciben-como-heroes-a-javier-aguirre-rafa-marquez-y-memo-ochoa-en-el-auditorio-nacional","status":"publish","type":"post","link":"https:\/\/expresorgv.online\/home\/blog\/2026\/09\/05\/reciben-como-heroes-a-javier-aguirre-rafa-marquez-y-memo-ochoa-en-el-auditorio-nacional\/","title":{"rendered":"Reciben como h\u00e9roes a Javier Aguirre, Rafa M\u00e1rquez y Memo Ochoa en el Auditorio Nacional"},"content":{"rendered":"\n<p class=\"wp-block-paragraph\">Cerca de 10 mil estudiantes de universidades p\u00fablicas y privadas se dieron cita en el evento M\u00e9xico Siglo XXI auspiciado por la Fundaci\u00f3n Telmex, en la que estuvieron presentes grandes l\u00edderes como la actriz Charlize Theron o el exprimer ministro canadiense Justin Trudeau.<\/p>\n\n\n\n<p class=\"wp-block-paragraph\">Sin embargo, se suscit\u00f3 un momento m\u00e1s que emotivo cuando Javier Aguirre, Rafael M\u00e1rquez y Guillermo Ochoa, integrantes de la Selecci\u00f3n Mexicana en la pasada Copa del Mundo, subieron al escenario para realizar su ponencia, entonces los j\u00f3venes los recibieron como aut\u00e9nticos h\u00e9roes.<\/p>\n\n\n\n<p class=\"wp-block-paragraph\">El Auditorio entero se puso de pie, los asistentes no dejaron de aplaudir en todo momento e, incluso, algunos aficionados realizaron un puente de vasos de pl\u00e1stico, como el que se realizaba en los Fan Fest del Mundial 2026, por el que pasaron los tres personajes que representaron a la Selecci\u00f3n Mexicana en la competencia.<\/p>\n\n\n\n<p class=\"wp-block-paragraph\">Aguirre, M\u00e1rquez y Ochoa compartieron experiencias de vida con los estudiantes, la forma en la que se sobrepusieron a imponderables en sus carreras para destacar en el futbol nacional e internacional y, sobre todo, coincidieron en se\u00f1alar que las sensaciones que dej\u00f3 el Tricolor en esta edici\u00f3n mundialista fueron mejores en comparaci\u00f3n a todo lo vivido en los \u00faltimos a\u00f1os.<\/p>\n","protected":false},"excerpt":{"rendered":"<p>Cerca de 10 mil estudiantes de universidades p\u00fablicas y privadas se dieron cita en el evento M\u00e9xico Siglo XXI auspiciado por la Fundaci\u00f3n Telmex, en la que estuvieron presentes grandes l\u00edderes como la actriz Charlize Theron o el exprimer ministro canadiense Justin Trudeau. Sin embargo, se suscit\u00f3 un momento m\u00e1s que emotivo cuando Javier Aguirre, [&hellip;]<\/p>\n","protected":false},"author":2,"featured_media":38460,"comment_status":"open","ping_status":"open","sticky":false,"template":"","format":"standard","meta":{"footnotes":""},"categories":[10],"tags":[],"class_list":["post-38459","post","type-post","status-publish","format-standard","has-post-thumbnail","hentry","category-oe-deportes"],"yoast_head":"<!-- This site is optimized with the Yoast SEO plugin v27.2 - https:\/\/yoast.com\/product\/yoast-seo-wordpress\/ -->\n<title>Reciben como h\u00e9roes a Javier Aguirre, Rafa M\u00e1rquez y Memo Ochoa en el Auditorio Nacional -<\/title>\n<meta name=\"robots\" content=\"index, follow, max-snippet:-1, max-image-preview:large, max-video-preview:-1\" \/>\n<link rel=\"canonical\" href=\"https:\/\/expresorgv.online\/home\/blog\/2026\/09\/05\/reciben-como-heroes-a-javier-aguirre-rafa-marquez-y-memo-ochoa-en-el-auditorio-nacional\/\" \/>\n<meta property=\"og:locale\" content=\"es_ES\" \/>\n<meta property=\"og:type\" content=\"article\" \/>\n<meta property=\"og:title\" content=\"Reciben como h\u00e9roes a Javier Aguirre, Rafa M\u00e1rquez y Memo Ochoa en el Auditorio Nacional\" \/>\n<meta property=\"og:description\" content=\"Cerca de 10 mil estudiantes de universidades p\u00fablicas y privadas se dieron cita en el evento M\u00e9xico Siglo XXI auspiciado por la Fundaci\u00f3n Telmex, en la que estuvieron presentes grandes l\u00edderes como la actriz Charlize Theron o el exprimer ministro canadiense Justin Trudeau. Sin embargo, se suscit\u00f3 un momento m\u00e1s que emotivo cuando Javier Aguirre, [&hellip;]\" \/>\n<meta property=\"og:url\" content=\"https:\/\/expresorgv.online\/home\/blog\/2026\/09\/05\/reciben-como-heroes-a-javier-aguirre-rafa-marquez-y-memo-ochoa-en-el-auditorio-nacional\/\" \/>\n<meta property=\"article:published_time\" content=\"2026-09-05T12:53:28+00:00\" \/>\n<meta property=\"article:modified_time\" content=\"2026-09-05T12:53:29+00:00\" \/>\n<meta property=\"og:image\" content=\"https:\/\/expresorgv.online\/home\/wp-content\/uploads\/2026\/09\/Javier-Aguirre.png\" \/>\n\t<meta property=\"og:image:width\" content=\"591\" \/>\n\t<meta property=\"og:image:height\" content=\"328\" \/>\n\t<meta property=\"og:image:type\" content=\"image\/png\" \/>\n<meta name=\"author\" content=\"expreso\" \/>\n<meta name=\"twitter:card\" content=\"summary_large_image\" \/>\n<meta name=\"twitter:label1\" content=\"Escrito por\" \/>\n\t<meta name=\"twitter:data1\" content=\"expreso\" \/>\n\t<meta name=\"twitter:label2\" content=\"Tiempo de lectura\" \/>\n\t<meta name=\"twitter:data2\" content=\"2 minutos\" \/>\n<script type=\"application\/ld+json\" class=\"yoast-schema-graph\">{\"@context\":\"https:\/\/schema.org\",\"@graph\":[{\"@type\":\"Article\",\"@id\":\"https:\/\/expresorgv.online\/home\/blog\/2026\/09\/05\/reciben-como-heroes-a-javier-aguirre-rafa-marquez-y-memo-ochoa-en-el-auditorio-nacional\/#article\",\"isPartOf\":{\"@id\":\"https:\/\/expresorgv.online\/home\/blog\/2026\/09\/05\/reciben-como-heroes-a-javier-aguirre-rafa-marquez-y-memo-ochoa-en-el-auditorio-nacional\/\"},\"author\":{\"name\":\"expreso\",\"@id\":\"https:\/\/expresorgv.online\/home\/#\/schema\/person\/ae1ed1a575540204b5f59dca7f91f6a2\"},\"headline\":\"Reciben como h\u00e9roes a Javier Aguirre, Rafa M\u00e1rquez y Memo Ochoa en el Auditorio Nacional\",\"datePublished\":\"2026-09-05T12:53:28+00:00\",\"dateModified\":\"2026-09-05T12:53:29+00:00\",\"mainEntityOfPage\":{\"@id\":\"https:\/\/expresorgv.online\/home\/blog\/2026\/09\/05\/reciben-como-heroes-a-javier-aguirre-rafa-marquez-y-memo-ochoa-en-el-auditorio-nacional\/\"},\"wordCount\":233,\"commentCount\":0,\"image\":{\"@id\":\"https:\/\/expresorgv.online\/home\/blog\/2026\/09\/05\/reciben-como-heroes-a-javier-aguirre-rafa-marquez-y-memo-ochoa-en-el-auditorio-nacional\/#primaryimage\"},\"thumbnailUrl\":\"https:\/\/i0.wp.com\/expresorgv.online\/home\/wp-content\/uploads\/2026\/09\/Javier-Aguirre.png?fit=591%2C328&ssl=1\",\"articleSection\":[\"OE DEPORTES\"],\"inLanguage\":\"es\",\"potentialAction\":[{\"@type\":\"CommentAction\",\"name\":\"Comment\",\"target\":[\"https:\/\/expresorgv.online\/home\/blog\/2026\/09\/05\/reciben-como-heroes-a-javier-aguirre-rafa-marquez-y-memo-ochoa-en-el-auditorio-nacional\/#respond\"]}]},{\"@type\":\"WebPage\",\"@id\":\"https:\/\/expresorgv.online\/home\/blog\/2026\/09\/05\/reciben-como-heroes-a-javier-aguirre-rafa-marquez-y-memo-ochoa-en-el-auditorio-nacional\/\",\"url\":\"https:\/\/expresorgv.online\/home\/blog\/2026\/09\/05\/reciben-como-heroes-a-javier-aguirre-rafa-marquez-y-memo-ochoa-en-el-auditorio-nacional\/\",\"name\":\"Reciben como h\u00e9roes a Javier Aguirre, Rafa M\u00e1rquez y Memo Ochoa en el Auditorio Nacional -\",\"isPartOf\":{\"@id\":\"https:\/\/expresorgv.online\/home\/#website\"},\"primaryImageOfPage\":{\"@id\":\"https:\/\/expresorgv.online\/home\/blog\/2026\/09\/05\/reciben-como-heroes-a-javier-aguirre-rafa-marquez-y-memo-ochoa-en-el-auditorio-nacional\/#primaryimage\"},\"image\":{\"@id\":\"https:\/\/expresorgv.online\/home\/blog\/2026\/09\/05\/reciben-como-heroes-a-javier-aguirre-rafa-marquez-y-memo-ochoa-en-el-auditorio-nacional\/#primaryimage\"},\"thumbnailUrl\":\"https:\/\/i0.wp.com\/expresorgv.online\/home\/wp-content\/uploads\/2026\/09\/Javier-Aguirre.png?fit=591%2C328&ssl=1\",\"datePublished\":\"2026-09-05T12:53:28+00:00\",\"dateModified\":\"2026-09-05T12:53:29+00:00\",\"author\":{\"@id\":\"https:\/\/expresorgv.online\/home\/#\/schema\/person\/ae1ed1a575540204b5f59dca7f91f6a2\"},\"breadcrumb\":{\"@id\":\"https:\/\/expresorgv.online\/home\/blog\/2026\/09\/05\/reciben-como-heroes-a-javier-aguirre-rafa-marquez-y-memo-ochoa-en-el-auditorio-nacional\/#breadcrumb\"},\"inLanguage\":\"es\",\"potentialAction\":[{\"@type\":\"ReadAction\",\"target\":[\"https:\/\/expresorgv.online\/home\/blog\/2026\/09\/05\/reciben-como-heroes-a-javier-aguirre-rafa-marquez-y-memo-ochoa-en-el-auditorio-nacional\/\"]}]},{\"@type\":\"ImageObject\",\"inLanguage\":\"es\",\"@id\":\"https:\/\/expresorgv.online\/home\/blog\/2026\/09\/05\/reciben-como-heroes-a-javier-aguirre-rafa-marquez-y-memo-ochoa-en-el-auditorio-nacional\/#primaryimage\",\"url\":\"https:\/\/i0.wp.com\/expresorgv.online\/home\/wp-content\/uploads\/2026\/09\/Javier-Aguirre.png?fit=591%2C328&ssl=1\",\"contentUrl\":\"https:\/\/i0.wp.com\/expresorgv.online\/home\/wp-content\/uploads\/2026\/09\/Javier-Aguirre.png?fit=591%2C328&ssl=1\",\"width\":591,\"height\":328},{\"@type\":\"BreadcrumbList\",\"@id\":\"https:\/\/expresorgv.online\/home\/blog\/2026\/09\/05\/reciben-como-heroes-a-javier-aguirre-rafa-marquez-y-memo-ochoa-en-el-auditorio-nacional\/#breadcrumb\",\"itemListElement\":[{\"@type\":\"ListItem\",\"position\":1,\"name\":\"Home\",\"item\":\"https:\/\/expresorgv.online\/home\/\"},{\"@type\":\"ListItem\",\"position\":2,\"name\":\"Reciben como h\u00e9roes a Javier Aguirre, Rafa M\u00e1rquez y Memo Ochoa en el Auditorio Nacional\"}]},{\"@type\":\"WebSite\",\"@id\":\"https:\/\/expresorgv.online\/home\/#website\",\"url\":\"https:\/\/expresorgv.online\/home\/\",\"name\":\"\",\"description\":\"\",\"potentialAction\":[{\"@type\":\"SearchAction\",\"target\":{\"@type\":\"EntryPoint\",\"urlTemplate\":\"https:\/\/expresorgv.online\/home\/?s={search_term_string}\"},\"query-input\":{\"@type\":\"PropertyValueSpecification\",\"valueRequired\":true,\"valueName\":\"search_term_string\"}}],\"inLanguage\":\"es\"},{\"@type\":\"Person\",\"@id\":\"https:\/\/expresorgv.online\/home\/#\/schema\/person\/ae1ed1a575540204b5f59dca7f91f6a2\",\"name\":\"expreso\",\"image\":{\"@type\":\"ImageObject\",\"inLanguage\":\"es\",\"@id\":\"https:\/\/secure.gravatar.com\/avatar\/88cd9f065dcd1b722cd984aac4181386a800c0bca699eaf07e42dd8f820bddee?s=96&d=mm&r=g\",\"url\":\"https:\/\/secure.gravatar.com\/avatar\/88cd9f065dcd1b722cd984aac4181386a800c0bca699eaf07e42dd8f820bddee?s=96&d=mm&r=g\",\"contentUrl\":\"https:\/\/secure.gravatar.com\/avatar\/88cd9f065dcd1b722cd984aac4181386a800c0bca699eaf07e42dd8f820bddee?s=96&d=mm&r=g\",\"caption\":\"expreso\"},\"url\":\"https:\/\/expresorgv.online\/home\/blog\/author\/expreso\/\"}]}<\/script>\n<!-- \/ Yoast SEO plugin. -->","yoast_head_json":{"title":"Reciben como h\u00e9roes a Javier Aguirre, Rafa M\u00e1rquez y Memo Ochoa en el Auditorio Nacional -","robots":{"index":"index","follow":"follow","max-snippet":"max-snippet:-1","max-image-preview":"max-image-preview:large","max-video-preview":"max-video-preview:-1"},"canonical":"https:\/\/expresorgv.online\/home\/blog\/2026\/09\/05\/reciben-como-heroes-a-javier-aguirre-rafa-marquez-y-memo-ochoa-en-el-auditorio-nacional\/","og_locale":"es_ES","og_type":"article","og_title":"Reciben como h\u00e9roes a Javier Aguirre, Rafa M\u00e1rquez y Memo Ochoa en el Auditorio Nacional","og_description":"Cerca de 10 mil estudiantes de universidades p\u00fablicas y privadas se dieron cita en el evento M\u00e9xico Siglo XXI auspiciado por la Fundaci\u00f3n Telmex, en la que estuvieron presentes grandes l\u00edderes como la actriz Charlize Theron o el exprimer ministro canadiense Justin Trudeau. Sin embargo, se suscit\u00f3 un momento m\u00e1s que emotivo cuando Javier Aguirre, [&hellip;]","og_url":"https:\/\/expresorgv.online\/home\/blog\/2026\/09\/05\/reciben-como-heroes-a-javier-aguirre-rafa-marquez-y-memo-ochoa-en-el-auditorio-nacional\/","article_published_time":"2026-09-05T12:53:28+00:00","article_modified_time":"2026-09-05T12:53:29+00:00","og_image":[{"width":591,"height":328,"url":"https:\/\/expresorgv.online\/home\/wp-content\/uploads\/2026\/09\/Javier-Aguirre.png","type":"image\/png"}],"author":"expreso","twitter_card":"summary_large_image","twitter_misc":{"Escrito por":"expreso","Tiempo de lectura":"2 minutos"},"schema":{"@context":"https:\/\/schema.org","@graph":[{"@type":"Article","@id":"https:\/\/expresorgv.online\/home\/blog\/2026\/09\/05\/reciben-como-heroes-a-javier-aguirre-rafa-marquez-y-memo-ochoa-en-el-auditorio-nacional\/#article","isPartOf":{"@id":"https:\/\/expresorgv.online\/home\/blog\/2026\/09\/05\/reciben-como-heroes-a-javier-aguirre-rafa-marquez-y-memo-ochoa-en-el-auditorio-nacional\/"},"author":{"name":"expreso","@id":"https:\/\/expresorgv.online\/home\/#\/schema\/person\/ae1ed1a575540204b5f59dca7f91f6a2"},"headline":"Reciben como h\u00e9roes a Javier Aguirre, Rafa M\u00e1rquez y Memo Ochoa en el Auditorio Nacional","datePublished":"2026-09-05T12:53:28+00:00","dateModified":"2026-09-05T12:53:29+00:00","mainEntityOfPage":{"@id":"https:\/\/expresorgv.online\/home\/blog\/2026\/09\/05\/reciben-como-heroes-a-javier-aguirre-rafa-marquez-y-memo-ochoa-en-el-auditorio-nacional\/"},"wordCount":233,"commentCount":0,"image":{"@id":"https:\/\/expresorgv.online\/home\/blog\/2026\/09\/05\/reciben-como-heroes-a-javier-aguirre-rafa-marquez-y-memo-ochoa-en-el-auditorio-nacional\/#primaryimage"},"thumbnailUrl":"https:\/\/i0.wp.com\/expresorgv.online\/home\/wp-content\/uploads\/2026\/09\/Javier-Aguirre.png?fit=591%2C328&ssl=1","articleSection":["OE DEPORTES"],"inLanguage":"es","potentialAction":[{"@type":"CommentAction","name":"Comment","target":["https:\/\/expresorgv.online\/home\/blog\/2026\/09\/05\/reciben-como-heroes-a-javier-aguirre-rafa-marquez-y-memo-ochoa-en-el-auditorio-nacional\/#respond"]}]},{"@type":"WebPage","@id":"https:\/\/expresorgv.online\/home\/blog\/2026\/09\/05\/reciben-como-heroes-a-javier-aguirre-rafa-marquez-y-memo-ochoa-en-el-auditorio-nacional\/","url":"https:\/\/expresorgv.online\/home\/blog\/2026\/09\/05\/reciben-como-heroes-a-javier-aguirre-rafa-marquez-y-memo-ochoa-en-el-auditorio-nacional\/","name":"Reciben como h\u00e9roes a Javier Aguirre, Rafa M\u00e1rquez y Memo Ochoa en el Auditorio Nacional -","isPartOf":{"@id":"https:\/\/expresorgv.online\/home\/#website"},"primaryImageOfPage":{"@id":"https:\/\/expresorgv.online\/home\/blog\/2026\/09\/05\/reciben-como-heroes-a-javier-aguirre-rafa-marquez-y-memo-ochoa-en-el-auditorio-nacional\/#primaryimage"},"image":{"@id":"https:\/\/expresorgv.online\/home\/blog\/2026\/09\/05\/reciben-como-heroes-a-javier-aguirre-rafa-marquez-y-memo-ochoa-en-el-auditorio-nacional\/#primaryimage"},"thumbnailUrl":"https:\/\/i0.wp.com\/expresorgv.online\/home\/wp-content\/uploads\/2026\/09\/Javier-Aguirre.png?fit=591%2C328&ssl=1","datePublished":"2026-09-05T12:53:28+00:00","dateModified":"2026-09-05T12:53:29+00:00","author":{"@id":"https:\/\/expresorgv.online\/home\/#\/schema\/person\/ae1ed1a575540204b5f59dca7f91f6a2"},"breadcrumb":{"@id":"https:\/\/expresorgv.online\/home\/blog\/2026\/09\/05\/reciben-como-heroes-a-javier-aguirre-rafa-marquez-y-memo-ochoa-en-el-auditorio-nacional\/#breadcrumb"},"inLanguage":"es","potentialAction":[{"@type":"ReadAction","target":["https:\/\/expresorgv.online\/home\/blog\/2026\/09\/05\/reciben-como-heroes-a-javier-aguirre-rafa-marquez-y-memo-ochoa-en-el-auditorio-nacional\/"]}]},{"@type":"ImageObject","inLanguage":"es","@id":"https:\/\/expresorgv.online\/home\/blog\/2026\/09\/05\/reciben-como-heroes-a-javier-aguirre-rafa-marquez-y-memo-ochoa-en-el-auditorio-nacional\/#primaryimage","url":"https:\/\/i0.wp.com\/expresorgv.online\/home\/wp-content\/uploads\/2026\/09\/Javier-Aguirre.png?fit=591%2C328&ssl=1","contentUrl":"https:\/\/i0.wp.com\/expresorgv.online\/home\/wp-content\/uploads\/2026\/09\/Javier-Aguirre.png?fit=591%2C328&ssl=1","width":591,"height":328},{"@type":"BreadcrumbList","@id":"https:\/\/expresorgv.online\/home\/blog\/2026\/09\/05\/reciben-como-heroes-a-javier-aguirre-rafa-marquez-y-memo-ochoa-en-el-auditorio-nacional\/#breadcrumb","itemListElement":[{"@type":"ListItem","position":1,"name":"Home","item":"https:\/\/expresorgv.online\/home\/"},{"@type":"ListItem","position":2,"name":"Reciben como h\u00e9roes a Javier Aguirre, Rafa M\u00e1rquez y Memo Ochoa en el Auditorio Nacional"}]},{"@type":"WebSite","@id":"https:\/\/expresorgv.online\/home\/#website","url":"https:\/\/expresorgv.online\/home\/","name":"","description":"","potentialAction":[{"@type":"SearchAction","target":{"@type":"EntryPoint","urlTemplate":"https:\/\/expresorgv.online\/home\/?s={search_term_string}"},"query-input":{"@type":"PropertyValueSpecification","valueRequired":true,"valueName":"search_term_string"}}],"inLanguage":"es"},{"@type":"Person","@id":"https:\/\/expresorgv.online\/home\/#\/schema\/person\/ae1ed1a575540204b5f59dca7f91f6a2","name":"expreso","image":{"@type":"ImageObject","inLanguage":"es","@id":"https:\/\/secure.gravatar.com\/avatar\/88cd9f065dcd1b722cd984aac4181386a800c0bca699eaf07e42dd8f820bddee?s=96&d=mm&r=g","url":"https:\/\/secure.gravatar.com\/avatar\/88cd9f065dcd1b722cd984aac4181386a800c0bca699eaf07e42dd8f820bddee?s=96&d=mm&r=g","contentUrl":"https:\/\/secure.gravatar.com\/avatar\/88cd9f065dcd1b722cd984aac4181386a800c0bca699eaf07e42dd8f820bddee?s=96&d=mm&r=g","caption":"expreso"},"url":"https:\/\/expresorgv.online\/home\/blog\/author\/expreso\/"}]}},"jetpack_featured_media_url":"https:\/\/i0.wp.com\/expresorgv.online\/home\/wp-content\/uploads\/2026\/09\/Javier-Aguirre.png?fit=591%2C328&ssl=1","_links":{"self":[{"href":"https:\/\/expresorgv.online\/home\/wp-json\/wp\/v2\/posts\/38459","targetHints":{"allow":["GET"]}}],"collection":[{"href":"https:\/\/expresorgv.online\/home\/wp-json\/wp\/v2\/posts"}],"about":[{"href":"https:\/\/expresorgv.online\/home\/wp-json\/wp\/v2\/types\/post"}],"author":[{"embeddable":true,"href":"https:\/\/expresorgv.online\/home\/wp-json\/wp\/v2\/users\/2"}],"replies":[{"embeddable":true,"href":"https:\/\/expresorgv.online\/home\/wp-json\/wp\/v2\/comments?post=38459"}],"version-history":[{"count":1,"href":"https:\/\/expresorgv.online\/home\/wp-json\/wp\/v2\/posts\/38459\/revisions"}],"predecessor-version":[{"id":38461,"href":"https:\/\/expresorgv.online\/home\/wp-json\/wp\/v2\/posts\/38459\/revisions\/38461"}],"wp:featuredmedia":[{"embeddable":true,"href":"https:\/\/expresorgv.online\/home\/wp-json\/wp\/v2\/media\/38460"}],"wp:attachment":[{"href":"https:\/\/expresorgv.online\/home\/wp-json\/wp\/v2\/media?parent=38459"}],"wp:term":[{"taxonomy":"category","embeddable":true,"href":"https:\/\/expresorgv.online\/home\/wp-json\/wp\/v2\/categories?post=38459"},{"taxonomy":"post_tag","embeddable":true,"href":"https:\/\/expresorgv.online\/home\/wp-json\/wp\/v2\/tags?post=38459"}],"curies":[{"name":"wp","href":"https:\/\/api.w.org\/{rel}","templated":true}]}}