{"id":38448,"date":"2026-09-05T12:23:09","date_gmt":"2026-09-05T12:23:09","guid":{"rendered":"https:\/\/expresorgv.online\/home\/?p=38448"},"modified":"2026-09-05T12:23:10","modified_gmt":"2026-09-05T12:23:10","slug":"reciben-a-fox-en-el-pri","status":"publish","type":"post","link":"https:\/\/expresorgv.online\/home\/blog\/2026\/09\/05\/reciben-a-fox-en-el-pri\/","title":{"rendered":"Reciben a Fox&#8230; \u00a1en el PRI!"},"content":{"rendered":"\n<p class=\"wp-block-paragraph\">El ex Presidente Vicente Fox Quesada fue recibido este viernes en la dirigencia nacional del PRI.<\/p>\n\n\n\n<p class=\"wp-block-paragraph\">El ex Mandatario acudi\u00f3 acompa\u00f1ado por integrantes de la agrupaci\u00f3n Alma de M\u00e9xico, organizaci\u00f3n civil que encabeza en defensa de la democracia, impulsada por el ex Gobernador de Guanajuato y actual diputado local, Juan Carlos Romero Hicks.<\/p>\n\n\n\n<p class=\"wp-block-paragraph\">El encuentro se llev\u00f3 a cabo en el Sal\u00f3n Presidentes de la sede nacional tricolor, donde hablaron sobre la situaci\u00f3n pol\u00edtica que atraviesa M\u00e9xico.<\/p>\n\n\n\n<p class=\"wp-block-paragraph\">El ex Presidente Vicente Fox Quesada logr\u00f3 en 2000 sacar al PRI de Los Pinos, despu\u00e9s de 71 a\u00f1os ininterrumpidos de gobiernos.<\/p>\n\n\n\n<p class=\"wp-block-paragraph\">Pero hoy estuvo en la sede del tricolor, donde abordaron lo que consideraron son los desaf\u00edos para la democracia, la defensa de las instituciones y las libertades, as\u00ed como la importancia de fortalecer los contrapesos y la participaci\u00f3n ciudadana.<\/p>\n\n\n\n<p class=\"wp-block-paragraph\">De acuerdo con los asistentes, tanto los l\u00edderes priistas como el ex Presidente y los miembros de Alma de M\u00e9xico coincidieron en que M\u00e9xico requiere una Oposici\u00f3n firme y con capacidad para sumar a quienes quieren un pa\u00eds democr\u00e1tico, plural y con instituciones s\u00f3lidas.<\/p>\n\n\n\n<p class=\"wp-block-paragraph\">Adem\u00e1s, coincidieron en la necesidad de ampliar la participaci\u00f3n de la sociedad y generar coincidencias que permitan construir una alternativa para M\u00e9xico, poniendo por delante la defensa de la democracia y las libertades.<\/p>\n\n\n\n<p class=\"wp-block-paragraph\">El ex Presidente Vicente Fox destac\u00f3 la importancia de mantener el di\u00e1logo y de convocar a m\u00e1s mexicanos a participar activamente en la vida p\u00fablica del Pa\u00eds. Mientras que los integrantes de Alma de M\u00e9xico plantearon que continuar\u00e1n impulsando la organizaci\u00f3n y participaci\u00f3n ciudadana, as\u00ed como el encuentro con distintos actores pol\u00edticos y sociales.<\/p>\n\n\n\n<p class=\"wp-block-paragraph\">En la reuni\u00f3n participaron, por parte de Alma de M\u00e9xico: Vicente Fox Quesada, ex Presidente de M\u00e9xico; Juan Carlos Romero Hicks; Jos\u00e9 Luis Salas Cacho; Rodolfo Elizondo; Jos\u00e9 Espina; V\u00edctor Guerrero Ch\u00e1vez, y Juan Hern\u00e1ndez.<\/p>\n\n\n\n<p class=\"wp-block-paragraph\">Mientras que por el PRI estuvieron Manuel A\u00f1orve, coordinador de los Senadores del PRI; y Rub\u00e9n Moreira, Coordinador de los Diputados del PRI, entre otros.<\/p>\n","protected":false},"excerpt":{"rendered":"<p>El ex Presidente Vicente Fox Quesada fue recibido este viernes en la dirigencia nacional del PRI. El ex Mandatario acudi\u00f3 acompa\u00f1ado por integrantes de la agrupaci\u00f3n Alma de M\u00e9xico, organizaci\u00f3n civil que encabeza en defensa de la democracia, impulsada por el ex Gobernador de Guanajuato y actual diputado local, Juan Carlos Romero Hicks. El encuentro [&hellip;]<\/p>\n","protected":false},"author":2,"featured_media":38449,"comment_status":"open","ping_status":"open","sticky":false,"template":"","format":"standard","meta":{"footnotes":""},"categories":[6],"tags":[],"class_list":["post-38448","post","type-post","status-publish","format-standard","has-post-thumbnail","hentry","category-nacional"],"yoast_head":"<!-- This site is optimized with the Yoast SEO plugin v27.2 - https:\/\/yoast.com\/product\/yoast-seo-wordpress\/ -->\n<title>Reciben a Fox... \u00a1en el PRI! -<\/title>\n<meta name=\"robots\" content=\"index, follow, max-snippet:-1, max-image-preview:large, max-video-preview:-1\" \/>\n<link rel=\"canonical\" href=\"https:\/\/expresorgv.online\/home\/blog\/2026\/09\/05\/reciben-a-fox-en-el-pri\/\" \/>\n<meta property=\"og:locale\" content=\"es_ES\" \/>\n<meta property=\"og:type\" content=\"article\" \/>\n<meta property=\"og:title\" content=\"Reciben a Fox... \u00a1en el PRI!\" \/>\n<meta property=\"og:description\" content=\"El ex Presidente Vicente Fox Quesada fue recibido este viernes en la dirigencia nacional del PRI. El ex Mandatario acudi\u00f3 acompa\u00f1ado por integrantes de la agrupaci\u00f3n Alma de M\u00e9xico, organizaci\u00f3n civil que encabeza en defensa de la democracia, impulsada por el ex Gobernador de Guanajuato y actual diputado local, Juan Carlos Romero Hicks. El encuentro [&hellip;]\" \/>\n<meta property=\"og:url\" content=\"https:\/\/expresorgv.online\/home\/blog\/2026\/09\/05\/reciben-a-fox-en-el-pri\/\" \/>\n<meta property=\"article:published_time\" content=\"2026-09-05T12:23:09+00:00\" \/>\n<meta property=\"article:modified_time\" content=\"2026-09-05T12:23:10+00:00\" \/>\n<meta property=\"og:image\" content=\"https:\/\/expresorgv.online\/home\/wp-content\/uploads\/2026\/09\/Vicente-Fox-PRI.png\" \/>\n\t<meta property=\"og:image:width\" content=\"591\" \/>\n\t<meta property=\"og:image:height\" content=\"328\" \/>\n\t<meta property=\"og:image:type\" content=\"image\/png\" \/>\n<meta name=\"author\" content=\"expreso\" \/>\n<meta name=\"twitter:card\" content=\"summary_large_image\" \/>\n<meta name=\"twitter:label1\" content=\"Escrito por\" \/>\n\t<meta name=\"twitter:data1\" content=\"expreso\" \/>\n\t<meta name=\"twitter:label2\" content=\"Tiempo de lectura\" \/>\n\t<meta name=\"twitter:data2\" content=\"2 minutos\" \/>\n<script type=\"application\/ld+json\" class=\"yoast-schema-graph\">{\"@context\":\"https:\/\/schema.org\",\"@graph\":[{\"@type\":\"Article\",\"@id\":\"https:\/\/expresorgv.online\/home\/blog\/2026\/09\/05\/reciben-a-fox-en-el-pri\/#article\",\"isPartOf\":{\"@id\":\"https:\/\/expresorgv.online\/home\/blog\/2026\/09\/05\/reciben-a-fox-en-el-pri\/\"},\"author\":{\"name\":\"expreso\",\"@id\":\"https:\/\/expresorgv.online\/home\/#\/schema\/person\/ae1ed1a575540204b5f59dca7f91f6a2\"},\"headline\":\"Reciben a Fox&#8230; \u00a1en el PRI!\",\"datePublished\":\"2026-09-05T12:23:09+00:00\",\"dateModified\":\"2026-09-05T12:23:10+00:00\",\"mainEntityOfPage\":{\"@id\":\"https:\/\/expresorgv.online\/home\/blog\/2026\/09\/05\/reciben-a-fox-en-el-pri\/\"},\"wordCount\":372,\"commentCount\":0,\"image\":{\"@id\":\"https:\/\/expresorgv.online\/home\/blog\/2026\/09\/05\/reciben-a-fox-en-el-pri\/#primaryimage\"},\"thumbnailUrl\":\"https:\/\/i0.wp.com\/expresorgv.online\/home\/wp-content\/uploads\/2026\/09\/Vicente-Fox-PRI.png?fit=591%2C328&ssl=1\",\"articleSection\":[\"NACIONAL\"],\"inLanguage\":\"es\",\"potentialAction\":[{\"@type\":\"CommentAction\",\"name\":\"Comment\",\"target\":[\"https:\/\/expresorgv.online\/home\/blog\/2026\/09\/05\/reciben-a-fox-en-el-pri\/#respond\"]}]},{\"@type\":\"WebPage\",\"@id\":\"https:\/\/expresorgv.online\/home\/blog\/2026\/09\/05\/reciben-a-fox-en-el-pri\/\",\"url\":\"https:\/\/expresorgv.online\/home\/blog\/2026\/09\/05\/reciben-a-fox-en-el-pri\/\",\"name\":\"Reciben a Fox... \u00a1en el PRI! -\",\"isPartOf\":{\"@id\":\"https:\/\/expresorgv.online\/home\/#website\"},\"primaryImageOfPage\":{\"@id\":\"https:\/\/expresorgv.online\/home\/blog\/2026\/09\/05\/reciben-a-fox-en-el-pri\/#primaryimage\"},\"image\":{\"@id\":\"https:\/\/expresorgv.online\/home\/blog\/2026\/09\/05\/reciben-a-fox-en-el-pri\/#primaryimage\"},\"thumbnailUrl\":\"https:\/\/i0.wp.com\/expresorgv.online\/home\/wp-content\/uploads\/2026\/09\/Vicente-Fox-PRI.png?fit=591%2C328&ssl=1\",\"datePublished\":\"2026-09-05T12:23:09+00:00\",\"dateModified\":\"2026-09-05T12:23:10+00:00\",\"author\":{\"@id\":\"https:\/\/expresorgv.online\/home\/#\/schema\/person\/ae1ed1a575540204b5f59dca7f91f6a2\"},\"breadcrumb\":{\"@id\":\"https:\/\/expresorgv.online\/home\/blog\/2026\/09\/05\/reciben-a-fox-en-el-pri\/#breadcrumb\"},\"inLanguage\":\"es\",\"potentialAction\":[{\"@type\":\"ReadAction\",\"target\":[\"https:\/\/expresorgv.online\/home\/blog\/2026\/09\/05\/reciben-a-fox-en-el-pri\/\"]}]},{\"@type\":\"ImageObject\",\"inLanguage\":\"es\",\"@id\":\"https:\/\/expresorgv.online\/home\/blog\/2026\/09\/05\/reciben-a-fox-en-el-pri\/#primaryimage\",\"url\":\"https:\/\/i0.wp.com\/expresorgv.online\/home\/wp-content\/uploads\/2026\/09\/Vicente-Fox-PRI.png?fit=591%2C328&ssl=1\",\"contentUrl\":\"https:\/\/i0.wp.com\/expresorgv.online\/home\/wp-content\/uploads\/2026\/09\/Vicente-Fox-PRI.png?fit=591%2C328&ssl=1\",\"width\":591,\"height\":328},{\"@type\":\"BreadcrumbList\",\"@id\":\"https:\/\/expresorgv.online\/home\/blog\/2026\/09\/05\/reciben-a-fox-en-el-pri\/#breadcrumb\",\"itemListElement\":[{\"@type\":\"ListItem\",\"position\":1,\"name\":\"Home\",\"item\":\"https:\/\/expresorgv.online\/home\/\"},{\"@type\":\"ListItem\",\"position\":2,\"name\":\"Reciben a Fox&#8230; \u00a1en el PRI!\"}]},{\"@type\":\"WebSite\",\"@id\":\"https:\/\/expresorgv.online\/home\/#website\",\"url\":\"https:\/\/expresorgv.online\/home\/\",\"name\":\"\",\"description\":\"\",\"potentialAction\":[{\"@type\":\"SearchAction\",\"target\":{\"@type\":\"EntryPoint\",\"urlTemplate\":\"https:\/\/expresorgv.online\/home\/?s={search_term_string}\"},\"query-input\":{\"@type\":\"PropertyValueSpecification\",\"valueRequired\":true,\"valueName\":\"search_term_string\"}}],\"inLanguage\":\"es\"},{\"@type\":\"Person\",\"@id\":\"https:\/\/expresorgv.online\/home\/#\/schema\/person\/ae1ed1a575540204b5f59dca7f91f6a2\",\"name\":\"expreso\",\"image\":{\"@type\":\"ImageObject\",\"inLanguage\":\"es\",\"@id\":\"https:\/\/secure.gravatar.com\/avatar\/88cd9f065dcd1b722cd984aac4181386a800c0bca699eaf07e42dd8f820bddee?s=96&d=mm&r=g\",\"url\":\"https:\/\/secure.gravatar.com\/avatar\/88cd9f065dcd1b722cd984aac4181386a800c0bca699eaf07e42dd8f820bddee?s=96&d=mm&r=g\",\"contentUrl\":\"https:\/\/secure.gravatar.com\/avatar\/88cd9f065dcd1b722cd984aac4181386a800c0bca699eaf07e42dd8f820bddee?s=96&d=mm&r=g\",\"caption\":\"expreso\"},\"url\":\"https:\/\/expresorgv.online\/home\/blog\/author\/expreso\/\"}]}<\/script>\n<!-- \/ Yoast SEO plugin. -->","yoast_head_json":{"title":"Reciben a Fox... \u00a1en el PRI! -","robots":{"index":"index","follow":"follow","max-snippet":"max-snippet:-1","max-image-preview":"max-image-preview:large","max-video-preview":"max-video-preview:-1"},"canonical":"https:\/\/expresorgv.online\/home\/blog\/2026\/09\/05\/reciben-a-fox-en-el-pri\/","og_locale":"es_ES","og_type":"article","og_title":"Reciben a Fox... \u00a1en el PRI!","og_description":"El ex Presidente Vicente Fox Quesada fue recibido este viernes en la dirigencia nacional del PRI. El ex Mandatario acudi\u00f3 acompa\u00f1ado por integrantes de la agrupaci\u00f3n Alma de M\u00e9xico, organizaci\u00f3n civil que encabeza en defensa de la democracia, impulsada por el ex Gobernador de Guanajuato y actual diputado local, Juan Carlos Romero Hicks. El encuentro [&hellip;]","og_url":"https:\/\/expresorgv.online\/home\/blog\/2026\/09\/05\/reciben-a-fox-en-el-pri\/","article_published_time":"2026-09-05T12:23:09+00:00","article_modified_time":"2026-09-05T12:23:10+00:00","og_image":[{"width":591,"height":328,"url":"https:\/\/expresorgv.online\/home\/wp-content\/uploads\/2026\/09\/Vicente-Fox-PRI.png","type":"image\/png"}],"author":"expreso","twitter_card":"summary_large_image","twitter_misc":{"Escrito por":"expreso","Tiempo de lectura":"2 minutos"},"schema":{"@context":"https:\/\/schema.org","@graph":[{"@type":"Article","@id":"https:\/\/expresorgv.online\/home\/blog\/2026\/09\/05\/reciben-a-fox-en-el-pri\/#article","isPartOf":{"@id":"https:\/\/expresorgv.online\/home\/blog\/2026\/09\/05\/reciben-a-fox-en-el-pri\/"},"author":{"name":"expreso","@id":"https:\/\/expresorgv.online\/home\/#\/schema\/person\/ae1ed1a575540204b5f59dca7f91f6a2"},"headline":"Reciben a Fox&#8230; \u00a1en el PRI!","datePublished":"2026-09-05T12:23:09+00:00","dateModified":"2026-09-05T12:23:10+00:00","mainEntityOfPage":{"@id":"https:\/\/expresorgv.online\/home\/blog\/2026\/09\/05\/reciben-a-fox-en-el-pri\/"},"wordCount":372,"commentCount":0,"image":{"@id":"https:\/\/expresorgv.online\/home\/blog\/2026\/09\/05\/reciben-a-fox-en-el-pri\/#primaryimage"},"thumbnailUrl":"https:\/\/i0.wp.com\/expresorgv.online\/home\/wp-content\/uploads\/2026\/09\/Vicente-Fox-PRI.png?fit=591%2C328&ssl=1","articleSection":["NACIONAL"],"inLanguage":"es","potentialAction":[{"@type":"CommentAction","name":"Comment","target":["https:\/\/expresorgv.online\/home\/blog\/2026\/09\/05\/reciben-a-fox-en-el-pri\/#respond"]}]},{"@type":"WebPage","@id":"https:\/\/expresorgv.online\/home\/blog\/2026\/09\/05\/reciben-a-fox-en-el-pri\/","url":"https:\/\/expresorgv.online\/home\/blog\/2026\/09\/05\/reciben-a-fox-en-el-pri\/","name":"Reciben a Fox... \u00a1en el PRI! -","isPartOf":{"@id":"https:\/\/expresorgv.online\/home\/#website"},"primaryImageOfPage":{"@id":"https:\/\/expresorgv.online\/home\/blog\/2026\/09\/05\/reciben-a-fox-en-el-pri\/#primaryimage"},"image":{"@id":"https:\/\/expresorgv.online\/home\/blog\/2026\/09\/05\/reciben-a-fox-en-el-pri\/#primaryimage"},"thumbnailUrl":"https:\/\/i0.wp.com\/expresorgv.online\/home\/wp-content\/uploads\/2026\/09\/Vicente-Fox-PRI.png?fit=591%2C328&ssl=1","datePublished":"2026-09-05T12:23:09+00:00","dateModified":"2026-09-05T12:23:10+00:00","author":{"@id":"https:\/\/expresorgv.online\/home\/#\/schema\/person\/ae1ed1a575540204b5f59dca7f91f6a2"},"breadcrumb":{"@id":"https:\/\/expresorgv.online\/home\/blog\/2026\/09\/05\/reciben-a-fox-en-el-pri\/#breadcrumb"},"inLanguage":"es","potentialAction":[{"@type":"ReadAction","target":["https:\/\/expresorgv.online\/home\/blog\/2026\/09\/05\/reciben-a-fox-en-el-pri\/"]}]},{"@type":"ImageObject","inLanguage":"es","@id":"https:\/\/expresorgv.online\/home\/blog\/2026\/09\/05\/reciben-a-fox-en-el-pri\/#primaryimage","url":"https:\/\/i0.wp.com\/expresorgv.online\/home\/wp-content\/uploads\/2026\/09\/Vicente-Fox-PRI.png?fit=591%2C328&ssl=1","contentUrl":"https:\/\/i0.wp.com\/expresorgv.online\/home\/wp-content\/uploads\/2026\/09\/Vicente-Fox-PRI.png?fit=591%2C328&ssl=1","width":591,"height":328},{"@type":"BreadcrumbList","@id":"https:\/\/expresorgv.online\/home\/blog\/2026\/09\/05\/reciben-a-fox-en-el-pri\/#breadcrumb","itemListElement":[{"@type":"ListItem","position":1,"name":"Home","item":"https:\/\/expresorgv.online\/home\/"},{"@type":"ListItem","position":2,"name":"Reciben a Fox&#8230; \u00a1en el PRI!"}]},{"@type":"WebSite","@id":"https:\/\/expresorgv.online\/home\/#website","url":"https:\/\/expresorgv.online\/home\/","name":"","description":"","potentialAction":[{"@type":"SearchAction","target":{"@type":"EntryPoint","urlTemplate":"https:\/\/expresorgv.online\/home\/?s={search_term_string}"},"query-input":{"@type":"PropertyValueSpecification","valueRequired":true,"valueName":"search_term_string"}}],"inLanguage":"es"},{"@type":"Person","@id":"https:\/\/expresorgv.online\/home\/#\/schema\/person\/ae1ed1a575540204b5f59dca7f91f6a2","name":"expreso","image":{"@type":"ImageObject","inLanguage":"es","@id":"https:\/\/secure.gravatar.com\/avatar\/88cd9f065dcd1b722cd984aac4181386a800c0bca699eaf07e42dd8f820bddee?s=96&d=mm&r=g","url":"https:\/\/secure.gravatar.com\/avatar\/88cd9f065dcd1b722cd984aac4181386a800c0bca699eaf07e42dd8f820bddee?s=96&d=mm&r=g","contentUrl":"https:\/\/secure.gravatar.com\/avatar\/88cd9f065dcd1b722cd984aac4181386a800c0bca699eaf07e42dd8f820bddee?s=96&d=mm&r=g","caption":"expreso"},"url":"https:\/\/expresorgv.online\/home\/blog\/author\/expreso\/"}]}},"jetpack_featured_media_url":"https:\/\/i0.wp.com\/expresorgv.online\/home\/wp-content\/uploads\/2026\/09\/Vicente-Fox-PRI.png?fit=591%2C328&ssl=1","_links":{"self":[{"href":"https:\/\/expresorgv.online\/home\/wp-json\/wp\/v2\/posts\/38448","targetHints":{"allow":["GET"]}}],"collection":[{"href":"https:\/\/expresorgv.online\/home\/wp-json\/wp\/v2\/posts"}],"about":[{"href":"https:\/\/expresorgv.online\/home\/wp-json\/wp\/v2\/types\/post"}],"author":[{"embeddable":true,"href":"https:\/\/expresorgv.online\/home\/wp-json\/wp\/v2\/users\/2"}],"replies":[{"embeddable":true,"href":"https:\/\/expresorgv.online\/home\/wp-json\/wp\/v2\/comments?post=38448"}],"version-history":[{"count":1,"href":"https:\/\/expresorgv.online\/home\/wp-json\/wp\/v2\/posts\/38448\/revisions"}],"predecessor-version":[{"id":38450,"href":"https:\/\/expresorgv.online\/home\/wp-json\/wp\/v2\/posts\/38448\/revisions\/38450"}],"wp:featuredmedia":[{"embeddable":true,"href":"https:\/\/expresorgv.online\/home\/wp-json\/wp\/v2\/media\/38449"}],"wp:attachment":[{"href":"https:\/\/expresorgv.online\/home\/wp-json\/wp\/v2\/media?parent=38448"}],"wp:term":[{"taxonomy":"category","embeddable":true,"href":"https:\/\/expresorgv.online\/home\/wp-json\/wp\/v2\/categories?post=38448"},{"taxonomy":"post_tag","embeddable":true,"href":"https:\/\/expresorgv.online\/home\/wp-json\/wp\/v2\/tags?post=38448"}],"curies":[{"name":"wp","href":"https:\/\/api.w.org\/{rel}","templated":true}]}}