{"id":38445,"date":"2026-09-05T12:16:45","date_gmt":"2026-09-05T12:16:45","guid":{"rendered":"https:\/\/expresorgv.online\/home\/?p=38445"},"modified":"2026-09-05T12:16:47","modified_gmt":"2026-09-05T12:16:47","slug":"carteles-no-deben-ser-pretexto-para-invasion-dice-sheinbaum-a-eu","status":"publish","type":"post","link":"https:\/\/expresorgv.online\/home\/blog\/2026\/09\/05\/carteles-no-deben-ser-pretexto-para-invasion-dice-sheinbaum-a-eu\/","title":{"rendered":"C\u00e1rteles no deben ser pretexto para invasi\u00f3n, dice Sheinbaum a EU"},"content":{"rendered":"\n<p class=\"wp-block-paragraph\">En medio de nuevas presiones del Gobierno de Donald Trump sobre M\u00e9xico, la Presidenta Claudia Sheinbaum advirti\u00f3 que la designaci\u00f3n de los c\u00e1rteles como organizaciones terroristas no debe utilizarse como pretexto para una invasi\u00f3n del Pa\u00eds.<\/p>\n\n\n\n<p class=\"wp-block-paragraph\">En su gira por Aguascalientes con motivo del Segundo Informe de Gobierno, la Mandataria defendi\u00f3 las medidas adoptadas para reforzar en la Constituci\u00f3n la prohibici\u00f3n de cualquier intervenci\u00f3n extranjera.<\/p>\n\n\n\n<p class=\"wp-block-paragraph\">\u00abCuando Estados Unidos nombr\u00f3 a la delincuencia organizada grupos terroristas, dijimos, claro que luchamos contra la delincuencia organizada. Pero eso no debe ser pretexto para una invasi\u00f3n de los Estados Unidos a M\u00e9xico\u00bb, sostuvo.<\/p>\n\n\n\n<p class=\"wp-block-paragraph\">\u00abY pusimos en la Constituci\u00f3n, en el art\u00edculo 40, reforzamos que no debe haber ninguna injerencia, ni ninguna intervenci\u00f3n de ning\u00fan pa\u00eds extranjero en nuestro pa\u00eds\u00bb.<\/p>\n\n\n\n<p class=\"wp-block-paragraph\">El pronunciamiento se produjo el mismo d\u00eda en que Trump amenaz\u00f3 con dejar de comerciar con M\u00e9xico y otros pa\u00edses con los que, asegur\u00f3, Estados Unidos registra d\u00e9ficits comerciales.<\/p>\n\n\n\n<p class=\"wp-block-paragraph\">Desde la Oficina Oval, el republicano afirm\u00f3 que su pa\u00eds pierde 195 mil millones de d\u00f3lares anuales en el intercambio con M\u00e9xico y minimiz\u00f3 la importancia de los productos mexicanos para la econom\u00eda estadounidense.<\/p>\n\n\n\n<p class=\"wp-block-paragraph\">\u00abEllos no tienen nada que nosotros necesitemos. Quiero decir, tamales picantes, tomates y algunas otras cosas. Pero b\u00e1sicamente no tienen nada que necesitemos\u00bb, afirm\u00f3 Trump.<\/p>\n\n\n\n<p class=\"wp-block-paragraph\">El Presidente estadounidense asegur\u00f3, sin embargo, que no pretende suspender el comercio con M\u00e9xico por la relaci\u00f3n que mantiene con Sheinbaum, de quien dijo que le cae bien y a quien respeta \u00abmucho\u00bb.<\/p>\n\n\n\n<p class=\"wp-block-paragraph\">Esta tarde, al llegar a Aguascalientes, se pregunt\u00f3 a Sheinbaum sobre las expresiones el republicano. Sin embargo, solo respondi\u00f3 con una sonrisa.<\/p>\n\n\n\n<p class=\"wp-block-paragraph\">Ya en su discurso, la Mandataria no hizo referencia expresa a las declaraciones de Trump, pero insisti\u00f3 en la defensa de la independencia y la soberan\u00eda nacionales.<\/p>\n\n\n\n<p class=\"wp-block-paragraph\">\u00abIgual ahora, M\u00e9xico defiende la independencia, la soberan\u00eda, la justicia social, la libertad y la democracia. Esos son los fundamentos de la Rep\u00fablica\u00bb, afirm\u00f3.<\/p>\n\n\n\n<p class=\"wp-block-paragraph\">La Presidenta tambi\u00e9n defendi\u00f3 la iniciativa que impulsa para impedir que una persona con doble nacionalidad pueda encabezar el Ejecutivo federal.<\/p>\n\n\n\n<p class=\"wp-block-paragraph\">\u00abAhora estamos enviando una iniciativa que dice si quieres ser presidente de la Rep\u00fablica, solo puede ser mexicano, no puede haber doble nacionalidad. \u00bfPor qu\u00e9? Un Presidente de M\u00e9xico, una Presidenta no puede jurarle a otro Estado. Debe ser mexicano, exclusivamente mexicano\u00bb, expres\u00f3.<\/p>\n\n\n\n<p class=\"wp-block-paragraph\">La propuesta se suma al discurso de Sheinbaum contra la injerencia estadounidense, luego de que esta misma semana acus\u00f3 a agencias de ese Pa\u00eds de buscar influir en las elecciones mexicanas y generar divisiones al interior de su Gobierno.<\/p>\n","protected":false},"excerpt":{"rendered":"<p>En medio de nuevas presiones del Gobierno de Donald Trump sobre M\u00e9xico, la Presidenta Claudia Sheinbaum advirti\u00f3 que la designaci\u00f3n de los c\u00e1rteles como organizaciones terroristas no debe utilizarse como pretexto para una invasi\u00f3n del Pa\u00eds. En su gira por Aguascalientes con motivo del Segundo Informe de Gobierno, la Mandataria defendi\u00f3 las medidas adoptadas para [&hellip;]<\/p>\n","protected":false},"author":2,"featured_media":38446,"comment_status":"open","ping_status":"open","sticky":false,"template":"","format":"standard","meta":{"footnotes":""},"categories":[6],"tags":[],"class_list":["post-38445","post","type-post","status-publish","format-standard","has-post-thumbnail","hentry","category-nacional"],"yoast_head":"<!-- This site is optimized with the Yoast SEO plugin v27.2 - https:\/\/yoast.com\/product\/yoast-seo-wordpress\/ -->\n<title>C\u00e1rteles no deben ser pretexto para invasi\u00f3n, dice Sheinbaum a EU -<\/title>\n<meta name=\"robots\" content=\"index, follow, max-snippet:-1, max-image-preview:large, max-video-preview:-1\" \/>\n<link rel=\"canonical\" href=\"https:\/\/expresorgv.online\/home\/blog\/2026\/09\/05\/carteles-no-deben-ser-pretexto-para-invasion-dice-sheinbaum-a-eu\/\" \/>\n<meta property=\"og:locale\" content=\"es_ES\" \/>\n<meta property=\"og:type\" content=\"article\" \/>\n<meta property=\"og:title\" content=\"C\u00e1rteles no deben ser pretexto para invasi\u00f3n, dice Sheinbaum a EU\" \/>\n<meta property=\"og:description\" content=\"En medio de nuevas presiones del Gobierno de Donald Trump sobre M\u00e9xico, la Presidenta Claudia Sheinbaum advirti\u00f3 que la designaci\u00f3n de los c\u00e1rteles como organizaciones terroristas no debe utilizarse como pretexto para una invasi\u00f3n del Pa\u00eds. En su gira por Aguascalientes con motivo del Segundo Informe de Gobierno, la Mandataria defendi\u00f3 las medidas adoptadas para [&hellip;]\" \/>\n<meta property=\"og:url\" content=\"https:\/\/expresorgv.online\/home\/blog\/2026\/09\/05\/carteles-no-deben-ser-pretexto-para-invasion-dice-sheinbaum-a-eu\/\" \/>\n<meta property=\"article:published_time\" content=\"2026-09-05T12:16:45+00:00\" \/>\n<meta property=\"article:modified_time\" content=\"2026-09-05T12:16:47+00:00\" \/>\n<meta property=\"og:image\" content=\"https:\/\/expresorgv.online\/home\/wp-content\/uploads\/2026\/09\/Claudia-Sheinbaum.png\" \/>\n\t<meta property=\"og:image:width\" content=\"591\" \/>\n\t<meta property=\"og:image:height\" content=\"328\" \/>\n\t<meta property=\"og:image:type\" content=\"image\/png\" \/>\n<meta name=\"author\" content=\"expreso\" \/>\n<meta name=\"twitter:card\" content=\"summary_large_image\" \/>\n<meta name=\"twitter:label1\" content=\"Escrito por\" \/>\n\t<meta name=\"twitter:data1\" content=\"expreso\" \/>\n\t<meta name=\"twitter:label2\" content=\"Tiempo de lectura\" \/>\n\t<meta name=\"twitter:data2\" content=\"3 minutos\" \/>\n<script type=\"application\/ld+json\" class=\"yoast-schema-graph\">{\"@context\":\"https:\/\/schema.org\",\"@graph\":[{\"@type\":\"Article\",\"@id\":\"https:\/\/expresorgv.online\/home\/blog\/2026\/09\/05\/carteles-no-deben-ser-pretexto-para-invasion-dice-sheinbaum-a-eu\/#article\",\"isPartOf\":{\"@id\":\"https:\/\/expresorgv.online\/home\/blog\/2026\/09\/05\/carteles-no-deben-ser-pretexto-para-invasion-dice-sheinbaum-a-eu\/\"},\"author\":{\"name\":\"expreso\",\"@id\":\"https:\/\/expresorgv.online\/home\/#\/schema\/person\/ae1ed1a575540204b5f59dca7f91f6a2\"},\"headline\":\"C\u00e1rteles no deben ser pretexto para invasi\u00f3n, dice Sheinbaum a EU\",\"datePublished\":\"2026-09-05T12:16:45+00:00\",\"dateModified\":\"2026-09-05T12:16:47+00:00\",\"mainEntityOfPage\":{\"@id\":\"https:\/\/expresorgv.online\/home\/blog\/2026\/09\/05\/carteles-no-deben-ser-pretexto-para-invasion-dice-sheinbaum-a-eu\/\"},\"wordCount\":468,\"commentCount\":0,\"image\":{\"@id\":\"https:\/\/expresorgv.online\/home\/blog\/2026\/09\/05\/carteles-no-deben-ser-pretexto-para-invasion-dice-sheinbaum-a-eu\/#primaryimage\"},\"thumbnailUrl\":\"https:\/\/i0.wp.com\/expresorgv.online\/home\/wp-content\/uploads\/2026\/09\/Claudia-Sheinbaum.png?fit=591%2C328&ssl=1\",\"articleSection\":[\"NACIONAL\"],\"inLanguage\":\"es\",\"potentialAction\":[{\"@type\":\"CommentAction\",\"name\":\"Comment\",\"target\":[\"https:\/\/expresorgv.online\/home\/blog\/2026\/09\/05\/carteles-no-deben-ser-pretexto-para-invasion-dice-sheinbaum-a-eu\/#respond\"]}]},{\"@type\":\"WebPage\",\"@id\":\"https:\/\/expresorgv.online\/home\/blog\/2026\/09\/05\/carteles-no-deben-ser-pretexto-para-invasion-dice-sheinbaum-a-eu\/\",\"url\":\"https:\/\/expresorgv.online\/home\/blog\/2026\/09\/05\/carteles-no-deben-ser-pretexto-para-invasion-dice-sheinbaum-a-eu\/\",\"name\":\"C\u00e1rteles no deben ser pretexto para invasi\u00f3n, dice Sheinbaum a EU -\",\"isPartOf\":{\"@id\":\"https:\/\/expresorgv.online\/home\/#website\"},\"primaryImageOfPage\":{\"@id\":\"https:\/\/expresorgv.online\/home\/blog\/2026\/09\/05\/carteles-no-deben-ser-pretexto-para-invasion-dice-sheinbaum-a-eu\/#primaryimage\"},\"image\":{\"@id\":\"https:\/\/expresorgv.online\/home\/blog\/2026\/09\/05\/carteles-no-deben-ser-pretexto-para-invasion-dice-sheinbaum-a-eu\/#primaryimage\"},\"thumbnailUrl\":\"https:\/\/i0.wp.com\/expresorgv.online\/home\/wp-content\/uploads\/2026\/09\/Claudia-Sheinbaum.png?fit=591%2C328&ssl=1\",\"datePublished\":\"2026-09-05T12:16:45+00:00\",\"dateModified\":\"2026-09-05T12:16:47+00:00\",\"author\":{\"@id\":\"https:\/\/expresorgv.online\/home\/#\/schema\/person\/ae1ed1a575540204b5f59dca7f91f6a2\"},\"breadcrumb\":{\"@id\":\"https:\/\/expresorgv.online\/home\/blog\/2026\/09\/05\/carteles-no-deben-ser-pretexto-para-invasion-dice-sheinbaum-a-eu\/#breadcrumb\"},\"inLanguage\":\"es\",\"potentialAction\":[{\"@type\":\"ReadAction\",\"target\":[\"https:\/\/expresorgv.online\/home\/blog\/2026\/09\/05\/carteles-no-deben-ser-pretexto-para-invasion-dice-sheinbaum-a-eu\/\"]}]},{\"@type\":\"ImageObject\",\"inLanguage\":\"es\",\"@id\":\"https:\/\/expresorgv.online\/home\/blog\/2026\/09\/05\/carteles-no-deben-ser-pretexto-para-invasion-dice-sheinbaum-a-eu\/#primaryimage\",\"url\":\"https:\/\/i0.wp.com\/expresorgv.online\/home\/wp-content\/uploads\/2026\/09\/Claudia-Sheinbaum.png?fit=591%2C328&ssl=1\",\"contentUrl\":\"https:\/\/i0.wp.com\/expresorgv.online\/home\/wp-content\/uploads\/2026\/09\/Claudia-Sheinbaum.png?fit=591%2C328&ssl=1\",\"width\":591,\"height\":328},{\"@type\":\"BreadcrumbList\",\"@id\":\"https:\/\/expresorgv.online\/home\/blog\/2026\/09\/05\/carteles-no-deben-ser-pretexto-para-invasion-dice-sheinbaum-a-eu\/#breadcrumb\",\"itemListElement\":[{\"@type\":\"ListItem\",\"position\":1,\"name\":\"Home\",\"item\":\"https:\/\/expresorgv.online\/home\/\"},{\"@type\":\"ListItem\",\"position\":2,\"name\":\"C\u00e1rteles no deben ser pretexto para invasi\u00f3n, dice Sheinbaum a EU\"}]},{\"@type\":\"WebSite\",\"@id\":\"https:\/\/expresorgv.online\/home\/#website\",\"url\":\"https:\/\/expresorgv.online\/home\/\",\"name\":\"\",\"description\":\"\",\"potentialAction\":[{\"@type\":\"SearchAction\",\"target\":{\"@type\":\"EntryPoint\",\"urlTemplate\":\"https:\/\/expresorgv.online\/home\/?s={search_term_string}\"},\"query-input\":{\"@type\":\"PropertyValueSpecification\",\"valueRequired\":true,\"valueName\":\"search_term_string\"}}],\"inLanguage\":\"es\"},{\"@type\":\"Person\",\"@id\":\"https:\/\/expresorgv.online\/home\/#\/schema\/person\/ae1ed1a575540204b5f59dca7f91f6a2\",\"name\":\"expreso\",\"image\":{\"@type\":\"ImageObject\",\"inLanguage\":\"es\",\"@id\":\"https:\/\/secure.gravatar.com\/avatar\/88cd9f065dcd1b722cd984aac4181386a800c0bca699eaf07e42dd8f820bddee?s=96&d=mm&r=g\",\"url\":\"https:\/\/secure.gravatar.com\/avatar\/88cd9f065dcd1b722cd984aac4181386a800c0bca699eaf07e42dd8f820bddee?s=96&d=mm&r=g\",\"contentUrl\":\"https:\/\/secure.gravatar.com\/avatar\/88cd9f065dcd1b722cd984aac4181386a800c0bca699eaf07e42dd8f820bddee?s=96&d=mm&r=g\",\"caption\":\"expreso\"},\"url\":\"https:\/\/expresorgv.online\/home\/blog\/author\/expreso\/\"}]}<\/script>\n<!-- \/ Yoast SEO plugin. -->","yoast_head_json":{"title":"C\u00e1rteles no deben ser pretexto para invasi\u00f3n, dice Sheinbaum a EU -","robots":{"index":"index","follow":"follow","max-snippet":"max-snippet:-1","max-image-preview":"max-image-preview:large","max-video-preview":"max-video-preview:-1"},"canonical":"https:\/\/expresorgv.online\/home\/blog\/2026\/09\/05\/carteles-no-deben-ser-pretexto-para-invasion-dice-sheinbaum-a-eu\/","og_locale":"es_ES","og_type":"article","og_title":"C\u00e1rteles no deben ser pretexto para invasi\u00f3n, dice Sheinbaum a EU","og_description":"En medio de nuevas presiones del Gobierno de Donald Trump sobre M\u00e9xico, la Presidenta Claudia Sheinbaum advirti\u00f3 que la designaci\u00f3n de los c\u00e1rteles como organizaciones terroristas no debe utilizarse como pretexto para una invasi\u00f3n del Pa\u00eds. En su gira por Aguascalientes con motivo del Segundo Informe de Gobierno, la Mandataria defendi\u00f3 las medidas adoptadas para [&hellip;]","og_url":"https:\/\/expresorgv.online\/home\/blog\/2026\/09\/05\/carteles-no-deben-ser-pretexto-para-invasion-dice-sheinbaum-a-eu\/","article_published_time":"2026-09-05T12:16:45+00:00","article_modified_time":"2026-09-05T12:16:47+00:00","og_image":[{"width":591,"height":328,"url":"https:\/\/expresorgv.online\/home\/wp-content\/uploads\/2026\/09\/Claudia-Sheinbaum.png","type":"image\/png"}],"author":"expreso","twitter_card":"summary_large_image","twitter_misc":{"Escrito por":"expreso","Tiempo de lectura":"3 minutos"},"schema":{"@context":"https:\/\/schema.org","@graph":[{"@type":"Article","@id":"https:\/\/expresorgv.online\/home\/blog\/2026\/09\/05\/carteles-no-deben-ser-pretexto-para-invasion-dice-sheinbaum-a-eu\/#article","isPartOf":{"@id":"https:\/\/expresorgv.online\/home\/blog\/2026\/09\/05\/carteles-no-deben-ser-pretexto-para-invasion-dice-sheinbaum-a-eu\/"},"author":{"name":"expreso","@id":"https:\/\/expresorgv.online\/home\/#\/schema\/person\/ae1ed1a575540204b5f59dca7f91f6a2"},"headline":"C\u00e1rteles no deben ser pretexto para invasi\u00f3n, dice Sheinbaum a EU","datePublished":"2026-09-05T12:16:45+00:00","dateModified":"2026-09-05T12:16:47+00:00","mainEntityOfPage":{"@id":"https:\/\/expresorgv.online\/home\/blog\/2026\/09\/05\/carteles-no-deben-ser-pretexto-para-invasion-dice-sheinbaum-a-eu\/"},"wordCount":468,"commentCount":0,"image":{"@id":"https:\/\/expresorgv.online\/home\/blog\/2026\/09\/05\/carteles-no-deben-ser-pretexto-para-invasion-dice-sheinbaum-a-eu\/#primaryimage"},"thumbnailUrl":"https:\/\/i0.wp.com\/expresorgv.online\/home\/wp-content\/uploads\/2026\/09\/Claudia-Sheinbaum.png?fit=591%2C328&ssl=1","articleSection":["NACIONAL"],"inLanguage":"es","potentialAction":[{"@type":"CommentAction","name":"Comment","target":["https:\/\/expresorgv.online\/home\/blog\/2026\/09\/05\/carteles-no-deben-ser-pretexto-para-invasion-dice-sheinbaum-a-eu\/#respond"]}]},{"@type":"WebPage","@id":"https:\/\/expresorgv.online\/home\/blog\/2026\/09\/05\/carteles-no-deben-ser-pretexto-para-invasion-dice-sheinbaum-a-eu\/","url":"https:\/\/expresorgv.online\/home\/blog\/2026\/09\/05\/carteles-no-deben-ser-pretexto-para-invasion-dice-sheinbaum-a-eu\/","name":"C\u00e1rteles no deben ser pretexto para invasi\u00f3n, dice Sheinbaum a EU -","isPartOf":{"@id":"https:\/\/expresorgv.online\/home\/#website"},"primaryImageOfPage":{"@id":"https:\/\/expresorgv.online\/home\/blog\/2026\/09\/05\/carteles-no-deben-ser-pretexto-para-invasion-dice-sheinbaum-a-eu\/#primaryimage"},"image":{"@id":"https:\/\/expresorgv.online\/home\/blog\/2026\/09\/05\/carteles-no-deben-ser-pretexto-para-invasion-dice-sheinbaum-a-eu\/#primaryimage"},"thumbnailUrl":"https:\/\/i0.wp.com\/expresorgv.online\/home\/wp-content\/uploads\/2026\/09\/Claudia-Sheinbaum.png?fit=591%2C328&ssl=1","datePublished":"2026-09-05T12:16:45+00:00","dateModified":"2026-09-05T12:16:47+00:00","author":{"@id":"https:\/\/expresorgv.online\/home\/#\/schema\/person\/ae1ed1a575540204b5f59dca7f91f6a2"},"breadcrumb":{"@id":"https:\/\/expresorgv.online\/home\/blog\/2026\/09\/05\/carteles-no-deben-ser-pretexto-para-invasion-dice-sheinbaum-a-eu\/#breadcrumb"},"inLanguage":"es","potentialAction":[{"@type":"ReadAction","target":["https:\/\/expresorgv.online\/home\/blog\/2026\/09\/05\/carteles-no-deben-ser-pretexto-para-invasion-dice-sheinbaum-a-eu\/"]}]},{"@type":"ImageObject","inLanguage":"es","@id":"https:\/\/expresorgv.online\/home\/blog\/2026\/09\/05\/carteles-no-deben-ser-pretexto-para-invasion-dice-sheinbaum-a-eu\/#primaryimage","url":"https:\/\/i0.wp.com\/expresorgv.online\/home\/wp-content\/uploads\/2026\/09\/Claudia-Sheinbaum.png?fit=591%2C328&ssl=1","contentUrl":"https:\/\/i0.wp.com\/expresorgv.online\/home\/wp-content\/uploads\/2026\/09\/Claudia-Sheinbaum.png?fit=591%2C328&ssl=1","width":591,"height":328},{"@type":"BreadcrumbList","@id":"https:\/\/expresorgv.online\/home\/blog\/2026\/09\/05\/carteles-no-deben-ser-pretexto-para-invasion-dice-sheinbaum-a-eu\/#breadcrumb","itemListElement":[{"@type":"ListItem","position":1,"name":"Home","item":"https:\/\/expresorgv.online\/home\/"},{"@type":"ListItem","position":2,"name":"C\u00e1rteles no deben ser pretexto para invasi\u00f3n, dice Sheinbaum a EU"}]},{"@type":"WebSite","@id":"https:\/\/expresorgv.online\/home\/#website","url":"https:\/\/expresorgv.online\/home\/","name":"","description":"","potentialAction":[{"@type":"SearchAction","target":{"@type":"EntryPoint","urlTemplate":"https:\/\/expresorgv.online\/home\/?s={search_term_string}"},"query-input":{"@type":"PropertyValueSpecification","valueRequired":true,"valueName":"search_term_string"}}],"inLanguage":"es"},{"@type":"Person","@id":"https:\/\/expresorgv.online\/home\/#\/schema\/person\/ae1ed1a575540204b5f59dca7f91f6a2","name":"expreso","image":{"@type":"ImageObject","inLanguage":"es","@id":"https:\/\/secure.gravatar.com\/avatar\/88cd9f065dcd1b722cd984aac4181386a800c0bca699eaf07e42dd8f820bddee?s=96&d=mm&r=g","url":"https:\/\/secure.gravatar.com\/avatar\/88cd9f065dcd1b722cd984aac4181386a800c0bca699eaf07e42dd8f820bddee?s=96&d=mm&r=g","contentUrl":"https:\/\/secure.gravatar.com\/avatar\/88cd9f065dcd1b722cd984aac4181386a800c0bca699eaf07e42dd8f820bddee?s=96&d=mm&r=g","caption":"expreso"},"url":"https:\/\/expresorgv.online\/home\/blog\/author\/expreso\/"}]}},"jetpack_featured_media_url":"https:\/\/i0.wp.com\/expresorgv.online\/home\/wp-content\/uploads\/2026\/09\/Claudia-Sheinbaum.png?fit=591%2C328&ssl=1","_links":{"self":[{"href":"https:\/\/expresorgv.online\/home\/wp-json\/wp\/v2\/posts\/38445","targetHints":{"allow":["GET"]}}],"collection":[{"href":"https:\/\/expresorgv.online\/home\/wp-json\/wp\/v2\/posts"}],"about":[{"href":"https:\/\/expresorgv.online\/home\/wp-json\/wp\/v2\/types\/post"}],"author":[{"embeddable":true,"href":"https:\/\/expresorgv.online\/home\/wp-json\/wp\/v2\/users\/2"}],"replies":[{"embeddable":true,"href":"https:\/\/expresorgv.online\/home\/wp-json\/wp\/v2\/comments?post=38445"}],"version-history":[{"count":1,"href":"https:\/\/expresorgv.online\/home\/wp-json\/wp\/v2\/posts\/38445\/revisions"}],"predecessor-version":[{"id":38447,"href":"https:\/\/expresorgv.online\/home\/wp-json\/wp\/v2\/posts\/38445\/revisions\/38447"}],"wp:featuredmedia":[{"embeddable":true,"href":"https:\/\/expresorgv.online\/home\/wp-json\/wp\/v2\/media\/38446"}],"wp:attachment":[{"href":"https:\/\/expresorgv.online\/home\/wp-json\/wp\/v2\/media?parent=38445"}],"wp:term":[{"taxonomy":"category","embeddable":true,"href":"https:\/\/expresorgv.online\/home\/wp-json\/wp\/v2\/categories?post=38445"},{"taxonomy":"post_tag","embeddable":true,"href":"https:\/\/expresorgv.online\/home\/wp-json\/wp\/v2\/tags?post=38445"}],"curies":[{"name":"wp","href":"https:\/\/api.w.org\/{rel}","templated":true}]}}