{"id":38436,"date":"2026-09-05T11:00:43","date_gmt":"2026-09-05T11:00:43","guid":{"rendered":"https:\/\/expresorgv.online\/home\/?p=38436"},"modified":"2026-09-05T11:00:44","modified_gmt":"2026-09-05T11:00:44","slug":"una-investigacion-por-huachicol-proviene-del-buque-detenido-en-tampico-dice-claudia-sheinbaum","status":"publish","type":"post","link":"https:\/\/expresorgv.online\/home\/blog\/2026\/09\/05\/una-investigacion-por-huachicol-proviene-del-buque-detenido-en-tampico-dice-claudia-sheinbaum\/","title":{"rendered":"Una investigaci\u00f3n por huachicol proviene del buque detenido en Tampico, dice Claudia Sheinbaum"},"content":{"rendered":"\n<p class=\"wp-block-paragraph\">La Presidenta Claudia Sheinbaum Pardo resalt\u00f3 las diferentes l\u00edneas v\u00edas de investigaci\u00f3n sobre el huachicol fiscal, entre ellas la detenci\u00f3n del buque Challenge Procyon (bandera de Singapur, proveniente de Texas, EE.UU.), en el puerto de Tampico respondiendo el cuestionamiento sobre posibles denuncias a presuntos implicados y personas se\u00f1aladas con el caso.<\/p>\n\n\n\n<p class=\"wp-block-paragraph\">\u200bDurante la ma\u00f1anera de ayer viernes, se abord\u00f3 el cuestionamiento sobre el huachicol fiscal y las v\u00edas en la Rep\u00fablica, la presidenta Claudia Sheinbaum Pardo respondi\u00f3 resaltando las distintas l\u00edneas de investigaci\u00f3n por parte de la Fiscal\u00eda para llevar a cabo detenciones, denuncias, nuevas normas mar\u00edtimas, y otras l\u00edneas que son investigadas por la autoridad.<\/p>\n\n\n\n<p class=\"wp-block-paragraph\">La pregunta que deriv\u00f3 la explicaci\u00f3n de Sheinbaum se relaciona a las posibles denuncias derivadas en contra de Ad\u00e1n Augusto L\u00f3pez Hern\u00e1ndez y Andr\u00e9s L\u00f3pez Beltr\u00e1n. Diciendo que a\u00fan no se notifica sobre alguna denuncia formal pero de ser as\u00ed, la Fiscal\u00eda es quien comparte la informaci\u00f3n.<\/p>\n\n\n\n<p class=\"wp-block-paragraph\">Una de las l\u00edneas mencionadas por la presidenta, fue la proveniente del buque detenido en el Puerto de Tampico, la mandataria mencion\u00f3 que existen l\u00edneas de investigaci\u00f3n que pueden relacionarse en el caso de la red de huachicol y las acciones que derivan de \u00e9l, por ejemplo, detenciones, denuncias, nuevas normas mar\u00edtimas, y otras l\u00edneas de investigaci\u00f3n .<\/p>\n\n\n\n<p class=\"wp-block-paragraph\">\u00abNo hay investigaciones hasta donde nos ha informado la Fiscal\u00eda y la Fiscal\u00eda pues tiene que informar, hay varias l\u00edneas de investigaci\u00f3n que las hemos informado aqu\u00ed\u00bb.<br>\u201cAlguien pudo haber dicho algo en un testimonio y eso tiene que analizar la Fiscal\u00eda; si tiene validez, si tiene alguna prueba o no tiene pruebas\u201d, expuso.<\/p>\n\n\n\n<p class=\"wp-block-paragraph\">Sheinbaum record\u00f3 que una de las indagatorias de huachicol fiscal se inici\u00f3 tras el decomiso de un buque en Tampico, mediante las cuales fueron detenidos ex integrantes de la Secretar\u00eda de Marina.<\/p>\n\n\n\n<p class=\"wp-block-paragraph\">El lunes 31 de marzo del a\u00f1o pasado, el Gabinete de Seguridad Federal inform\u00f3 sobre la incautaci\u00f3n de 10 millones de litros de di\u00e9sel que ingresaron al pa\u00eds bajo la clasificaci\u00f3n de \u00abaditivos para aceites lubricantes\u00bb transportados por el buque Challenger Procyon.<\/p>\n\n\n\n<p class=\"wp-block-paragraph\">La embarcaci\u00f3n se mantuvo asegurada en el puerto bajo vigilancia de fuerzas federales, mientras se realizaban investigaciones.<\/p>\n\n\n\n<p class=\"wp-block-paragraph\">\u00bfQu\u00e9 se encontr\u00f3 en el barco?<\/p>\n\n\n\n<p class=\"wp-block-paragraph\">Adem\u00e1s del aseguramiento del barco, las autoridades federales llevaron a cabo cateos en predios de Altamira, Tamaulipas. Como resultado, se aseguraron 192 contenedores, 23 tractocamiones con remolque, diversas armas de fuego y municiones.<\/p>\n\n\n\n<p class=\"wp-block-paragraph\">En su momento, el secretario de Seguridad, Omar Garc\u00eda Harfuch, lo calific\u00f3 como un \u00abgolpe hist\u00f3rico\u00bb al huachicol fiscal. Este decomiso expuso una red de corrupci\u00f3n que operaba desde a\u00f1os previos, con m\u00faltiples buques ingresando combustible de contrabando.<\/p>\n\n\n\n<p class=\"wp-block-paragraph\">Investigaciones revelaron que entre 2024 y principios de 2025 entraron decenas de buques con huachicol, es decir, hasta 31 embarcaciones similares al Challenge Procyon seg\u00fan la FGR.<\/p>\n","protected":false},"excerpt":{"rendered":"<p>La Presidenta Claudia Sheinbaum Pardo resalt\u00f3 las diferentes l\u00edneas v\u00edas de investigaci\u00f3n sobre el huachicol fiscal, entre ellas la detenci\u00f3n del buque Challenge Procyon (bandera de Singapur, proveniente de Texas, EE.UU.), en el puerto de Tampico respondiendo el cuestionamiento sobre posibles denuncias a presuntos implicados y personas se\u00f1aladas con el caso. \u200bDurante la ma\u00f1anera de [&hellip;]<\/p>\n","protected":false},"author":2,"featured_media":38437,"comment_status":"open","ping_status":"open","sticky":false,"template":"","format":"standard","meta":{"footnotes":""},"categories":[6],"tags":[],"class_list":["post-38436","post","type-post","status-publish","format-standard","has-post-thumbnail","hentry","category-nacional"],"yoast_head":"<!-- This site is optimized with the Yoast SEO plugin v27.2 - https:\/\/yoast.com\/product\/yoast-seo-wordpress\/ -->\n<title>Una investigaci\u00f3n por huachicol proviene del buque detenido en Tampico, dice Claudia Sheinbaum -<\/title>\n<meta name=\"robots\" content=\"index, follow, max-snippet:-1, max-image-preview:large, max-video-preview:-1\" \/>\n<link rel=\"canonical\" href=\"https:\/\/expresorgv.online\/home\/blog\/2026\/09\/05\/una-investigacion-por-huachicol-proviene-del-buque-detenido-en-tampico-dice-claudia-sheinbaum\/\" \/>\n<meta property=\"og:locale\" content=\"es_ES\" \/>\n<meta property=\"og:type\" content=\"article\" \/>\n<meta property=\"og:title\" content=\"Una investigaci\u00f3n por huachicol proviene del buque detenido en Tampico, dice Claudia Sheinbaum\" \/>\n<meta property=\"og:description\" content=\"La Presidenta Claudia Sheinbaum Pardo resalt\u00f3 las diferentes l\u00edneas v\u00edas de investigaci\u00f3n sobre el huachicol fiscal, entre ellas la detenci\u00f3n del buque Challenge Procyon (bandera de Singapur, proveniente de Texas, EE.UU.), en el puerto de Tampico respondiendo el cuestionamiento sobre posibles denuncias a presuntos implicados y personas se\u00f1aladas con el caso. \u200bDurante la ma\u00f1anera de [&hellip;]\" \/>\n<meta property=\"og:url\" content=\"https:\/\/expresorgv.online\/home\/blog\/2026\/09\/05\/una-investigacion-por-huachicol-proviene-del-buque-detenido-en-tampico-dice-claudia-sheinbaum\/\" \/>\n<meta property=\"article:published_time\" content=\"2026-09-05T11:00:43+00:00\" \/>\n<meta property=\"article:modified_time\" content=\"2026-09-05T11:00:44+00:00\" \/>\n<meta property=\"og:image\" content=\"https:\/\/expresorgv.online\/home\/wp-content\/uploads\/2026\/09\/Claudia-Sheinbaum-Huachicol.png\" \/>\n\t<meta property=\"og:image:width\" content=\"591\" \/>\n\t<meta property=\"og:image:height\" content=\"328\" \/>\n\t<meta property=\"og:image:type\" content=\"image\/png\" \/>\n<meta name=\"author\" content=\"expreso\" \/>\n<meta name=\"twitter:card\" content=\"summary_large_image\" \/>\n<meta name=\"twitter:label1\" content=\"Escrito por\" \/>\n\t<meta name=\"twitter:data1\" content=\"expreso\" \/>\n\t<meta name=\"twitter:label2\" content=\"Tiempo de lectura\" \/>\n\t<meta name=\"twitter:data2\" content=\"3 minutos\" \/>\n<script type=\"application\/ld+json\" class=\"yoast-schema-graph\">{\"@context\":\"https:\/\/schema.org\",\"@graph\":[{\"@type\":\"Article\",\"@id\":\"https:\/\/expresorgv.online\/home\/blog\/2026\/09\/05\/una-investigacion-por-huachicol-proviene-del-buque-detenido-en-tampico-dice-claudia-sheinbaum\/#article\",\"isPartOf\":{\"@id\":\"https:\/\/expresorgv.online\/home\/blog\/2026\/09\/05\/una-investigacion-por-huachicol-proviene-del-buque-detenido-en-tampico-dice-claudia-sheinbaum\/\"},\"author\":{\"name\":\"expreso\",\"@id\":\"https:\/\/expresorgv.online\/home\/#\/schema\/person\/ae1ed1a575540204b5f59dca7f91f6a2\"},\"headline\":\"Una investigaci\u00f3n por huachicol proviene del buque detenido en Tampico, dice Claudia Sheinbaum\",\"datePublished\":\"2026-09-05T11:00:43+00:00\",\"dateModified\":\"2026-09-05T11:00:44+00:00\",\"mainEntityOfPage\":{\"@id\":\"https:\/\/expresorgv.online\/home\/blog\/2026\/09\/05\/una-investigacion-por-huachicol-proviene-del-buque-detenido-en-tampico-dice-claudia-sheinbaum\/\"},\"wordCount\":515,\"commentCount\":0,\"image\":{\"@id\":\"https:\/\/expresorgv.online\/home\/blog\/2026\/09\/05\/una-investigacion-por-huachicol-proviene-del-buque-detenido-en-tampico-dice-claudia-sheinbaum\/#primaryimage\"},\"thumbnailUrl\":\"https:\/\/i0.wp.com\/expresorgv.online\/home\/wp-content\/uploads\/2026\/09\/Claudia-Sheinbaum-Huachicol.png?fit=591%2C328&ssl=1\",\"articleSection\":[\"NACIONAL\"],\"inLanguage\":\"es\",\"potentialAction\":[{\"@type\":\"CommentAction\",\"name\":\"Comment\",\"target\":[\"https:\/\/expresorgv.online\/home\/blog\/2026\/09\/05\/una-investigacion-por-huachicol-proviene-del-buque-detenido-en-tampico-dice-claudia-sheinbaum\/#respond\"]}]},{\"@type\":\"WebPage\",\"@id\":\"https:\/\/expresorgv.online\/home\/blog\/2026\/09\/05\/una-investigacion-por-huachicol-proviene-del-buque-detenido-en-tampico-dice-claudia-sheinbaum\/\",\"url\":\"https:\/\/expresorgv.online\/home\/blog\/2026\/09\/05\/una-investigacion-por-huachicol-proviene-del-buque-detenido-en-tampico-dice-claudia-sheinbaum\/\",\"name\":\"Una investigaci\u00f3n por huachicol proviene del buque detenido en Tampico, dice Claudia Sheinbaum -\",\"isPartOf\":{\"@id\":\"https:\/\/expresorgv.online\/home\/#website\"},\"primaryImageOfPage\":{\"@id\":\"https:\/\/expresorgv.online\/home\/blog\/2026\/09\/05\/una-investigacion-por-huachicol-proviene-del-buque-detenido-en-tampico-dice-claudia-sheinbaum\/#primaryimage\"},\"image\":{\"@id\":\"https:\/\/expresorgv.online\/home\/blog\/2026\/09\/05\/una-investigacion-por-huachicol-proviene-del-buque-detenido-en-tampico-dice-claudia-sheinbaum\/#primaryimage\"},\"thumbnailUrl\":\"https:\/\/i0.wp.com\/expresorgv.online\/home\/wp-content\/uploads\/2026\/09\/Claudia-Sheinbaum-Huachicol.png?fit=591%2C328&ssl=1\",\"datePublished\":\"2026-09-05T11:00:43+00:00\",\"dateModified\":\"2026-09-05T11:00:44+00:00\",\"author\":{\"@id\":\"https:\/\/expresorgv.online\/home\/#\/schema\/person\/ae1ed1a575540204b5f59dca7f91f6a2\"},\"breadcrumb\":{\"@id\":\"https:\/\/expresorgv.online\/home\/blog\/2026\/09\/05\/una-investigacion-por-huachicol-proviene-del-buque-detenido-en-tampico-dice-claudia-sheinbaum\/#breadcrumb\"},\"inLanguage\":\"es\",\"potentialAction\":[{\"@type\":\"ReadAction\",\"target\":[\"https:\/\/expresorgv.online\/home\/blog\/2026\/09\/05\/una-investigacion-por-huachicol-proviene-del-buque-detenido-en-tampico-dice-claudia-sheinbaum\/\"]}]},{\"@type\":\"ImageObject\",\"inLanguage\":\"es\",\"@id\":\"https:\/\/expresorgv.online\/home\/blog\/2026\/09\/05\/una-investigacion-por-huachicol-proviene-del-buque-detenido-en-tampico-dice-claudia-sheinbaum\/#primaryimage\",\"url\":\"https:\/\/i0.wp.com\/expresorgv.online\/home\/wp-content\/uploads\/2026\/09\/Claudia-Sheinbaum-Huachicol.png?fit=591%2C328&ssl=1\",\"contentUrl\":\"https:\/\/i0.wp.com\/expresorgv.online\/home\/wp-content\/uploads\/2026\/09\/Claudia-Sheinbaum-Huachicol.png?fit=591%2C328&ssl=1\",\"width\":591,\"height\":328},{\"@type\":\"BreadcrumbList\",\"@id\":\"https:\/\/expresorgv.online\/home\/blog\/2026\/09\/05\/una-investigacion-por-huachicol-proviene-del-buque-detenido-en-tampico-dice-claudia-sheinbaum\/#breadcrumb\",\"itemListElement\":[{\"@type\":\"ListItem\",\"position\":1,\"name\":\"Home\",\"item\":\"https:\/\/expresorgv.online\/home\/\"},{\"@type\":\"ListItem\",\"position\":2,\"name\":\"Una investigaci\u00f3n por huachicol proviene del buque detenido en Tampico, dice Claudia Sheinbaum\"}]},{\"@type\":\"WebSite\",\"@id\":\"https:\/\/expresorgv.online\/home\/#website\",\"url\":\"https:\/\/expresorgv.online\/home\/\",\"name\":\"\",\"description\":\"\",\"potentialAction\":[{\"@type\":\"SearchAction\",\"target\":{\"@type\":\"EntryPoint\",\"urlTemplate\":\"https:\/\/expresorgv.online\/home\/?s={search_term_string}\"},\"query-input\":{\"@type\":\"PropertyValueSpecification\",\"valueRequired\":true,\"valueName\":\"search_term_string\"}}],\"inLanguage\":\"es\"},{\"@type\":\"Person\",\"@id\":\"https:\/\/expresorgv.online\/home\/#\/schema\/person\/ae1ed1a575540204b5f59dca7f91f6a2\",\"name\":\"expreso\",\"image\":{\"@type\":\"ImageObject\",\"inLanguage\":\"es\",\"@id\":\"https:\/\/secure.gravatar.com\/avatar\/88cd9f065dcd1b722cd984aac4181386a800c0bca699eaf07e42dd8f820bddee?s=96&d=mm&r=g\",\"url\":\"https:\/\/secure.gravatar.com\/avatar\/88cd9f065dcd1b722cd984aac4181386a800c0bca699eaf07e42dd8f820bddee?s=96&d=mm&r=g\",\"contentUrl\":\"https:\/\/secure.gravatar.com\/avatar\/88cd9f065dcd1b722cd984aac4181386a800c0bca699eaf07e42dd8f820bddee?s=96&d=mm&r=g\",\"caption\":\"expreso\"},\"url\":\"https:\/\/expresorgv.online\/home\/blog\/author\/expreso\/\"}]}<\/script>\n<!-- \/ Yoast SEO plugin. -->","yoast_head_json":{"title":"Una investigaci\u00f3n por huachicol proviene del buque detenido en Tampico, dice Claudia Sheinbaum -","robots":{"index":"index","follow":"follow","max-snippet":"max-snippet:-1","max-image-preview":"max-image-preview:large","max-video-preview":"max-video-preview:-1"},"canonical":"https:\/\/expresorgv.online\/home\/blog\/2026\/09\/05\/una-investigacion-por-huachicol-proviene-del-buque-detenido-en-tampico-dice-claudia-sheinbaum\/","og_locale":"es_ES","og_type":"article","og_title":"Una investigaci\u00f3n por huachicol proviene del buque detenido en Tampico, dice Claudia Sheinbaum","og_description":"La Presidenta Claudia Sheinbaum Pardo resalt\u00f3 las diferentes l\u00edneas v\u00edas de investigaci\u00f3n sobre el huachicol fiscal, entre ellas la detenci\u00f3n del buque Challenge Procyon (bandera de Singapur, proveniente de Texas, EE.UU.), en el puerto de Tampico respondiendo el cuestionamiento sobre posibles denuncias a presuntos implicados y personas se\u00f1aladas con el caso. \u200bDurante la ma\u00f1anera de [&hellip;]","og_url":"https:\/\/expresorgv.online\/home\/blog\/2026\/09\/05\/una-investigacion-por-huachicol-proviene-del-buque-detenido-en-tampico-dice-claudia-sheinbaum\/","article_published_time":"2026-09-05T11:00:43+00:00","article_modified_time":"2026-09-05T11:00:44+00:00","og_image":[{"width":591,"height":328,"url":"https:\/\/expresorgv.online\/home\/wp-content\/uploads\/2026\/09\/Claudia-Sheinbaum-Huachicol.png","type":"image\/png"}],"author":"expreso","twitter_card":"summary_large_image","twitter_misc":{"Escrito por":"expreso","Tiempo de lectura":"3 minutos"},"schema":{"@context":"https:\/\/schema.org","@graph":[{"@type":"Article","@id":"https:\/\/expresorgv.online\/home\/blog\/2026\/09\/05\/una-investigacion-por-huachicol-proviene-del-buque-detenido-en-tampico-dice-claudia-sheinbaum\/#article","isPartOf":{"@id":"https:\/\/expresorgv.online\/home\/blog\/2026\/09\/05\/una-investigacion-por-huachicol-proviene-del-buque-detenido-en-tampico-dice-claudia-sheinbaum\/"},"author":{"name":"expreso","@id":"https:\/\/expresorgv.online\/home\/#\/schema\/person\/ae1ed1a575540204b5f59dca7f91f6a2"},"headline":"Una investigaci\u00f3n por huachicol proviene del buque detenido en Tampico, dice Claudia Sheinbaum","datePublished":"2026-09-05T11:00:43+00:00","dateModified":"2026-09-05T11:00:44+00:00","mainEntityOfPage":{"@id":"https:\/\/expresorgv.online\/home\/blog\/2026\/09\/05\/una-investigacion-por-huachicol-proviene-del-buque-detenido-en-tampico-dice-claudia-sheinbaum\/"},"wordCount":515,"commentCount":0,"image":{"@id":"https:\/\/expresorgv.online\/home\/blog\/2026\/09\/05\/una-investigacion-por-huachicol-proviene-del-buque-detenido-en-tampico-dice-claudia-sheinbaum\/#primaryimage"},"thumbnailUrl":"https:\/\/i0.wp.com\/expresorgv.online\/home\/wp-content\/uploads\/2026\/09\/Claudia-Sheinbaum-Huachicol.png?fit=591%2C328&ssl=1","articleSection":["NACIONAL"],"inLanguage":"es","potentialAction":[{"@type":"CommentAction","name":"Comment","target":["https:\/\/expresorgv.online\/home\/blog\/2026\/09\/05\/una-investigacion-por-huachicol-proviene-del-buque-detenido-en-tampico-dice-claudia-sheinbaum\/#respond"]}]},{"@type":"WebPage","@id":"https:\/\/expresorgv.online\/home\/blog\/2026\/09\/05\/una-investigacion-por-huachicol-proviene-del-buque-detenido-en-tampico-dice-claudia-sheinbaum\/","url":"https:\/\/expresorgv.online\/home\/blog\/2026\/09\/05\/una-investigacion-por-huachicol-proviene-del-buque-detenido-en-tampico-dice-claudia-sheinbaum\/","name":"Una investigaci\u00f3n por huachicol proviene del buque detenido en Tampico, dice Claudia Sheinbaum -","isPartOf":{"@id":"https:\/\/expresorgv.online\/home\/#website"},"primaryImageOfPage":{"@id":"https:\/\/expresorgv.online\/home\/blog\/2026\/09\/05\/una-investigacion-por-huachicol-proviene-del-buque-detenido-en-tampico-dice-claudia-sheinbaum\/#primaryimage"},"image":{"@id":"https:\/\/expresorgv.online\/home\/blog\/2026\/09\/05\/una-investigacion-por-huachicol-proviene-del-buque-detenido-en-tampico-dice-claudia-sheinbaum\/#primaryimage"},"thumbnailUrl":"https:\/\/i0.wp.com\/expresorgv.online\/home\/wp-content\/uploads\/2026\/09\/Claudia-Sheinbaum-Huachicol.png?fit=591%2C328&ssl=1","datePublished":"2026-09-05T11:00:43+00:00","dateModified":"2026-09-05T11:00:44+00:00","author":{"@id":"https:\/\/expresorgv.online\/home\/#\/schema\/person\/ae1ed1a575540204b5f59dca7f91f6a2"},"breadcrumb":{"@id":"https:\/\/expresorgv.online\/home\/blog\/2026\/09\/05\/una-investigacion-por-huachicol-proviene-del-buque-detenido-en-tampico-dice-claudia-sheinbaum\/#breadcrumb"},"inLanguage":"es","potentialAction":[{"@type":"ReadAction","target":["https:\/\/expresorgv.online\/home\/blog\/2026\/09\/05\/una-investigacion-por-huachicol-proviene-del-buque-detenido-en-tampico-dice-claudia-sheinbaum\/"]}]},{"@type":"ImageObject","inLanguage":"es","@id":"https:\/\/expresorgv.online\/home\/blog\/2026\/09\/05\/una-investigacion-por-huachicol-proviene-del-buque-detenido-en-tampico-dice-claudia-sheinbaum\/#primaryimage","url":"https:\/\/i0.wp.com\/expresorgv.online\/home\/wp-content\/uploads\/2026\/09\/Claudia-Sheinbaum-Huachicol.png?fit=591%2C328&ssl=1","contentUrl":"https:\/\/i0.wp.com\/expresorgv.online\/home\/wp-content\/uploads\/2026\/09\/Claudia-Sheinbaum-Huachicol.png?fit=591%2C328&ssl=1","width":591,"height":328},{"@type":"BreadcrumbList","@id":"https:\/\/expresorgv.online\/home\/blog\/2026\/09\/05\/una-investigacion-por-huachicol-proviene-del-buque-detenido-en-tampico-dice-claudia-sheinbaum\/#breadcrumb","itemListElement":[{"@type":"ListItem","position":1,"name":"Home","item":"https:\/\/expresorgv.online\/home\/"},{"@type":"ListItem","position":2,"name":"Una investigaci\u00f3n por huachicol proviene del buque detenido en Tampico, dice Claudia Sheinbaum"}]},{"@type":"WebSite","@id":"https:\/\/expresorgv.online\/home\/#website","url":"https:\/\/expresorgv.online\/home\/","name":"","description":"","potentialAction":[{"@type":"SearchAction","target":{"@type":"EntryPoint","urlTemplate":"https:\/\/expresorgv.online\/home\/?s={search_term_string}"},"query-input":{"@type":"PropertyValueSpecification","valueRequired":true,"valueName":"search_term_string"}}],"inLanguage":"es"},{"@type":"Person","@id":"https:\/\/expresorgv.online\/home\/#\/schema\/person\/ae1ed1a575540204b5f59dca7f91f6a2","name":"expreso","image":{"@type":"ImageObject","inLanguage":"es","@id":"https:\/\/secure.gravatar.com\/avatar\/88cd9f065dcd1b722cd984aac4181386a800c0bca699eaf07e42dd8f820bddee?s=96&d=mm&r=g","url":"https:\/\/secure.gravatar.com\/avatar\/88cd9f065dcd1b722cd984aac4181386a800c0bca699eaf07e42dd8f820bddee?s=96&d=mm&r=g","contentUrl":"https:\/\/secure.gravatar.com\/avatar\/88cd9f065dcd1b722cd984aac4181386a800c0bca699eaf07e42dd8f820bddee?s=96&d=mm&r=g","caption":"expreso"},"url":"https:\/\/expresorgv.online\/home\/blog\/author\/expreso\/"}]}},"jetpack_featured_media_url":"https:\/\/i0.wp.com\/expresorgv.online\/home\/wp-content\/uploads\/2026\/09\/Claudia-Sheinbaum-Huachicol.png?fit=591%2C328&ssl=1","_links":{"self":[{"href":"https:\/\/expresorgv.online\/home\/wp-json\/wp\/v2\/posts\/38436","targetHints":{"allow":["GET"]}}],"collection":[{"href":"https:\/\/expresorgv.online\/home\/wp-json\/wp\/v2\/posts"}],"about":[{"href":"https:\/\/expresorgv.online\/home\/wp-json\/wp\/v2\/types\/post"}],"author":[{"embeddable":true,"href":"https:\/\/expresorgv.online\/home\/wp-json\/wp\/v2\/users\/2"}],"replies":[{"embeddable":true,"href":"https:\/\/expresorgv.online\/home\/wp-json\/wp\/v2\/comments?post=38436"}],"version-history":[{"count":1,"href":"https:\/\/expresorgv.online\/home\/wp-json\/wp\/v2\/posts\/38436\/revisions"}],"predecessor-version":[{"id":38438,"href":"https:\/\/expresorgv.online\/home\/wp-json\/wp\/v2\/posts\/38436\/revisions\/38438"}],"wp:featuredmedia":[{"embeddable":true,"href":"https:\/\/expresorgv.online\/home\/wp-json\/wp\/v2\/media\/38437"}],"wp:attachment":[{"href":"https:\/\/expresorgv.online\/home\/wp-json\/wp\/v2\/media?parent=38436"}],"wp:term":[{"taxonomy":"category","embeddable":true,"href":"https:\/\/expresorgv.online\/home\/wp-json\/wp\/v2\/categories?post=38436"},{"taxonomy":"post_tag","embeddable":true,"href":"https:\/\/expresorgv.online\/home\/wp-json\/wp\/v2\/tags?post=38436"}],"curies":[{"name":"wp","href":"https:\/\/api.w.org\/{rel}","templated":true}]}}