{"id":38433,"date":"2026-09-05T10:49:18","date_gmt":"2026-09-05T10:49:18","guid":{"rendered":"https:\/\/expresorgv.online\/home\/?p=38433"},"modified":"2026-09-05T10:49:19","modified_gmt":"2026-09-05T10:49:19","slug":"critican-a-diputado-de-morena-por-presumir-entrega-de-dos-lapices-a-ninos-en-su-regreso-a-clases","status":"publish","type":"post","link":"https:\/\/expresorgv.online\/home\/blog\/2026\/09\/05\/critican-a-diputado-de-morena-por-presumir-entrega-de-dos-lapices-a-ninos-en-su-regreso-a-clases\/","title":{"rendered":"Critican a diputado de Morena por presumir entrega de dos l\u00e1pices a ni\u00f1os en su regreso a clases"},"content":{"rendered":"\n<p class=\"wp-block-paragraph\">El diputado local de Morena en Tamaulipas, Claudio de Leija, est\u00e1 siendo duramente criticado en todo el Estado por presumir en sus redes sociales la entrega de dos l\u00e1pices a cada estudiante de primaria de un plantel que visit\u00f3 en Ciudad Madero.<\/p>\n\n\n\n<p class=\"wp-block-paragraph\">A trav\u00e9s de redes sociales, el morenista public\u00f3 im\u00e1genes de los hechos, realizados durante el marco del inicio de clases tras las vacaciones de verano.<\/p>\n\n\n\n<p class=\"wp-block-paragraph\">\u00abFeliz inicio de un nuevo ciclo escolar; quiero mandar un enorme reconocimiento a nuestras maestras y maestros, por su entrega, por su vocaci\u00f3n y por sembrar conocimiento todos los d\u00edas. A las y los estudiantes, desearles mucho \u00e9xito; cada clase es una oportunidad para crecer y so\u00f1ar en grande\u00bb, escribi\u00f3.<\/p>\n\n\n\n<p class=\"wp-block-paragraph\">A trav\u00e9s de redes sociales se viraliz\u00f3 el video en que se ve que de Leija entrega dos l\u00e1pices a cada uno de los alumnos del plantel de educaci\u00f3n b\u00e1sica.<\/p>\n\n\n\n<p class=\"wp-block-paragraph\">Entre los comentarios realizados en redes se critica al diputado, destacan varios en los que destacan la presunta austeridad del partido al que pertenece.<\/p>\n\n\n\n<p class=\"wp-block-paragraph\">\u00ab\u00a1Qu\u00e9 espl\u00e9ndido, con que les hubiera prestado el sacapuntas era m\u00e1s que suficiente!\u00bb, se\u00f1alaron los internautas sobre los hechos.<\/p>\n","protected":false},"excerpt":{"rendered":"<p>El diputado local de Morena en Tamaulipas, Claudio de Leija, est\u00e1 siendo duramente criticado en todo el Estado por presumir en sus redes sociales la entrega de dos l\u00e1pices a cada estudiante de primaria de un plantel que visit\u00f3 en Ciudad Madero. A trav\u00e9s de redes sociales, el morenista public\u00f3 im\u00e1genes de los hechos, realizados [&hellip;]<\/p>\n","protected":false},"author":2,"featured_media":38434,"comment_status":"open","ping_status":"open","sticky":false,"template":"","format":"standard","meta":{"footnotes":""},"categories":[5],"tags":[],"class_list":["post-38433","post","type-post","status-publish","format-standard","has-post-thumbnail","hentry","category-estatal"],"yoast_head":"<!-- This site is optimized with the Yoast SEO plugin v27.2 - https:\/\/yoast.com\/product\/yoast-seo-wordpress\/ -->\n<title>Critican a diputado de Morena por presumir entrega de dos l\u00e1pices a ni\u00f1os en su regreso a clases -<\/title>\n<meta name=\"robots\" content=\"index, follow, max-snippet:-1, max-image-preview:large, max-video-preview:-1\" \/>\n<link rel=\"canonical\" href=\"https:\/\/expresorgv.online\/home\/blog\/2026\/09\/05\/critican-a-diputado-de-morena-por-presumir-entrega-de-dos-lapices-a-ninos-en-su-regreso-a-clases\/\" \/>\n<meta property=\"og:locale\" content=\"es_ES\" \/>\n<meta property=\"og:type\" content=\"article\" \/>\n<meta property=\"og:title\" content=\"Critican a diputado de Morena por presumir entrega de dos l\u00e1pices a ni\u00f1os en su regreso a clases\" \/>\n<meta property=\"og:description\" content=\"El diputado local de Morena en Tamaulipas, Claudio de Leija, est\u00e1 siendo duramente criticado en todo el Estado por presumir en sus redes sociales la entrega de dos l\u00e1pices a cada estudiante de primaria de un plantel que visit\u00f3 en Ciudad Madero. A trav\u00e9s de redes sociales, el morenista public\u00f3 im\u00e1genes de los hechos, realizados [&hellip;]\" \/>\n<meta property=\"og:url\" content=\"https:\/\/expresorgv.online\/home\/blog\/2026\/09\/05\/critican-a-diputado-de-morena-por-presumir-entrega-de-dos-lapices-a-ninos-en-su-regreso-a-clases\/\" \/>\n<meta property=\"article:published_time\" content=\"2026-09-05T10:49:18+00:00\" \/>\n<meta property=\"article:modified_time\" content=\"2026-09-05T10:49:19+00:00\" \/>\n<meta property=\"og:image\" content=\"https:\/\/expresorgv.online\/home\/wp-content\/uploads\/2026\/09\/Diputado-Lapices.png\" \/>\n\t<meta property=\"og:image:width\" content=\"591\" \/>\n\t<meta property=\"og:image:height\" content=\"328\" \/>\n\t<meta property=\"og:image:type\" content=\"image\/png\" \/>\n<meta name=\"author\" content=\"expreso\" \/>\n<meta name=\"twitter:card\" content=\"summary_large_image\" \/>\n<meta name=\"twitter:label1\" content=\"Escrito por\" \/>\n\t<meta name=\"twitter:data1\" content=\"expreso\" \/>\n\t<meta name=\"twitter:label2\" content=\"Tiempo de lectura\" \/>\n\t<meta name=\"twitter:data2\" content=\"2 minutos\" \/>\n<script type=\"application\/ld+json\" class=\"yoast-schema-graph\">{\"@context\":\"https:\/\/schema.org\",\"@graph\":[{\"@type\":\"Article\",\"@id\":\"https:\/\/expresorgv.online\/home\/blog\/2026\/09\/05\/critican-a-diputado-de-morena-por-presumir-entrega-de-dos-lapices-a-ninos-en-su-regreso-a-clases\/#article\",\"isPartOf\":{\"@id\":\"https:\/\/expresorgv.online\/home\/blog\/2026\/09\/05\/critican-a-diputado-de-morena-por-presumir-entrega-de-dos-lapices-a-ninos-en-su-regreso-a-clases\/\"},\"author\":{\"name\":\"expreso\",\"@id\":\"https:\/\/expresorgv.online\/home\/#\/schema\/person\/ae1ed1a575540204b5f59dca7f91f6a2\"},\"headline\":\"Critican a diputado de Morena por presumir entrega de dos l\u00e1pices a ni\u00f1os en su regreso a clases\",\"datePublished\":\"2026-09-05T10:49:18+00:00\",\"dateModified\":\"2026-09-05T10:49:19+00:00\",\"mainEntityOfPage\":{\"@id\":\"https:\/\/expresorgv.online\/home\/blog\/2026\/09\/05\/critican-a-diputado-de-morena-por-presumir-entrega-de-dos-lapices-a-ninos-en-su-regreso-a-clases\/\"},\"wordCount\":223,\"commentCount\":0,\"image\":{\"@id\":\"https:\/\/expresorgv.online\/home\/blog\/2026\/09\/05\/critican-a-diputado-de-morena-por-presumir-entrega-de-dos-lapices-a-ninos-en-su-regreso-a-clases\/#primaryimage\"},\"thumbnailUrl\":\"https:\/\/i0.wp.com\/expresorgv.online\/home\/wp-content\/uploads\/2026\/09\/Diputado-Lapices.png?fit=591%2C328&ssl=1\",\"articleSection\":[\"ESTATAL\"],\"inLanguage\":\"es\",\"potentialAction\":[{\"@type\":\"CommentAction\",\"name\":\"Comment\",\"target\":[\"https:\/\/expresorgv.online\/home\/blog\/2026\/09\/05\/critican-a-diputado-de-morena-por-presumir-entrega-de-dos-lapices-a-ninos-en-su-regreso-a-clases\/#respond\"]}]},{\"@type\":\"WebPage\",\"@id\":\"https:\/\/expresorgv.online\/home\/blog\/2026\/09\/05\/critican-a-diputado-de-morena-por-presumir-entrega-de-dos-lapices-a-ninos-en-su-regreso-a-clases\/\",\"url\":\"https:\/\/expresorgv.online\/home\/blog\/2026\/09\/05\/critican-a-diputado-de-morena-por-presumir-entrega-de-dos-lapices-a-ninos-en-su-regreso-a-clases\/\",\"name\":\"Critican a diputado de Morena por presumir entrega de dos l\u00e1pices a ni\u00f1os en su regreso a clases -\",\"isPartOf\":{\"@id\":\"https:\/\/expresorgv.online\/home\/#website\"},\"primaryImageOfPage\":{\"@id\":\"https:\/\/expresorgv.online\/home\/blog\/2026\/09\/05\/critican-a-diputado-de-morena-por-presumir-entrega-de-dos-lapices-a-ninos-en-su-regreso-a-clases\/#primaryimage\"},\"image\":{\"@id\":\"https:\/\/expresorgv.online\/home\/blog\/2026\/09\/05\/critican-a-diputado-de-morena-por-presumir-entrega-de-dos-lapices-a-ninos-en-su-regreso-a-clases\/#primaryimage\"},\"thumbnailUrl\":\"https:\/\/i0.wp.com\/expresorgv.online\/home\/wp-content\/uploads\/2026\/09\/Diputado-Lapices.png?fit=591%2C328&ssl=1\",\"datePublished\":\"2026-09-05T10:49:18+00:00\",\"dateModified\":\"2026-09-05T10:49:19+00:00\",\"author\":{\"@id\":\"https:\/\/expresorgv.online\/home\/#\/schema\/person\/ae1ed1a575540204b5f59dca7f91f6a2\"},\"breadcrumb\":{\"@id\":\"https:\/\/expresorgv.online\/home\/blog\/2026\/09\/05\/critican-a-diputado-de-morena-por-presumir-entrega-de-dos-lapices-a-ninos-en-su-regreso-a-clases\/#breadcrumb\"},\"inLanguage\":\"es\",\"potentialAction\":[{\"@type\":\"ReadAction\",\"target\":[\"https:\/\/expresorgv.online\/home\/blog\/2026\/09\/05\/critican-a-diputado-de-morena-por-presumir-entrega-de-dos-lapices-a-ninos-en-su-regreso-a-clases\/\"]}]},{\"@type\":\"ImageObject\",\"inLanguage\":\"es\",\"@id\":\"https:\/\/expresorgv.online\/home\/blog\/2026\/09\/05\/critican-a-diputado-de-morena-por-presumir-entrega-de-dos-lapices-a-ninos-en-su-regreso-a-clases\/#primaryimage\",\"url\":\"https:\/\/i0.wp.com\/expresorgv.online\/home\/wp-content\/uploads\/2026\/09\/Diputado-Lapices.png?fit=591%2C328&ssl=1\",\"contentUrl\":\"https:\/\/i0.wp.com\/expresorgv.online\/home\/wp-content\/uploads\/2026\/09\/Diputado-Lapices.png?fit=591%2C328&ssl=1\",\"width\":591,\"height\":328},{\"@type\":\"BreadcrumbList\",\"@id\":\"https:\/\/expresorgv.online\/home\/blog\/2026\/09\/05\/critican-a-diputado-de-morena-por-presumir-entrega-de-dos-lapices-a-ninos-en-su-regreso-a-clases\/#breadcrumb\",\"itemListElement\":[{\"@type\":\"ListItem\",\"position\":1,\"name\":\"Home\",\"item\":\"https:\/\/expresorgv.online\/home\/\"},{\"@type\":\"ListItem\",\"position\":2,\"name\":\"Critican a diputado de Morena por presumir entrega de dos l\u00e1pices a ni\u00f1os en su regreso a clases\"}]},{\"@type\":\"WebSite\",\"@id\":\"https:\/\/expresorgv.online\/home\/#website\",\"url\":\"https:\/\/expresorgv.online\/home\/\",\"name\":\"\",\"description\":\"\",\"potentialAction\":[{\"@type\":\"SearchAction\",\"target\":{\"@type\":\"EntryPoint\",\"urlTemplate\":\"https:\/\/expresorgv.online\/home\/?s={search_term_string}\"},\"query-input\":{\"@type\":\"PropertyValueSpecification\",\"valueRequired\":true,\"valueName\":\"search_term_string\"}}],\"inLanguage\":\"es\"},{\"@type\":\"Person\",\"@id\":\"https:\/\/expresorgv.online\/home\/#\/schema\/person\/ae1ed1a575540204b5f59dca7f91f6a2\",\"name\":\"expreso\",\"image\":{\"@type\":\"ImageObject\",\"inLanguage\":\"es\",\"@id\":\"https:\/\/secure.gravatar.com\/avatar\/88cd9f065dcd1b722cd984aac4181386a800c0bca699eaf07e42dd8f820bddee?s=96&d=mm&r=g\",\"url\":\"https:\/\/secure.gravatar.com\/avatar\/88cd9f065dcd1b722cd984aac4181386a800c0bca699eaf07e42dd8f820bddee?s=96&d=mm&r=g\",\"contentUrl\":\"https:\/\/secure.gravatar.com\/avatar\/88cd9f065dcd1b722cd984aac4181386a800c0bca699eaf07e42dd8f820bddee?s=96&d=mm&r=g\",\"caption\":\"expreso\"},\"url\":\"https:\/\/expresorgv.online\/home\/blog\/author\/expreso\/\"}]}<\/script>\n<!-- \/ Yoast SEO plugin. -->","yoast_head_json":{"title":"Critican a diputado de Morena por presumir entrega de dos l\u00e1pices a ni\u00f1os en su regreso a clases -","robots":{"index":"index","follow":"follow","max-snippet":"max-snippet:-1","max-image-preview":"max-image-preview:large","max-video-preview":"max-video-preview:-1"},"canonical":"https:\/\/expresorgv.online\/home\/blog\/2026\/09\/05\/critican-a-diputado-de-morena-por-presumir-entrega-de-dos-lapices-a-ninos-en-su-regreso-a-clases\/","og_locale":"es_ES","og_type":"article","og_title":"Critican a diputado de Morena por presumir entrega de dos l\u00e1pices a ni\u00f1os en su regreso a clases","og_description":"El diputado local de Morena en Tamaulipas, Claudio de Leija, est\u00e1 siendo duramente criticado en todo el Estado por presumir en sus redes sociales la entrega de dos l\u00e1pices a cada estudiante de primaria de un plantel que visit\u00f3 en Ciudad Madero. A trav\u00e9s de redes sociales, el morenista public\u00f3 im\u00e1genes de los hechos, realizados [&hellip;]","og_url":"https:\/\/expresorgv.online\/home\/blog\/2026\/09\/05\/critican-a-diputado-de-morena-por-presumir-entrega-de-dos-lapices-a-ninos-en-su-regreso-a-clases\/","article_published_time":"2026-09-05T10:49:18+00:00","article_modified_time":"2026-09-05T10:49:19+00:00","og_image":[{"width":591,"height":328,"url":"https:\/\/expresorgv.online\/home\/wp-content\/uploads\/2026\/09\/Diputado-Lapices.png","type":"image\/png"}],"author":"expreso","twitter_card":"summary_large_image","twitter_misc":{"Escrito por":"expreso","Tiempo de lectura":"2 minutos"},"schema":{"@context":"https:\/\/schema.org","@graph":[{"@type":"Article","@id":"https:\/\/expresorgv.online\/home\/blog\/2026\/09\/05\/critican-a-diputado-de-morena-por-presumir-entrega-de-dos-lapices-a-ninos-en-su-regreso-a-clases\/#article","isPartOf":{"@id":"https:\/\/expresorgv.online\/home\/blog\/2026\/09\/05\/critican-a-diputado-de-morena-por-presumir-entrega-de-dos-lapices-a-ninos-en-su-regreso-a-clases\/"},"author":{"name":"expreso","@id":"https:\/\/expresorgv.online\/home\/#\/schema\/person\/ae1ed1a575540204b5f59dca7f91f6a2"},"headline":"Critican a diputado de Morena por presumir entrega de dos l\u00e1pices a ni\u00f1os en su regreso a clases","datePublished":"2026-09-05T10:49:18+00:00","dateModified":"2026-09-05T10:49:19+00:00","mainEntityOfPage":{"@id":"https:\/\/expresorgv.online\/home\/blog\/2026\/09\/05\/critican-a-diputado-de-morena-por-presumir-entrega-de-dos-lapices-a-ninos-en-su-regreso-a-clases\/"},"wordCount":223,"commentCount":0,"image":{"@id":"https:\/\/expresorgv.online\/home\/blog\/2026\/09\/05\/critican-a-diputado-de-morena-por-presumir-entrega-de-dos-lapices-a-ninos-en-su-regreso-a-clases\/#primaryimage"},"thumbnailUrl":"https:\/\/i0.wp.com\/expresorgv.online\/home\/wp-content\/uploads\/2026\/09\/Diputado-Lapices.png?fit=591%2C328&ssl=1","articleSection":["ESTATAL"],"inLanguage":"es","potentialAction":[{"@type":"CommentAction","name":"Comment","target":["https:\/\/expresorgv.online\/home\/blog\/2026\/09\/05\/critican-a-diputado-de-morena-por-presumir-entrega-de-dos-lapices-a-ninos-en-su-regreso-a-clases\/#respond"]}]},{"@type":"WebPage","@id":"https:\/\/expresorgv.online\/home\/blog\/2026\/09\/05\/critican-a-diputado-de-morena-por-presumir-entrega-de-dos-lapices-a-ninos-en-su-regreso-a-clases\/","url":"https:\/\/expresorgv.online\/home\/blog\/2026\/09\/05\/critican-a-diputado-de-morena-por-presumir-entrega-de-dos-lapices-a-ninos-en-su-regreso-a-clases\/","name":"Critican a diputado de Morena por presumir entrega de dos l\u00e1pices a ni\u00f1os en su regreso a clases -","isPartOf":{"@id":"https:\/\/expresorgv.online\/home\/#website"},"primaryImageOfPage":{"@id":"https:\/\/expresorgv.online\/home\/blog\/2026\/09\/05\/critican-a-diputado-de-morena-por-presumir-entrega-de-dos-lapices-a-ninos-en-su-regreso-a-clases\/#primaryimage"},"image":{"@id":"https:\/\/expresorgv.online\/home\/blog\/2026\/09\/05\/critican-a-diputado-de-morena-por-presumir-entrega-de-dos-lapices-a-ninos-en-su-regreso-a-clases\/#primaryimage"},"thumbnailUrl":"https:\/\/i0.wp.com\/expresorgv.online\/home\/wp-content\/uploads\/2026\/09\/Diputado-Lapices.png?fit=591%2C328&ssl=1","datePublished":"2026-09-05T10:49:18+00:00","dateModified":"2026-09-05T10:49:19+00:00","author":{"@id":"https:\/\/expresorgv.online\/home\/#\/schema\/person\/ae1ed1a575540204b5f59dca7f91f6a2"},"breadcrumb":{"@id":"https:\/\/expresorgv.online\/home\/blog\/2026\/09\/05\/critican-a-diputado-de-morena-por-presumir-entrega-de-dos-lapices-a-ninos-en-su-regreso-a-clases\/#breadcrumb"},"inLanguage":"es","potentialAction":[{"@type":"ReadAction","target":["https:\/\/expresorgv.online\/home\/blog\/2026\/09\/05\/critican-a-diputado-de-morena-por-presumir-entrega-de-dos-lapices-a-ninos-en-su-regreso-a-clases\/"]}]},{"@type":"ImageObject","inLanguage":"es","@id":"https:\/\/expresorgv.online\/home\/blog\/2026\/09\/05\/critican-a-diputado-de-morena-por-presumir-entrega-de-dos-lapices-a-ninos-en-su-regreso-a-clases\/#primaryimage","url":"https:\/\/i0.wp.com\/expresorgv.online\/home\/wp-content\/uploads\/2026\/09\/Diputado-Lapices.png?fit=591%2C328&ssl=1","contentUrl":"https:\/\/i0.wp.com\/expresorgv.online\/home\/wp-content\/uploads\/2026\/09\/Diputado-Lapices.png?fit=591%2C328&ssl=1","width":591,"height":328},{"@type":"BreadcrumbList","@id":"https:\/\/expresorgv.online\/home\/blog\/2026\/09\/05\/critican-a-diputado-de-morena-por-presumir-entrega-de-dos-lapices-a-ninos-en-su-regreso-a-clases\/#breadcrumb","itemListElement":[{"@type":"ListItem","position":1,"name":"Home","item":"https:\/\/expresorgv.online\/home\/"},{"@type":"ListItem","position":2,"name":"Critican a diputado de Morena por presumir entrega de dos l\u00e1pices a ni\u00f1os en su regreso a clases"}]},{"@type":"WebSite","@id":"https:\/\/expresorgv.online\/home\/#website","url":"https:\/\/expresorgv.online\/home\/","name":"","description":"","potentialAction":[{"@type":"SearchAction","target":{"@type":"EntryPoint","urlTemplate":"https:\/\/expresorgv.online\/home\/?s={search_term_string}"},"query-input":{"@type":"PropertyValueSpecification","valueRequired":true,"valueName":"search_term_string"}}],"inLanguage":"es"},{"@type":"Person","@id":"https:\/\/expresorgv.online\/home\/#\/schema\/person\/ae1ed1a575540204b5f59dca7f91f6a2","name":"expreso","image":{"@type":"ImageObject","inLanguage":"es","@id":"https:\/\/secure.gravatar.com\/avatar\/88cd9f065dcd1b722cd984aac4181386a800c0bca699eaf07e42dd8f820bddee?s=96&d=mm&r=g","url":"https:\/\/secure.gravatar.com\/avatar\/88cd9f065dcd1b722cd984aac4181386a800c0bca699eaf07e42dd8f820bddee?s=96&d=mm&r=g","contentUrl":"https:\/\/secure.gravatar.com\/avatar\/88cd9f065dcd1b722cd984aac4181386a800c0bca699eaf07e42dd8f820bddee?s=96&d=mm&r=g","caption":"expreso"},"url":"https:\/\/expresorgv.online\/home\/blog\/author\/expreso\/"}]}},"jetpack_featured_media_url":"https:\/\/i0.wp.com\/expresorgv.online\/home\/wp-content\/uploads\/2026\/09\/Diputado-Lapices.png?fit=591%2C328&ssl=1","_links":{"self":[{"href":"https:\/\/expresorgv.online\/home\/wp-json\/wp\/v2\/posts\/38433","targetHints":{"allow":["GET"]}}],"collection":[{"href":"https:\/\/expresorgv.online\/home\/wp-json\/wp\/v2\/posts"}],"about":[{"href":"https:\/\/expresorgv.online\/home\/wp-json\/wp\/v2\/types\/post"}],"author":[{"embeddable":true,"href":"https:\/\/expresorgv.online\/home\/wp-json\/wp\/v2\/users\/2"}],"replies":[{"embeddable":true,"href":"https:\/\/expresorgv.online\/home\/wp-json\/wp\/v2\/comments?post=38433"}],"version-history":[{"count":1,"href":"https:\/\/expresorgv.online\/home\/wp-json\/wp\/v2\/posts\/38433\/revisions"}],"predecessor-version":[{"id":38435,"href":"https:\/\/expresorgv.online\/home\/wp-json\/wp\/v2\/posts\/38433\/revisions\/38435"}],"wp:featuredmedia":[{"embeddable":true,"href":"https:\/\/expresorgv.online\/home\/wp-json\/wp\/v2\/media\/38434"}],"wp:attachment":[{"href":"https:\/\/expresorgv.online\/home\/wp-json\/wp\/v2\/media?parent=38433"}],"wp:term":[{"taxonomy":"category","embeddable":true,"href":"https:\/\/expresorgv.online\/home\/wp-json\/wp\/v2\/categories?post=38433"},{"taxonomy":"post_tag","embeddable":true,"href":"https:\/\/expresorgv.online\/home\/wp-json\/wp\/v2\/tags?post=38433"}],"curies":[{"name":"wp","href":"https:\/\/api.w.org\/{rel}","templated":true}]}}