{"id":38430,"date":"2026-09-05T10:43:49","date_gmt":"2026-09-05T10:43:49","guid":{"rendered":"https:\/\/expresorgv.online\/home\/?p=38430"},"modified":"2026-09-05T10:43:50","modified_gmt":"2026-09-05T10:43:50","slug":"tamaulipas-reduce-presupuesto-para-buscar-desaparecidos","status":"publish","type":"post","link":"https:\/\/expresorgv.online\/home\/blog\/2026\/09\/05\/tamaulipas-reduce-presupuesto-para-buscar-desaparecidos\/","title":{"rendered":"Tamaulipas reduce presupuesto para buscar desaparecidos"},"content":{"rendered":"\n<p class=\"wp-block-paragraph\">Con un dictamen del Congreso de Tamaulipas el estado enfrenta una reducci\u00f3n en los recursos destinados a la b\u00fasqueda de personas desaparecidas y no localizadas, mientras el Registro Nacional contabiliza m\u00e1s de 13 mil 800 casos en la entidad.<\/p>\n\n\n\n<p class=\"wp-block-paragraph\">Durante 2026 se destinar\u00e1n 24 millones 830 mil 484 pesos para las acciones de b\u00fasqueda. La cifra representa una reducci\u00f3n de 6 millones 96 mil 315 pesos, equivalente a 19.7%, respecto a los recursos ejercidos durante 2025.<\/p>\n\n\n\n<p class=\"wp-block-paragraph\">Del presupuesto contemplado para 2026, la Federaci\u00f3n aportar\u00e1 poco m\u00e1s de 22 millones 170 mil pesos, mientras que el Gobierno de Tamaulipas deber\u00e1 aportar 2 millones 660 mil pesos.<\/p>\n\n\n\n<p class=\"wp-block-paragraph\">En 2025, los recursos federales y estatales destinados a estas labores sumaron 30 millones 926 mil 799 pesos. Aunque el Gobierno estatal increment\u00f3 su porcentaje de participaci\u00f3n, al pasar de 10 a 12% del subsidio federal, este aumento no compens\u00f3 la reducci\u00f3n de los recursos federales.<\/p>\n\n\n\n<p class=\"wp-block-paragraph\">La reducci\u00f3n presupuestal ocurre mientras Tamaulipas se mantiene entre las entidades con mayor n\u00famero de personas desaparecidas y no localizadas del pa\u00eds.<\/p>\n\n\n\n<p class=\"wp-block-paragraph\">Con corte al 8 de junio de 2026, el Registro Nacional contabilizaba 13 mil 817 casos en el estado, cifra que colocaba a Tamaulipas en el tercer lugar nacional.<\/p>\n\n\n\n<p class=\"wp-block-paragraph\">Ante la disminuci\u00f3n de recursos, se present\u00f3 una iniciativa para solicitar a la Federaci\u00f3n fondos extraordinarios y aumentar tambi\u00e9n la aportaci\u00f3n estatal para las labores de b\u00fasqueda.<\/p>\n\n\n\n<p class=\"wp-block-paragraph\">Sin embargo, la propuesta no prosper\u00f3.<\/p>\n\n\n\n<p class=\"wp-block-paragraph\">La Diputaci\u00f3n Permanente del Congreso de Tamaulipas determin\u00f3 que el planteamiento se encontraba \u201csin materia\u201d y orden\u00f3 su archivo.<\/p>\n","protected":false},"excerpt":{"rendered":"<p>Con un dictamen del Congreso de Tamaulipas el estado enfrenta una reducci\u00f3n en los recursos destinados a la b\u00fasqueda de personas desaparecidas y no localizadas, mientras el Registro Nacional contabiliza m\u00e1s de 13 mil 800 casos en la entidad. Durante 2026 se destinar\u00e1n 24 millones 830 mil 484 pesos para las acciones de b\u00fasqueda. La [&hellip;]<\/p>\n","protected":false},"author":2,"featured_media":38431,"comment_status":"open","ping_status":"open","sticky":false,"template":"","format":"standard","meta":{"footnotes":""},"categories":[5],"tags":[],"class_list":["post-38430","post","type-post","status-publish","format-standard","has-post-thumbnail","hentry","category-estatal"],"yoast_head":"<!-- This site is optimized with the Yoast SEO plugin v27.2 - https:\/\/yoast.com\/product\/yoast-seo-wordpress\/ -->\n<title>Tamaulipas reduce presupuesto para buscar desaparecidos -<\/title>\n<meta name=\"robots\" content=\"index, follow, max-snippet:-1, max-image-preview:large, max-video-preview:-1\" \/>\n<link rel=\"canonical\" href=\"https:\/\/expresorgv.online\/home\/blog\/2026\/09\/05\/tamaulipas-reduce-presupuesto-para-buscar-desaparecidos\/\" \/>\n<meta property=\"og:locale\" content=\"es_ES\" \/>\n<meta property=\"og:type\" content=\"article\" \/>\n<meta property=\"og:title\" content=\"Tamaulipas reduce presupuesto para buscar desaparecidos\" \/>\n<meta property=\"og:description\" content=\"Con un dictamen del Congreso de Tamaulipas el estado enfrenta una reducci\u00f3n en los recursos destinados a la b\u00fasqueda de personas desaparecidas y no localizadas, mientras el Registro Nacional contabiliza m\u00e1s de 13 mil 800 casos en la entidad. Durante 2026 se destinar\u00e1n 24 millones 830 mil 484 pesos para las acciones de b\u00fasqueda. La [&hellip;]\" \/>\n<meta property=\"og:url\" content=\"https:\/\/expresorgv.online\/home\/blog\/2026\/09\/05\/tamaulipas-reduce-presupuesto-para-buscar-desaparecidos\/\" \/>\n<meta property=\"article:published_time\" content=\"2026-09-05T10:43:49+00:00\" \/>\n<meta property=\"article:modified_time\" content=\"2026-09-05T10:43:50+00:00\" \/>\n<meta property=\"og:image\" content=\"https:\/\/expresorgv.online\/home\/wp-content\/uploads\/2026\/09\/Desaparecidos-Tamaulipas.png\" \/>\n\t<meta property=\"og:image:width\" content=\"591\" \/>\n\t<meta property=\"og:image:height\" content=\"328\" \/>\n\t<meta property=\"og:image:type\" content=\"image\/png\" \/>\n<meta name=\"author\" content=\"expreso\" \/>\n<meta name=\"twitter:card\" content=\"summary_large_image\" \/>\n<meta name=\"twitter:label1\" content=\"Escrito por\" \/>\n\t<meta name=\"twitter:data1\" content=\"expreso\" \/>\n\t<meta name=\"twitter:label2\" content=\"Tiempo de lectura\" \/>\n\t<meta name=\"twitter:data2\" content=\"2 minutos\" \/>\n<script type=\"application\/ld+json\" class=\"yoast-schema-graph\">{\"@context\":\"https:\/\/schema.org\",\"@graph\":[{\"@type\":\"Article\",\"@id\":\"https:\/\/expresorgv.online\/home\/blog\/2026\/09\/05\/tamaulipas-reduce-presupuesto-para-buscar-desaparecidos\/#article\",\"isPartOf\":{\"@id\":\"https:\/\/expresorgv.online\/home\/blog\/2026\/09\/05\/tamaulipas-reduce-presupuesto-para-buscar-desaparecidos\/\"},\"author\":{\"name\":\"expreso\",\"@id\":\"https:\/\/expresorgv.online\/home\/#\/schema\/person\/ae1ed1a575540204b5f59dca7f91f6a2\"},\"headline\":\"Tamaulipas reduce presupuesto para buscar desaparecidos\",\"datePublished\":\"2026-09-05T10:43:49+00:00\",\"dateModified\":\"2026-09-05T10:43:50+00:00\",\"mainEntityOfPage\":{\"@id\":\"https:\/\/expresorgv.online\/home\/blog\/2026\/09\/05\/tamaulipas-reduce-presupuesto-para-buscar-desaparecidos\/\"},\"wordCount\":253,\"commentCount\":0,\"image\":{\"@id\":\"https:\/\/expresorgv.online\/home\/blog\/2026\/09\/05\/tamaulipas-reduce-presupuesto-para-buscar-desaparecidos\/#primaryimage\"},\"thumbnailUrl\":\"https:\/\/i0.wp.com\/expresorgv.online\/home\/wp-content\/uploads\/2026\/09\/Desaparecidos-Tamaulipas.png?fit=591%2C328&ssl=1\",\"articleSection\":[\"ESTATAL\"],\"inLanguage\":\"es\",\"potentialAction\":[{\"@type\":\"CommentAction\",\"name\":\"Comment\",\"target\":[\"https:\/\/expresorgv.online\/home\/blog\/2026\/09\/05\/tamaulipas-reduce-presupuesto-para-buscar-desaparecidos\/#respond\"]}]},{\"@type\":\"WebPage\",\"@id\":\"https:\/\/expresorgv.online\/home\/blog\/2026\/09\/05\/tamaulipas-reduce-presupuesto-para-buscar-desaparecidos\/\",\"url\":\"https:\/\/expresorgv.online\/home\/blog\/2026\/09\/05\/tamaulipas-reduce-presupuesto-para-buscar-desaparecidos\/\",\"name\":\"Tamaulipas reduce presupuesto para buscar desaparecidos -\",\"isPartOf\":{\"@id\":\"https:\/\/expresorgv.online\/home\/#website\"},\"primaryImageOfPage\":{\"@id\":\"https:\/\/expresorgv.online\/home\/blog\/2026\/09\/05\/tamaulipas-reduce-presupuesto-para-buscar-desaparecidos\/#primaryimage\"},\"image\":{\"@id\":\"https:\/\/expresorgv.online\/home\/blog\/2026\/09\/05\/tamaulipas-reduce-presupuesto-para-buscar-desaparecidos\/#primaryimage\"},\"thumbnailUrl\":\"https:\/\/i0.wp.com\/expresorgv.online\/home\/wp-content\/uploads\/2026\/09\/Desaparecidos-Tamaulipas.png?fit=591%2C328&ssl=1\",\"datePublished\":\"2026-09-05T10:43:49+00:00\",\"dateModified\":\"2026-09-05T10:43:50+00:00\",\"author\":{\"@id\":\"https:\/\/expresorgv.online\/home\/#\/schema\/person\/ae1ed1a575540204b5f59dca7f91f6a2\"},\"breadcrumb\":{\"@id\":\"https:\/\/expresorgv.online\/home\/blog\/2026\/09\/05\/tamaulipas-reduce-presupuesto-para-buscar-desaparecidos\/#breadcrumb\"},\"inLanguage\":\"es\",\"potentialAction\":[{\"@type\":\"ReadAction\",\"target\":[\"https:\/\/expresorgv.online\/home\/blog\/2026\/09\/05\/tamaulipas-reduce-presupuesto-para-buscar-desaparecidos\/\"]}]},{\"@type\":\"ImageObject\",\"inLanguage\":\"es\",\"@id\":\"https:\/\/expresorgv.online\/home\/blog\/2026\/09\/05\/tamaulipas-reduce-presupuesto-para-buscar-desaparecidos\/#primaryimage\",\"url\":\"https:\/\/i0.wp.com\/expresorgv.online\/home\/wp-content\/uploads\/2026\/09\/Desaparecidos-Tamaulipas.png?fit=591%2C328&ssl=1\",\"contentUrl\":\"https:\/\/i0.wp.com\/expresorgv.online\/home\/wp-content\/uploads\/2026\/09\/Desaparecidos-Tamaulipas.png?fit=591%2C328&ssl=1\",\"width\":591,\"height\":328},{\"@type\":\"BreadcrumbList\",\"@id\":\"https:\/\/expresorgv.online\/home\/blog\/2026\/09\/05\/tamaulipas-reduce-presupuesto-para-buscar-desaparecidos\/#breadcrumb\",\"itemListElement\":[{\"@type\":\"ListItem\",\"position\":1,\"name\":\"Home\",\"item\":\"https:\/\/expresorgv.online\/home\/\"},{\"@type\":\"ListItem\",\"position\":2,\"name\":\"Tamaulipas reduce presupuesto para buscar desaparecidos\"}]},{\"@type\":\"WebSite\",\"@id\":\"https:\/\/expresorgv.online\/home\/#website\",\"url\":\"https:\/\/expresorgv.online\/home\/\",\"name\":\"\",\"description\":\"\",\"potentialAction\":[{\"@type\":\"SearchAction\",\"target\":{\"@type\":\"EntryPoint\",\"urlTemplate\":\"https:\/\/expresorgv.online\/home\/?s={search_term_string}\"},\"query-input\":{\"@type\":\"PropertyValueSpecification\",\"valueRequired\":true,\"valueName\":\"search_term_string\"}}],\"inLanguage\":\"es\"},{\"@type\":\"Person\",\"@id\":\"https:\/\/expresorgv.online\/home\/#\/schema\/person\/ae1ed1a575540204b5f59dca7f91f6a2\",\"name\":\"expreso\",\"image\":{\"@type\":\"ImageObject\",\"inLanguage\":\"es\",\"@id\":\"https:\/\/secure.gravatar.com\/avatar\/88cd9f065dcd1b722cd984aac4181386a800c0bca699eaf07e42dd8f820bddee?s=96&d=mm&r=g\",\"url\":\"https:\/\/secure.gravatar.com\/avatar\/88cd9f065dcd1b722cd984aac4181386a800c0bca699eaf07e42dd8f820bddee?s=96&d=mm&r=g\",\"contentUrl\":\"https:\/\/secure.gravatar.com\/avatar\/88cd9f065dcd1b722cd984aac4181386a800c0bca699eaf07e42dd8f820bddee?s=96&d=mm&r=g\",\"caption\":\"expreso\"},\"url\":\"https:\/\/expresorgv.online\/home\/blog\/author\/expreso\/\"}]}<\/script>\n<!-- \/ Yoast SEO plugin. -->","yoast_head_json":{"title":"Tamaulipas reduce presupuesto para buscar desaparecidos -","robots":{"index":"index","follow":"follow","max-snippet":"max-snippet:-1","max-image-preview":"max-image-preview:large","max-video-preview":"max-video-preview:-1"},"canonical":"https:\/\/expresorgv.online\/home\/blog\/2026\/09\/05\/tamaulipas-reduce-presupuesto-para-buscar-desaparecidos\/","og_locale":"es_ES","og_type":"article","og_title":"Tamaulipas reduce presupuesto para buscar desaparecidos","og_description":"Con un dictamen del Congreso de Tamaulipas el estado enfrenta una reducci\u00f3n en los recursos destinados a la b\u00fasqueda de personas desaparecidas y no localizadas, mientras el Registro Nacional contabiliza m\u00e1s de 13 mil 800 casos en la entidad. Durante 2026 se destinar\u00e1n 24 millones 830 mil 484 pesos para las acciones de b\u00fasqueda. La [&hellip;]","og_url":"https:\/\/expresorgv.online\/home\/blog\/2026\/09\/05\/tamaulipas-reduce-presupuesto-para-buscar-desaparecidos\/","article_published_time":"2026-09-05T10:43:49+00:00","article_modified_time":"2026-09-05T10:43:50+00:00","og_image":[{"width":591,"height":328,"url":"https:\/\/expresorgv.online\/home\/wp-content\/uploads\/2026\/09\/Desaparecidos-Tamaulipas.png","type":"image\/png"}],"author":"expreso","twitter_card":"summary_large_image","twitter_misc":{"Escrito por":"expreso","Tiempo de lectura":"2 minutos"},"schema":{"@context":"https:\/\/schema.org","@graph":[{"@type":"Article","@id":"https:\/\/expresorgv.online\/home\/blog\/2026\/09\/05\/tamaulipas-reduce-presupuesto-para-buscar-desaparecidos\/#article","isPartOf":{"@id":"https:\/\/expresorgv.online\/home\/blog\/2026\/09\/05\/tamaulipas-reduce-presupuesto-para-buscar-desaparecidos\/"},"author":{"name":"expreso","@id":"https:\/\/expresorgv.online\/home\/#\/schema\/person\/ae1ed1a575540204b5f59dca7f91f6a2"},"headline":"Tamaulipas reduce presupuesto para buscar desaparecidos","datePublished":"2026-09-05T10:43:49+00:00","dateModified":"2026-09-05T10:43:50+00:00","mainEntityOfPage":{"@id":"https:\/\/expresorgv.online\/home\/blog\/2026\/09\/05\/tamaulipas-reduce-presupuesto-para-buscar-desaparecidos\/"},"wordCount":253,"commentCount":0,"image":{"@id":"https:\/\/expresorgv.online\/home\/blog\/2026\/09\/05\/tamaulipas-reduce-presupuesto-para-buscar-desaparecidos\/#primaryimage"},"thumbnailUrl":"https:\/\/i0.wp.com\/expresorgv.online\/home\/wp-content\/uploads\/2026\/09\/Desaparecidos-Tamaulipas.png?fit=591%2C328&ssl=1","articleSection":["ESTATAL"],"inLanguage":"es","potentialAction":[{"@type":"CommentAction","name":"Comment","target":["https:\/\/expresorgv.online\/home\/blog\/2026\/09\/05\/tamaulipas-reduce-presupuesto-para-buscar-desaparecidos\/#respond"]}]},{"@type":"WebPage","@id":"https:\/\/expresorgv.online\/home\/blog\/2026\/09\/05\/tamaulipas-reduce-presupuesto-para-buscar-desaparecidos\/","url":"https:\/\/expresorgv.online\/home\/blog\/2026\/09\/05\/tamaulipas-reduce-presupuesto-para-buscar-desaparecidos\/","name":"Tamaulipas reduce presupuesto para buscar desaparecidos -","isPartOf":{"@id":"https:\/\/expresorgv.online\/home\/#website"},"primaryImageOfPage":{"@id":"https:\/\/expresorgv.online\/home\/blog\/2026\/09\/05\/tamaulipas-reduce-presupuesto-para-buscar-desaparecidos\/#primaryimage"},"image":{"@id":"https:\/\/expresorgv.online\/home\/blog\/2026\/09\/05\/tamaulipas-reduce-presupuesto-para-buscar-desaparecidos\/#primaryimage"},"thumbnailUrl":"https:\/\/i0.wp.com\/expresorgv.online\/home\/wp-content\/uploads\/2026\/09\/Desaparecidos-Tamaulipas.png?fit=591%2C328&ssl=1","datePublished":"2026-09-05T10:43:49+00:00","dateModified":"2026-09-05T10:43:50+00:00","author":{"@id":"https:\/\/expresorgv.online\/home\/#\/schema\/person\/ae1ed1a575540204b5f59dca7f91f6a2"},"breadcrumb":{"@id":"https:\/\/expresorgv.online\/home\/blog\/2026\/09\/05\/tamaulipas-reduce-presupuesto-para-buscar-desaparecidos\/#breadcrumb"},"inLanguage":"es","potentialAction":[{"@type":"ReadAction","target":["https:\/\/expresorgv.online\/home\/blog\/2026\/09\/05\/tamaulipas-reduce-presupuesto-para-buscar-desaparecidos\/"]}]},{"@type":"ImageObject","inLanguage":"es","@id":"https:\/\/expresorgv.online\/home\/blog\/2026\/09\/05\/tamaulipas-reduce-presupuesto-para-buscar-desaparecidos\/#primaryimage","url":"https:\/\/i0.wp.com\/expresorgv.online\/home\/wp-content\/uploads\/2026\/09\/Desaparecidos-Tamaulipas.png?fit=591%2C328&ssl=1","contentUrl":"https:\/\/i0.wp.com\/expresorgv.online\/home\/wp-content\/uploads\/2026\/09\/Desaparecidos-Tamaulipas.png?fit=591%2C328&ssl=1","width":591,"height":328},{"@type":"BreadcrumbList","@id":"https:\/\/expresorgv.online\/home\/blog\/2026\/09\/05\/tamaulipas-reduce-presupuesto-para-buscar-desaparecidos\/#breadcrumb","itemListElement":[{"@type":"ListItem","position":1,"name":"Home","item":"https:\/\/expresorgv.online\/home\/"},{"@type":"ListItem","position":2,"name":"Tamaulipas reduce presupuesto para buscar desaparecidos"}]},{"@type":"WebSite","@id":"https:\/\/expresorgv.online\/home\/#website","url":"https:\/\/expresorgv.online\/home\/","name":"","description":"","potentialAction":[{"@type":"SearchAction","target":{"@type":"EntryPoint","urlTemplate":"https:\/\/expresorgv.online\/home\/?s={search_term_string}"},"query-input":{"@type":"PropertyValueSpecification","valueRequired":true,"valueName":"search_term_string"}}],"inLanguage":"es"},{"@type":"Person","@id":"https:\/\/expresorgv.online\/home\/#\/schema\/person\/ae1ed1a575540204b5f59dca7f91f6a2","name":"expreso","image":{"@type":"ImageObject","inLanguage":"es","@id":"https:\/\/secure.gravatar.com\/avatar\/88cd9f065dcd1b722cd984aac4181386a800c0bca699eaf07e42dd8f820bddee?s=96&d=mm&r=g","url":"https:\/\/secure.gravatar.com\/avatar\/88cd9f065dcd1b722cd984aac4181386a800c0bca699eaf07e42dd8f820bddee?s=96&d=mm&r=g","contentUrl":"https:\/\/secure.gravatar.com\/avatar\/88cd9f065dcd1b722cd984aac4181386a800c0bca699eaf07e42dd8f820bddee?s=96&d=mm&r=g","caption":"expreso"},"url":"https:\/\/expresorgv.online\/home\/blog\/author\/expreso\/"}]}},"jetpack_featured_media_url":"https:\/\/i0.wp.com\/expresorgv.online\/home\/wp-content\/uploads\/2026\/09\/Desaparecidos-Tamaulipas.png?fit=591%2C328&ssl=1","_links":{"self":[{"href":"https:\/\/expresorgv.online\/home\/wp-json\/wp\/v2\/posts\/38430","targetHints":{"allow":["GET"]}}],"collection":[{"href":"https:\/\/expresorgv.online\/home\/wp-json\/wp\/v2\/posts"}],"about":[{"href":"https:\/\/expresorgv.online\/home\/wp-json\/wp\/v2\/types\/post"}],"author":[{"embeddable":true,"href":"https:\/\/expresorgv.online\/home\/wp-json\/wp\/v2\/users\/2"}],"replies":[{"embeddable":true,"href":"https:\/\/expresorgv.online\/home\/wp-json\/wp\/v2\/comments?post=38430"}],"version-history":[{"count":1,"href":"https:\/\/expresorgv.online\/home\/wp-json\/wp\/v2\/posts\/38430\/revisions"}],"predecessor-version":[{"id":38432,"href":"https:\/\/expresorgv.online\/home\/wp-json\/wp\/v2\/posts\/38430\/revisions\/38432"}],"wp:featuredmedia":[{"embeddable":true,"href":"https:\/\/expresorgv.online\/home\/wp-json\/wp\/v2\/media\/38431"}],"wp:attachment":[{"href":"https:\/\/expresorgv.online\/home\/wp-json\/wp\/v2\/media?parent=38430"}],"wp:term":[{"taxonomy":"category","embeddable":true,"href":"https:\/\/expresorgv.online\/home\/wp-json\/wp\/v2\/categories?post=38430"},{"taxonomy":"post_tag","embeddable":true,"href":"https:\/\/expresorgv.online\/home\/wp-json\/wp\/v2\/tags?post=38430"}],"curies":[{"name":"wp","href":"https:\/\/api.w.org\/{rel}","templated":true}]}}