{"id":38423,"date":"2026-09-04T05:04:20","date_gmt":"2026-09-04T05:04:20","guid":{"rendered":"https:\/\/expresorgv.online\/home\/?p=38423"},"modified":"2026-09-04T05:04:21","modified_gmt":"2026-09-04T05:04:21","slug":"florerias-cierran-en-reynosa-por-cobro-de-piso-y-amenazas-del-crimen-organizado","status":"publish","type":"post","link":"https:\/\/expresorgv.online\/home\/blog\/2026\/09\/04\/florerias-cierran-en-reynosa-por-cobro-de-piso-y-amenazas-del-crimen-organizado\/","title":{"rendered":"Florer\u00edas cierran en Reynosa por cobro de piso y amenazas del crimen organizado"},"content":{"rendered":"\n<p class=\"wp-block-paragraph\">Florer\u00edas de Reynosa, Tamaulipas, anunciaron a trav\u00e9s de redes sociales la suspensi\u00f3n o cierre definitivo de sus servicios, luego de ser v\u00edctimas de cobro de piso y de la imposici\u00f3n de comprar mercanc\u00eda a grupos del crimen organizado.<\/p>\n\n\n\n<p class=\"wp-block-paragraph\">Negocios como Florer\u00eda Neys, Secret Garden, Florer\u00eda Gallardo, Reysol y Globopolls Reynosa, entre otros, informaron a sus clientes que cerrar\u00e1n sus locales mientras que otros har\u00e1n pausa y dejar\u00e1n de vender flores, pero seguir\u00e1n con otros art\u00edculos que ofrecen dentro de los negocios.<\/p>\n\n\n\n<p class=\"wp-block-paragraph\">Uno de los comunicados se\u00f1ala: \u201cA nuestra apreciable clientela y amigos: les informamos que, con efecto inmediato, nuestro servicio de florer\u00eda queda finalizado. Gracias por compartir y confiar en nuestro trabajo; por estos a\u00f1os les estamos eternamente agradecidos\u201d.<\/p>\n\n\n\n<p class=\"wp-block-paragraph\">Otro negocio agreg\u00f3: \u201cPor este medio, les informamos que actualmente estamos pasando una situaci\u00f3n que nos est\u00e1 afectando a todos los floristas, la cual no nos permite seguir trabajando con normalidad\u201d.<\/p>\n\n\n\n<p class=\"wp-block-paragraph\">Solo una de las florer\u00edas se\u00f1al\u00f3 de manera expl\u00edcita que el cierre se debe a la inseguridad que enfrentan.<\/p>\n\n\n\n<p class=\"wp-block-paragraph\">Aunque ning\u00fan establecimiento detall\u00f3 las causas, fuentes que conocen del caso indicaron que, adem\u00e1s del cobro de piso y las extorsiones, los grupos criminales que operan en esa ciudad est\u00e1n obligando a los locatarios a comprarles la mercanc\u00eda de ellos.<\/p>\n\n\n\n<p class=\"wp-block-paragraph\">En ese contexto, la C\u00e1mara Nacional de Comercio, Servicios y Turismo (Canaco Servytur) de Reynosa public\u00f3 recomendaciones sobre c\u00f3mo actuar ante una amenaza de extorsi\u00f3n. Entre ellas, sugiri\u00f3 mantener la calma, evitar confrontaciones, ponerse a salvo y proteger a clientes y trabajadores; conservar posibles evidencias como mensajes, videos, n\u00fameros telef\u00f3nicos, cuentas, notas u otros elementos relacionados con el delito, y denunciar a los n\u00fameros de emergencia.<\/p>\n\n\n\n<p class=\"wp-block-paragraph\">Por otra parte, el alcalde de Reynosa, Carlos Pe\u00f1a Ortiz, reconoci\u00f3 que desde hace tiempo se registran extorsiones y que las han denunciado ante las autoridades competentes, sin que hasta el momento hayan recibido respuesta.<\/p>\n\n\n\n<p class=\"wp-block-paragraph\">El alcalde de Reynosa detall\u00f3 que \u201cya llevamos mucho tiempo siendo afectados por las extorsiones, varios a\u00f1os que hemos estado denunciando esto y no hemos tenido respuesta de las autoridades competentes\u201d<\/p>\n\n\n\n<p class=\"wp-block-paragraph\">Agreg\u00f3 que han presentado \u201cmuch\u00edsimas denuncias en varios rubros. Obviamente hay que reconocer que hay rubros como el tema de los homicidios que han bajado en los \u00faltimos a\u00f1os. Sin embargo, el tema de la extorsi\u00f3n se ha empleado en todos los comerciales. Agradezco a Index que los ha ayudado a hacer frente a la delincuencia\u201d.<\/p>\n\n\n\n<p class=\"wp-block-paragraph\">El edil se\u00f1al\u00f3 que ha trabajado en coordinaci\u00f3n con la industria para presentar las denuncias correspondientes y recalc\u00f3 que conf\u00eda en el gobierno federal para obtener una respuesta, debido a que hay muchos negocios afectados.<\/p>\n","protected":false},"excerpt":{"rendered":"<p>Florer\u00edas de Reynosa, Tamaulipas, anunciaron a trav\u00e9s de redes sociales la suspensi\u00f3n o cierre definitivo de sus servicios, luego de ser v\u00edctimas de cobro de piso y de la imposici\u00f3n de comprar mercanc\u00eda a grupos del crimen organizado. Negocios como Florer\u00eda Neys, Secret Garden, Florer\u00eda Gallardo, Reysol y Globopolls Reynosa, entre otros, informaron a sus [&hellip;]<\/p>\n","protected":false},"author":2,"featured_media":38412,"comment_status":"open","ping_status":"open","sticky":false,"template":"","format":"standard","meta":{"footnotes":""},"categories":[14],"tags":[],"class_list":["post-38423","post","type-post","status-publish","format-standard","has-post-thumbnail","hentry","category-reynosa"],"yoast_head":"<!-- This site is optimized with the Yoast SEO plugin v27.2 - https:\/\/yoast.com\/product\/yoast-seo-wordpress\/ -->\n<title>Florer\u00edas cierran en Reynosa por cobro de piso y amenazas del crimen organizado -<\/title>\n<meta name=\"robots\" content=\"index, follow, max-snippet:-1, max-image-preview:large, max-video-preview:-1\" \/>\n<link rel=\"canonical\" href=\"https:\/\/expresorgv.online\/home\/blog\/2026\/09\/04\/florerias-cierran-en-reynosa-por-cobro-de-piso-y-amenazas-del-crimen-organizado\/\" \/>\n<meta property=\"og:locale\" content=\"es_ES\" \/>\n<meta property=\"og:type\" content=\"article\" \/>\n<meta property=\"og:title\" content=\"Florer\u00edas cierran en Reynosa por cobro de piso y amenazas del crimen organizado\" \/>\n<meta property=\"og:description\" content=\"Florer\u00edas de Reynosa, Tamaulipas, anunciaron a trav\u00e9s de redes sociales la suspensi\u00f3n o cierre definitivo de sus servicios, luego de ser v\u00edctimas de cobro de piso y de la imposici\u00f3n de comprar mercanc\u00eda a grupos del crimen organizado. Negocios como Florer\u00eda Neys, Secret Garden, Florer\u00eda Gallardo, Reysol y Globopolls Reynosa, entre otros, informaron a sus [&hellip;]\" \/>\n<meta property=\"og:url\" content=\"https:\/\/expresorgv.online\/home\/blog\/2026\/09\/04\/florerias-cierran-en-reynosa-por-cobro-de-piso-y-amenazas-del-crimen-organizado\/\" \/>\n<meta property=\"article:published_time\" content=\"2026-09-04T05:04:20+00:00\" \/>\n<meta property=\"article:modified_time\" content=\"2026-09-04T05:04:21+00:00\" \/>\n<meta property=\"og:image\" content=\"https:\/\/expresorgv.online\/home\/wp-content\/uploads\/2026\/09\/04092026Floreria.png\" \/>\n\t<meta property=\"og:image:width\" content=\"540\" \/>\n\t<meta property=\"og:image:height\" content=\"300\" \/>\n\t<meta property=\"og:image:type\" content=\"image\/png\" \/>\n<meta name=\"author\" content=\"expreso\" \/>\n<meta name=\"twitter:card\" content=\"summary_large_image\" \/>\n<meta name=\"twitter:label1\" content=\"Escrito por\" \/>\n\t<meta name=\"twitter:data1\" content=\"expreso\" \/>\n\t<meta name=\"twitter:label2\" content=\"Tiempo de lectura\" \/>\n\t<meta name=\"twitter:data2\" content=\"3 minutos\" \/>\n<script type=\"application\/ld+json\" class=\"yoast-schema-graph\">{\"@context\":\"https:\/\/schema.org\",\"@graph\":[{\"@type\":\"Article\",\"@id\":\"https:\/\/expresorgv.online\/home\/blog\/2026\/09\/04\/florerias-cierran-en-reynosa-por-cobro-de-piso-y-amenazas-del-crimen-organizado\/#article\",\"isPartOf\":{\"@id\":\"https:\/\/expresorgv.online\/home\/blog\/2026\/09\/04\/florerias-cierran-en-reynosa-por-cobro-de-piso-y-amenazas-del-crimen-organizado\/\"},\"author\":{\"name\":\"expreso\",\"@id\":\"https:\/\/expresorgv.online\/home\/#\/schema\/person\/ae1ed1a575540204b5f59dca7f91f6a2\"},\"headline\":\"Florer\u00edas cierran en Reynosa por cobro de piso y amenazas del crimen organizado\",\"datePublished\":\"2026-09-04T05:04:20+00:00\",\"dateModified\":\"2026-09-04T05:04:21+00:00\",\"mainEntityOfPage\":{\"@id\":\"https:\/\/expresorgv.online\/home\/blog\/2026\/09\/04\/florerias-cierran-en-reynosa-por-cobro-de-piso-y-amenazas-del-crimen-organizado\/\"},\"wordCount\":484,\"commentCount\":0,\"image\":{\"@id\":\"https:\/\/expresorgv.online\/home\/blog\/2026\/09\/04\/florerias-cierran-en-reynosa-por-cobro-de-piso-y-amenazas-del-crimen-organizado\/#primaryimage\"},\"thumbnailUrl\":\"https:\/\/i0.wp.com\/expresorgv.online\/home\/wp-content\/uploads\/2026\/09\/04092026Floreria.png?fit=540%2C300&ssl=1\",\"articleSection\":[\"REYNOSA\"],\"inLanguage\":\"es\",\"potentialAction\":[{\"@type\":\"CommentAction\",\"name\":\"Comment\",\"target\":[\"https:\/\/expresorgv.online\/home\/blog\/2026\/09\/04\/florerias-cierran-en-reynosa-por-cobro-de-piso-y-amenazas-del-crimen-organizado\/#respond\"]}]},{\"@type\":\"WebPage\",\"@id\":\"https:\/\/expresorgv.online\/home\/blog\/2026\/09\/04\/florerias-cierran-en-reynosa-por-cobro-de-piso-y-amenazas-del-crimen-organizado\/\",\"url\":\"https:\/\/expresorgv.online\/home\/blog\/2026\/09\/04\/florerias-cierran-en-reynosa-por-cobro-de-piso-y-amenazas-del-crimen-organizado\/\",\"name\":\"Florer\u00edas cierran en Reynosa por cobro de piso y amenazas del crimen organizado -\",\"isPartOf\":{\"@id\":\"https:\/\/expresorgv.online\/home\/#website\"},\"primaryImageOfPage\":{\"@id\":\"https:\/\/expresorgv.online\/home\/blog\/2026\/09\/04\/florerias-cierran-en-reynosa-por-cobro-de-piso-y-amenazas-del-crimen-organizado\/#primaryimage\"},\"image\":{\"@id\":\"https:\/\/expresorgv.online\/home\/blog\/2026\/09\/04\/florerias-cierran-en-reynosa-por-cobro-de-piso-y-amenazas-del-crimen-organizado\/#primaryimage\"},\"thumbnailUrl\":\"https:\/\/i0.wp.com\/expresorgv.online\/home\/wp-content\/uploads\/2026\/09\/04092026Floreria.png?fit=540%2C300&ssl=1\",\"datePublished\":\"2026-09-04T05:04:20+00:00\",\"dateModified\":\"2026-09-04T05:04:21+00:00\",\"author\":{\"@id\":\"https:\/\/expresorgv.online\/home\/#\/schema\/person\/ae1ed1a575540204b5f59dca7f91f6a2\"},\"breadcrumb\":{\"@id\":\"https:\/\/expresorgv.online\/home\/blog\/2026\/09\/04\/florerias-cierran-en-reynosa-por-cobro-de-piso-y-amenazas-del-crimen-organizado\/#breadcrumb\"},\"inLanguage\":\"es\",\"potentialAction\":[{\"@type\":\"ReadAction\",\"target\":[\"https:\/\/expresorgv.online\/home\/blog\/2026\/09\/04\/florerias-cierran-en-reynosa-por-cobro-de-piso-y-amenazas-del-crimen-organizado\/\"]}]},{\"@type\":\"ImageObject\",\"inLanguage\":\"es\",\"@id\":\"https:\/\/expresorgv.online\/home\/blog\/2026\/09\/04\/florerias-cierran-en-reynosa-por-cobro-de-piso-y-amenazas-del-crimen-organizado\/#primaryimage\",\"url\":\"https:\/\/i0.wp.com\/expresorgv.online\/home\/wp-content\/uploads\/2026\/09\/04092026Floreria.png?fit=540%2C300&ssl=1\",\"contentUrl\":\"https:\/\/i0.wp.com\/expresorgv.online\/home\/wp-content\/uploads\/2026\/09\/04092026Floreria.png?fit=540%2C300&ssl=1\",\"width\":540,\"height\":300},{\"@type\":\"BreadcrumbList\",\"@id\":\"https:\/\/expresorgv.online\/home\/blog\/2026\/09\/04\/florerias-cierran-en-reynosa-por-cobro-de-piso-y-amenazas-del-crimen-organizado\/#breadcrumb\",\"itemListElement\":[{\"@type\":\"ListItem\",\"position\":1,\"name\":\"Home\",\"item\":\"https:\/\/expresorgv.online\/home\/\"},{\"@type\":\"ListItem\",\"position\":2,\"name\":\"Florer\u00edas cierran en Reynosa por cobro de piso y amenazas del crimen organizado\"}]},{\"@type\":\"WebSite\",\"@id\":\"https:\/\/expresorgv.online\/home\/#website\",\"url\":\"https:\/\/expresorgv.online\/home\/\",\"name\":\"\",\"description\":\"\",\"potentialAction\":[{\"@type\":\"SearchAction\",\"target\":{\"@type\":\"EntryPoint\",\"urlTemplate\":\"https:\/\/expresorgv.online\/home\/?s={search_term_string}\"},\"query-input\":{\"@type\":\"PropertyValueSpecification\",\"valueRequired\":true,\"valueName\":\"search_term_string\"}}],\"inLanguage\":\"es\"},{\"@type\":\"Person\",\"@id\":\"https:\/\/expresorgv.online\/home\/#\/schema\/person\/ae1ed1a575540204b5f59dca7f91f6a2\",\"name\":\"expreso\",\"image\":{\"@type\":\"ImageObject\",\"inLanguage\":\"es\",\"@id\":\"https:\/\/secure.gravatar.com\/avatar\/88cd9f065dcd1b722cd984aac4181386a800c0bca699eaf07e42dd8f820bddee?s=96&d=mm&r=g\",\"url\":\"https:\/\/secure.gravatar.com\/avatar\/88cd9f065dcd1b722cd984aac4181386a800c0bca699eaf07e42dd8f820bddee?s=96&d=mm&r=g\",\"contentUrl\":\"https:\/\/secure.gravatar.com\/avatar\/88cd9f065dcd1b722cd984aac4181386a800c0bca699eaf07e42dd8f820bddee?s=96&d=mm&r=g\",\"caption\":\"expreso\"},\"url\":\"https:\/\/expresorgv.online\/home\/blog\/author\/expreso\/\"}]}<\/script>\n<!-- \/ Yoast SEO plugin. -->","yoast_head_json":{"title":"Florer\u00edas cierran en Reynosa por cobro de piso y amenazas del crimen organizado -","robots":{"index":"index","follow":"follow","max-snippet":"max-snippet:-1","max-image-preview":"max-image-preview:large","max-video-preview":"max-video-preview:-1"},"canonical":"https:\/\/expresorgv.online\/home\/blog\/2026\/09\/04\/florerias-cierran-en-reynosa-por-cobro-de-piso-y-amenazas-del-crimen-organizado\/","og_locale":"es_ES","og_type":"article","og_title":"Florer\u00edas cierran en Reynosa por cobro de piso y amenazas del crimen organizado","og_description":"Florer\u00edas de Reynosa, Tamaulipas, anunciaron a trav\u00e9s de redes sociales la suspensi\u00f3n o cierre definitivo de sus servicios, luego de ser v\u00edctimas de cobro de piso y de la imposici\u00f3n de comprar mercanc\u00eda a grupos del crimen organizado. Negocios como Florer\u00eda Neys, Secret Garden, Florer\u00eda Gallardo, Reysol y Globopolls Reynosa, entre otros, informaron a sus [&hellip;]","og_url":"https:\/\/expresorgv.online\/home\/blog\/2026\/09\/04\/florerias-cierran-en-reynosa-por-cobro-de-piso-y-amenazas-del-crimen-organizado\/","article_published_time":"2026-09-04T05:04:20+00:00","article_modified_time":"2026-09-04T05:04:21+00:00","og_image":[{"width":540,"height":300,"url":"https:\/\/expresorgv.online\/home\/wp-content\/uploads\/2026\/09\/04092026Floreria.png","type":"image\/png"}],"author":"expreso","twitter_card":"summary_large_image","twitter_misc":{"Escrito por":"expreso","Tiempo de lectura":"3 minutos"},"schema":{"@context":"https:\/\/schema.org","@graph":[{"@type":"Article","@id":"https:\/\/expresorgv.online\/home\/blog\/2026\/09\/04\/florerias-cierran-en-reynosa-por-cobro-de-piso-y-amenazas-del-crimen-organizado\/#article","isPartOf":{"@id":"https:\/\/expresorgv.online\/home\/blog\/2026\/09\/04\/florerias-cierran-en-reynosa-por-cobro-de-piso-y-amenazas-del-crimen-organizado\/"},"author":{"name":"expreso","@id":"https:\/\/expresorgv.online\/home\/#\/schema\/person\/ae1ed1a575540204b5f59dca7f91f6a2"},"headline":"Florer\u00edas cierran en Reynosa por cobro de piso y amenazas del crimen organizado","datePublished":"2026-09-04T05:04:20+00:00","dateModified":"2026-09-04T05:04:21+00:00","mainEntityOfPage":{"@id":"https:\/\/expresorgv.online\/home\/blog\/2026\/09\/04\/florerias-cierran-en-reynosa-por-cobro-de-piso-y-amenazas-del-crimen-organizado\/"},"wordCount":484,"commentCount":0,"image":{"@id":"https:\/\/expresorgv.online\/home\/blog\/2026\/09\/04\/florerias-cierran-en-reynosa-por-cobro-de-piso-y-amenazas-del-crimen-organizado\/#primaryimage"},"thumbnailUrl":"https:\/\/i0.wp.com\/expresorgv.online\/home\/wp-content\/uploads\/2026\/09\/04092026Floreria.png?fit=540%2C300&ssl=1","articleSection":["REYNOSA"],"inLanguage":"es","potentialAction":[{"@type":"CommentAction","name":"Comment","target":["https:\/\/expresorgv.online\/home\/blog\/2026\/09\/04\/florerias-cierran-en-reynosa-por-cobro-de-piso-y-amenazas-del-crimen-organizado\/#respond"]}]},{"@type":"WebPage","@id":"https:\/\/expresorgv.online\/home\/blog\/2026\/09\/04\/florerias-cierran-en-reynosa-por-cobro-de-piso-y-amenazas-del-crimen-organizado\/","url":"https:\/\/expresorgv.online\/home\/blog\/2026\/09\/04\/florerias-cierran-en-reynosa-por-cobro-de-piso-y-amenazas-del-crimen-organizado\/","name":"Florer\u00edas cierran en Reynosa por cobro de piso y amenazas del crimen organizado -","isPartOf":{"@id":"https:\/\/expresorgv.online\/home\/#website"},"primaryImageOfPage":{"@id":"https:\/\/expresorgv.online\/home\/blog\/2026\/09\/04\/florerias-cierran-en-reynosa-por-cobro-de-piso-y-amenazas-del-crimen-organizado\/#primaryimage"},"image":{"@id":"https:\/\/expresorgv.online\/home\/blog\/2026\/09\/04\/florerias-cierran-en-reynosa-por-cobro-de-piso-y-amenazas-del-crimen-organizado\/#primaryimage"},"thumbnailUrl":"https:\/\/i0.wp.com\/expresorgv.online\/home\/wp-content\/uploads\/2026\/09\/04092026Floreria.png?fit=540%2C300&ssl=1","datePublished":"2026-09-04T05:04:20+00:00","dateModified":"2026-09-04T05:04:21+00:00","author":{"@id":"https:\/\/expresorgv.online\/home\/#\/schema\/person\/ae1ed1a575540204b5f59dca7f91f6a2"},"breadcrumb":{"@id":"https:\/\/expresorgv.online\/home\/blog\/2026\/09\/04\/florerias-cierran-en-reynosa-por-cobro-de-piso-y-amenazas-del-crimen-organizado\/#breadcrumb"},"inLanguage":"es","potentialAction":[{"@type":"ReadAction","target":["https:\/\/expresorgv.online\/home\/blog\/2026\/09\/04\/florerias-cierran-en-reynosa-por-cobro-de-piso-y-amenazas-del-crimen-organizado\/"]}]},{"@type":"ImageObject","inLanguage":"es","@id":"https:\/\/expresorgv.online\/home\/blog\/2026\/09\/04\/florerias-cierran-en-reynosa-por-cobro-de-piso-y-amenazas-del-crimen-organizado\/#primaryimage","url":"https:\/\/i0.wp.com\/expresorgv.online\/home\/wp-content\/uploads\/2026\/09\/04092026Floreria.png?fit=540%2C300&ssl=1","contentUrl":"https:\/\/i0.wp.com\/expresorgv.online\/home\/wp-content\/uploads\/2026\/09\/04092026Floreria.png?fit=540%2C300&ssl=1","width":540,"height":300},{"@type":"BreadcrumbList","@id":"https:\/\/expresorgv.online\/home\/blog\/2026\/09\/04\/florerias-cierran-en-reynosa-por-cobro-de-piso-y-amenazas-del-crimen-organizado\/#breadcrumb","itemListElement":[{"@type":"ListItem","position":1,"name":"Home","item":"https:\/\/expresorgv.online\/home\/"},{"@type":"ListItem","position":2,"name":"Florer\u00edas cierran en Reynosa por cobro de piso y amenazas del crimen organizado"}]},{"@type":"WebSite","@id":"https:\/\/expresorgv.online\/home\/#website","url":"https:\/\/expresorgv.online\/home\/","name":"","description":"","potentialAction":[{"@type":"SearchAction","target":{"@type":"EntryPoint","urlTemplate":"https:\/\/expresorgv.online\/home\/?s={search_term_string}"},"query-input":{"@type":"PropertyValueSpecification","valueRequired":true,"valueName":"search_term_string"}}],"inLanguage":"es"},{"@type":"Person","@id":"https:\/\/expresorgv.online\/home\/#\/schema\/person\/ae1ed1a575540204b5f59dca7f91f6a2","name":"expreso","image":{"@type":"ImageObject","inLanguage":"es","@id":"https:\/\/secure.gravatar.com\/avatar\/88cd9f065dcd1b722cd984aac4181386a800c0bca699eaf07e42dd8f820bddee?s=96&d=mm&r=g","url":"https:\/\/secure.gravatar.com\/avatar\/88cd9f065dcd1b722cd984aac4181386a800c0bca699eaf07e42dd8f820bddee?s=96&d=mm&r=g","contentUrl":"https:\/\/secure.gravatar.com\/avatar\/88cd9f065dcd1b722cd984aac4181386a800c0bca699eaf07e42dd8f820bddee?s=96&d=mm&r=g","caption":"expreso"},"url":"https:\/\/expresorgv.online\/home\/blog\/author\/expreso\/"}]}},"jetpack_featured_media_url":"https:\/\/i0.wp.com\/expresorgv.online\/home\/wp-content\/uploads\/2026\/09\/04092026Floreria.png?fit=540%2C300&ssl=1","_links":{"self":[{"href":"https:\/\/expresorgv.online\/home\/wp-json\/wp\/v2\/posts\/38423","targetHints":{"allow":["GET"]}}],"collection":[{"href":"https:\/\/expresorgv.online\/home\/wp-json\/wp\/v2\/posts"}],"about":[{"href":"https:\/\/expresorgv.online\/home\/wp-json\/wp\/v2\/types\/post"}],"author":[{"embeddable":true,"href":"https:\/\/expresorgv.online\/home\/wp-json\/wp\/v2\/users\/2"}],"replies":[{"embeddable":true,"href":"https:\/\/expresorgv.online\/home\/wp-json\/wp\/v2\/comments?post=38423"}],"version-history":[{"count":1,"href":"https:\/\/expresorgv.online\/home\/wp-json\/wp\/v2\/posts\/38423\/revisions"}],"predecessor-version":[{"id":38424,"href":"https:\/\/expresorgv.online\/home\/wp-json\/wp\/v2\/posts\/38423\/revisions\/38424"}],"wp:featuredmedia":[{"embeddable":true,"href":"https:\/\/expresorgv.online\/home\/wp-json\/wp\/v2\/media\/38412"}],"wp:attachment":[{"href":"https:\/\/expresorgv.online\/home\/wp-json\/wp\/v2\/media?parent=38423"}],"wp:term":[{"taxonomy":"category","embeddable":true,"href":"https:\/\/expresorgv.online\/home\/wp-json\/wp\/v2\/categories?post=38423"},{"taxonomy":"post_tag","embeddable":true,"href":"https:\/\/expresorgv.online\/home\/wp-json\/wp\/v2\/tags?post=38423"}],"curies":[{"name":"wp","href":"https:\/\/api.w.org\/{rel}","templated":true}]}}