{"id":38406,"date":"2026-09-03T05:21:37","date_gmt":"2026-09-03T05:21:37","guid":{"rendered":"https:\/\/expresorgv.online\/home\/?p=38406"},"modified":"2026-09-03T05:21:38","modified_gmt":"2026-09-03T05:21:38","slug":"exportacion-de-ganado-a-ee-uu-se-reanudara-el-8-de-septiembre-anuncia-la-ugrs","status":"publish","type":"post","link":"https:\/\/expresorgv.online\/home\/blog\/2026\/09\/03\/exportacion-de-ganado-a-ee-uu-se-reanudara-el-8-de-septiembre-anuncia-la-ugrs\/","title":{"rendered":"Exportaci\u00f3n de ganado a EE.UU. se reanudar\u00e1 el 8 de septiembre, anuncia la UGRS"},"content":{"rendered":"\n<p class=\"wp-block-paragraph\">La Uni\u00f3n Ganadera Regional de Sonora (UGRS) inform\u00f3 el martes que la <strong>exportaci\u00f3n de ganado a Estados Unidos<\/strong> por la estaci\u00f3n cuarentenaria de Agua Prieta se<strong> reanudar\u00e1 el martes 8 de septiembre,<\/strong> luego de la suspensi\u00f3n temporal de actividades por <strong>anomal\u00edas detectadas en el chute de inspecci\u00f3n<\/strong> utilizado por personal del Departamento de Agricultura estadounidense (USDA), las cuales representaban un riesgo tanto para los trabajadores como para los animales.<\/p>\n\n\n\n<p class=\"wp-block-paragraph\">De acuerdo con la organizaci\u00f3n, el equipo present\u00f3 las anomal\u00edas<strong> el pasado viernes 28 de agosto, por lo que se determin\u00f3<\/strong> detener las operaciones hasta sustituirlo y garantizar las condiciones de seguridad necesarias para reanudar el proceso de exportaci\u00f3n, esperado por los ganaderos sonorenses.<\/p>\n\n\n\n<p class=\"wp-block-paragraph\">La UGRS se\u00f1al\u00f3 que el responsable de la obra estima que <strong>ser\u00e1n necesarios entre tres y cuatro d\u00edas<\/strong> para el fraguado de los pisos y la instalaci\u00f3n del nuevo chute de inspecci\u00f3n.<\/p>\n\n\n\n<p class=\"wp-block-paragraph\">A ello se suma que <strong>el lunes 7 de septiembre ser\u00e1 d\u00eda feriado en Estados Unidos<\/strong> por la celebraci\u00f3n de Labor Day, por lo que la organizaci\u00f3n prev\u00e9 que las operaciones se reanuden el pr\u00f3ximo martes.<\/p>\n\n\n\n<p class=\"wp-block-paragraph\">La Uni\u00f3n Ganadera indic\u00f3 que, una vez restablecido el servicio,<strong> se retomar\u00e1 la programaci\u00f3n de citas<\/strong> que hab\u00eda sido establecida antes de la suspensi\u00f3n de actividades.<\/p>\n\n\n\n<p class=\"wp-block-paragraph\">Ante esta situaci\u00f3n, la UGRS destac\u00f3 que continuar\u00e1 realizando gestiones para que tambi\u00e9n<strong> se considere la apertura de la estaci\u00f3n cuarentenaria de Nogales<\/strong>, cuyas instalaciones, asegur\u00f3, cuentan con la infraestructura necesaria para llevar a cabo el protocolo de recepci\u00f3n y preinspecci\u00f3n del ganado.<\/p>\n\n\n\n<p class=\"wp-block-paragraph\">La organizaci\u00f3n consider\u00f3 que la situaci\u00f3n refuerza la necesidad de contar con esa alternativa para el proceso de exportaci\u00f3n y destac\u00f3 que las instalaciones de Nogales est\u00e1n<strong> preparadas para atender los requerimientos correspondientes.<\/strong><\/p>\n\n\n\n<p class=\"wp-block-paragraph\">En el comunicado, firmado por Juan Carlos Ochoa Valenzuela, presidente de la Uni\u00f3n Ganadera Regional de Sonora, la organizaci\u00f3n <strong>agradeci\u00f3 la comprensi\u00f3n de los productores<\/strong> y dem\u00e1s personas interesadas en el proceso.<\/p>\n\n\n\n<p class=\"wp-block-paragraph\">\u201cEstamos tomando <strong>decisiones concluyentes<\/strong> para resolver este reto t\u00e9cnico de ra\u00edz y asegurar que el esfuerzo de nuestra gente no se detenga\u201d, se\u00f1al\u00f3 la UGRS.<\/p>\n\n\n\n<p class=\"wp-block-paragraph\">La organizaci\u00f3n agreg\u00f3 que mantendr\u00e1 informados a los productores sobre los avances relacionados con la sustituci\u00f3n del equipo y la <strong>reanudaci\u00f3n de las operaciones en la estaci\u00f3n cuarentenaria de Agua Prieta.<\/strong><\/p>\n","protected":false},"excerpt":{"rendered":"<p>La Uni\u00f3n Ganadera Regional de Sonora (UGRS) inform\u00f3 el martes que la exportaci\u00f3n de ganado a Estados Unidos por la estaci\u00f3n cuarentenaria de Agua Prieta se reanudar\u00e1 el martes 8 de septiembre, luego de la suspensi\u00f3n temporal de actividades por anomal\u00edas detectadas en el chute de inspecci\u00f3n utilizado por personal del Departamento de Agricultura estadounidense [&hellip;]<\/p>\n","protected":false},"author":2,"featured_media":38331,"comment_status":"open","ping_status":"open","sticky":false,"template":"","format":"standard","meta":{"footnotes":""},"categories":[7],"tags":[],"class_list":["post-38406","post","type-post","status-publish","format-standard","has-post-thumbnail","hentry","category-internacional"],"yoast_head":"<!-- This site is optimized with the Yoast SEO plugin v27.2 - https:\/\/yoast.com\/product\/yoast-seo-wordpress\/ -->\n<title>Exportaci\u00f3n de ganado a EE.UU. se reanudar\u00e1 el 8 de septiembre, anuncia la UGRS -<\/title>\n<meta name=\"robots\" content=\"index, follow, max-snippet:-1, max-image-preview:large, max-video-preview:-1\" \/>\n<link rel=\"canonical\" href=\"https:\/\/expresorgv.online\/home\/blog\/2026\/09\/03\/exportacion-de-ganado-a-ee-uu-se-reanudara-el-8-de-septiembre-anuncia-la-ugrs\/\" \/>\n<meta property=\"og:locale\" content=\"es_ES\" \/>\n<meta property=\"og:type\" content=\"article\" \/>\n<meta property=\"og:title\" content=\"Exportaci\u00f3n de ganado a EE.UU. se reanudar\u00e1 el 8 de septiembre, anuncia la UGRS\" \/>\n<meta property=\"og:description\" content=\"La Uni\u00f3n Ganadera Regional de Sonora (UGRS) inform\u00f3 el martes que la exportaci\u00f3n de ganado a Estados Unidos por la estaci\u00f3n cuarentenaria de Agua Prieta se reanudar\u00e1 el martes 8 de septiembre, luego de la suspensi\u00f3n temporal de actividades por anomal\u00edas detectadas en el chute de inspecci\u00f3n utilizado por personal del Departamento de Agricultura estadounidense [&hellip;]\" \/>\n<meta property=\"og:url\" content=\"https:\/\/expresorgv.online\/home\/blog\/2026\/09\/03\/exportacion-de-ganado-a-ee-uu-se-reanudara-el-8-de-septiembre-anuncia-la-ugrs\/\" \/>\n<meta property=\"article:published_time\" content=\"2026-09-03T05:21:37+00:00\" \/>\n<meta property=\"article:modified_time\" content=\"2026-09-03T05:21:38+00:00\" \/>\n<meta property=\"og:image\" content=\"https:\/\/expresorgv.online\/home\/wp-content\/uploads\/2026\/09\/01092026Ganado.png\" \/>\n\t<meta property=\"og:image:width\" content=\"540\" \/>\n\t<meta property=\"og:image:height\" content=\"300\" \/>\n\t<meta property=\"og:image:type\" content=\"image\/png\" \/>\n<meta name=\"author\" content=\"expreso\" \/>\n<meta name=\"twitter:card\" content=\"summary_large_image\" \/>\n<meta name=\"twitter:label1\" content=\"Escrito por\" \/>\n\t<meta name=\"twitter:data1\" content=\"expreso\" \/>\n\t<meta name=\"twitter:label2\" content=\"Tiempo de lectura\" \/>\n\t<meta name=\"twitter:data2\" content=\"2 minutos\" \/>\n<script type=\"application\/ld+json\" class=\"yoast-schema-graph\">{\"@context\":\"https:\/\/schema.org\",\"@graph\":[{\"@type\":\"Article\",\"@id\":\"https:\/\/expresorgv.online\/home\/blog\/2026\/09\/03\/exportacion-de-ganado-a-ee-uu-se-reanudara-el-8-de-septiembre-anuncia-la-ugrs\/#article\",\"isPartOf\":{\"@id\":\"https:\/\/expresorgv.online\/home\/blog\/2026\/09\/03\/exportacion-de-ganado-a-ee-uu-se-reanudara-el-8-de-septiembre-anuncia-la-ugrs\/\"},\"author\":{\"name\":\"expreso\",\"@id\":\"https:\/\/expresorgv.online\/home\/#\/schema\/person\/ae1ed1a575540204b5f59dca7f91f6a2\"},\"headline\":\"Exportaci\u00f3n de ganado a EE.UU. se reanudar\u00e1 el 8 de septiembre, anuncia la UGRS\",\"datePublished\":\"2026-09-03T05:21:37+00:00\",\"dateModified\":\"2026-09-03T05:21:38+00:00\",\"mainEntityOfPage\":{\"@id\":\"https:\/\/expresorgv.online\/home\/blog\/2026\/09\/03\/exportacion-de-ganado-a-ee-uu-se-reanudara-el-8-de-septiembre-anuncia-la-ugrs\/\"},\"wordCount\":425,\"commentCount\":0,\"image\":{\"@id\":\"https:\/\/expresorgv.online\/home\/blog\/2026\/09\/03\/exportacion-de-ganado-a-ee-uu-se-reanudara-el-8-de-septiembre-anuncia-la-ugrs\/#primaryimage\"},\"thumbnailUrl\":\"https:\/\/i0.wp.com\/expresorgv.online\/home\/wp-content\/uploads\/2026\/09\/01092026Ganado.png?fit=540%2C300&ssl=1\",\"articleSection\":[\"INTERNACIONAL\"],\"inLanguage\":\"es\",\"potentialAction\":[{\"@type\":\"CommentAction\",\"name\":\"Comment\",\"target\":[\"https:\/\/expresorgv.online\/home\/blog\/2026\/09\/03\/exportacion-de-ganado-a-ee-uu-se-reanudara-el-8-de-septiembre-anuncia-la-ugrs\/#respond\"]}]},{\"@type\":\"WebPage\",\"@id\":\"https:\/\/expresorgv.online\/home\/blog\/2026\/09\/03\/exportacion-de-ganado-a-ee-uu-se-reanudara-el-8-de-septiembre-anuncia-la-ugrs\/\",\"url\":\"https:\/\/expresorgv.online\/home\/blog\/2026\/09\/03\/exportacion-de-ganado-a-ee-uu-se-reanudara-el-8-de-septiembre-anuncia-la-ugrs\/\",\"name\":\"Exportaci\u00f3n de ganado a EE.UU. se reanudar\u00e1 el 8 de septiembre, anuncia la UGRS -\",\"isPartOf\":{\"@id\":\"https:\/\/expresorgv.online\/home\/#website\"},\"primaryImageOfPage\":{\"@id\":\"https:\/\/expresorgv.online\/home\/blog\/2026\/09\/03\/exportacion-de-ganado-a-ee-uu-se-reanudara-el-8-de-septiembre-anuncia-la-ugrs\/#primaryimage\"},\"image\":{\"@id\":\"https:\/\/expresorgv.online\/home\/blog\/2026\/09\/03\/exportacion-de-ganado-a-ee-uu-se-reanudara-el-8-de-septiembre-anuncia-la-ugrs\/#primaryimage\"},\"thumbnailUrl\":\"https:\/\/i0.wp.com\/expresorgv.online\/home\/wp-content\/uploads\/2026\/09\/01092026Ganado.png?fit=540%2C300&ssl=1\",\"datePublished\":\"2026-09-03T05:21:37+00:00\",\"dateModified\":\"2026-09-03T05:21:38+00:00\",\"author\":{\"@id\":\"https:\/\/expresorgv.online\/home\/#\/schema\/person\/ae1ed1a575540204b5f59dca7f91f6a2\"},\"breadcrumb\":{\"@id\":\"https:\/\/expresorgv.online\/home\/blog\/2026\/09\/03\/exportacion-de-ganado-a-ee-uu-se-reanudara-el-8-de-septiembre-anuncia-la-ugrs\/#breadcrumb\"},\"inLanguage\":\"es\",\"potentialAction\":[{\"@type\":\"ReadAction\",\"target\":[\"https:\/\/expresorgv.online\/home\/blog\/2026\/09\/03\/exportacion-de-ganado-a-ee-uu-se-reanudara-el-8-de-septiembre-anuncia-la-ugrs\/\"]}]},{\"@type\":\"ImageObject\",\"inLanguage\":\"es\",\"@id\":\"https:\/\/expresorgv.online\/home\/blog\/2026\/09\/03\/exportacion-de-ganado-a-ee-uu-se-reanudara-el-8-de-septiembre-anuncia-la-ugrs\/#primaryimage\",\"url\":\"https:\/\/i0.wp.com\/expresorgv.online\/home\/wp-content\/uploads\/2026\/09\/01092026Ganado.png?fit=540%2C300&ssl=1\",\"contentUrl\":\"https:\/\/i0.wp.com\/expresorgv.online\/home\/wp-content\/uploads\/2026\/09\/01092026Ganado.png?fit=540%2C300&ssl=1\",\"width\":540,\"height\":300},{\"@type\":\"BreadcrumbList\",\"@id\":\"https:\/\/expresorgv.online\/home\/blog\/2026\/09\/03\/exportacion-de-ganado-a-ee-uu-se-reanudara-el-8-de-septiembre-anuncia-la-ugrs\/#breadcrumb\",\"itemListElement\":[{\"@type\":\"ListItem\",\"position\":1,\"name\":\"Home\",\"item\":\"https:\/\/expresorgv.online\/home\/\"},{\"@type\":\"ListItem\",\"position\":2,\"name\":\"Exportaci\u00f3n de ganado a EE.UU. se reanudar\u00e1 el 8 de septiembre, anuncia la UGRS\"}]},{\"@type\":\"WebSite\",\"@id\":\"https:\/\/expresorgv.online\/home\/#website\",\"url\":\"https:\/\/expresorgv.online\/home\/\",\"name\":\"\",\"description\":\"\",\"potentialAction\":[{\"@type\":\"SearchAction\",\"target\":{\"@type\":\"EntryPoint\",\"urlTemplate\":\"https:\/\/expresorgv.online\/home\/?s={search_term_string}\"},\"query-input\":{\"@type\":\"PropertyValueSpecification\",\"valueRequired\":true,\"valueName\":\"search_term_string\"}}],\"inLanguage\":\"es\"},{\"@type\":\"Person\",\"@id\":\"https:\/\/expresorgv.online\/home\/#\/schema\/person\/ae1ed1a575540204b5f59dca7f91f6a2\",\"name\":\"expreso\",\"image\":{\"@type\":\"ImageObject\",\"inLanguage\":\"es\",\"@id\":\"https:\/\/secure.gravatar.com\/avatar\/88cd9f065dcd1b722cd984aac4181386a800c0bca699eaf07e42dd8f820bddee?s=96&d=mm&r=g\",\"url\":\"https:\/\/secure.gravatar.com\/avatar\/88cd9f065dcd1b722cd984aac4181386a800c0bca699eaf07e42dd8f820bddee?s=96&d=mm&r=g\",\"contentUrl\":\"https:\/\/secure.gravatar.com\/avatar\/88cd9f065dcd1b722cd984aac4181386a800c0bca699eaf07e42dd8f820bddee?s=96&d=mm&r=g\",\"caption\":\"expreso\"},\"url\":\"https:\/\/expresorgv.online\/home\/blog\/author\/expreso\/\"}]}<\/script>\n<!-- \/ Yoast SEO plugin. -->","yoast_head_json":{"title":"Exportaci\u00f3n de ganado a EE.UU. se reanudar\u00e1 el 8 de septiembre, anuncia la UGRS -","robots":{"index":"index","follow":"follow","max-snippet":"max-snippet:-1","max-image-preview":"max-image-preview:large","max-video-preview":"max-video-preview:-1"},"canonical":"https:\/\/expresorgv.online\/home\/blog\/2026\/09\/03\/exportacion-de-ganado-a-ee-uu-se-reanudara-el-8-de-septiembre-anuncia-la-ugrs\/","og_locale":"es_ES","og_type":"article","og_title":"Exportaci\u00f3n de ganado a EE.UU. se reanudar\u00e1 el 8 de septiembre, anuncia la UGRS","og_description":"La Uni\u00f3n Ganadera Regional de Sonora (UGRS) inform\u00f3 el martes que la exportaci\u00f3n de ganado a Estados Unidos por la estaci\u00f3n cuarentenaria de Agua Prieta se reanudar\u00e1 el martes 8 de septiembre, luego de la suspensi\u00f3n temporal de actividades por anomal\u00edas detectadas en el chute de inspecci\u00f3n utilizado por personal del Departamento de Agricultura estadounidense [&hellip;]","og_url":"https:\/\/expresorgv.online\/home\/blog\/2026\/09\/03\/exportacion-de-ganado-a-ee-uu-se-reanudara-el-8-de-septiembre-anuncia-la-ugrs\/","article_published_time":"2026-09-03T05:21:37+00:00","article_modified_time":"2026-09-03T05:21:38+00:00","og_image":[{"width":540,"height":300,"url":"https:\/\/expresorgv.online\/home\/wp-content\/uploads\/2026\/09\/01092026Ganado.png","type":"image\/png"}],"author":"expreso","twitter_card":"summary_large_image","twitter_misc":{"Escrito por":"expreso","Tiempo de lectura":"2 minutos"},"schema":{"@context":"https:\/\/schema.org","@graph":[{"@type":"Article","@id":"https:\/\/expresorgv.online\/home\/blog\/2026\/09\/03\/exportacion-de-ganado-a-ee-uu-se-reanudara-el-8-de-septiembre-anuncia-la-ugrs\/#article","isPartOf":{"@id":"https:\/\/expresorgv.online\/home\/blog\/2026\/09\/03\/exportacion-de-ganado-a-ee-uu-se-reanudara-el-8-de-septiembre-anuncia-la-ugrs\/"},"author":{"name":"expreso","@id":"https:\/\/expresorgv.online\/home\/#\/schema\/person\/ae1ed1a575540204b5f59dca7f91f6a2"},"headline":"Exportaci\u00f3n de ganado a EE.UU. se reanudar\u00e1 el 8 de septiembre, anuncia la UGRS","datePublished":"2026-09-03T05:21:37+00:00","dateModified":"2026-09-03T05:21:38+00:00","mainEntityOfPage":{"@id":"https:\/\/expresorgv.online\/home\/blog\/2026\/09\/03\/exportacion-de-ganado-a-ee-uu-se-reanudara-el-8-de-septiembre-anuncia-la-ugrs\/"},"wordCount":425,"commentCount":0,"image":{"@id":"https:\/\/expresorgv.online\/home\/blog\/2026\/09\/03\/exportacion-de-ganado-a-ee-uu-se-reanudara-el-8-de-septiembre-anuncia-la-ugrs\/#primaryimage"},"thumbnailUrl":"https:\/\/i0.wp.com\/expresorgv.online\/home\/wp-content\/uploads\/2026\/09\/01092026Ganado.png?fit=540%2C300&ssl=1","articleSection":["INTERNACIONAL"],"inLanguage":"es","potentialAction":[{"@type":"CommentAction","name":"Comment","target":["https:\/\/expresorgv.online\/home\/blog\/2026\/09\/03\/exportacion-de-ganado-a-ee-uu-se-reanudara-el-8-de-septiembre-anuncia-la-ugrs\/#respond"]}]},{"@type":"WebPage","@id":"https:\/\/expresorgv.online\/home\/blog\/2026\/09\/03\/exportacion-de-ganado-a-ee-uu-se-reanudara-el-8-de-septiembre-anuncia-la-ugrs\/","url":"https:\/\/expresorgv.online\/home\/blog\/2026\/09\/03\/exportacion-de-ganado-a-ee-uu-se-reanudara-el-8-de-septiembre-anuncia-la-ugrs\/","name":"Exportaci\u00f3n de ganado a EE.UU. se reanudar\u00e1 el 8 de septiembre, anuncia la UGRS -","isPartOf":{"@id":"https:\/\/expresorgv.online\/home\/#website"},"primaryImageOfPage":{"@id":"https:\/\/expresorgv.online\/home\/blog\/2026\/09\/03\/exportacion-de-ganado-a-ee-uu-se-reanudara-el-8-de-septiembre-anuncia-la-ugrs\/#primaryimage"},"image":{"@id":"https:\/\/expresorgv.online\/home\/blog\/2026\/09\/03\/exportacion-de-ganado-a-ee-uu-se-reanudara-el-8-de-septiembre-anuncia-la-ugrs\/#primaryimage"},"thumbnailUrl":"https:\/\/i0.wp.com\/expresorgv.online\/home\/wp-content\/uploads\/2026\/09\/01092026Ganado.png?fit=540%2C300&ssl=1","datePublished":"2026-09-03T05:21:37+00:00","dateModified":"2026-09-03T05:21:38+00:00","author":{"@id":"https:\/\/expresorgv.online\/home\/#\/schema\/person\/ae1ed1a575540204b5f59dca7f91f6a2"},"breadcrumb":{"@id":"https:\/\/expresorgv.online\/home\/blog\/2026\/09\/03\/exportacion-de-ganado-a-ee-uu-se-reanudara-el-8-de-septiembre-anuncia-la-ugrs\/#breadcrumb"},"inLanguage":"es","potentialAction":[{"@type":"ReadAction","target":["https:\/\/expresorgv.online\/home\/blog\/2026\/09\/03\/exportacion-de-ganado-a-ee-uu-se-reanudara-el-8-de-septiembre-anuncia-la-ugrs\/"]}]},{"@type":"ImageObject","inLanguage":"es","@id":"https:\/\/expresorgv.online\/home\/blog\/2026\/09\/03\/exportacion-de-ganado-a-ee-uu-se-reanudara-el-8-de-septiembre-anuncia-la-ugrs\/#primaryimage","url":"https:\/\/i0.wp.com\/expresorgv.online\/home\/wp-content\/uploads\/2026\/09\/01092026Ganado.png?fit=540%2C300&ssl=1","contentUrl":"https:\/\/i0.wp.com\/expresorgv.online\/home\/wp-content\/uploads\/2026\/09\/01092026Ganado.png?fit=540%2C300&ssl=1","width":540,"height":300},{"@type":"BreadcrumbList","@id":"https:\/\/expresorgv.online\/home\/blog\/2026\/09\/03\/exportacion-de-ganado-a-ee-uu-se-reanudara-el-8-de-septiembre-anuncia-la-ugrs\/#breadcrumb","itemListElement":[{"@type":"ListItem","position":1,"name":"Home","item":"https:\/\/expresorgv.online\/home\/"},{"@type":"ListItem","position":2,"name":"Exportaci\u00f3n de ganado a EE.UU. se reanudar\u00e1 el 8 de septiembre, anuncia la UGRS"}]},{"@type":"WebSite","@id":"https:\/\/expresorgv.online\/home\/#website","url":"https:\/\/expresorgv.online\/home\/","name":"","description":"","potentialAction":[{"@type":"SearchAction","target":{"@type":"EntryPoint","urlTemplate":"https:\/\/expresorgv.online\/home\/?s={search_term_string}"},"query-input":{"@type":"PropertyValueSpecification","valueRequired":true,"valueName":"search_term_string"}}],"inLanguage":"es"},{"@type":"Person","@id":"https:\/\/expresorgv.online\/home\/#\/schema\/person\/ae1ed1a575540204b5f59dca7f91f6a2","name":"expreso","image":{"@type":"ImageObject","inLanguage":"es","@id":"https:\/\/secure.gravatar.com\/avatar\/88cd9f065dcd1b722cd984aac4181386a800c0bca699eaf07e42dd8f820bddee?s=96&d=mm&r=g","url":"https:\/\/secure.gravatar.com\/avatar\/88cd9f065dcd1b722cd984aac4181386a800c0bca699eaf07e42dd8f820bddee?s=96&d=mm&r=g","contentUrl":"https:\/\/secure.gravatar.com\/avatar\/88cd9f065dcd1b722cd984aac4181386a800c0bca699eaf07e42dd8f820bddee?s=96&d=mm&r=g","caption":"expreso"},"url":"https:\/\/expresorgv.online\/home\/blog\/author\/expreso\/"}]}},"jetpack_featured_media_url":"https:\/\/i0.wp.com\/expresorgv.online\/home\/wp-content\/uploads\/2026\/09\/01092026Ganado.png?fit=540%2C300&ssl=1","_links":{"self":[{"href":"https:\/\/expresorgv.online\/home\/wp-json\/wp\/v2\/posts\/38406","targetHints":{"allow":["GET"]}}],"collection":[{"href":"https:\/\/expresorgv.online\/home\/wp-json\/wp\/v2\/posts"}],"about":[{"href":"https:\/\/expresorgv.online\/home\/wp-json\/wp\/v2\/types\/post"}],"author":[{"embeddable":true,"href":"https:\/\/expresorgv.online\/home\/wp-json\/wp\/v2\/users\/2"}],"replies":[{"embeddable":true,"href":"https:\/\/expresorgv.online\/home\/wp-json\/wp\/v2\/comments?post=38406"}],"version-history":[{"count":1,"href":"https:\/\/expresorgv.online\/home\/wp-json\/wp\/v2\/posts\/38406\/revisions"}],"predecessor-version":[{"id":38407,"href":"https:\/\/expresorgv.online\/home\/wp-json\/wp\/v2\/posts\/38406\/revisions\/38407"}],"wp:featuredmedia":[{"embeddable":true,"href":"https:\/\/expresorgv.online\/home\/wp-json\/wp\/v2\/media\/38331"}],"wp:attachment":[{"href":"https:\/\/expresorgv.online\/home\/wp-json\/wp\/v2\/media?parent=38406"}],"wp:term":[{"taxonomy":"category","embeddable":true,"href":"https:\/\/expresorgv.online\/home\/wp-json\/wp\/v2\/categories?post=38406"},{"taxonomy":"post_tag","embeddable":true,"href":"https:\/\/expresorgv.online\/home\/wp-json\/wp\/v2\/tags?post=38406"}],"curies":[{"name":"wp","href":"https:\/\/api.w.org\/{rel}","templated":true}]}}