{"id":38404,"date":"2026-09-03T05:20:37","date_gmt":"2026-09-03T05:20:37","guid":{"rendered":"https:\/\/expresorgv.online\/home\/?p=38404"},"modified":"2026-09-03T05:20:38","modified_gmt":"2026-09-03T05:20:38","slug":"era-tranquilo-y-agradable-vecinos-hablan-del-asesinato-de-jonathan-melendez","status":"publish","type":"post","link":"https:\/\/expresorgv.online\/home\/blog\/2026\/09\/03\/era-tranquilo-y-agradable-vecinos-hablan-del-asesinato-de-jonathan-melendez\/","title":{"rendered":"\u00abEra tranquilo y agradable\u00bb: vecinos hablan del asesinato de Jonathan Mel\u00e9ndez"},"content":{"rendered":"\n<p class=\"wp-block-paragraph\">El <strong>asesinato <\/strong>de <strong>Jonathan Mel\u00e9ndez, tecladista y cofundador de Camilo S\u00e9ptimo<\/strong>, sigue generando preguntas. El m\u00fasico, su esposa embarazada, su hija de tres a\u00f1os y una joven que trabajaba con la familia fueron encontrados sin vida dentro de un departamento ubicado en el fraccionamiento Gran Viure, en la zona Esmeralda de Atizap\u00e1n de Zaragoza, Estado de M\u00e9xico.<\/p>\n\n\n\n<p class=\"wp-block-paragraph\">Mientras las autoridades contin\u00faan con las investigaciones, <strong>vecinos <\/strong>del lugar han comenzado a contar c\u00f3mo era la vida de la familia antes del multihomicidio. Uno de ellos record\u00f3 a <strong>Jonathan <\/strong>como una persona<strong> tranquila, agradable <\/strong>y poco dada a llamar la atenci\u00f3n.<\/p>\n\n\n\n<h2 class=\"wp-block-heading\"><em>Cada quien vive en su <\/em>mundo<\/h2>\n\n\n\n<p class=\"wp-block-paragraph\"><strong>Juan Carlos,<\/strong> <strong>vecino <\/strong>del fraccionamiento Gran Viure, explic\u00f3 que <strong>Jonathan <\/strong>y su familia llevaban poco tiempo viviendo en el lugar y que, debido a la din\u00e1mica del conjunto residencial, no exist\u00eda una relaci\u00f3n cercana entre todos los habitantes.<\/p>\n\n\n\n<h3 class=\"wp-block-heading\">Cada quien vive en su mundo, relat\u00f3 al hablar sobre la convivencia entre vecinos. Aun as\u00ed, record\u00f3 haber visto en algunas ocasiones al m\u00fasico junto a su familia.<\/h3>\n\n\n\n<p class=\"wp-block-paragraph\">Dijo que <strong>Jonathan <\/strong>le parec\u00eda un vecino agradable y que sol\u00eda pasar tiempo con sus hijos y su esposa. Tambi\u00e9n record\u00f3 que ella estaba embarazada.<\/p>\n\n\n\n<h3 class=\"wp-block-heading\">Era un vecino agradable, se la pasaba con sus hijos, su esposa, coment\u00f3.<\/h3>\n\n\n\n<p class=\"wp-block-paragraph\">La descripci\u00f3n contrasta con la violencia con la que ocurri\u00f3 el crimen. De acuerdo con los reportes citados de la Fiscal\u00eda General de Justicia del Estado de M\u00e9xico, las v\u00edctimas fueron localizadas dentro de las habitaciones del departamento.<\/p>\n\n\n\n<p class=\"wp-block-paragraph\"><strong>Jonathan<\/strong>, de 38 a\u00f1os, y su esposa, de 35, estaban maniatados. La mujer ten\u00eda aproximadamente cuatro meses de embarazo. Su hija, de tres a\u00f1os, tambi\u00e9n fue encontrada sin vida. Una joven de 21 a\u00f1os, quien aparentemente trabajaba con la pareja, muri\u00f3 tras recibir un disparo por la espalda.<\/p>\n\n\n\n<p class=\"wp-block-paragraph\">Adem\u00e1s, un perro de la familia fue asesinado. En el lugar tambi\u00e9n se encontraba un menor de seis a\u00f1os, quien fue localizado con vida y sin lesiones.<\/p>\n\n\n\n<h2 class=\"wp-block-heading\">El sospechoso fue captado por una c\u00e1mara<\/h2>\n\n\n\n<p class=\"wp-block-paragraph\">Uno de los elementos que forman parte de la investigaci\u00f3n es un video de las c\u00e1maras de seguridad del fraccionamiento.<\/p>\n\n\n\n<p class=\"wp-block-paragraph\">En las im\u00e1genes,&nbsp;aparece Diego Sebasti\u00e1n \u00abN\u00bb, se\u00f1alado como presunto socio de <strong>Jonathan Mel\u00e9ndez<\/strong>, mientras se encontraba dentro del elevador de la torre donde viv\u00eda el m\u00fasico.<\/p>\n\n\n\n<p class=\"wp-block-paragraph\">El registro corresponde aproximadamente a las <strong>17:25 horas<\/strong>. En el <strong>video<\/strong>, el hombre aparentemente observa hacia distintos puntos del elevador, como si buscara alguna c\u00e1mara, antes de dirigirse hacia el penthouse de <strong>Jonathan<\/strong>.<\/p>\n\n\n\n<p class=\"wp-block-paragraph\">La grabaci\u00f3n habr\u00eda permitido identificar su rostro y se convirti\u00f3 en uno de los elementos considerados por las autoridades dentro de las indagatorias.<\/p>\n\n\n\n<p class=\"wp-block-paragraph\">Horas despu\u00e9s, un amigo del m\u00fasico pidi\u00f3 apoyo a la polic\u00eda de Atizap\u00e1n. Seg\u00fan los reportes, <strong>Jonathan <\/strong>le habr\u00eda solicitado previamente estar pendiente de \u00e9l y de su familia debido a que tendr\u00eda una reuni\u00f3n.<\/p>\n\n\n\n<p class=\"wp-block-paragraph\">Fue entonces cuando las autoridades llegaron al inmueble y descubrieron la escena del crimen.<\/p>\n\n\n\n<h2 class=\"wp-block-heading\">Vecinos cuestionan la seguridad del fraccionamiento<\/h2>\n\n\n\n<p class=\"wp-block-paragraph\">El caso tambi\u00e9n provoc\u00f3 preocupaci\u00f3n entre quienes viven en Gran Viure. Juan Carlos reconoci\u00f3 que ahora existe temor entre algunos residentes, principalmente porque se trata de un fraccionamiento privado que cuenta con vigilancia y c\u00e1maras de seguridad.<\/p>\n\n\n\n<h3 class=\"wp-block-heading\">Me siento un poquito ciscado, dijo el vecino, al cuestionar c\u00f3mo pudo ocurrir un crimen de estas caracter\u00edsticas pese a las medidas de seguridad con las que cuenta el lugar.<\/h3>\n\n\n\n<p class=\"wp-block-paragraph\">El departamento donde ocurri\u00f3 el multihomicidio se encontraba aproximadamente a 200 metros de la caseta de vigilancia y, de acuerdo con los reportes, hab\u00eda c\u00e1maras de seguridad en la zona.<\/p>\n\n\n\n<p class=\"wp-block-paragraph\">Por tratarse de un conjunto privado, el acceso est\u00e1 restringido y, en condiciones normales, se necesita autorizaci\u00f3n de los residentes para ingresar.<\/p>\n\n\n\n<h2 class=\"wp-block-heading\">Dos detenidos por el multihomicidio<\/h2>\n\n\n\n<p class=\"wp-block-paragraph\">Hasta ahora, las autoridades han detenido a <strong>Diego Sebasti\u00e1n \u00abN\u00bb<\/strong>, identificado como socio de Jonathan Mel\u00e9ndez y se\u00f1alado como probable responsable del multihomicidio.<\/p>\n\n\n\n<p class=\"wp-block-paragraph\">Previamente tambi\u00e9n fue detenido <strong>Gerardo \u00abN\u00bb<\/strong>, quien es investigado por su probable participaci\u00f3n en los hechos.<\/p>\n\n\n\n<p class=\"wp-block-paragraph\">Sin embargo, uno de los principales puntos que todav\u00eda no est\u00e1 claro es el m\u00f3vil del asesinato de Jonathan Mel\u00e9ndez y su familia. La Fiscal\u00eda no ha informado p\u00fablicamente cu\u00e1l habr\u00eda sido la raz\u00f3n detr\u00e1s del ataque.<\/p>\n\n\n\n<p class=\"wp-block-paragraph\">Mientras avanza la investigaci\u00f3n, en el fraccionamiento donde <strong>Jonathan <\/strong>vivi\u00f3 sus \u00faltimos d\u00edas queda el recuerdo de un hombre que, seg\u00fan sus vecinos, llevaba una vida discreta y familiar. Para quienes apenas lo hab\u00edan visto un par de veces, era simplemente ese vecino tranquilo que caminaba con sus hijos y su esposa. Ahora, su nombre vuelve a aparecer en las noticias por un crimen que todav\u00eda tiene muchas preguntas abiertas.<\/p>\n","protected":false},"excerpt":{"rendered":"<p>El asesinato de Jonathan Mel\u00e9ndez, tecladista y cofundador de Camilo S\u00e9ptimo, sigue generando preguntas. El m\u00fasico, su esposa embarazada, su hija de tres a\u00f1os y una joven que trabajaba con la familia fueron encontrados sin vida dentro de un departamento ubicado en el fraccionamiento Gran Viure, en la zona Esmeralda de Atizap\u00e1n de Zaragoza, Estado [&hellip;]<\/p>\n","protected":false},"author":2,"featured_media":38379,"comment_status":"open","ping_status":"open","sticky":false,"template":"","format":"standard","meta":{"footnotes":""},"categories":[9],"tags":[],"class_list":["post-38404","post","type-post","status-publish","format-standard","has-post-thumbnail","hentry","category-hellou"],"yoast_head":"<!-- This site is optimized with the Yoast SEO plugin v27.2 - https:\/\/yoast.com\/product\/yoast-seo-wordpress\/ -->\n<title>&quot;Era tranquilo y agradable&quot;: vecinos hablan del asesinato de Jonathan Mel\u00e9ndez -<\/title>\n<meta name=\"robots\" content=\"index, follow, max-snippet:-1, max-image-preview:large, max-video-preview:-1\" \/>\n<link rel=\"canonical\" href=\"https:\/\/expresorgv.online\/home\/blog\/2026\/09\/03\/era-tranquilo-y-agradable-vecinos-hablan-del-asesinato-de-jonathan-melendez\/\" \/>\n<meta property=\"og:locale\" content=\"es_ES\" \/>\n<meta property=\"og:type\" content=\"article\" \/>\n<meta property=\"og:title\" content=\"&quot;Era tranquilo y agradable&quot;: vecinos hablan del asesinato de Jonathan Mel\u00e9ndez\" \/>\n<meta property=\"og:description\" content=\"El asesinato de Jonathan Mel\u00e9ndez, tecladista y cofundador de Camilo S\u00e9ptimo, sigue generando preguntas. El m\u00fasico, su esposa embarazada, su hija de tres a\u00f1os y una joven que trabajaba con la familia fueron encontrados sin vida dentro de un departamento ubicado en el fraccionamiento Gran Viure, en la zona Esmeralda de Atizap\u00e1n de Zaragoza, Estado [&hellip;]\" \/>\n<meta property=\"og:url\" content=\"https:\/\/expresorgv.online\/home\/blog\/2026\/09\/03\/era-tranquilo-y-agradable-vecinos-hablan-del-asesinato-de-jonathan-melendez\/\" \/>\n<meta property=\"article:published_time\" content=\"2026-09-03T05:20:37+00:00\" \/>\n<meta property=\"article:modified_time\" content=\"2026-09-03T05:20:38+00:00\" \/>\n<meta property=\"og:image\" content=\"https:\/\/expresorgv.online\/home\/wp-content\/uploads\/2026\/09\/03092026Jonathan.png\" \/>\n\t<meta property=\"og:image:width\" content=\"540\" \/>\n\t<meta property=\"og:image:height\" content=\"300\" \/>\n\t<meta property=\"og:image:type\" content=\"image\/png\" \/>\n<meta name=\"author\" content=\"expreso\" \/>\n<meta name=\"twitter:card\" content=\"summary_large_image\" \/>\n<meta name=\"twitter:label1\" content=\"Escrito por\" \/>\n\t<meta name=\"twitter:data1\" content=\"expreso\" \/>\n\t<meta name=\"twitter:label2\" content=\"Tiempo de lectura\" \/>\n\t<meta name=\"twitter:data2\" content=\"4 minutos\" \/>\n<script type=\"application\/ld+json\" class=\"yoast-schema-graph\">{\"@context\":\"https:\/\/schema.org\",\"@graph\":[{\"@type\":\"Article\",\"@id\":\"https:\/\/expresorgv.online\/home\/blog\/2026\/09\/03\/era-tranquilo-y-agradable-vecinos-hablan-del-asesinato-de-jonathan-melendez\/#article\",\"isPartOf\":{\"@id\":\"https:\/\/expresorgv.online\/home\/blog\/2026\/09\/03\/era-tranquilo-y-agradable-vecinos-hablan-del-asesinato-de-jonathan-melendez\/\"},\"author\":{\"name\":\"expreso\",\"@id\":\"https:\/\/expresorgv.online\/home\/#\/schema\/person\/ae1ed1a575540204b5f59dca7f91f6a2\"},\"headline\":\"\u00abEra tranquilo y agradable\u00bb: vecinos hablan del asesinato de Jonathan Mel\u00e9ndez\",\"datePublished\":\"2026-09-03T05:20:37+00:00\",\"dateModified\":\"2026-09-03T05:20:38+00:00\",\"mainEntityOfPage\":{\"@id\":\"https:\/\/expresorgv.online\/home\/blog\/2026\/09\/03\/era-tranquilo-y-agradable-vecinos-hablan-del-asesinato-de-jonathan-melendez\/\"},\"wordCount\":840,\"commentCount\":0,\"image\":{\"@id\":\"https:\/\/expresorgv.online\/home\/blog\/2026\/09\/03\/era-tranquilo-y-agradable-vecinos-hablan-del-asesinato-de-jonathan-melendez\/#primaryimage\"},\"thumbnailUrl\":\"https:\/\/i0.wp.com\/expresorgv.online\/home\/wp-content\/uploads\/2026\/09\/03092026Jonathan.png?fit=540%2C300&ssl=1\",\"articleSection\":[\"HELLOU\"],\"inLanguage\":\"es\",\"potentialAction\":[{\"@type\":\"CommentAction\",\"name\":\"Comment\",\"target\":[\"https:\/\/expresorgv.online\/home\/blog\/2026\/09\/03\/era-tranquilo-y-agradable-vecinos-hablan-del-asesinato-de-jonathan-melendez\/#respond\"]}]},{\"@type\":\"WebPage\",\"@id\":\"https:\/\/expresorgv.online\/home\/blog\/2026\/09\/03\/era-tranquilo-y-agradable-vecinos-hablan-del-asesinato-de-jonathan-melendez\/\",\"url\":\"https:\/\/expresorgv.online\/home\/blog\/2026\/09\/03\/era-tranquilo-y-agradable-vecinos-hablan-del-asesinato-de-jonathan-melendez\/\",\"name\":\"\\\"Era tranquilo y agradable\\\": vecinos hablan del asesinato de Jonathan Mel\u00e9ndez -\",\"isPartOf\":{\"@id\":\"https:\/\/expresorgv.online\/home\/#website\"},\"primaryImageOfPage\":{\"@id\":\"https:\/\/expresorgv.online\/home\/blog\/2026\/09\/03\/era-tranquilo-y-agradable-vecinos-hablan-del-asesinato-de-jonathan-melendez\/#primaryimage\"},\"image\":{\"@id\":\"https:\/\/expresorgv.online\/home\/blog\/2026\/09\/03\/era-tranquilo-y-agradable-vecinos-hablan-del-asesinato-de-jonathan-melendez\/#primaryimage\"},\"thumbnailUrl\":\"https:\/\/i0.wp.com\/expresorgv.online\/home\/wp-content\/uploads\/2026\/09\/03092026Jonathan.png?fit=540%2C300&ssl=1\",\"datePublished\":\"2026-09-03T05:20:37+00:00\",\"dateModified\":\"2026-09-03T05:20:38+00:00\",\"author\":{\"@id\":\"https:\/\/expresorgv.online\/home\/#\/schema\/person\/ae1ed1a575540204b5f59dca7f91f6a2\"},\"breadcrumb\":{\"@id\":\"https:\/\/expresorgv.online\/home\/blog\/2026\/09\/03\/era-tranquilo-y-agradable-vecinos-hablan-del-asesinato-de-jonathan-melendez\/#breadcrumb\"},\"inLanguage\":\"es\",\"potentialAction\":[{\"@type\":\"ReadAction\",\"target\":[\"https:\/\/expresorgv.online\/home\/blog\/2026\/09\/03\/era-tranquilo-y-agradable-vecinos-hablan-del-asesinato-de-jonathan-melendez\/\"]}]},{\"@type\":\"ImageObject\",\"inLanguage\":\"es\",\"@id\":\"https:\/\/expresorgv.online\/home\/blog\/2026\/09\/03\/era-tranquilo-y-agradable-vecinos-hablan-del-asesinato-de-jonathan-melendez\/#primaryimage\",\"url\":\"https:\/\/i0.wp.com\/expresorgv.online\/home\/wp-content\/uploads\/2026\/09\/03092026Jonathan.png?fit=540%2C300&ssl=1\",\"contentUrl\":\"https:\/\/i0.wp.com\/expresorgv.online\/home\/wp-content\/uploads\/2026\/09\/03092026Jonathan.png?fit=540%2C300&ssl=1\",\"width\":540,\"height\":300},{\"@type\":\"BreadcrumbList\",\"@id\":\"https:\/\/expresorgv.online\/home\/blog\/2026\/09\/03\/era-tranquilo-y-agradable-vecinos-hablan-del-asesinato-de-jonathan-melendez\/#breadcrumb\",\"itemListElement\":[{\"@type\":\"ListItem\",\"position\":1,\"name\":\"Home\",\"item\":\"https:\/\/expresorgv.online\/home\/\"},{\"@type\":\"ListItem\",\"position\":2,\"name\":\"\u00abEra tranquilo y agradable\u00bb: vecinos hablan del asesinato de Jonathan Mel\u00e9ndez\"}]},{\"@type\":\"WebSite\",\"@id\":\"https:\/\/expresorgv.online\/home\/#website\",\"url\":\"https:\/\/expresorgv.online\/home\/\",\"name\":\"\",\"description\":\"\",\"potentialAction\":[{\"@type\":\"SearchAction\",\"target\":{\"@type\":\"EntryPoint\",\"urlTemplate\":\"https:\/\/expresorgv.online\/home\/?s={search_term_string}\"},\"query-input\":{\"@type\":\"PropertyValueSpecification\",\"valueRequired\":true,\"valueName\":\"search_term_string\"}}],\"inLanguage\":\"es\"},{\"@type\":\"Person\",\"@id\":\"https:\/\/expresorgv.online\/home\/#\/schema\/person\/ae1ed1a575540204b5f59dca7f91f6a2\",\"name\":\"expreso\",\"image\":{\"@type\":\"ImageObject\",\"inLanguage\":\"es\",\"@id\":\"https:\/\/secure.gravatar.com\/avatar\/88cd9f065dcd1b722cd984aac4181386a800c0bca699eaf07e42dd8f820bddee?s=96&d=mm&r=g\",\"url\":\"https:\/\/secure.gravatar.com\/avatar\/88cd9f065dcd1b722cd984aac4181386a800c0bca699eaf07e42dd8f820bddee?s=96&d=mm&r=g\",\"contentUrl\":\"https:\/\/secure.gravatar.com\/avatar\/88cd9f065dcd1b722cd984aac4181386a800c0bca699eaf07e42dd8f820bddee?s=96&d=mm&r=g\",\"caption\":\"expreso\"},\"url\":\"https:\/\/expresorgv.online\/home\/blog\/author\/expreso\/\"}]}<\/script>\n<!-- \/ Yoast SEO plugin. -->","yoast_head_json":{"title":"\"Era tranquilo y agradable\": vecinos hablan del asesinato de Jonathan Mel\u00e9ndez -","robots":{"index":"index","follow":"follow","max-snippet":"max-snippet:-1","max-image-preview":"max-image-preview:large","max-video-preview":"max-video-preview:-1"},"canonical":"https:\/\/expresorgv.online\/home\/blog\/2026\/09\/03\/era-tranquilo-y-agradable-vecinos-hablan-del-asesinato-de-jonathan-melendez\/","og_locale":"es_ES","og_type":"article","og_title":"\"Era tranquilo y agradable\": vecinos hablan del asesinato de Jonathan Mel\u00e9ndez","og_description":"El asesinato de Jonathan Mel\u00e9ndez, tecladista y cofundador de Camilo S\u00e9ptimo, sigue generando preguntas. El m\u00fasico, su esposa embarazada, su hija de tres a\u00f1os y una joven que trabajaba con la familia fueron encontrados sin vida dentro de un departamento ubicado en el fraccionamiento Gran Viure, en la zona Esmeralda de Atizap\u00e1n de Zaragoza, Estado [&hellip;]","og_url":"https:\/\/expresorgv.online\/home\/blog\/2026\/09\/03\/era-tranquilo-y-agradable-vecinos-hablan-del-asesinato-de-jonathan-melendez\/","article_published_time":"2026-09-03T05:20:37+00:00","article_modified_time":"2026-09-03T05:20:38+00:00","og_image":[{"width":540,"height":300,"url":"https:\/\/expresorgv.online\/home\/wp-content\/uploads\/2026\/09\/03092026Jonathan.png","type":"image\/png"}],"author":"expreso","twitter_card":"summary_large_image","twitter_misc":{"Escrito por":"expreso","Tiempo de lectura":"4 minutos"},"schema":{"@context":"https:\/\/schema.org","@graph":[{"@type":"Article","@id":"https:\/\/expresorgv.online\/home\/blog\/2026\/09\/03\/era-tranquilo-y-agradable-vecinos-hablan-del-asesinato-de-jonathan-melendez\/#article","isPartOf":{"@id":"https:\/\/expresorgv.online\/home\/blog\/2026\/09\/03\/era-tranquilo-y-agradable-vecinos-hablan-del-asesinato-de-jonathan-melendez\/"},"author":{"name":"expreso","@id":"https:\/\/expresorgv.online\/home\/#\/schema\/person\/ae1ed1a575540204b5f59dca7f91f6a2"},"headline":"\u00abEra tranquilo y agradable\u00bb: vecinos hablan del asesinato de Jonathan Mel\u00e9ndez","datePublished":"2026-09-03T05:20:37+00:00","dateModified":"2026-09-03T05:20:38+00:00","mainEntityOfPage":{"@id":"https:\/\/expresorgv.online\/home\/blog\/2026\/09\/03\/era-tranquilo-y-agradable-vecinos-hablan-del-asesinato-de-jonathan-melendez\/"},"wordCount":840,"commentCount":0,"image":{"@id":"https:\/\/expresorgv.online\/home\/blog\/2026\/09\/03\/era-tranquilo-y-agradable-vecinos-hablan-del-asesinato-de-jonathan-melendez\/#primaryimage"},"thumbnailUrl":"https:\/\/i0.wp.com\/expresorgv.online\/home\/wp-content\/uploads\/2026\/09\/03092026Jonathan.png?fit=540%2C300&ssl=1","articleSection":["HELLOU"],"inLanguage":"es","potentialAction":[{"@type":"CommentAction","name":"Comment","target":["https:\/\/expresorgv.online\/home\/blog\/2026\/09\/03\/era-tranquilo-y-agradable-vecinos-hablan-del-asesinato-de-jonathan-melendez\/#respond"]}]},{"@type":"WebPage","@id":"https:\/\/expresorgv.online\/home\/blog\/2026\/09\/03\/era-tranquilo-y-agradable-vecinos-hablan-del-asesinato-de-jonathan-melendez\/","url":"https:\/\/expresorgv.online\/home\/blog\/2026\/09\/03\/era-tranquilo-y-agradable-vecinos-hablan-del-asesinato-de-jonathan-melendez\/","name":"\"Era tranquilo y agradable\": vecinos hablan del asesinato de Jonathan Mel\u00e9ndez -","isPartOf":{"@id":"https:\/\/expresorgv.online\/home\/#website"},"primaryImageOfPage":{"@id":"https:\/\/expresorgv.online\/home\/blog\/2026\/09\/03\/era-tranquilo-y-agradable-vecinos-hablan-del-asesinato-de-jonathan-melendez\/#primaryimage"},"image":{"@id":"https:\/\/expresorgv.online\/home\/blog\/2026\/09\/03\/era-tranquilo-y-agradable-vecinos-hablan-del-asesinato-de-jonathan-melendez\/#primaryimage"},"thumbnailUrl":"https:\/\/i0.wp.com\/expresorgv.online\/home\/wp-content\/uploads\/2026\/09\/03092026Jonathan.png?fit=540%2C300&ssl=1","datePublished":"2026-09-03T05:20:37+00:00","dateModified":"2026-09-03T05:20:38+00:00","author":{"@id":"https:\/\/expresorgv.online\/home\/#\/schema\/person\/ae1ed1a575540204b5f59dca7f91f6a2"},"breadcrumb":{"@id":"https:\/\/expresorgv.online\/home\/blog\/2026\/09\/03\/era-tranquilo-y-agradable-vecinos-hablan-del-asesinato-de-jonathan-melendez\/#breadcrumb"},"inLanguage":"es","potentialAction":[{"@type":"ReadAction","target":["https:\/\/expresorgv.online\/home\/blog\/2026\/09\/03\/era-tranquilo-y-agradable-vecinos-hablan-del-asesinato-de-jonathan-melendez\/"]}]},{"@type":"ImageObject","inLanguage":"es","@id":"https:\/\/expresorgv.online\/home\/blog\/2026\/09\/03\/era-tranquilo-y-agradable-vecinos-hablan-del-asesinato-de-jonathan-melendez\/#primaryimage","url":"https:\/\/i0.wp.com\/expresorgv.online\/home\/wp-content\/uploads\/2026\/09\/03092026Jonathan.png?fit=540%2C300&ssl=1","contentUrl":"https:\/\/i0.wp.com\/expresorgv.online\/home\/wp-content\/uploads\/2026\/09\/03092026Jonathan.png?fit=540%2C300&ssl=1","width":540,"height":300},{"@type":"BreadcrumbList","@id":"https:\/\/expresorgv.online\/home\/blog\/2026\/09\/03\/era-tranquilo-y-agradable-vecinos-hablan-del-asesinato-de-jonathan-melendez\/#breadcrumb","itemListElement":[{"@type":"ListItem","position":1,"name":"Home","item":"https:\/\/expresorgv.online\/home\/"},{"@type":"ListItem","position":2,"name":"\u00abEra tranquilo y agradable\u00bb: vecinos hablan del asesinato de Jonathan Mel\u00e9ndez"}]},{"@type":"WebSite","@id":"https:\/\/expresorgv.online\/home\/#website","url":"https:\/\/expresorgv.online\/home\/","name":"","description":"","potentialAction":[{"@type":"SearchAction","target":{"@type":"EntryPoint","urlTemplate":"https:\/\/expresorgv.online\/home\/?s={search_term_string}"},"query-input":{"@type":"PropertyValueSpecification","valueRequired":true,"valueName":"search_term_string"}}],"inLanguage":"es"},{"@type":"Person","@id":"https:\/\/expresorgv.online\/home\/#\/schema\/person\/ae1ed1a575540204b5f59dca7f91f6a2","name":"expreso","image":{"@type":"ImageObject","inLanguage":"es","@id":"https:\/\/secure.gravatar.com\/avatar\/88cd9f065dcd1b722cd984aac4181386a800c0bca699eaf07e42dd8f820bddee?s=96&d=mm&r=g","url":"https:\/\/secure.gravatar.com\/avatar\/88cd9f065dcd1b722cd984aac4181386a800c0bca699eaf07e42dd8f820bddee?s=96&d=mm&r=g","contentUrl":"https:\/\/secure.gravatar.com\/avatar\/88cd9f065dcd1b722cd984aac4181386a800c0bca699eaf07e42dd8f820bddee?s=96&d=mm&r=g","caption":"expreso"},"url":"https:\/\/expresorgv.online\/home\/blog\/author\/expreso\/"}]}},"jetpack_featured_media_url":"https:\/\/i0.wp.com\/expresorgv.online\/home\/wp-content\/uploads\/2026\/09\/03092026Jonathan.png?fit=540%2C300&ssl=1","_links":{"self":[{"href":"https:\/\/expresorgv.online\/home\/wp-json\/wp\/v2\/posts\/38404","targetHints":{"allow":["GET"]}}],"collection":[{"href":"https:\/\/expresorgv.online\/home\/wp-json\/wp\/v2\/posts"}],"about":[{"href":"https:\/\/expresorgv.online\/home\/wp-json\/wp\/v2\/types\/post"}],"author":[{"embeddable":true,"href":"https:\/\/expresorgv.online\/home\/wp-json\/wp\/v2\/users\/2"}],"replies":[{"embeddable":true,"href":"https:\/\/expresorgv.online\/home\/wp-json\/wp\/v2\/comments?post=38404"}],"version-history":[{"count":1,"href":"https:\/\/expresorgv.online\/home\/wp-json\/wp\/v2\/posts\/38404\/revisions"}],"predecessor-version":[{"id":38405,"href":"https:\/\/expresorgv.online\/home\/wp-json\/wp\/v2\/posts\/38404\/revisions\/38405"}],"wp:featuredmedia":[{"embeddable":true,"href":"https:\/\/expresorgv.online\/home\/wp-json\/wp\/v2\/media\/38379"}],"wp:attachment":[{"href":"https:\/\/expresorgv.online\/home\/wp-json\/wp\/v2\/media?parent=38404"}],"wp:term":[{"taxonomy":"category","embeddable":true,"href":"https:\/\/expresorgv.online\/home\/wp-json\/wp\/v2\/categories?post=38404"},{"taxonomy":"post_tag","embeddable":true,"href":"https:\/\/expresorgv.online\/home\/wp-json\/wp\/v2\/tags?post=38404"}],"curies":[{"name":"wp","href":"https:\/\/api.w.org\/{rel}","templated":true}]}}