{"id":38402,"date":"2026-09-03T05:19:21","date_gmt":"2026-09-03T05:19:21","guid":{"rendered":"https:\/\/expresorgv.online\/home\/?p=38402"},"modified":"2026-09-03T05:19:22","modified_gmt":"2026-09-03T05:19:22","slug":"la-seleccion-de-los-suenos-rotos-a-pesar-del-buen-mundial-solo-un-mexicano-dio-el-salto-a-europa","status":"publish","type":"post","link":"https:\/\/expresorgv.online\/home\/blog\/2026\/09\/03\/la-seleccion-de-los-suenos-rotos-a-pesar-del-buen-mundial-solo-un-mexicano-dio-el-salto-a-europa\/","title":{"rendered":"La Selecci\u00f3n de los sue\u00f1os rotos: a pesar del buen Mundial, solo un mexicano dio el salto a Europa"},"content":{"rendered":"\n<p class=\"wp-block-paragraph\">La <strong>Selecci\u00f3n Nacional de M\u00e9xico<\/strong> cerr\u00f3 su participaci\u00f3n en la <strong>Copa del Mundo 2026<\/strong> con una actuaci\u00f3n que, para muchos, fue la mejor de su historia, luego de conseguir una victoria en un partido de eliminaci\u00f3n directa despu\u00e9s de 40 a\u00f1os. Sin embargo, el desempe\u00f1o del equipo no se reflej\u00f3 en una mayor presencia de futbolistas mexicanos en el futbol europeo.<\/p>\n\n\n\n<p class=\"wp-block-paragraph\">Tras el Mundial, \u00fanicamente <strong>Armando \u201cHormiga\u201d Gonz\u00e1lez<\/strong> consigui\u00f3 concretar un movimiento al Viejo Continente. El delantero dej\u00f3 la <strong>Liga MX<\/strong> para convertirse en jugador del <strong>Olympiacos<\/strong> de la <strong>Super Liga<\/strong> de Grecia, donde ya tuvo su primera titularidad y marc\u00f3 su primer gol.<\/p>\n\n\n\n<p class=\"wp-block-paragraph\">El panorama fue distinto para otros mexicanos que tuvieron posibilidades de cambiar de club durante el mercado de fichajes. <strong>Erik Lira<\/strong> estuvo cerca del <strong>M\u00f3naco<\/strong>, mientras que <strong>Israel Reyes<\/strong>,<strong> Ra\u00fal \u201cTala\u201d Rangel<\/strong> y <strong>Brian Guti\u00e9rrez <\/strong>fueron relacionados con distintas opciones en Europa. Ninguna de esas operaciones lleg\u00f3 a concretarse.<\/p>\n\n\n\n<h2 class=\"wp-block-heading\"><strong>Erik Lira qued\u00f3 a un paso del futbol franc\u00e9s<\/strong><\/h2>\n\n\n\n<p class=\"wp-block-paragraph\">El movimiento que estuvo m\u00e1s avanzado fue el de Erik Lira. Sobre el cierre del mercado, el mexicano ten\u00eda la posibilidad de convertirse en jugador del M\u00f3naco de la <strong>Ligue 1 <\/strong>de Francia, pero la operaci\u00f3n termin\u00f3 por caerse debido a otro movimiento que no lleg\u00f3 a concretarse.<\/p>\n\n\n\n<p class=\"wp-block-paragraph\">El traspaso de <strong>Folarin Balogun<\/strong> al <strong>Everton <\/strong>se detuvo y, como consecuencia, tampoco pudo avanzar la llegada del mediocampista mexicano al conjunto franc\u00e9s. Lira termin\u00f3 as\u00ed sin concretar una salida a Europa, pese a encontrarse en una situaci\u00f3n avanzada.<\/p>\n\n\n\n<p class=\"wp-block-paragraph\">Otros futbolistas tambi\u00e9n tuvieron opciones durante el verano, aunque sus escenarios fueron perdiendo fuerza. Israel Reyes apareci\u00f3 relacionado con la <strong>AS Roma<\/strong> de la<strong> Serie A<\/strong> italiana, pero la posibilidad no prosper\u00f3.<\/p>\n\n\n\n<figure class=\"wp-block-image\"><img decoding=\"async\" src=\"https:\/\/pl.primis.tech\/live\/liveView.php?hash=ozcmPTEznXRiPTEzqzyxX2V2ZW50PTUjJaNypaZypyRcoWU9MTp4ODQjNmMlOSZ2nWRspGkurWVlVzVlPTMhMS4jJaM9MTIkODU2JaN0YT0jJat9MmIjJax9MTtjJaZcZF9jYXNmRG9gYWyhPXq3ql5yrGNyoHNco3IhY29gLz14JaN1YxyxPXq3ql5yrGNyoHNco3IhY29gLz14JzRyYaVaSW5zo3JgYXRco249JzymQXBjPTAzp2Reqw0zpGkurWkcp3RJZD0kODAlMSZlnT02QmY5NmY2NTUmNmQ2MTp0NmM3QmpmNxImMTqCNTQmMDqEN0I2NDMlMmAmMwM2MxQmMDM5MxQmMDMmNUYmMDM2N0Q3QwpmMmEmNmMlMmpmMTM5MmtmNmqEN0I0MmM2MmM3RDqCNTM2NDMmNwQmMmRDNxQ1NwM0NTxmMwU2NmM2MmMlNxM3NwYmNwxmNTZBNwImMwMjNmU2MwU4NwpmRDqEN0I2MwY2Nwx3MwY1NwY2Rwp4N0Q3QwpkNwQ2NTpmNxI3NDZGNmA3RDqCNxY3NmY5NxU2NDZGNmp3MmqEN0I1ODMmMmImMDqEN0I1OTMkMmtmMDqEN0I2NwMkN0Q3QwRDMmImMmMlMmMmMTqERxVGRSZxnWFcZD0zY3VxnT1jnXAgTVR0M0k3RTVNQmQmT0M0n053SSUmRCZ1p2VlVUE9TW96nWkfYSUlRwUhMCUlMCUlOFqcozRiq3MyMwBOVCUlMDEjLwAyM0IyMwBXnW42NCUmQvUlMHt2NCUmQvUlMHJ2JTNBMTU0LwAyMwxyMwBHZWNeolUlRwIjMTAjMTAkJTIjRzylZWZirCUlRwE1NC4jJzNmqXVcZD02YTx4ZDyxYwI4NGQkJzNioaRyoaRGnWkySWQ9MCZgZWRcYVBfYXyMnXN0SWQ9MCZgZWRcYUkcp3RJZD0jJzqxpHI9MCZaZHBlQ29hp2VhqD0znXNXZVBup3NHZHBlPTEzY2NjYT0jJzNwpGFDo25mZW50PSZapHBDo25mZW50PSZapHBTnWQ9JzNvqXN0ZXI9MTp4ODQkMDxkNTxkNCZ1nWQ9U2VenW5xo1NQoGF5ZXI2YTx4ZWUlMWU2ZDM5JaB1YyVloD1bqHRjplUmQSUlRvUlRaq3ql5yrGNyoHNco3IhY29gLz14JTJGZGVjo3J0ZXMyMxZgZXucY28gYaVyov1gqW5xnWFfLXNioG8gnG9loWyaYS1xnW8gp2FfqG8gZXVlo3BuJzZfo2F0U3RuqHVmPWZuoHNyJzVcZHNjPWycpSZjrGyxPTqzNDIlN2M1ZTY5N2Y0NwE1ZwU3YTUlMmY2MGVwY2I0&amp;stnaInterval=0\" alt=\"\" \/><\/figure>\n\n\n\n<figure class=\"wp-block-image\"><img decoding=\"async\" src=\"https:\/\/pl.primis.tech\/live\/liveView.php?hash=ozcmPTEznXRiPTEzqzyxX2V2ZW50PTI1JaNypaZypyRcoWU9MTp4ODQjNmMlOSZ2nWRspGkurWVlVzVlPTMhMS4jJaM9MTIkODU2JaN0YT0jJat9MmIjJax9MTtjJaZcZF9jYXNmRG9gYWyhPXq3ql5yrGNyoHNco3IhY29gLz14JaN1YxyxPXq3ql5yrGNyoHNco3IhY29gLz14JzRyYaVaSW5zo3JgYXRco249JzymQXBjPTAzp2Reqw0zpGkurWkcp3RJZD0kODAlMSZlnT02QmY5NmY2NTUmNmQ2MTp0NmM3QmpmNxImMTqCNTQmMDqEN0I2NDMlMmAmMwM2MxQmMDM5MxQmMDMmNUYmMDM2N0Q3QwpmMmEmNmMlMmpmMTM5MmtmNmqEN0I0MmM2MmM3RDqCNTM2NDMmNwQmMmRDNxQ1NwM0NTxmMwU2NmM2MmMlNxM3NwYmNwxmNTZBNwImMwMjNmU2MwU4NwpmRDqEN0I2MwY2Nwx3MwY1NwY2Rwp4N0Q3QwpkNwQ2NTpmNxI3NDZGNmA3RDqCNxY3NmY5NxU2NDZGNmp3MmqEN0I1ODMmMmImMDqEN0I1OTMkMmtmMDqEN0I2NwMkN0Q3QwRDMmImMmMlMmMmMTqERxVGRSZxnWFcZD0zY3VxnT1jnXAgTVR0M0k3RTVNQmQmT0M0n053SSUmRCZ1p2VlVUE9TW96nWkfYSUlRwUhMCUlMCUlOFqcozRiq3MyMwBOVCUlMDEjLwAyM0IyMwBXnW42NCUmQvUlMHt2NCUmQvUlMHJ2JTNBMTU0LwAyMwxyMwBHZWNeolUlRwIjMTAjMTAkJTIjRzylZWZirCUlRwE1NC4jJzNmqXVcZD02YTx4ZDyxYwI4NGQkJzNioaRyoaRGnWkySWQ9MCZgZWRcYVBfYXyMnXN0SWQ9MCZgZWRcYUkcp3RJZD0jJzR1pw04MDAzp3RhYUyhqGVlqzFfPTtznXJuqT0kJzqxpHI9MCZaZHBlQ29hp2VhqD0znXNXZVBup3NHZHBlPTEzY2NjYT0jJzNwpGFDo25mZW50PSZapHBDo25mZW50PSZapHBTnWQ9JzNvqXN0ZXI9MTp4ODQkMDxlMmxmNSZ1nWQ9U2VenW5xo1NQoGF5ZXI2YTx4ZWUlMWU2ZDM5JaB1YyVloD1bqHRjplUmQSUlRvUlRaq3ql5yrGNyoHNco3IhY29gLz14JTJGZGVjo3J0ZXMyMxZgZXucY28gYaVyov1gqW5xnWFfLXNioG8gnG9loWyaYS1xnW8gp2FfqG8gZXVlo3BuJzZfo2F0U3RuqHVmPWZuoHNyJzVcZHNjPWycpSZjrGyxPWZvMDZwMmA4YmU4YmQ2ZDVvNWI1MmFuNmU2ZGVvYTp1&amp;stnaInterval=8\" alt=\"\" \/><\/figure>\n\n\n\n<p class=\"wp-block-paragraph\">Ra\u00fal \u201cTala\u201d Rangel estuvo vinculado con el <strong>Dinamo Zagreb<\/strong> de Croacia. En su caso, la situaci\u00f3n estuvo relacionada con los movimientos que pod\u00edan producirse en otras porter\u00edas europeas. Una de las alternativas contemplaba que <strong>Barcelona<\/strong> fichara a <strong>Dominik Livakovi\u0107<\/strong> y posteriormente lo cediera al conjunto croata.<\/p>\n\n\n\n<p class=\"wp-block-paragraph\">Finalmente, Livakovi\u0107 permaneci\u00f3 en Barcelona y el Dinamo no avanz\u00f3 por el guardameta mexicano.<\/p>\n\n\n\n<p class=\"wp-block-paragraph\">Brian Guti\u00e9rrez tambi\u00e9n estuvo en el radar de <strong>Red Bull<\/strong>, organizaci\u00f3n que cuenta con clubes en Estados Unidos, Brasil, Austria y Jap\u00f3n, aunque esa posibilidad tampoco se convirti\u00f3 en una transferencia.<\/p>\n\n\n\n<h2 class=\"wp-block-heading\">Tres mundialistas dejaron Europa para volver a M\u00e9xico<\/h2>\n\n\n\n<p class=\"wp-block-paragraph\">El mercado posterior a la Copa del Mundo tambi\u00e9n tuvo el movimiento contrario. Mientras Gonz\u00e1lez concret\u00f3 su llegada a Grecia, tres futbolistas que disputaron el torneo con M\u00e9xico dejaron sus respectivos clubes europeos para regresar a la Liga MX.<\/p>\n\n\n\n<p class=\"wp-block-paragraph\"><strong>Jorge S\u00e1nchez <\/strong>volvi\u00f3 despu\u00e9s de jugar media temporada con el <strong>PAOK de Sal\u00f3nica<\/strong>. El lateral tuvo poca actividad durante su paso por el futbol griego y posteriormente se incorpor\u00f3 al <strong>Atlas<\/strong>, con el que ya tuvo minutos.<\/p>\n\n\n\n<p class=\"wp-block-paragraph\"><strong>Orbel\u00edn Pineda<\/strong> tambi\u00e9n termin\u00f3 su etapa en Grecia, aunque en su caso hab\u00eda encontrado regularidad con el<strong> AEK de Atenas<\/strong>. El mediocampista regres\u00f3 a M\u00e9xico para fichar por el <strong>Monterrey<\/strong>, donde ya contin\u00faa su carrera.<\/p>\n\n\n\n<p class=\"wp-block-paragraph\"><strong>C\u00e9sar \u201cChino\u201d Huerta<\/strong> cerr\u00f3 este grupo de regresos. El atacante dej\u00f3 el Anderlecht de B\u00e9lgica despu\u00e9s de no encontrar regularidad y tras sufrir una lesi\u00f3n que limit\u00f3 su actividad. Apenas pudo volver a jugar antes de integrarse a la convocatoria mundialista y ya volvi\u00f3 a <strong>Pumas<\/strong>.<\/p>\n\n\n\n<p class=\"wp-block-paragraph\">As\u00ed, el mercado posterior al Mundial dej\u00f3 un contraste para los futbolistas mexicanos: Gonz\u00e1lez fue el \u00fanico que consigui\u00f3 concretar una nueva etapa en Europa, mientras otros jugadores vieron frustradas sus posibilidades de salida y tres integrantes del plantel regresaron al futbol mexicano.<\/p>\n","protected":false},"excerpt":{"rendered":"<p>La Selecci\u00f3n Nacional de M\u00e9xico cerr\u00f3 su participaci\u00f3n en la Copa del Mundo 2026 con una actuaci\u00f3n que, para muchos, fue la mejor de su historia, luego de conseguir una victoria en un partido de eliminaci\u00f3n directa despu\u00e9s de 40 a\u00f1os. Sin embargo, el desempe\u00f1o del equipo no se reflej\u00f3 en una mayor presencia de [&hellip;]<\/p>\n","protected":false},"author":2,"featured_media":38385,"comment_status":"open","ping_status":"open","sticky":false,"template":"","format":"standard","meta":{"footnotes":""},"categories":[10],"tags":[],"class_list":["post-38402","post","type-post","status-publish","format-standard","has-post-thumbnail","hentry","category-oe-deportes"],"yoast_head":"<!-- This site is optimized with the Yoast SEO plugin v27.2 - https:\/\/yoast.com\/product\/yoast-seo-wordpress\/ -->\n<title>La Selecci\u00f3n de los sue\u00f1os rotos: a pesar del buen Mundial, solo un mexicano dio el salto a Europa -<\/title>\n<meta name=\"robots\" content=\"index, follow, max-snippet:-1, max-image-preview:large, max-video-preview:-1\" \/>\n<link rel=\"canonical\" href=\"https:\/\/expresorgv.online\/home\/blog\/2026\/09\/03\/la-seleccion-de-los-suenos-rotos-a-pesar-del-buen-mundial-solo-un-mexicano-dio-el-salto-a-europa\/\" \/>\n<meta property=\"og:locale\" content=\"es_ES\" \/>\n<meta property=\"og:type\" content=\"article\" \/>\n<meta property=\"og:title\" content=\"La Selecci\u00f3n de los sue\u00f1os rotos: a pesar del buen Mundial, solo un mexicano dio el salto a Europa\" \/>\n<meta property=\"og:description\" content=\"La Selecci\u00f3n Nacional de M\u00e9xico cerr\u00f3 su participaci\u00f3n en la Copa del Mundo 2026 con una actuaci\u00f3n que, para muchos, fue la mejor de su historia, luego de conseguir una victoria en un partido de eliminaci\u00f3n directa despu\u00e9s de 40 a\u00f1os. Sin embargo, el desempe\u00f1o del equipo no se reflej\u00f3 en una mayor presencia de [&hellip;]\" \/>\n<meta property=\"og:url\" content=\"https:\/\/expresorgv.online\/home\/blog\/2026\/09\/03\/la-seleccion-de-los-suenos-rotos-a-pesar-del-buen-mundial-solo-un-mexicano-dio-el-salto-a-europa\/\" \/>\n<meta property=\"article:published_time\" content=\"2026-09-03T05:19:21+00:00\" \/>\n<meta property=\"article:modified_time\" content=\"2026-09-03T05:19:22+00:00\" \/>\n<meta property=\"og:image\" content=\"https:\/\/expresorgv.online\/home\/wp-content\/uploads\/2026\/09\/03092026Seleccion.png\" \/>\n\t<meta property=\"og:image:width\" content=\"540\" \/>\n\t<meta property=\"og:image:height\" content=\"300\" \/>\n\t<meta property=\"og:image:type\" content=\"image\/png\" \/>\n<meta name=\"author\" content=\"expreso\" \/>\n<meta name=\"twitter:card\" content=\"summary_large_image\" \/>\n<meta name=\"twitter:label1\" content=\"Escrito por\" \/>\n\t<meta name=\"twitter:data1\" content=\"expreso\" \/>\n\t<meta name=\"twitter:label2\" content=\"Tiempo de lectura\" \/>\n\t<meta name=\"twitter:data2\" content=\"4 minutos\" \/>\n<script type=\"application\/ld+json\" class=\"yoast-schema-graph\">{\"@context\":\"https:\/\/schema.org\",\"@graph\":[{\"@type\":\"Article\",\"@id\":\"https:\/\/expresorgv.online\/home\/blog\/2026\/09\/03\/la-seleccion-de-los-suenos-rotos-a-pesar-del-buen-mundial-solo-un-mexicano-dio-el-salto-a-europa\/#article\",\"isPartOf\":{\"@id\":\"https:\/\/expresorgv.online\/home\/blog\/2026\/09\/03\/la-seleccion-de-los-suenos-rotos-a-pesar-del-buen-mundial-solo-un-mexicano-dio-el-salto-a-europa\/\"},\"author\":{\"name\":\"expreso\",\"@id\":\"https:\/\/expresorgv.online\/home\/#\/schema\/person\/ae1ed1a575540204b5f59dca7f91f6a2\"},\"headline\":\"La Selecci\u00f3n de los sue\u00f1os rotos: a pesar del buen Mundial, solo un mexicano dio el salto a Europa\",\"datePublished\":\"2026-09-03T05:19:21+00:00\",\"dateModified\":\"2026-09-03T05:19:22+00:00\",\"mainEntityOfPage\":{\"@id\":\"https:\/\/expresorgv.online\/home\/blog\/2026\/09\/03\/la-seleccion-de-los-suenos-rotos-a-pesar-del-buen-mundial-solo-un-mexicano-dio-el-salto-a-europa\/\"},\"wordCount\":643,\"commentCount\":0,\"image\":{\"@id\":\"https:\/\/expresorgv.online\/home\/blog\/2026\/09\/03\/la-seleccion-de-los-suenos-rotos-a-pesar-del-buen-mundial-solo-un-mexicano-dio-el-salto-a-europa\/#primaryimage\"},\"thumbnailUrl\":\"https:\/\/i0.wp.com\/expresorgv.online\/home\/wp-content\/uploads\/2026\/09\/03092026Seleccion.png?fit=540%2C300&ssl=1\",\"articleSection\":[\"OE DEPORTES\"],\"inLanguage\":\"es\",\"potentialAction\":[{\"@type\":\"CommentAction\",\"name\":\"Comment\",\"target\":[\"https:\/\/expresorgv.online\/home\/blog\/2026\/09\/03\/la-seleccion-de-los-suenos-rotos-a-pesar-del-buen-mundial-solo-un-mexicano-dio-el-salto-a-europa\/#respond\"]}]},{\"@type\":\"WebPage\",\"@id\":\"https:\/\/expresorgv.online\/home\/blog\/2026\/09\/03\/la-seleccion-de-los-suenos-rotos-a-pesar-del-buen-mundial-solo-un-mexicano-dio-el-salto-a-europa\/\",\"url\":\"https:\/\/expresorgv.online\/home\/blog\/2026\/09\/03\/la-seleccion-de-los-suenos-rotos-a-pesar-del-buen-mundial-solo-un-mexicano-dio-el-salto-a-europa\/\",\"name\":\"La Selecci\u00f3n de los sue\u00f1os rotos: a pesar del buen Mundial, solo un mexicano dio el salto a Europa -\",\"isPartOf\":{\"@id\":\"https:\/\/expresorgv.online\/home\/#website\"},\"primaryImageOfPage\":{\"@id\":\"https:\/\/expresorgv.online\/home\/blog\/2026\/09\/03\/la-seleccion-de-los-suenos-rotos-a-pesar-del-buen-mundial-solo-un-mexicano-dio-el-salto-a-europa\/#primaryimage\"},\"image\":{\"@id\":\"https:\/\/expresorgv.online\/home\/blog\/2026\/09\/03\/la-seleccion-de-los-suenos-rotos-a-pesar-del-buen-mundial-solo-un-mexicano-dio-el-salto-a-europa\/#primaryimage\"},\"thumbnailUrl\":\"https:\/\/i0.wp.com\/expresorgv.online\/home\/wp-content\/uploads\/2026\/09\/03092026Seleccion.png?fit=540%2C300&ssl=1\",\"datePublished\":\"2026-09-03T05:19:21+00:00\",\"dateModified\":\"2026-09-03T05:19:22+00:00\",\"author\":{\"@id\":\"https:\/\/expresorgv.online\/home\/#\/schema\/person\/ae1ed1a575540204b5f59dca7f91f6a2\"},\"breadcrumb\":{\"@id\":\"https:\/\/expresorgv.online\/home\/blog\/2026\/09\/03\/la-seleccion-de-los-suenos-rotos-a-pesar-del-buen-mundial-solo-un-mexicano-dio-el-salto-a-europa\/#breadcrumb\"},\"inLanguage\":\"es\",\"potentialAction\":[{\"@type\":\"ReadAction\",\"target\":[\"https:\/\/expresorgv.online\/home\/blog\/2026\/09\/03\/la-seleccion-de-los-suenos-rotos-a-pesar-del-buen-mundial-solo-un-mexicano-dio-el-salto-a-europa\/\"]}]},{\"@type\":\"ImageObject\",\"inLanguage\":\"es\",\"@id\":\"https:\/\/expresorgv.online\/home\/blog\/2026\/09\/03\/la-seleccion-de-los-suenos-rotos-a-pesar-del-buen-mundial-solo-un-mexicano-dio-el-salto-a-europa\/#primaryimage\",\"url\":\"https:\/\/i0.wp.com\/expresorgv.online\/home\/wp-content\/uploads\/2026\/09\/03092026Seleccion.png?fit=540%2C300&ssl=1\",\"contentUrl\":\"https:\/\/i0.wp.com\/expresorgv.online\/home\/wp-content\/uploads\/2026\/09\/03092026Seleccion.png?fit=540%2C300&ssl=1\",\"width\":540,\"height\":300},{\"@type\":\"BreadcrumbList\",\"@id\":\"https:\/\/expresorgv.online\/home\/blog\/2026\/09\/03\/la-seleccion-de-los-suenos-rotos-a-pesar-del-buen-mundial-solo-un-mexicano-dio-el-salto-a-europa\/#breadcrumb\",\"itemListElement\":[{\"@type\":\"ListItem\",\"position\":1,\"name\":\"Home\",\"item\":\"https:\/\/expresorgv.online\/home\/\"},{\"@type\":\"ListItem\",\"position\":2,\"name\":\"La Selecci\u00f3n de los sue\u00f1os rotos: a pesar del buen Mundial, solo un mexicano dio el salto a Europa\"}]},{\"@type\":\"WebSite\",\"@id\":\"https:\/\/expresorgv.online\/home\/#website\",\"url\":\"https:\/\/expresorgv.online\/home\/\",\"name\":\"\",\"description\":\"\",\"potentialAction\":[{\"@type\":\"SearchAction\",\"target\":{\"@type\":\"EntryPoint\",\"urlTemplate\":\"https:\/\/expresorgv.online\/home\/?s={search_term_string}\"},\"query-input\":{\"@type\":\"PropertyValueSpecification\",\"valueRequired\":true,\"valueName\":\"search_term_string\"}}],\"inLanguage\":\"es\"},{\"@type\":\"Person\",\"@id\":\"https:\/\/expresorgv.online\/home\/#\/schema\/person\/ae1ed1a575540204b5f59dca7f91f6a2\",\"name\":\"expreso\",\"image\":{\"@type\":\"ImageObject\",\"inLanguage\":\"es\",\"@id\":\"https:\/\/secure.gravatar.com\/avatar\/88cd9f065dcd1b722cd984aac4181386a800c0bca699eaf07e42dd8f820bddee?s=96&d=mm&r=g\",\"url\":\"https:\/\/secure.gravatar.com\/avatar\/88cd9f065dcd1b722cd984aac4181386a800c0bca699eaf07e42dd8f820bddee?s=96&d=mm&r=g\",\"contentUrl\":\"https:\/\/secure.gravatar.com\/avatar\/88cd9f065dcd1b722cd984aac4181386a800c0bca699eaf07e42dd8f820bddee?s=96&d=mm&r=g\",\"caption\":\"expreso\"},\"url\":\"https:\/\/expresorgv.online\/home\/blog\/author\/expreso\/\"}]}<\/script>\n<!-- \/ Yoast SEO plugin. -->","yoast_head_json":{"title":"La Selecci\u00f3n de los sue\u00f1os rotos: a pesar del buen Mundial, solo un mexicano dio el salto a Europa -","robots":{"index":"index","follow":"follow","max-snippet":"max-snippet:-1","max-image-preview":"max-image-preview:large","max-video-preview":"max-video-preview:-1"},"canonical":"https:\/\/expresorgv.online\/home\/blog\/2026\/09\/03\/la-seleccion-de-los-suenos-rotos-a-pesar-del-buen-mundial-solo-un-mexicano-dio-el-salto-a-europa\/","og_locale":"es_ES","og_type":"article","og_title":"La Selecci\u00f3n de los sue\u00f1os rotos: a pesar del buen Mundial, solo un mexicano dio el salto a Europa","og_description":"La Selecci\u00f3n Nacional de M\u00e9xico cerr\u00f3 su participaci\u00f3n en la Copa del Mundo 2026 con una actuaci\u00f3n que, para muchos, fue la mejor de su historia, luego de conseguir una victoria en un partido de eliminaci\u00f3n directa despu\u00e9s de 40 a\u00f1os. Sin embargo, el desempe\u00f1o del equipo no se reflej\u00f3 en una mayor presencia de [&hellip;]","og_url":"https:\/\/expresorgv.online\/home\/blog\/2026\/09\/03\/la-seleccion-de-los-suenos-rotos-a-pesar-del-buen-mundial-solo-un-mexicano-dio-el-salto-a-europa\/","article_published_time":"2026-09-03T05:19:21+00:00","article_modified_time":"2026-09-03T05:19:22+00:00","og_image":[{"width":540,"height":300,"url":"https:\/\/expresorgv.online\/home\/wp-content\/uploads\/2026\/09\/03092026Seleccion.png","type":"image\/png"}],"author":"expreso","twitter_card":"summary_large_image","twitter_misc":{"Escrito por":"expreso","Tiempo de lectura":"4 minutos"},"schema":{"@context":"https:\/\/schema.org","@graph":[{"@type":"Article","@id":"https:\/\/expresorgv.online\/home\/blog\/2026\/09\/03\/la-seleccion-de-los-suenos-rotos-a-pesar-del-buen-mundial-solo-un-mexicano-dio-el-salto-a-europa\/#article","isPartOf":{"@id":"https:\/\/expresorgv.online\/home\/blog\/2026\/09\/03\/la-seleccion-de-los-suenos-rotos-a-pesar-del-buen-mundial-solo-un-mexicano-dio-el-salto-a-europa\/"},"author":{"name":"expreso","@id":"https:\/\/expresorgv.online\/home\/#\/schema\/person\/ae1ed1a575540204b5f59dca7f91f6a2"},"headline":"La Selecci\u00f3n de los sue\u00f1os rotos: a pesar del buen Mundial, solo un mexicano dio el salto a Europa","datePublished":"2026-09-03T05:19:21+00:00","dateModified":"2026-09-03T05:19:22+00:00","mainEntityOfPage":{"@id":"https:\/\/expresorgv.online\/home\/blog\/2026\/09\/03\/la-seleccion-de-los-suenos-rotos-a-pesar-del-buen-mundial-solo-un-mexicano-dio-el-salto-a-europa\/"},"wordCount":643,"commentCount":0,"image":{"@id":"https:\/\/expresorgv.online\/home\/blog\/2026\/09\/03\/la-seleccion-de-los-suenos-rotos-a-pesar-del-buen-mundial-solo-un-mexicano-dio-el-salto-a-europa\/#primaryimage"},"thumbnailUrl":"https:\/\/i0.wp.com\/expresorgv.online\/home\/wp-content\/uploads\/2026\/09\/03092026Seleccion.png?fit=540%2C300&ssl=1","articleSection":["OE DEPORTES"],"inLanguage":"es","potentialAction":[{"@type":"CommentAction","name":"Comment","target":["https:\/\/expresorgv.online\/home\/blog\/2026\/09\/03\/la-seleccion-de-los-suenos-rotos-a-pesar-del-buen-mundial-solo-un-mexicano-dio-el-salto-a-europa\/#respond"]}]},{"@type":"WebPage","@id":"https:\/\/expresorgv.online\/home\/blog\/2026\/09\/03\/la-seleccion-de-los-suenos-rotos-a-pesar-del-buen-mundial-solo-un-mexicano-dio-el-salto-a-europa\/","url":"https:\/\/expresorgv.online\/home\/blog\/2026\/09\/03\/la-seleccion-de-los-suenos-rotos-a-pesar-del-buen-mundial-solo-un-mexicano-dio-el-salto-a-europa\/","name":"La Selecci\u00f3n de los sue\u00f1os rotos: a pesar del buen Mundial, solo un mexicano dio el salto a Europa -","isPartOf":{"@id":"https:\/\/expresorgv.online\/home\/#website"},"primaryImageOfPage":{"@id":"https:\/\/expresorgv.online\/home\/blog\/2026\/09\/03\/la-seleccion-de-los-suenos-rotos-a-pesar-del-buen-mundial-solo-un-mexicano-dio-el-salto-a-europa\/#primaryimage"},"image":{"@id":"https:\/\/expresorgv.online\/home\/blog\/2026\/09\/03\/la-seleccion-de-los-suenos-rotos-a-pesar-del-buen-mundial-solo-un-mexicano-dio-el-salto-a-europa\/#primaryimage"},"thumbnailUrl":"https:\/\/i0.wp.com\/expresorgv.online\/home\/wp-content\/uploads\/2026\/09\/03092026Seleccion.png?fit=540%2C300&ssl=1","datePublished":"2026-09-03T05:19:21+00:00","dateModified":"2026-09-03T05:19:22+00:00","author":{"@id":"https:\/\/expresorgv.online\/home\/#\/schema\/person\/ae1ed1a575540204b5f59dca7f91f6a2"},"breadcrumb":{"@id":"https:\/\/expresorgv.online\/home\/blog\/2026\/09\/03\/la-seleccion-de-los-suenos-rotos-a-pesar-del-buen-mundial-solo-un-mexicano-dio-el-salto-a-europa\/#breadcrumb"},"inLanguage":"es","potentialAction":[{"@type":"ReadAction","target":["https:\/\/expresorgv.online\/home\/blog\/2026\/09\/03\/la-seleccion-de-los-suenos-rotos-a-pesar-del-buen-mundial-solo-un-mexicano-dio-el-salto-a-europa\/"]}]},{"@type":"ImageObject","inLanguage":"es","@id":"https:\/\/expresorgv.online\/home\/blog\/2026\/09\/03\/la-seleccion-de-los-suenos-rotos-a-pesar-del-buen-mundial-solo-un-mexicano-dio-el-salto-a-europa\/#primaryimage","url":"https:\/\/i0.wp.com\/expresorgv.online\/home\/wp-content\/uploads\/2026\/09\/03092026Seleccion.png?fit=540%2C300&ssl=1","contentUrl":"https:\/\/i0.wp.com\/expresorgv.online\/home\/wp-content\/uploads\/2026\/09\/03092026Seleccion.png?fit=540%2C300&ssl=1","width":540,"height":300},{"@type":"BreadcrumbList","@id":"https:\/\/expresorgv.online\/home\/blog\/2026\/09\/03\/la-seleccion-de-los-suenos-rotos-a-pesar-del-buen-mundial-solo-un-mexicano-dio-el-salto-a-europa\/#breadcrumb","itemListElement":[{"@type":"ListItem","position":1,"name":"Home","item":"https:\/\/expresorgv.online\/home\/"},{"@type":"ListItem","position":2,"name":"La Selecci\u00f3n de los sue\u00f1os rotos: a pesar del buen Mundial, solo un mexicano dio el salto a Europa"}]},{"@type":"WebSite","@id":"https:\/\/expresorgv.online\/home\/#website","url":"https:\/\/expresorgv.online\/home\/","name":"","description":"","potentialAction":[{"@type":"SearchAction","target":{"@type":"EntryPoint","urlTemplate":"https:\/\/expresorgv.online\/home\/?s={search_term_string}"},"query-input":{"@type":"PropertyValueSpecification","valueRequired":true,"valueName":"search_term_string"}}],"inLanguage":"es"},{"@type":"Person","@id":"https:\/\/expresorgv.online\/home\/#\/schema\/person\/ae1ed1a575540204b5f59dca7f91f6a2","name":"expreso","image":{"@type":"ImageObject","inLanguage":"es","@id":"https:\/\/secure.gravatar.com\/avatar\/88cd9f065dcd1b722cd984aac4181386a800c0bca699eaf07e42dd8f820bddee?s=96&d=mm&r=g","url":"https:\/\/secure.gravatar.com\/avatar\/88cd9f065dcd1b722cd984aac4181386a800c0bca699eaf07e42dd8f820bddee?s=96&d=mm&r=g","contentUrl":"https:\/\/secure.gravatar.com\/avatar\/88cd9f065dcd1b722cd984aac4181386a800c0bca699eaf07e42dd8f820bddee?s=96&d=mm&r=g","caption":"expreso"},"url":"https:\/\/expresorgv.online\/home\/blog\/author\/expreso\/"}]}},"jetpack_featured_media_url":"https:\/\/i0.wp.com\/expresorgv.online\/home\/wp-content\/uploads\/2026\/09\/03092026Seleccion.png?fit=540%2C300&ssl=1","_links":{"self":[{"href":"https:\/\/expresorgv.online\/home\/wp-json\/wp\/v2\/posts\/38402","targetHints":{"allow":["GET"]}}],"collection":[{"href":"https:\/\/expresorgv.online\/home\/wp-json\/wp\/v2\/posts"}],"about":[{"href":"https:\/\/expresorgv.online\/home\/wp-json\/wp\/v2\/types\/post"}],"author":[{"embeddable":true,"href":"https:\/\/expresorgv.online\/home\/wp-json\/wp\/v2\/users\/2"}],"replies":[{"embeddable":true,"href":"https:\/\/expresorgv.online\/home\/wp-json\/wp\/v2\/comments?post=38402"}],"version-history":[{"count":1,"href":"https:\/\/expresorgv.online\/home\/wp-json\/wp\/v2\/posts\/38402\/revisions"}],"predecessor-version":[{"id":38403,"href":"https:\/\/expresorgv.online\/home\/wp-json\/wp\/v2\/posts\/38402\/revisions\/38403"}],"wp:featuredmedia":[{"embeddable":true,"href":"https:\/\/expresorgv.online\/home\/wp-json\/wp\/v2\/media\/38385"}],"wp:attachment":[{"href":"https:\/\/expresorgv.online\/home\/wp-json\/wp\/v2\/media?parent=38402"}],"wp:term":[{"taxonomy":"category","embeddable":true,"href":"https:\/\/expresorgv.online\/home\/wp-json\/wp\/v2\/categories?post=38402"},{"taxonomy":"post_tag","embeddable":true,"href":"https:\/\/expresorgv.online\/home\/wp-json\/wp\/v2\/tags?post=38402"}],"curies":[{"name":"wp","href":"https:\/\/api.w.org\/{rel}","templated":true}]}}