{"id":38400,"date":"2026-09-03T05:15:38","date_gmt":"2026-09-03T05:15:38","guid":{"rendered":"https:\/\/expresorgv.online\/home\/?p=38400"},"modified":"2026-09-03T05:15:39","modified_gmt":"2026-09-03T05:15:39","slug":"quitan-agencia-del-mp-en-nuevo-laredo-tras-acuerdos-de-la-fiscalia","status":"publish","type":"post","link":"https:\/\/expresorgv.online\/home\/blog\/2026\/09\/03\/quitan-agencia-del-mp-en-nuevo-laredo-tras-acuerdos-de-la-fiscalia\/","title":{"rendered":"Quitan agencia del MP en Nuevo Laredo tras acuerdos de la Fiscal\u00eda"},"content":{"rendered":"\n<p class=\"wp-block-paragraph\">A partir de este martes <em>1 de septiembre <\/em>entraron en vigor diversos cambios en la estructura de las agencias del<strong> Ministerio P\u00fablico Investigador en Tamaulipas<\/strong>, luego de que la <strong>Fiscal\u00eda General de Justicia del Estado<\/strong>public\u00f3 los acuerdos que establecen la supresi\u00f3n de cuatro de estas unidades en el norte y sur de la entidad.<\/p>\n\n\n\n<h2 class=\"wp-block-heading\">Desaparecen oficinas del ministerio p\u00fablico<\/h2>\n\n\n\n<p class=\"wp-block-paragraph\">Los acuerdos 09\/2026, 10\/2026 y 11\/2026 contemplan la desaparici\u00f3n de oficinas en <strong>Reynosa, Nuevo Laredo, Ciudad Madero y Tampico<\/strong>, de acuerdo con lo publicado en el Peri\u00f3dico Oficial del Estado.<\/p>\n\n\n\n<h2 class=\"wp-block-heading\">Oficinas en la zona sur de Tamaulipas<\/h2>\n\n\n\n<p class=\"wp-block-paragraph\">En la zona sur, el Acuerdo 11\/2026 dispone la supresi\u00f3n de la <strong>Agencia Primera de Madero<\/strong> y de la <strong>Agencia Segunda en Tampico<\/strong>. Los asuntos que se encontraban bajo su responsabilidad ser\u00e1n concentrados en la Agencia Primera de la ciudad porte\u00f1a.<\/p>\n\n\n\n<p class=\"wp-block-paragraph\">Para ello, deber\u00e1n ser entregados los libros de gobierno, sellos oficiales y expedientes vigentes, en tr\u00e1mite, en archivo definitivo o en etapa de calificaci\u00f3n. Posteriormente, los casos ser\u00e1n <em>distribuidos<\/em> entre los agentes del <strong>Ministerio P\u00fablico <\/strong>que permanezcan adscritos a esa unidad, quienes continuar\u00e1n con su integraci\u00f3n hasta su resoluci\u00f3n.<\/p>\n\n\n\n<p class=\"wp-block-paragraph\">En <strong>Reynosa<\/strong>, el Acuerdo 09\/2026 establece la supresi\u00f3n de la <strong>Agencia Segunda<\/strong>. Desde este 1 de septiembre, las carpetas que ten\u00eda a su cargo ser\u00e1n entregadas a la <strong>Agencia Primera<\/strong>, que deber\u00e1 distribuirlas entre los agentes de su adscripci\u00f3n.<\/p>\n\n\n\n<p class=\"wp-block-paragraph\">El documento se\u00f1ala que el <strong>Segundo Distrito Ministerial<\/strong>, con cabecera en <strong>Reynosa<\/strong>, lleg\u00f3 a contar con 16 agencias del <strong><em>Ministerio P\u00fablico Investigador<\/em><\/strong>.<\/p>\n\n\n\n<p class=\"wp-block-paragraph\">Por su parte, el Acuerdo 10\/2026 determina la desaparici\u00f3n de la<strong> Agencia Primera de<\/strong><strong> Nuevo Laredo<\/strong>. En este caso, los libros de gobierno, sellos y expedientes ser\u00e1n transferidos a la <strong>Direcci\u00f3n General de Averiguaciones Previas y Control de Procesos<\/strong>, instancia que se encargar\u00e1 de reasignar los asuntos.<\/p>\n\n\n\n<p class=\"wp-block-paragraph\">Los tres documentos fueron firmados en <strong>Ciudad Victoria<\/strong> el pasado 25 de agosto de 2026 y publicados en el Peri\u00f3dico Oficial del Estado el 27 de agosto.<\/p>\n\n\n\n<h2 class=\"wp-block-heading\">Nuevas disposiciones y acuerdo para la operaci\u00f3n de las oficinas<\/h2>\n\n\n\n<p class=\"wp-block-paragraph\">Se fundamentaron las disposiciones en las facultades que la <strong>Ley Org\u00e1nica de la Fiscal\u00eda General de Justicia del Estado <\/strong>y su reglamento otorgan al titular de la instituci\u00f3n para emitir acuerdos y establecer las reglas de operaci\u00f3n de sus unidades administrativas y servidores p\u00fablicos.<\/p>\n\n\n\n<p class=\"wp-block-paragraph\">Asimismo, se establece que las \u00e1reas competentes deber\u00e1n realizar las gestiones necesarias para dar cumplimiento a las nuevas disposiciones.<\/p>\n\n\n\n<p class=\"wp-block-paragraph\">De esta manera, se afirm\u00f3, los asuntos que estaban radicados en las unidades suprimidas no quedar\u00e1n<em> sin atenci\u00f3n<\/em>. Ser\u00e1n transferidos y reasignados a otras \u00e1reas de la propia <em><strong>Fiscal\u00eda<\/strong><\/em>, donde continuar\u00e1n con el tr\u00e1mite correspondiente.<\/p>\n","protected":false},"excerpt":{"rendered":"<p>A partir de este martes 1 de septiembre entraron en vigor diversos cambios en la estructura de las agencias del Ministerio P\u00fablico Investigador en Tamaulipas, luego de que la Fiscal\u00eda General de Justicia del Estadopublic\u00f3 los acuerdos que establecen la supresi\u00f3n de cuatro de estas unidades en el norte y sur de la entidad. Desaparecen [&hellip;]<\/p>\n","protected":false},"author":2,"featured_media":38382,"comment_status":"open","ping_status":"open","sticky":false,"template":"","format":"standard","meta":{"footnotes":""},"categories":[15,14],"tags":[],"class_list":["post-38400","post","type-post","status-publish","format-standard","has-post-thumbnail","hentry","category-n-laredo","category-reynosa"],"yoast_head":"<!-- This site is optimized with the Yoast SEO plugin v27.2 - https:\/\/yoast.com\/product\/yoast-seo-wordpress\/ -->\n<title>Quitan agencia del MP en Nuevo Laredo tras acuerdos de la Fiscal\u00eda -<\/title>\n<meta name=\"robots\" content=\"index, follow, max-snippet:-1, max-image-preview:large, max-video-preview:-1\" \/>\n<link rel=\"canonical\" href=\"https:\/\/expresorgv.online\/home\/blog\/2026\/09\/03\/quitan-agencia-del-mp-en-nuevo-laredo-tras-acuerdos-de-la-fiscalia\/\" \/>\n<meta property=\"og:locale\" content=\"es_ES\" \/>\n<meta property=\"og:type\" content=\"article\" \/>\n<meta property=\"og:title\" content=\"Quitan agencia del MP en Nuevo Laredo tras acuerdos de la Fiscal\u00eda\" \/>\n<meta property=\"og:description\" content=\"A partir de este martes 1 de septiembre entraron en vigor diversos cambios en la estructura de las agencias del Ministerio P\u00fablico Investigador en Tamaulipas, luego de que la Fiscal\u00eda General de Justicia del Estadopublic\u00f3 los acuerdos que establecen la supresi\u00f3n de cuatro de estas unidades en el norte y sur de la entidad. Desaparecen [&hellip;]\" \/>\n<meta property=\"og:url\" content=\"https:\/\/expresorgv.online\/home\/blog\/2026\/09\/03\/quitan-agencia-del-mp-en-nuevo-laredo-tras-acuerdos-de-la-fiscalia\/\" \/>\n<meta property=\"article:published_time\" content=\"2026-09-03T05:15:38+00:00\" \/>\n<meta property=\"article:modified_time\" content=\"2026-09-03T05:15:39+00:00\" \/>\n<meta property=\"og:image\" content=\"https:\/\/expresorgv.online\/home\/wp-content\/uploads\/2026\/09\/03092026MinisterioPublico.png\" \/>\n\t<meta property=\"og:image:width\" content=\"540\" \/>\n\t<meta property=\"og:image:height\" content=\"300\" \/>\n\t<meta property=\"og:image:type\" content=\"image\/png\" \/>\n<meta name=\"author\" content=\"expreso\" \/>\n<meta name=\"twitter:card\" content=\"summary_large_image\" \/>\n<meta name=\"twitter:label1\" content=\"Escrito por\" \/>\n\t<meta name=\"twitter:data1\" content=\"expreso\" \/>\n\t<meta name=\"twitter:label2\" content=\"Tiempo de lectura\" \/>\n\t<meta name=\"twitter:data2\" content=\"3 minutos\" \/>\n<script type=\"application\/ld+json\" class=\"yoast-schema-graph\">{\"@context\":\"https:\/\/schema.org\",\"@graph\":[{\"@type\":\"Article\",\"@id\":\"https:\/\/expresorgv.online\/home\/blog\/2026\/09\/03\/quitan-agencia-del-mp-en-nuevo-laredo-tras-acuerdos-de-la-fiscalia\/#article\",\"isPartOf\":{\"@id\":\"https:\/\/expresorgv.online\/home\/blog\/2026\/09\/03\/quitan-agencia-del-mp-en-nuevo-laredo-tras-acuerdos-de-la-fiscalia\/\"},\"author\":{\"name\":\"expreso\",\"@id\":\"https:\/\/expresorgv.online\/home\/#\/schema\/person\/ae1ed1a575540204b5f59dca7f91f6a2\"},\"headline\":\"Quitan agencia del MP en Nuevo Laredo tras acuerdos de la Fiscal\u00eda\",\"datePublished\":\"2026-09-03T05:15:38+00:00\",\"dateModified\":\"2026-09-03T05:15:39+00:00\",\"mainEntityOfPage\":{\"@id\":\"https:\/\/expresorgv.online\/home\/blog\/2026\/09\/03\/quitan-agencia-del-mp-en-nuevo-laredo-tras-acuerdos-de-la-fiscalia\/\"},\"wordCount\":470,\"commentCount\":0,\"image\":{\"@id\":\"https:\/\/expresorgv.online\/home\/blog\/2026\/09\/03\/quitan-agencia-del-mp-en-nuevo-laredo-tras-acuerdos-de-la-fiscalia\/#primaryimage\"},\"thumbnailUrl\":\"https:\/\/i0.wp.com\/expresorgv.online\/home\/wp-content\/uploads\/2026\/09\/03092026MinisterioPublico.png?fit=540%2C300&ssl=1\",\"articleSection\":[\"N. LAREDO\",\"REYNOSA\"],\"inLanguage\":\"es\",\"potentialAction\":[{\"@type\":\"CommentAction\",\"name\":\"Comment\",\"target\":[\"https:\/\/expresorgv.online\/home\/blog\/2026\/09\/03\/quitan-agencia-del-mp-en-nuevo-laredo-tras-acuerdos-de-la-fiscalia\/#respond\"]}]},{\"@type\":\"WebPage\",\"@id\":\"https:\/\/expresorgv.online\/home\/blog\/2026\/09\/03\/quitan-agencia-del-mp-en-nuevo-laredo-tras-acuerdos-de-la-fiscalia\/\",\"url\":\"https:\/\/expresorgv.online\/home\/blog\/2026\/09\/03\/quitan-agencia-del-mp-en-nuevo-laredo-tras-acuerdos-de-la-fiscalia\/\",\"name\":\"Quitan agencia del MP en Nuevo Laredo tras acuerdos de la Fiscal\u00eda -\",\"isPartOf\":{\"@id\":\"https:\/\/expresorgv.online\/home\/#website\"},\"primaryImageOfPage\":{\"@id\":\"https:\/\/expresorgv.online\/home\/blog\/2026\/09\/03\/quitan-agencia-del-mp-en-nuevo-laredo-tras-acuerdos-de-la-fiscalia\/#primaryimage\"},\"image\":{\"@id\":\"https:\/\/expresorgv.online\/home\/blog\/2026\/09\/03\/quitan-agencia-del-mp-en-nuevo-laredo-tras-acuerdos-de-la-fiscalia\/#primaryimage\"},\"thumbnailUrl\":\"https:\/\/i0.wp.com\/expresorgv.online\/home\/wp-content\/uploads\/2026\/09\/03092026MinisterioPublico.png?fit=540%2C300&ssl=1\",\"datePublished\":\"2026-09-03T05:15:38+00:00\",\"dateModified\":\"2026-09-03T05:15:39+00:00\",\"author\":{\"@id\":\"https:\/\/expresorgv.online\/home\/#\/schema\/person\/ae1ed1a575540204b5f59dca7f91f6a2\"},\"breadcrumb\":{\"@id\":\"https:\/\/expresorgv.online\/home\/blog\/2026\/09\/03\/quitan-agencia-del-mp-en-nuevo-laredo-tras-acuerdos-de-la-fiscalia\/#breadcrumb\"},\"inLanguage\":\"es\",\"potentialAction\":[{\"@type\":\"ReadAction\",\"target\":[\"https:\/\/expresorgv.online\/home\/blog\/2026\/09\/03\/quitan-agencia-del-mp-en-nuevo-laredo-tras-acuerdos-de-la-fiscalia\/\"]}]},{\"@type\":\"ImageObject\",\"inLanguage\":\"es\",\"@id\":\"https:\/\/expresorgv.online\/home\/blog\/2026\/09\/03\/quitan-agencia-del-mp-en-nuevo-laredo-tras-acuerdos-de-la-fiscalia\/#primaryimage\",\"url\":\"https:\/\/i0.wp.com\/expresorgv.online\/home\/wp-content\/uploads\/2026\/09\/03092026MinisterioPublico.png?fit=540%2C300&ssl=1\",\"contentUrl\":\"https:\/\/i0.wp.com\/expresorgv.online\/home\/wp-content\/uploads\/2026\/09\/03092026MinisterioPublico.png?fit=540%2C300&ssl=1\",\"width\":540,\"height\":300},{\"@type\":\"BreadcrumbList\",\"@id\":\"https:\/\/expresorgv.online\/home\/blog\/2026\/09\/03\/quitan-agencia-del-mp-en-nuevo-laredo-tras-acuerdos-de-la-fiscalia\/#breadcrumb\",\"itemListElement\":[{\"@type\":\"ListItem\",\"position\":1,\"name\":\"Home\",\"item\":\"https:\/\/expresorgv.online\/home\/\"},{\"@type\":\"ListItem\",\"position\":2,\"name\":\"Quitan agencia del MP en Nuevo Laredo tras acuerdos de la Fiscal\u00eda\"}]},{\"@type\":\"WebSite\",\"@id\":\"https:\/\/expresorgv.online\/home\/#website\",\"url\":\"https:\/\/expresorgv.online\/home\/\",\"name\":\"\",\"description\":\"\",\"potentialAction\":[{\"@type\":\"SearchAction\",\"target\":{\"@type\":\"EntryPoint\",\"urlTemplate\":\"https:\/\/expresorgv.online\/home\/?s={search_term_string}\"},\"query-input\":{\"@type\":\"PropertyValueSpecification\",\"valueRequired\":true,\"valueName\":\"search_term_string\"}}],\"inLanguage\":\"es\"},{\"@type\":\"Person\",\"@id\":\"https:\/\/expresorgv.online\/home\/#\/schema\/person\/ae1ed1a575540204b5f59dca7f91f6a2\",\"name\":\"expreso\",\"image\":{\"@type\":\"ImageObject\",\"inLanguage\":\"es\",\"@id\":\"https:\/\/secure.gravatar.com\/avatar\/88cd9f065dcd1b722cd984aac4181386a800c0bca699eaf07e42dd8f820bddee?s=96&d=mm&r=g\",\"url\":\"https:\/\/secure.gravatar.com\/avatar\/88cd9f065dcd1b722cd984aac4181386a800c0bca699eaf07e42dd8f820bddee?s=96&d=mm&r=g\",\"contentUrl\":\"https:\/\/secure.gravatar.com\/avatar\/88cd9f065dcd1b722cd984aac4181386a800c0bca699eaf07e42dd8f820bddee?s=96&d=mm&r=g\",\"caption\":\"expreso\"},\"url\":\"https:\/\/expresorgv.online\/home\/blog\/author\/expreso\/\"}]}<\/script>\n<!-- \/ Yoast SEO plugin. -->","yoast_head_json":{"title":"Quitan agencia del MP en Nuevo Laredo tras acuerdos de la Fiscal\u00eda -","robots":{"index":"index","follow":"follow","max-snippet":"max-snippet:-1","max-image-preview":"max-image-preview:large","max-video-preview":"max-video-preview:-1"},"canonical":"https:\/\/expresorgv.online\/home\/blog\/2026\/09\/03\/quitan-agencia-del-mp-en-nuevo-laredo-tras-acuerdos-de-la-fiscalia\/","og_locale":"es_ES","og_type":"article","og_title":"Quitan agencia del MP en Nuevo Laredo tras acuerdos de la Fiscal\u00eda","og_description":"A partir de este martes 1 de septiembre entraron en vigor diversos cambios en la estructura de las agencias del Ministerio P\u00fablico Investigador en Tamaulipas, luego de que la Fiscal\u00eda General de Justicia del Estadopublic\u00f3 los acuerdos que establecen la supresi\u00f3n de cuatro de estas unidades en el norte y sur de la entidad. Desaparecen [&hellip;]","og_url":"https:\/\/expresorgv.online\/home\/blog\/2026\/09\/03\/quitan-agencia-del-mp-en-nuevo-laredo-tras-acuerdos-de-la-fiscalia\/","article_published_time":"2026-09-03T05:15:38+00:00","article_modified_time":"2026-09-03T05:15:39+00:00","og_image":[{"width":540,"height":300,"url":"https:\/\/expresorgv.online\/home\/wp-content\/uploads\/2026\/09\/03092026MinisterioPublico.png","type":"image\/png"}],"author":"expreso","twitter_card":"summary_large_image","twitter_misc":{"Escrito por":"expreso","Tiempo de lectura":"3 minutos"},"schema":{"@context":"https:\/\/schema.org","@graph":[{"@type":"Article","@id":"https:\/\/expresorgv.online\/home\/blog\/2026\/09\/03\/quitan-agencia-del-mp-en-nuevo-laredo-tras-acuerdos-de-la-fiscalia\/#article","isPartOf":{"@id":"https:\/\/expresorgv.online\/home\/blog\/2026\/09\/03\/quitan-agencia-del-mp-en-nuevo-laredo-tras-acuerdos-de-la-fiscalia\/"},"author":{"name":"expreso","@id":"https:\/\/expresorgv.online\/home\/#\/schema\/person\/ae1ed1a575540204b5f59dca7f91f6a2"},"headline":"Quitan agencia del MP en Nuevo Laredo tras acuerdos de la Fiscal\u00eda","datePublished":"2026-09-03T05:15:38+00:00","dateModified":"2026-09-03T05:15:39+00:00","mainEntityOfPage":{"@id":"https:\/\/expresorgv.online\/home\/blog\/2026\/09\/03\/quitan-agencia-del-mp-en-nuevo-laredo-tras-acuerdos-de-la-fiscalia\/"},"wordCount":470,"commentCount":0,"image":{"@id":"https:\/\/expresorgv.online\/home\/blog\/2026\/09\/03\/quitan-agencia-del-mp-en-nuevo-laredo-tras-acuerdos-de-la-fiscalia\/#primaryimage"},"thumbnailUrl":"https:\/\/i0.wp.com\/expresorgv.online\/home\/wp-content\/uploads\/2026\/09\/03092026MinisterioPublico.png?fit=540%2C300&ssl=1","articleSection":["N. LAREDO","REYNOSA"],"inLanguage":"es","potentialAction":[{"@type":"CommentAction","name":"Comment","target":["https:\/\/expresorgv.online\/home\/blog\/2026\/09\/03\/quitan-agencia-del-mp-en-nuevo-laredo-tras-acuerdos-de-la-fiscalia\/#respond"]}]},{"@type":"WebPage","@id":"https:\/\/expresorgv.online\/home\/blog\/2026\/09\/03\/quitan-agencia-del-mp-en-nuevo-laredo-tras-acuerdos-de-la-fiscalia\/","url":"https:\/\/expresorgv.online\/home\/blog\/2026\/09\/03\/quitan-agencia-del-mp-en-nuevo-laredo-tras-acuerdos-de-la-fiscalia\/","name":"Quitan agencia del MP en Nuevo Laredo tras acuerdos de la Fiscal\u00eda -","isPartOf":{"@id":"https:\/\/expresorgv.online\/home\/#website"},"primaryImageOfPage":{"@id":"https:\/\/expresorgv.online\/home\/blog\/2026\/09\/03\/quitan-agencia-del-mp-en-nuevo-laredo-tras-acuerdos-de-la-fiscalia\/#primaryimage"},"image":{"@id":"https:\/\/expresorgv.online\/home\/blog\/2026\/09\/03\/quitan-agencia-del-mp-en-nuevo-laredo-tras-acuerdos-de-la-fiscalia\/#primaryimage"},"thumbnailUrl":"https:\/\/i0.wp.com\/expresorgv.online\/home\/wp-content\/uploads\/2026\/09\/03092026MinisterioPublico.png?fit=540%2C300&ssl=1","datePublished":"2026-09-03T05:15:38+00:00","dateModified":"2026-09-03T05:15:39+00:00","author":{"@id":"https:\/\/expresorgv.online\/home\/#\/schema\/person\/ae1ed1a575540204b5f59dca7f91f6a2"},"breadcrumb":{"@id":"https:\/\/expresorgv.online\/home\/blog\/2026\/09\/03\/quitan-agencia-del-mp-en-nuevo-laredo-tras-acuerdos-de-la-fiscalia\/#breadcrumb"},"inLanguage":"es","potentialAction":[{"@type":"ReadAction","target":["https:\/\/expresorgv.online\/home\/blog\/2026\/09\/03\/quitan-agencia-del-mp-en-nuevo-laredo-tras-acuerdos-de-la-fiscalia\/"]}]},{"@type":"ImageObject","inLanguage":"es","@id":"https:\/\/expresorgv.online\/home\/blog\/2026\/09\/03\/quitan-agencia-del-mp-en-nuevo-laredo-tras-acuerdos-de-la-fiscalia\/#primaryimage","url":"https:\/\/i0.wp.com\/expresorgv.online\/home\/wp-content\/uploads\/2026\/09\/03092026MinisterioPublico.png?fit=540%2C300&ssl=1","contentUrl":"https:\/\/i0.wp.com\/expresorgv.online\/home\/wp-content\/uploads\/2026\/09\/03092026MinisterioPublico.png?fit=540%2C300&ssl=1","width":540,"height":300},{"@type":"BreadcrumbList","@id":"https:\/\/expresorgv.online\/home\/blog\/2026\/09\/03\/quitan-agencia-del-mp-en-nuevo-laredo-tras-acuerdos-de-la-fiscalia\/#breadcrumb","itemListElement":[{"@type":"ListItem","position":1,"name":"Home","item":"https:\/\/expresorgv.online\/home\/"},{"@type":"ListItem","position":2,"name":"Quitan agencia del MP en Nuevo Laredo tras acuerdos de la Fiscal\u00eda"}]},{"@type":"WebSite","@id":"https:\/\/expresorgv.online\/home\/#website","url":"https:\/\/expresorgv.online\/home\/","name":"","description":"","potentialAction":[{"@type":"SearchAction","target":{"@type":"EntryPoint","urlTemplate":"https:\/\/expresorgv.online\/home\/?s={search_term_string}"},"query-input":{"@type":"PropertyValueSpecification","valueRequired":true,"valueName":"search_term_string"}}],"inLanguage":"es"},{"@type":"Person","@id":"https:\/\/expresorgv.online\/home\/#\/schema\/person\/ae1ed1a575540204b5f59dca7f91f6a2","name":"expreso","image":{"@type":"ImageObject","inLanguage":"es","@id":"https:\/\/secure.gravatar.com\/avatar\/88cd9f065dcd1b722cd984aac4181386a800c0bca699eaf07e42dd8f820bddee?s=96&d=mm&r=g","url":"https:\/\/secure.gravatar.com\/avatar\/88cd9f065dcd1b722cd984aac4181386a800c0bca699eaf07e42dd8f820bddee?s=96&d=mm&r=g","contentUrl":"https:\/\/secure.gravatar.com\/avatar\/88cd9f065dcd1b722cd984aac4181386a800c0bca699eaf07e42dd8f820bddee?s=96&d=mm&r=g","caption":"expreso"},"url":"https:\/\/expresorgv.online\/home\/blog\/author\/expreso\/"}]}},"jetpack_featured_media_url":"https:\/\/i0.wp.com\/expresorgv.online\/home\/wp-content\/uploads\/2026\/09\/03092026MinisterioPublico.png?fit=540%2C300&ssl=1","_links":{"self":[{"href":"https:\/\/expresorgv.online\/home\/wp-json\/wp\/v2\/posts\/38400","targetHints":{"allow":["GET"]}}],"collection":[{"href":"https:\/\/expresorgv.online\/home\/wp-json\/wp\/v2\/posts"}],"about":[{"href":"https:\/\/expresorgv.online\/home\/wp-json\/wp\/v2\/types\/post"}],"author":[{"embeddable":true,"href":"https:\/\/expresorgv.online\/home\/wp-json\/wp\/v2\/users\/2"}],"replies":[{"embeddable":true,"href":"https:\/\/expresorgv.online\/home\/wp-json\/wp\/v2\/comments?post=38400"}],"version-history":[{"count":1,"href":"https:\/\/expresorgv.online\/home\/wp-json\/wp\/v2\/posts\/38400\/revisions"}],"predecessor-version":[{"id":38401,"href":"https:\/\/expresorgv.online\/home\/wp-json\/wp\/v2\/posts\/38400\/revisions\/38401"}],"wp:featuredmedia":[{"embeddable":true,"href":"https:\/\/expresorgv.online\/home\/wp-json\/wp\/v2\/media\/38382"}],"wp:attachment":[{"href":"https:\/\/expresorgv.online\/home\/wp-json\/wp\/v2\/media?parent=38400"}],"wp:term":[{"taxonomy":"category","embeddable":true,"href":"https:\/\/expresorgv.online\/home\/wp-json\/wp\/v2\/categories?post=38400"},{"taxonomy":"post_tag","embeddable":true,"href":"https:\/\/expresorgv.online\/home\/wp-json\/wp\/v2\/tags?post=38400"}],"curies":[{"name":"wp","href":"https:\/\/api.w.org\/{rel}","templated":true}]}}