{"id":38398,"date":"2026-09-03T05:13:33","date_gmt":"2026-09-03T05:13:33","guid":{"rendered":"https:\/\/expresorgv.online\/home\/?p=38398"},"modified":"2026-09-03T05:13:34","modified_gmt":"2026-09-03T05:13:34","slug":"tampico-y-matamoros-concentran-caida-de-los-empleos-en-tamaulipas","status":"publish","type":"post","link":"https:\/\/expresorgv.online\/home\/blog\/2026\/09\/03\/tampico-y-matamoros-concentran-caida-de-los-empleos-en-tamaulipas\/","title":{"rendered":"Tampico y Matamoros concentran ca\u00edda de los empleos en Tamaulipas"},"content":{"rendered":"\n<p class=\"wp-block-paragraph\">Tamaulipas perdi\u00f3 8 mil 744 empleos formales y registr\u00f3 una disminuci\u00f3n de 779 patrones ante el Instituto Mexicano del Seguro Social entre diciembre de 2025 y junio de 2026, una ca\u00edda que encendi\u00f3 las alertas de la Federaci\u00f3n de C\u00e1maras Nacionales de Comercio del estado.<\/p>\n\n\n\n<p class=\"wp-block-paragraph\">Abraham Rodr\u00edguez Padr\u00f3n, presidente de Fecanaco Tamaulipas, consider\u00f3 que el comportamiento del empleo exige una respuesta coordinada del gobierno, las empresas y los sindicatos.<\/p>\n\n\n\n<p class=\"wp-block-paragraph\">\u201cSon focos rojos que nos llaman a trabajar gobierno, iniciativa privada y sindicatos para encontrar soluciones\u201d, declar\u00f3 el dirigente empresarial.<\/p>\n\n\n\n<p class=\"wp-block-paragraph\">De acuerdo con las cifras del IMSS citadas por la organizaci\u00f3n, el n\u00famero de patrones registrados pas\u00f3 de 30 mil 676 en diciembre de 2025 a 29 mil 897 en junio. La diferencia representa una disminuci\u00f3n de 2.54 por ciento.<\/p>\n\n\n\n<p class=\"wp-block-paragraph\">El n\u00famero de trabajadores asegurados descendi\u00f3 de 905 mil 527 a 896 mil 783 durante el mismo periodo, una reducci\u00f3n de 8 mil 744 registros, equivalente a 0.97 por ciento.<\/p>\n\n\n\n<p class=\"wp-block-paragraph\">La baja de registros patronales no significa necesariamente que 779 empresas hayan cerrado. Un patr\u00f3n puede cancelar o modificar registros por cambios administrativos, reestructuraciones o movimientos de personal. El dato s\u00ed muestra una reducci\u00f3n sostenida en las cuentas activas reportadas ante el Seguro Social.<\/p>\n\n\n\n<p class=\"wp-block-paragraph\">Rodr\u00edguez Padr\u00f3n se\u00f1al\u00f3 que Matamoros concentra una parte importante del deterioro laboral y empresarial observado durante el semestre.<\/p>\n\n\n\n<p class=\"wp-block-paragraph\">\u201cNos est\u00e1 llamando la atenci\u00f3n porque tenemos un problema. La situaci\u00f3n concreta la establece Matamoros con el mayor n\u00famero de empleos y empresas perdidas\u201d, afirm\u00f3.<\/p>\n\n\n\n<p class=\"wp-block-paragraph\">Por delegaciones, Tampico registr\u00f3 la mayor reducci\u00f3n de trabajadores asegurados, con 6 mil 702 menos. Matamoros perdi\u00f3 3 mil 129 y El Mante mil 410.<\/p>\n\n\n\n<p class=\"wp-block-paragraph\">El comportamiento no fue uniforme en todo el estado. Reynosa sum\u00f3 mil 524 puestos y Ciudad Victoria agreg\u00f3 mil 205, mientras Nuevo Laredo report\u00f3 una reducci\u00f3n de 232 empleos.<\/p>\n\n\n\n<p class=\"wp-block-paragraph\">En el registro de patrones, Matamoros perdi\u00f3 148 entre diciembre y mayo; Tampico, 137; Reynosa, 109; Ciudad Victoria, 69; El Mante, 63, y Nuevo Laredo, 61, seg\u00fan el desglose difundido con base en informaci\u00f3n del IMSS.<\/p>\n\n\n\n<p class=\"wp-block-paragraph\">El presidente de Fecanaco atribuy\u00f3 parte de la disminuci\u00f3n a la automatizaci\u00f3n de actividades comerciales e industriales.<\/p>\n\n\n\n<p class=\"wp-block-paragraph\">\u201cAntes hab\u00eda 10 cajeras, ahora solo tres; el resto es autocobro. Lo mismo ocurre en la industria, donde la tecnolog\u00eda sustituye trabajadores\u201d, explic\u00f3.<\/p>\n\n\n\n<p class=\"wp-block-paragraph\">El dirigente empresarial tambi\u00e9n se\u00f1al\u00f3 que algunas maquiladoras y compa\u00f1\u00edas internacionales han trasladado operaciones hacia Aguascalientes, Quer\u00e9taro, Guanajuato, San Luis Potos\u00ed y Nuevo Le\u00f3n en busca de menores costos.<\/p>\n\n\n\n<p class=\"wp-block-paragraph\">\u201cUna maquiladora que se vaya a otro estado nos afecta con mil o dos mil empleos de golpe. Ese es el resultado que estamos viendo ahora\u201d, sostuvo.<\/p>\n\n\n\n<p class=\"wp-block-paragraph\">Sin embargo, las estad\u00edsticas laborales por s\u00ed solas no permiten determinar que toda la reducci\u00f3n sea consecuencia de la automatizaci\u00f3n o de la salida de empresas. Para establecer las causas ser\u00eda necesario identificar los sectores, tama\u00f1os de patr\u00f3n y movimientos administrativos involucrados.<\/p>\n\n\n\n<p class=\"wp-block-paragraph\">La ca\u00edda estatal ocurre mientras el empleo formal nacional alcanz\u00f3 en julio de 2026 su mayor nivel para ese mes. La Secretar\u00eda del Trabajo y Previsi\u00f3n Social report\u00f3 22 millones 760 mil 154 puestos afiliados al IMSS en el pa\u00eds y una creaci\u00f3n acumulada de 243 mil 78 empleos durante el a\u00f1o.<\/p>\n\n\n\n<p class=\"wp-block-paragraph\">En Tamaulipas, el gobierno estatal reconoci\u00f3 previamente un d\u00e9ficit de entre 5 mil y 6 mil puestos frente al nivel m\u00e1ximo alcanzado durante la actual administraci\u00f3n. El secretario del Trabajo, Gerardo Illoldi Reyes, vincul\u00f3 las fluctuaciones principalmente con ajustes en la industria maquiladora y con la incertidumbre comercial derivada de las pol\u00edticas arancelarias estadounidenses.<\/p>\n\n\n\n<p class=\"wp-block-paragraph\">Fecanaco estima que alrededor de 70 por ciento del empleo formal de Tamaulipas se concentra en la frontera. Esta dependencia de la industria exportadora vuelve a municipios como Matamoros, Reynosa y Nuevo Laredo m\u00e1s sensibles a las decisiones de producci\u00f3n y comercio tomadas en Estados Unidos.<\/p>\n\n\n\n<p class=\"wp-block-paragraph\">Rodr\u00edguez Padr\u00f3n pidi\u00f3 no minimizar la contracci\u00f3n por su proporci\u00f3n frente al total del empleo estatal. La p\u00e9rdida de puestos, dijo, debe atenderse antes de que se convierta en una tendencia m\u00e1s profunda.<\/p>\n\n\n\n<p class=\"wp-block-paragraph\">Ninfa Cant\u00fa atribuy\u00f3 parte de la ca\u00edda laboral a problemas en dos empresas, pero no precis\u00f3 cu\u00e1ntas plazas corresponden a cada una ni cu\u00e1ndo podr\u00edan recuperarse<\/p>\n","protected":false},"excerpt":{"rendered":"<p>Tamaulipas perdi\u00f3 8 mil 744 empleos formales y registr\u00f3 una disminuci\u00f3n de 779 patrones ante el Instituto Mexicano del Seguro Social entre diciembre de 2025 y junio de 2026, una ca\u00edda que encendi\u00f3 las alertas de la Federaci\u00f3n de C\u00e1maras Nacionales de Comercio del estado. Abraham Rodr\u00edguez Padr\u00f3n, presidente de Fecanaco Tamaulipas, consider\u00f3 que el [&hellip;]<\/p>\n","protected":false},"author":2,"featured_media":38377,"comment_status":"open","ping_status":"open","sticky":false,"template":"","format":"standard","meta":{"footnotes":""},"categories":[13],"tags":[],"class_list":["post-38398","post","type-post","status-publish","format-standard","has-post-thumbnail","hentry","category-matamoros"],"yoast_head":"<!-- This site is optimized with the Yoast SEO plugin v27.2 - https:\/\/yoast.com\/product\/yoast-seo-wordpress\/ -->\n<title>Tampico y Matamoros concentran ca\u00edda de los empleos en Tamaulipas -<\/title>\n<meta name=\"robots\" content=\"index, follow, max-snippet:-1, max-image-preview:large, max-video-preview:-1\" \/>\n<link rel=\"canonical\" href=\"https:\/\/expresorgv.online\/home\/blog\/2026\/09\/03\/tampico-y-matamoros-concentran-caida-de-los-empleos-en-tamaulipas\/\" \/>\n<meta property=\"og:locale\" content=\"es_ES\" \/>\n<meta property=\"og:type\" content=\"article\" \/>\n<meta property=\"og:title\" content=\"Tampico y Matamoros concentran ca\u00edda de los empleos en Tamaulipas\" \/>\n<meta property=\"og:description\" content=\"Tamaulipas perdi\u00f3 8 mil 744 empleos formales y registr\u00f3 una disminuci\u00f3n de 779 patrones ante el Instituto Mexicano del Seguro Social entre diciembre de 2025 y junio de 2026, una ca\u00edda que encendi\u00f3 las alertas de la Federaci\u00f3n de C\u00e1maras Nacionales de Comercio del estado. Abraham Rodr\u00edguez Padr\u00f3n, presidente de Fecanaco Tamaulipas, consider\u00f3 que el [&hellip;]\" \/>\n<meta property=\"og:url\" content=\"https:\/\/expresorgv.online\/home\/blog\/2026\/09\/03\/tampico-y-matamoros-concentran-caida-de-los-empleos-en-tamaulipas\/\" \/>\n<meta property=\"article:published_time\" content=\"2026-09-03T05:13:33+00:00\" \/>\n<meta property=\"article:modified_time\" content=\"2026-09-03T05:13:34+00:00\" \/>\n<meta property=\"og:image\" content=\"https:\/\/expresorgv.online\/home\/wp-content\/uploads\/2026\/09\/03092026Empleos.png\" \/>\n\t<meta property=\"og:image:width\" content=\"540\" \/>\n\t<meta property=\"og:image:height\" content=\"300\" \/>\n\t<meta property=\"og:image:type\" content=\"image\/png\" \/>\n<meta name=\"author\" content=\"expreso\" \/>\n<meta name=\"twitter:card\" content=\"summary_large_image\" \/>\n<meta name=\"twitter:label1\" content=\"Escrito por\" \/>\n\t<meta name=\"twitter:data1\" content=\"expreso\" \/>\n\t<meta name=\"twitter:label2\" content=\"Tiempo de lectura\" \/>\n\t<meta name=\"twitter:data2\" content=\"4 minutos\" \/>\n<script type=\"application\/ld+json\" class=\"yoast-schema-graph\">{\"@context\":\"https:\/\/schema.org\",\"@graph\":[{\"@type\":\"Article\",\"@id\":\"https:\/\/expresorgv.online\/home\/blog\/2026\/09\/03\/tampico-y-matamoros-concentran-caida-de-los-empleos-en-tamaulipas\/#article\",\"isPartOf\":{\"@id\":\"https:\/\/expresorgv.online\/home\/blog\/2026\/09\/03\/tampico-y-matamoros-concentran-caida-de-los-empleos-en-tamaulipas\/\"},\"author\":{\"name\":\"expreso\",\"@id\":\"https:\/\/expresorgv.online\/home\/#\/schema\/person\/ae1ed1a575540204b5f59dca7f91f6a2\"},\"headline\":\"Tampico y Matamoros concentran ca\u00edda de los empleos en Tamaulipas\",\"datePublished\":\"2026-09-03T05:13:33+00:00\",\"dateModified\":\"2026-09-03T05:13:34+00:00\",\"mainEntityOfPage\":{\"@id\":\"https:\/\/expresorgv.online\/home\/blog\/2026\/09\/03\/tampico-y-matamoros-concentran-caida-de-los-empleos-en-tamaulipas\/\"},\"wordCount\":713,\"commentCount\":0,\"image\":{\"@id\":\"https:\/\/expresorgv.online\/home\/blog\/2026\/09\/03\/tampico-y-matamoros-concentran-caida-de-los-empleos-en-tamaulipas\/#primaryimage\"},\"thumbnailUrl\":\"https:\/\/i0.wp.com\/expresorgv.online\/home\/wp-content\/uploads\/2026\/09\/03092026Empleos.png?fit=540%2C300&ssl=1\",\"articleSection\":[\"MATAMOROS\"],\"inLanguage\":\"es\",\"potentialAction\":[{\"@type\":\"CommentAction\",\"name\":\"Comment\",\"target\":[\"https:\/\/expresorgv.online\/home\/blog\/2026\/09\/03\/tampico-y-matamoros-concentran-caida-de-los-empleos-en-tamaulipas\/#respond\"]}]},{\"@type\":\"WebPage\",\"@id\":\"https:\/\/expresorgv.online\/home\/blog\/2026\/09\/03\/tampico-y-matamoros-concentran-caida-de-los-empleos-en-tamaulipas\/\",\"url\":\"https:\/\/expresorgv.online\/home\/blog\/2026\/09\/03\/tampico-y-matamoros-concentran-caida-de-los-empleos-en-tamaulipas\/\",\"name\":\"Tampico y Matamoros concentran ca\u00edda de los empleos en Tamaulipas -\",\"isPartOf\":{\"@id\":\"https:\/\/expresorgv.online\/home\/#website\"},\"primaryImageOfPage\":{\"@id\":\"https:\/\/expresorgv.online\/home\/blog\/2026\/09\/03\/tampico-y-matamoros-concentran-caida-de-los-empleos-en-tamaulipas\/#primaryimage\"},\"image\":{\"@id\":\"https:\/\/expresorgv.online\/home\/blog\/2026\/09\/03\/tampico-y-matamoros-concentran-caida-de-los-empleos-en-tamaulipas\/#primaryimage\"},\"thumbnailUrl\":\"https:\/\/i0.wp.com\/expresorgv.online\/home\/wp-content\/uploads\/2026\/09\/03092026Empleos.png?fit=540%2C300&ssl=1\",\"datePublished\":\"2026-09-03T05:13:33+00:00\",\"dateModified\":\"2026-09-03T05:13:34+00:00\",\"author\":{\"@id\":\"https:\/\/expresorgv.online\/home\/#\/schema\/person\/ae1ed1a575540204b5f59dca7f91f6a2\"},\"breadcrumb\":{\"@id\":\"https:\/\/expresorgv.online\/home\/blog\/2026\/09\/03\/tampico-y-matamoros-concentran-caida-de-los-empleos-en-tamaulipas\/#breadcrumb\"},\"inLanguage\":\"es\",\"potentialAction\":[{\"@type\":\"ReadAction\",\"target\":[\"https:\/\/expresorgv.online\/home\/blog\/2026\/09\/03\/tampico-y-matamoros-concentran-caida-de-los-empleos-en-tamaulipas\/\"]}]},{\"@type\":\"ImageObject\",\"inLanguage\":\"es\",\"@id\":\"https:\/\/expresorgv.online\/home\/blog\/2026\/09\/03\/tampico-y-matamoros-concentran-caida-de-los-empleos-en-tamaulipas\/#primaryimage\",\"url\":\"https:\/\/i0.wp.com\/expresorgv.online\/home\/wp-content\/uploads\/2026\/09\/03092026Empleos.png?fit=540%2C300&ssl=1\",\"contentUrl\":\"https:\/\/i0.wp.com\/expresorgv.online\/home\/wp-content\/uploads\/2026\/09\/03092026Empleos.png?fit=540%2C300&ssl=1\",\"width\":540,\"height\":300},{\"@type\":\"BreadcrumbList\",\"@id\":\"https:\/\/expresorgv.online\/home\/blog\/2026\/09\/03\/tampico-y-matamoros-concentran-caida-de-los-empleos-en-tamaulipas\/#breadcrumb\",\"itemListElement\":[{\"@type\":\"ListItem\",\"position\":1,\"name\":\"Home\",\"item\":\"https:\/\/expresorgv.online\/home\/\"},{\"@type\":\"ListItem\",\"position\":2,\"name\":\"Tampico y Matamoros concentran ca\u00edda de los empleos en Tamaulipas\"}]},{\"@type\":\"WebSite\",\"@id\":\"https:\/\/expresorgv.online\/home\/#website\",\"url\":\"https:\/\/expresorgv.online\/home\/\",\"name\":\"\",\"description\":\"\",\"potentialAction\":[{\"@type\":\"SearchAction\",\"target\":{\"@type\":\"EntryPoint\",\"urlTemplate\":\"https:\/\/expresorgv.online\/home\/?s={search_term_string}\"},\"query-input\":{\"@type\":\"PropertyValueSpecification\",\"valueRequired\":true,\"valueName\":\"search_term_string\"}}],\"inLanguage\":\"es\"},{\"@type\":\"Person\",\"@id\":\"https:\/\/expresorgv.online\/home\/#\/schema\/person\/ae1ed1a575540204b5f59dca7f91f6a2\",\"name\":\"expreso\",\"image\":{\"@type\":\"ImageObject\",\"inLanguage\":\"es\",\"@id\":\"https:\/\/secure.gravatar.com\/avatar\/88cd9f065dcd1b722cd984aac4181386a800c0bca699eaf07e42dd8f820bddee?s=96&d=mm&r=g\",\"url\":\"https:\/\/secure.gravatar.com\/avatar\/88cd9f065dcd1b722cd984aac4181386a800c0bca699eaf07e42dd8f820bddee?s=96&d=mm&r=g\",\"contentUrl\":\"https:\/\/secure.gravatar.com\/avatar\/88cd9f065dcd1b722cd984aac4181386a800c0bca699eaf07e42dd8f820bddee?s=96&d=mm&r=g\",\"caption\":\"expreso\"},\"url\":\"https:\/\/expresorgv.online\/home\/blog\/author\/expreso\/\"}]}<\/script>\n<!-- \/ Yoast SEO plugin. -->","yoast_head_json":{"title":"Tampico y Matamoros concentran ca\u00edda de los empleos en Tamaulipas -","robots":{"index":"index","follow":"follow","max-snippet":"max-snippet:-1","max-image-preview":"max-image-preview:large","max-video-preview":"max-video-preview:-1"},"canonical":"https:\/\/expresorgv.online\/home\/blog\/2026\/09\/03\/tampico-y-matamoros-concentran-caida-de-los-empleos-en-tamaulipas\/","og_locale":"es_ES","og_type":"article","og_title":"Tampico y Matamoros concentran ca\u00edda de los empleos en Tamaulipas","og_description":"Tamaulipas perdi\u00f3 8 mil 744 empleos formales y registr\u00f3 una disminuci\u00f3n de 779 patrones ante el Instituto Mexicano del Seguro Social entre diciembre de 2025 y junio de 2026, una ca\u00edda que encendi\u00f3 las alertas de la Federaci\u00f3n de C\u00e1maras Nacionales de Comercio del estado. Abraham Rodr\u00edguez Padr\u00f3n, presidente de Fecanaco Tamaulipas, consider\u00f3 que el [&hellip;]","og_url":"https:\/\/expresorgv.online\/home\/blog\/2026\/09\/03\/tampico-y-matamoros-concentran-caida-de-los-empleos-en-tamaulipas\/","article_published_time":"2026-09-03T05:13:33+00:00","article_modified_time":"2026-09-03T05:13:34+00:00","og_image":[{"width":540,"height":300,"url":"https:\/\/expresorgv.online\/home\/wp-content\/uploads\/2026\/09\/03092026Empleos.png","type":"image\/png"}],"author":"expreso","twitter_card":"summary_large_image","twitter_misc":{"Escrito por":"expreso","Tiempo de lectura":"4 minutos"},"schema":{"@context":"https:\/\/schema.org","@graph":[{"@type":"Article","@id":"https:\/\/expresorgv.online\/home\/blog\/2026\/09\/03\/tampico-y-matamoros-concentran-caida-de-los-empleos-en-tamaulipas\/#article","isPartOf":{"@id":"https:\/\/expresorgv.online\/home\/blog\/2026\/09\/03\/tampico-y-matamoros-concentran-caida-de-los-empleos-en-tamaulipas\/"},"author":{"name":"expreso","@id":"https:\/\/expresorgv.online\/home\/#\/schema\/person\/ae1ed1a575540204b5f59dca7f91f6a2"},"headline":"Tampico y Matamoros concentran ca\u00edda de los empleos en Tamaulipas","datePublished":"2026-09-03T05:13:33+00:00","dateModified":"2026-09-03T05:13:34+00:00","mainEntityOfPage":{"@id":"https:\/\/expresorgv.online\/home\/blog\/2026\/09\/03\/tampico-y-matamoros-concentran-caida-de-los-empleos-en-tamaulipas\/"},"wordCount":713,"commentCount":0,"image":{"@id":"https:\/\/expresorgv.online\/home\/blog\/2026\/09\/03\/tampico-y-matamoros-concentran-caida-de-los-empleos-en-tamaulipas\/#primaryimage"},"thumbnailUrl":"https:\/\/i0.wp.com\/expresorgv.online\/home\/wp-content\/uploads\/2026\/09\/03092026Empleos.png?fit=540%2C300&ssl=1","articleSection":["MATAMOROS"],"inLanguage":"es","potentialAction":[{"@type":"CommentAction","name":"Comment","target":["https:\/\/expresorgv.online\/home\/blog\/2026\/09\/03\/tampico-y-matamoros-concentran-caida-de-los-empleos-en-tamaulipas\/#respond"]}]},{"@type":"WebPage","@id":"https:\/\/expresorgv.online\/home\/blog\/2026\/09\/03\/tampico-y-matamoros-concentran-caida-de-los-empleos-en-tamaulipas\/","url":"https:\/\/expresorgv.online\/home\/blog\/2026\/09\/03\/tampico-y-matamoros-concentran-caida-de-los-empleos-en-tamaulipas\/","name":"Tampico y Matamoros concentran ca\u00edda de los empleos en Tamaulipas -","isPartOf":{"@id":"https:\/\/expresorgv.online\/home\/#website"},"primaryImageOfPage":{"@id":"https:\/\/expresorgv.online\/home\/blog\/2026\/09\/03\/tampico-y-matamoros-concentran-caida-de-los-empleos-en-tamaulipas\/#primaryimage"},"image":{"@id":"https:\/\/expresorgv.online\/home\/blog\/2026\/09\/03\/tampico-y-matamoros-concentran-caida-de-los-empleos-en-tamaulipas\/#primaryimage"},"thumbnailUrl":"https:\/\/i0.wp.com\/expresorgv.online\/home\/wp-content\/uploads\/2026\/09\/03092026Empleos.png?fit=540%2C300&ssl=1","datePublished":"2026-09-03T05:13:33+00:00","dateModified":"2026-09-03T05:13:34+00:00","author":{"@id":"https:\/\/expresorgv.online\/home\/#\/schema\/person\/ae1ed1a575540204b5f59dca7f91f6a2"},"breadcrumb":{"@id":"https:\/\/expresorgv.online\/home\/blog\/2026\/09\/03\/tampico-y-matamoros-concentran-caida-de-los-empleos-en-tamaulipas\/#breadcrumb"},"inLanguage":"es","potentialAction":[{"@type":"ReadAction","target":["https:\/\/expresorgv.online\/home\/blog\/2026\/09\/03\/tampico-y-matamoros-concentran-caida-de-los-empleos-en-tamaulipas\/"]}]},{"@type":"ImageObject","inLanguage":"es","@id":"https:\/\/expresorgv.online\/home\/blog\/2026\/09\/03\/tampico-y-matamoros-concentran-caida-de-los-empleos-en-tamaulipas\/#primaryimage","url":"https:\/\/i0.wp.com\/expresorgv.online\/home\/wp-content\/uploads\/2026\/09\/03092026Empleos.png?fit=540%2C300&ssl=1","contentUrl":"https:\/\/i0.wp.com\/expresorgv.online\/home\/wp-content\/uploads\/2026\/09\/03092026Empleos.png?fit=540%2C300&ssl=1","width":540,"height":300},{"@type":"BreadcrumbList","@id":"https:\/\/expresorgv.online\/home\/blog\/2026\/09\/03\/tampico-y-matamoros-concentran-caida-de-los-empleos-en-tamaulipas\/#breadcrumb","itemListElement":[{"@type":"ListItem","position":1,"name":"Home","item":"https:\/\/expresorgv.online\/home\/"},{"@type":"ListItem","position":2,"name":"Tampico y Matamoros concentran ca\u00edda de los empleos en Tamaulipas"}]},{"@type":"WebSite","@id":"https:\/\/expresorgv.online\/home\/#website","url":"https:\/\/expresorgv.online\/home\/","name":"","description":"","potentialAction":[{"@type":"SearchAction","target":{"@type":"EntryPoint","urlTemplate":"https:\/\/expresorgv.online\/home\/?s={search_term_string}"},"query-input":{"@type":"PropertyValueSpecification","valueRequired":true,"valueName":"search_term_string"}}],"inLanguage":"es"},{"@type":"Person","@id":"https:\/\/expresorgv.online\/home\/#\/schema\/person\/ae1ed1a575540204b5f59dca7f91f6a2","name":"expreso","image":{"@type":"ImageObject","inLanguage":"es","@id":"https:\/\/secure.gravatar.com\/avatar\/88cd9f065dcd1b722cd984aac4181386a800c0bca699eaf07e42dd8f820bddee?s=96&d=mm&r=g","url":"https:\/\/secure.gravatar.com\/avatar\/88cd9f065dcd1b722cd984aac4181386a800c0bca699eaf07e42dd8f820bddee?s=96&d=mm&r=g","contentUrl":"https:\/\/secure.gravatar.com\/avatar\/88cd9f065dcd1b722cd984aac4181386a800c0bca699eaf07e42dd8f820bddee?s=96&d=mm&r=g","caption":"expreso"},"url":"https:\/\/expresorgv.online\/home\/blog\/author\/expreso\/"}]}},"jetpack_featured_media_url":"https:\/\/i0.wp.com\/expresorgv.online\/home\/wp-content\/uploads\/2026\/09\/03092026Empleos.png?fit=540%2C300&ssl=1","_links":{"self":[{"href":"https:\/\/expresorgv.online\/home\/wp-json\/wp\/v2\/posts\/38398","targetHints":{"allow":["GET"]}}],"collection":[{"href":"https:\/\/expresorgv.online\/home\/wp-json\/wp\/v2\/posts"}],"about":[{"href":"https:\/\/expresorgv.online\/home\/wp-json\/wp\/v2\/types\/post"}],"author":[{"embeddable":true,"href":"https:\/\/expresorgv.online\/home\/wp-json\/wp\/v2\/users\/2"}],"replies":[{"embeddable":true,"href":"https:\/\/expresorgv.online\/home\/wp-json\/wp\/v2\/comments?post=38398"}],"version-history":[{"count":1,"href":"https:\/\/expresorgv.online\/home\/wp-json\/wp\/v2\/posts\/38398\/revisions"}],"predecessor-version":[{"id":38399,"href":"https:\/\/expresorgv.online\/home\/wp-json\/wp\/v2\/posts\/38398\/revisions\/38399"}],"wp:featuredmedia":[{"embeddable":true,"href":"https:\/\/expresorgv.online\/home\/wp-json\/wp\/v2\/media\/38377"}],"wp:attachment":[{"href":"https:\/\/expresorgv.online\/home\/wp-json\/wp\/v2\/media?parent=38398"}],"wp:term":[{"taxonomy":"category","embeddable":true,"href":"https:\/\/expresorgv.online\/home\/wp-json\/wp\/v2\/categories?post=38398"},{"taxonomy":"post_tag","embeddable":true,"href":"https:\/\/expresorgv.online\/home\/wp-json\/wp\/v2\/tags?post=38398"}],"curies":[{"name":"wp","href":"https:\/\/api.w.org\/{rel}","templated":true}]}}