{"id":38396,"date":"2026-09-03T05:08:19","date_gmt":"2026-09-03T05:08:19","guid":{"rendered":"https:\/\/expresorgv.online\/home\/?p=38396"},"modified":"2026-09-03T05:08:20","modified_gmt":"2026-09-03T05:08:20","slug":"pan-va-por-cadena-perpetua-a-narcopoliticos-pide-penas-de-hasta-140-anos","status":"publish","type":"post","link":"https:\/\/expresorgv.online\/home\/blog\/2026\/09\/03\/pan-va-por-cadena-perpetua-a-narcopoliticos-pide-penas-de-hasta-140-anos\/","title":{"rendered":"PAN va por cadena perpetua a narcopol\u00edticos; pide penas de hasta 140 a\u00f1os"},"content":{"rendered":"\n<p class=\"wp-block-paragraph\">Para poner punto final a la colusi\u00f3n de funcionarios p\u00fablicos con el crimen organizado, el Partido Acci\u00f3n Nacional propone llevar a cadena perpetua, o prisi\u00f3n de por vida, a los llamados \u201cnarcopol\u00edticos\u201d y convertir en delito la colusi\u00f3n de funcionarios p\u00fablicos con organizaciones criminales, con penas de hasta 140 a\u00f1os de c\u00e1rcel e imprescriptibilidad.<\/p>\n\n\n\n<h3 class=\"wp-block-heading\">Punto final a la era de los Rocha Moyas, punto final a la complacencia criminal, punto final a la narcopol\u00edtica\u201d, plante\u00f3 el coordinador de los diputados panistas, El\u00edas Lixa, al se\u00f1alar que el combate a estos v\u00ednculos no puede terminar simplemente con licencias o separaciones de cargos, sino con sanciones ejemplares.<\/h3>\n\n\n\n<p class=\"wp-block-paragraph\">El legislador yucateco sostuvo que, si realmente se pretende terminar con la narcopol\u00edtica, los responsables no pueden conservar su libertad.<\/p>\n\n\n\n<h3 class=\"wp-block-heading\">Para que termine la era de los narcopol\u00edticos y los Rocha Moyas, no puede concluir con impunidad, no puede acabar con Rocha Moya y los otros c\u00f3mplices de diferentes gobiernos gozando de su libertad\u201d, afirm\u00f3.<\/h3>\n\n\n\n<p class=\"wp-block-paragraph\">Durante la sesi\u00f3n ordinaria en San L\u00e1zaro, el diputado de Acci\u00f3n Nacional, Jos\u00e9 Hinojosa, explic\u00f3 que la propuesta busca que las alianzas entre funcionarios y grupos del crimen organizado sean sancionadas como delito y consideradas equiparables a la \u201ctraici\u00f3n a la patria\u201d, cuando impliquen utilizar las instituciones del Estado en beneficio de organizaciones criminales.<\/p>\n\n\n\n<p class=\"wp-block-paragraph\">La reforma alcanzar\u00eda al titular del Ejecutivo Federal, gobernadores y otros titulares de los poderes ejecutivos federal y estatales, as\u00ed como a secretarios federales o estatales, integrantes de la Fiscal\u00eda General de la Rep\u00fablica y fiscal\u00edas locales, adem\u00e1s del titular del Secretariado Ejecutivo del Sistema Nacional de Seguridad P\u00fablica, siempre que participen o colaboren con integrantes del crimen organizado.<\/p>\n\n\n\n<p class=\"wp-block-paragraph\">Lixa explic\u00f3 que existen distintas maneras de establecer una pena de cadena perpetua. Una ser\u00eda denominarla expresamente de esa forma; la otra, que es la v\u00eda planteada por el PAN, consiste en imponer una pena m\u00e1xima de entre 80 y 140 a\u00f1os, que en la pr\u00e1ctica, impedir\u00eda que el responsable vuelva a recuperar su libertad.<\/p>\n\n\n\n<h3 class=\"wp-block-heading\">Yo no s\u00e9 qui\u00e9n pueda sobrevivir a 80 a 140 a\u00f1os de c\u00e1rcel\u201d, ironiz\u00f3.<\/h3>\n\n\n\n<h3 class=\"wp-block-heading\">Si existe una persona, quien sea, que haya utilizado las estructuras del gobierno para servir a los criminales, esa persona tiene que estar tras las rejas el resto de su vida\u201d, sentenci\u00f3.<\/h3>\n\n\n\n<p class=\"wp-block-paragraph\">La iniciativa tambi\u00e9n contempla sancionar a integrantes del crimen organizado que atenten contra las instituciones democr\u00e1ticas mediante actos destinados a influir en las decisiones de los poderes del Estado o que busquen incidir en los resultados de una elecci\u00f3n popular.<\/p>\n\n\n\n<p class=\"wp-block-paragraph\">Adem\u00e1s, plantea investigar y sancionar la conducta de colusi\u00f3n conforme a las disposiciones propuestas y a los t\u00e9rminos de la Ley Federal contra la Delincuencia Organizada.<\/p>\n\n\n\n<p class=\"wp-block-paragraph\">El coordinador panista reconoci\u00f3 que, por la correlaci\u00f3n de fuerzas en la C\u00e1mara de Diputados, el PAN no cuenta por s\u00ed solo con los votos necesarios para sacar adelante la reforma, pero advirti\u00f3 que cada legislador tendr\u00e1 que asumir una posici\u00f3n.<\/p>\n\n\n\n<h3 class=\"wp-block-heading\">Cada diputado deber\u00e1 elegir de qu\u00e9 lado de la historia est\u00e1\u201d, afirm\u00f3.<\/h3>\n\n\n\n<p class=\"wp-block-paragraph\">Lixa sostuvo que la situaci\u00f3n en Sinaloa y los se\u00f1alamientos contra funcionarios y exfuncionarios deben ser un punto de partida para discutir sanciones de fondo, y cuestion\u00f3 que la respuesta pol\u00edtica se limite a licencias o movimientos parlamentarios.<\/p>\n\n\n\n<h3 class=\"wp-block-heading\">Hoy de poco sirve decir que obligaron a Rocha Moya nuevamente a pedir licencia o que Inzunza ya no es parte de su grupo parlamentario. Es que la podredumbre ha llegado a lo m\u00e1s alto de las estructuras de este gobierno\u201d, acus\u00f3.<\/h3>\n\n\n\n<h2 class=\"wp-block-heading\">&nbsp;\u00abQui\u00e9n dijo miedo\u00bb<\/h2>\n\n\n\n<p class=\"wp-block-paragraph\">Ante la posibilidad de que el endurecimiento de la postura panista genere nuevas investigaciones o acciones contra integrantes de su propio partido, Lixa rechaz\u00f3 que exista temor.<\/p>\n\n\n\n<h3 class=\"wp-block-heading\">No me hablen de miedo, aqu\u00ed miedo no van a encontrar (\u2026); vamos a hablar de frente porque no le tenemos miedo a la verdad\u201d, sostuvo.<\/h3>\n\n\n\n<p class=\"wp-block-paragraph\">Sin embargo, se\u00f1al\u00f3 que en M\u00e9xico la justicia se aplica con doble racero. Dijo que mientras el \u201cex gobernador de Baja California, Ernesto Ruffo, es un preso pol\u00edtico, el gobernador de Sinaloa con licencia, Rub\u00e9n Rocha Moya, sigue libre, a pesar de los se\u00f1alamientos de nexos con Los Chapitos, los hijos de Joaqu\u00edn \u201cEl Chapo\u201d Guzm\u00e1n.<\/p>\n","protected":false},"excerpt":{"rendered":"<p>Para poner punto final a la colusi\u00f3n de funcionarios p\u00fablicos con el crimen organizado, el Partido Acci\u00f3n Nacional propone llevar a cadena perpetua, o prisi\u00f3n de por vida, a los llamados \u201cnarcopol\u00edticos\u201d y convertir en delito la colusi\u00f3n de funcionarios p\u00fablicos con organizaciones criminales, con penas de hasta 140 a\u00f1os de c\u00e1rcel e imprescriptibilidad. Punto [&hellip;]<\/p>\n","protected":false},"author":2,"featured_media":38383,"comment_status":"open","ping_status":"open","sticky":false,"template":"","format":"standard","meta":{"footnotes":""},"categories":[6],"tags":[],"class_list":["post-38396","post","type-post","status-publish","format-standard","has-post-thumbnail","hentry","category-nacional"],"yoast_head":"<!-- This site is optimized with the Yoast SEO plugin v27.2 - https:\/\/yoast.com\/product\/yoast-seo-wordpress\/ -->\n<title>PAN va por cadena perpetua a narcopol\u00edticos; pide penas de hasta 140 a\u00f1os -<\/title>\n<meta name=\"robots\" content=\"index, follow, max-snippet:-1, max-image-preview:large, max-video-preview:-1\" \/>\n<link rel=\"canonical\" href=\"https:\/\/expresorgv.online\/home\/blog\/2026\/09\/03\/pan-va-por-cadena-perpetua-a-narcopoliticos-pide-penas-de-hasta-140-anos\/\" \/>\n<meta property=\"og:locale\" content=\"es_ES\" \/>\n<meta property=\"og:type\" content=\"article\" \/>\n<meta property=\"og:title\" content=\"PAN va por cadena perpetua a narcopol\u00edticos; pide penas de hasta 140 a\u00f1os\" \/>\n<meta property=\"og:description\" content=\"Para poner punto final a la colusi\u00f3n de funcionarios p\u00fablicos con el crimen organizado, el Partido Acci\u00f3n Nacional propone llevar a cadena perpetua, o prisi\u00f3n de por vida, a los llamados \u201cnarcopol\u00edticos\u201d y convertir en delito la colusi\u00f3n de funcionarios p\u00fablicos con organizaciones criminales, con penas de hasta 140 a\u00f1os de c\u00e1rcel e imprescriptibilidad. Punto [&hellip;]\" \/>\n<meta property=\"og:url\" content=\"https:\/\/expresorgv.online\/home\/blog\/2026\/09\/03\/pan-va-por-cadena-perpetua-a-narcopoliticos-pide-penas-de-hasta-140-anos\/\" \/>\n<meta property=\"article:published_time\" content=\"2026-09-03T05:08:19+00:00\" \/>\n<meta property=\"article:modified_time\" content=\"2026-09-03T05:08:20+00:00\" \/>\n<meta property=\"og:image\" content=\"https:\/\/expresorgv.online\/home\/wp-content\/uploads\/2026\/09\/03092026Perpetua.png\" \/>\n\t<meta property=\"og:image:width\" content=\"540\" \/>\n\t<meta property=\"og:image:height\" content=\"300\" \/>\n\t<meta property=\"og:image:type\" content=\"image\/png\" \/>\n<meta name=\"author\" content=\"expreso\" \/>\n<meta name=\"twitter:card\" content=\"summary_large_image\" \/>\n<meta name=\"twitter:label1\" content=\"Escrito por\" \/>\n\t<meta name=\"twitter:data1\" content=\"expreso\" \/>\n\t<meta name=\"twitter:label2\" content=\"Tiempo de lectura\" \/>\n\t<meta name=\"twitter:data2\" content=\"4 minutos\" \/>\n<script type=\"application\/ld+json\" class=\"yoast-schema-graph\">{\"@context\":\"https:\/\/schema.org\",\"@graph\":[{\"@type\":\"Article\",\"@id\":\"https:\/\/expresorgv.online\/home\/blog\/2026\/09\/03\/pan-va-por-cadena-perpetua-a-narcopoliticos-pide-penas-de-hasta-140-anos\/#article\",\"isPartOf\":{\"@id\":\"https:\/\/expresorgv.online\/home\/blog\/2026\/09\/03\/pan-va-por-cadena-perpetua-a-narcopoliticos-pide-penas-de-hasta-140-anos\/\"},\"author\":{\"name\":\"expreso\",\"@id\":\"https:\/\/expresorgv.online\/home\/#\/schema\/person\/ae1ed1a575540204b5f59dca7f91f6a2\"},\"headline\":\"PAN va por cadena perpetua a narcopol\u00edticos; pide penas de hasta 140 a\u00f1os\",\"datePublished\":\"2026-09-03T05:08:19+00:00\",\"dateModified\":\"2026-09-03T05:08:20+00:00\",\"mainEntityOfPage\":{\"@id\":\"https:\/\/expresorgv.online\/home\/blog\/2026\/09\/03\/pan-va-por-cadena-perpetua-a-narcopoliticos-pide-penas-de-hasta-140-anos\/\"},\"wordCount\":750,\"commentCount\":0,\"image\":{\"@id\":\"https:\/\/expresorgv.online\/home\/blog\/2026\/09\/03\/pan-va-por-cadena-perpetua-a-narcopoliticos-pide-penas-de-hasta-140-anos\/#primaryimage\"},\"thumbnailUrl\":\"https:\/\/i0.wp.com\/expresorgv.online\/home\/wp-content\/uploads\/2026\/09\/03092026Perpetua.png?fit=540%2C300&ssl=1\",\"articleSection\":[\"NACIONAL\"],\"inLanguage\":\"es\",\"potentialAction\":[{\"@type\":\"CommentAction\",\"name\":\"Comment\",\"target\":[\"https:\/\/expresorgv.online\/home\/blog\/2026\/09\/03\/pan-va-por-cadena-perpetua-a-narcopoliticos-pide-penas-de-hasta-140-anos\/#respond\"]}]},{\"@type\":\"WebPage\",\"@id\":\"https:\/\/expresorgv.online\/home\/blog\/2026\/09\/03\/pan-va-por-cadena-perpetua-a-narcopoliticos-pide-penas-de-hasta-140-anos\/\",\"url\":\"https:\/\/expresorgv.online\/home\/blog\/2026\/09\/03\/pan-va-por-cadena-perpetua-a-narcopoliticos-pide-penas-de-hasta-140-anos\/\",\"name\":\"PAN va por cadena perpetua a narcopol\u00edticos; pide penas de hasta 140 a\u00f1os -\",\"isPartOf\":{\"@id\":\"https:\/\/expresorgv.online\/home\/#website\"},\"primaryImageOfPage\":{\"@id\":\"https:\/\/expresorgv.online\/home\/blog\/2026\/09\/03\/pan-va-por-cadena-perpetua-a-narcopoliticos-pide-penas-de-hasta-140-anos\/#primaryimage\"},\"image\":{\"@id\":\"https:\/\/expresorgv.online\/home\/blog\/2026\/09\/03\/pan-va-por-cadena-perpetua-a-narcopoliticos-pide-penas-de-hasta-140-anos\/#primaryimage\"},\"thumbnailUrl\":\"https:\/\/i0.wp.com\/expresorgv.online\/home\/wp-content\/uploads\/2026\/09\/03092026Perpetua.png?fit=540%2C300&ssl=1\",\"datePublished\":\"2026-09-03T05:08:19+00:00\",\"dateModified\":\"2026-09-03T05:08:20+00:00\",\"author\":{\"@id\":\"https:\/\/expresorgv.online\/home\/#\/schema\/person\/ae1ed1a575540204b5f59dca7f91f6a2\"},\"breadcrumb\":{\"@id\":\"https:\/\/expresorgv.online\/home\/blog\/2026\/09\/03\/pan-va-por-cadena-perpetua-a-narcopoliticos-pide-penas-de-hasta-140-anos\/#breadcrumb\"},\"inLanguage\":\"es\",\"potentialAction\":[{\"@type\":\"ReadAction\",\"target\":[\"https:\/\/expresorgv.online\/home\/blog\/2026\/09\/03\/pan-va-por-cadena-perpetua-a-narcopoliticos-pide-penas-de-hasta-140-anos\/\"]}]},{\"@type\":\"ImageObject\",\"inLanguage\":\"es\",\"@id\":\"https:\/\/expresorgv.online\/home\/blog\/2026\/09\/03\/pan-va-por-cadena-perpetua-a-narcopoliticos-pide-penas-de-hasta-140-anos\/#primaryimage\",\"url\":\"https:\/\/i0.wp.com\/expresorgv.online\/home\/wp-content\/uploads\/2026\/09\/03092026Perpetua.png?fit=540%2C300&ssl=1\",\"contentUrl\":\"https:\/\/i0.wp.com\/expresorgv.online\/home\/wp-content\/uploads\/2026\/09\/03092026Perpetua.png?fit=540%2C300&ssl=1\",\"width\":540,\"height\":300},{\"@type\":\"BreadcrumbList\",\"@id\":\"https:\/\/expresorgv.online\/home\/blog\/2026\/09\/03\/pan-va-por-cadena-perpetua-a-narcopoliticos-pide-penas-de-hasta-140-anos\/#breadcrumb\",\"itemListElement\":[{\"@type\":\"ListItem\",\"position\":1,\"name\":\"Home\",\"item\":\"https:\/\/expresorgv.online\/home\/\"},{\"@type\":\"ListItem\",\"position\":2,\"name\":\"PAN va por cadena perpetua a narcopol\u00edticos; pide penas de hasta 140 a\u00f1os\"}]},{\"@type\":\"WebSite\",\"@id\":\"https:\/\/expresorgv.online\/home\/#website\",\"url\":\"https:\/\/expresorgv.online\/home\/\",\"name\":\"\",\"description\":\"\",\"potentialAction\":[{\"@type\":\"SearchAction\",\"target\":{\"@type\":\"EntryPoint\",\"urlTemplate\":\"https:\/\/expresorgv.online\/home\/?s={search_term_string}\"},\"query-input\":{\"@type\":\"PropertyValueSpecification\",\"valueRequired\":true,\"valueName\":\"search_term_string\"}}],\"inLanguage\":\"es\"},{\"@type\":\"Person\",\"@id\":\"https:\/\/expresorgv.online\/home\/#\/schema\/person\/ae1ed1a575540204b5f59dca7f91f6a2\",\"name\":\"expreso\",\"image\":{\"@type\":\"ImageObject\",\"inLanguage\":\"es\",\"@id\":\"https:\/\/secure.gravatar.com\/avatar\/88cd9f065dcd1b722cd984aac4181386a800c0bca699eaf07e42dd8f820bddee?s=96&d=mm&r=g\",\"url\":\"https:\/\/secure.gravatar.com\/avatar\/88cd9f065dcd1b722cd984aac4181386a800c0bca699eaf07e42dd8f820bddee?s=96&d=mm&r=g\",\"contentUrl\":\"https:\/\/secure.gravatar.com\/avatar\/88cd9f065dcd1b722cd984aac4181386a800c0bca699eaf07e42dd8f820bddee?s=96&d=mm&r=g\",\"caption\":\"expreso\"},\"url\":\"https:\/\/expresorgv.online\/home\/blog\/author\/expreso\/\"}]}<\/script>\n<!-- \/ Yoast SEO plugin. -->","yoast_head_json":{"title":"PAN va por cadena perpetua a narcopol\u00edticos; pide penas de hasta 140 a\u00f1os -","robots":{"index":"index","follow":"follow","max-snippet":"max-snippet:-1","max-image-preview":"max-image-preview:large","max-video-preview":"max-video-preview:-1"},"canonical":"https:\/\/expresorgv.online\/home\/blog\/2026\/09\/03\/pan-va-por-cadena-perpetua-a-narcopoliticos-pide-penas-de-hasta-140-anos\/","og_locale":"es_ES","og_type":"article","og_title":"PAN va por cadena perpetua a narcopol\u00edticos; pide penas de hasta 140 a\u00f1os","og_description":"Para poner punto final a la colusi\u00f3n de funcionarios p\u00fablicos con el crimen organizado, el Partido Acci\u00f3n Nacional propone llevar a cadena perpetua, o prisi\u00f3n de por vida, a los llamados \u201cnarcopol\u00edticos\u201d y convertir en delito la colusi\u00f3n de funcionarios p\u00fablicos con organizaciones criminales, con penas de hasta 140 a\u00f1os de c\u00e1rcel e imprescriptibilidad. Punto [&hellip;]","og_url":"https:\/\/expresorgv.online\/home\/blog\/2026\/09\/03\/pan-va-por-cadena-perpetua-a-narcopoliticos-pide-penas-de-hasta-140-anos\/","article_published_time":"2026-09-03T05:08:19+00:00","article_modified_time":"2026-09-03T05:08:20+00:00","og_image":[{"width":540,"height":300,"url":"https:\/\/expresorgv.online\/home\/wp-content\/uploads\/2026\/09\/03092026Perpetua.png","type":"image\/png"}],"author":"expreso","twitter_card":"summary_large_image","twitter_misc":{"Escrito por":"expreso","Tiempo de lectura":"4 minutos"},"schema":{"@context":"https:\/\/schema.org","@graph":[{"@type":"Article","@id":"https:\/\/expresorgv.online\/home\/blog\/2026\/09\/03\/pan-va-por-cadena-perpetua-a-narcopoliticos-pide-penas-de-hasta-140-anos\/#article","isPartOf":{"@id":"https:\/\/expresorgv.online\/home\/blog\/2026\/09\/03\/pan-va-por-cadena-perpetua-a-narcopoliticos-pide-penas-de-hasta-140-anos\/"},"author":{"name":"expreso","@id":"https:\/\/expresorgv.online\/home\/#\/schema\/person\/ae1ed1a575540204b5f59dca7f91f6a2"},"headline":"PAN va por cadena perpetua a narcopol\u00edticos; pide penas de hasta 140 a\u00f1os","datePublished":"2026-09-03T05:08:19+00:00","dateModified":"2026-09-03T05:08:20+00:00","mainEntityOfPage":{"@id":"https:\/\/expresorgv.online\/home\/blog\/2026\/09\/03\/pan-va-por-cadena-perpetua-a-narcopoliticos-pide-penas-de-hasta-140-anos\/"},"wordCount":750,"commentCount":0,"image":{"@id":"https:\/\/expresorgv.online\/home\/blog\/2026\/09\/03\/pan-va-por-cadena-perpetua-a-narcopoliticos-pide-penas-de-hasta-140-anos\/#primaryimage"},"thumbnailUrl":"https:\/\/i0.wp.com\/expresorgv.online\/home\/wp-content\/uploads\/2026\/09\/03092026Perpetua.png?fit=540%2C300&ssl=1","articleSection":["NACIONAL"],"inLanguage":"es","potentialAction":[{"@type":"CommentAction","name":"Comment","target":["https:\/\/expresorgv.online\/home\/blog\/2026\/09\/03\/pan-va-por-cadena-perpetua-a-narcopoliticos-pide-penas-de-hasta-140-anos\/#respond"]}]},{"@type":"WebPage","@id":"https:\/\/expresorgv.online\/home\/blog\/2026\/09\/03\/pan-va-por-cadena-perpetua-a-narcopoliticos-pide-penas-de-hasta-140-anos\/","url":"https:\/\/expresorgv.online\/home\/blog\/2026\/09\/03\/pan-va-por-cadena-perpetua-a-narcopoliticos-pide-penas-de-hasta-140-anos\/","name":"PAN va por cadena perpetua a narcopol\u00edticos; pide penas de hasta 140 a\u00f1os -","isPartOf":{"@id":"https:\/\/expresorgv.online\/home\/#website"},"primaryImageOfPage":{"@id":"https:\/\/expresorgv.online\/home\/blog\/2026\/09\/03\/pan-va-por-cadena-perpetua-a-narcopoliticos-pide-penas-de-hasta-140-anos\/#primaryimage"},"image":{"@id":"https:\/\/expresorgv.online\/home\/blog\/2026\/09\/03\/pan-va-por-cadena-perpetua-a-narcopoliticos-pide-penas-de-hasta-140-anos\/#primaryimage"},"thumbnailUrl":"https:\/\/i0.wp.com\/expresorgv.online\/home\/wp-content\/uploads\/2026\/09\/03092026Perpetua.png?fit=540%2C300&ssl=1","datePublished":"2026-09-03T05:08:19+00:00","dateModified":"2026-09-03T05:08:20+00:00","author":{"@id":"https:\/\/expresorgv.online\/home\/#\/schema\/person\/ae1ed1a575540204b5f59dca7f91f6a2"},"breadcrumb":{"@id":"https:\/\/expresorgv.online\/home\/blog\/2026\/09\/03\/pan-va-por-cadena-perpetua-a-narcopoliticos-pide-penas-de-hasta-140-anos\/#breadcrumb"},"inLanguage":"es","potentialAction":[{"@type":"ReadAction","target":["https:\/\/expresorgv.online\/home\/blog\/2026\/09\/03\/pan-va-por-cadena-perpetua-a-narcopoliticos-pide-penas-de-hasta-140-anos\/"]}]},{"@type":"ImageObject","inLanguage":"es","@id":"https:\/\/expresorgv.online\/home\/blog\/2026\/09\/03\/pan-va-por-cadena-perpetua-a-narcopoliticos-pide-penas-de-hasta-140-anos\/#primaryimage","url":"https:\/\/i0.wp.com\/expresorgv.online\/home\/wp-content\/uploads\/2026\/09\/03092026Perpetua.png?fit=540%2C300&ssl=1","contentUrl":"https:\/\/i0.wp.com\/expresorgv.online\/home\/wp-content\/uploads\/2026\/09\/03092026Perpetua.png?fit=540%2C300&ssl=1","width":540,"height":300},{"@type":"BreadcrumbList","@id":"https:\/\/expresorgv.online\/home\/blog\/2026\/09\/03\/pan-va-por-cadena-perpetua-a-narcopoliticos-pide-penas-de-hasta-140-anos\/#breadcrumb","itemListElement":[{"@type":"ListItem","position":1,"name":"Home","item":"https:\/\/expresorgv.online\/home\/"},{"@type":"ListItem","position":2,"name":"PAN va por cadena perpetua a narcopol\u00edticos; pide penas de hasta 140 a\u00f1os"}]},{"@type":"WebSite","@id":"https:\/\/expresorgv.online\/home\/#website","url":"https:\/\/expresorgv.online\/home\/","name":"","description":"","potentialAction":[{"@type":"SearchAction","target":{"@type":"EntryPoint","urlTemplate":"https:\/\/expresorgv.online\/home\/?s={search_term_string}"},"query-input":{"@type":"PropertyValueSpecification","valueRequired":true,"valueName":"search_term_string"}}],"inLanguage":"es"},{"@type":"Person","@id":"https:\/\/expresorgv.online\/home\/#\/schema\/person\/ae1ed1a575540204b5f59dca7f91f6a2","name":"expreso","image":{"@type":"ImageObject","inLanguage":"es","@id":"https:\/\/secure.gravatar.com\/avatar\/88cd9f065dcd1b722cd984aac4181386a800c0bca699eaf07e42dd8f820bddee?s=96&d=mm&r=g","url":"https:\/\/secure.gravatar.com\/avatar\/88cd9f065dcd1b722cd984aac4181386a800c0bca699eaf07e42dd8f820bddee?s=96&d=mm&r=g","contentUrl":"https:\/\/secure.gravatar.com\/avatar\/88cd9f065dcd1b722cd984aac4181386a800c0bca699eaf07e42dd8f820bddee?s=96&d=mm&r=g","caption":"expreso"},"url":"https:\/\/expresorgv.online\/home\/blog\/author\/expreso\/"}]}},"jetpack_featured_media_url":"https:\/\/i0.wp.com\/expresorgv.online\/home\/wp-content\/uploads\/2026\/09\/03092026Perpetua.png?fit=540%2C300&ssl=1","_links":{"self":[{"href":"https:\/\/expresorgv.online\/home\/wp-json\/wp\/v2\/posts\/38396","targetHints":{"allow":["GET"]}}],"collection":[{"href":"https:\/\/expresorgv.online\/home\/wp-json\/wp\/v2\/posts"}],"about":[{"href":"https:\/\/expresorgv.online\/home\/wp-json\/wp\/v2\/types\/post"}],"author":[{"embeddable":true,"href":"https:\/\/expresorgv.online\/home\/wp-json\/wp\/v2\/users\/2"}],"replies":[{"embeddable":true,"href":"https:\/\/expresorgv.online\/home\/wp-json\/wp\/v2\/comments?post=38396"}],"version-history":[{"count":1,"href":"https:\/\/expresorgv.online\/home\/wp-json\/wp\/v2\/posts\/38396\/revisions"}],"predecessor-version":[{"id":38397,"href":"https:\/\/expresorgv.online\/home\/wp-json\/wp\/v2\/posts\/38396\/revisions\/38397"}],"wp:featuredmedia":[{"embeddable":true,"href":"https:\/\/expresorgv.online\/home\/wp-json\/wp\/v2\/media\/38383"}],"wp:attachment":[{"href":"https:\/\/expresorgv.online\/home\/wp-json\/wp\/v2\/media?parent=38396"}],"wp:term":[{"taxonomy":"category","embeddable":true,"href":"https:\/\/expresorgv.online\/home\/wp-json\/wp\/v2\/categories?post=38396"},{"taxonomy":"post_tag","embeddable":true,"href":"https:\/\/expresorgv.online\/home\/wp-json\/wp\/v2\/tags?post=38396"}],"curies":[{"name":"wp","href":"https:\/\/api.w.org\/{rel}","templated":true}]}}