{"id":38394,"date":"2026-09-03T05:06:45","date_gmt":"2026-09-03T05:06:45","guid":{"rendered":"https:\/\/expresorgv.online\/home\/?p=38394"},"modified":"2026-09-03T05:06:46","modified_gmt":"2026-09-03T05:06:46","slug":"decenas-de-juzgadores-son-perseguidos-con-procedimientos-disciplinarios-y-penales-denuncia-jufed","status":"publish","type":"post","link":"https:\/\/expresorgv.online\/home\/blog\/2026\/09\/03\/decenas-de-juzgadores-son-perseguidos-con-procedimientos-disciplinarios-y-penales-denuncia-jufed\/","title":{"rendered":"Decenas de juzgadores son perseguidos con procedimientos disciplinarios y penales, denuncia JUFED"},"content":{"rendered":"\n<p class=\"wp-block-paragraph\">La directora nacional de la Asociaci\u00f3n Nacional de Magistrados de Circuito y Jueces de Distrito del Poder Judicial de la Federaci\u00f3n (JUFED), la magistrada en retiro Julia Garc\u00eda, afirm\u00f3 que decenas de personas juzgadoras, tanto en activo como en retiro, <strong>enfrentan procedimientos disciplinarios, administrativos y denuncias penales<\/strong> por decisiones adoptadas en el ejercicio de sus funciones.<\/p>\n\n\n\n<p class=\"wp-block-paragraph\">Durante una entrevista con <em>Aristegui en Vivo<\/em>, Garc\u00eda sostuvo que el nuevo esquema disciplinario representa un riesgo para la independencia judicial y se\u00f1al\u00f3 que el aparato estatal est\u00e1<strong> utilizando sus recursos contra jueces y magistrados<\/strong> como una forma de inhibir sus decisiones.<\/p>\n\n\n\n<p class=\"wp-block-paragraph\">\u201cLos jueces y las jueces en este pa\u00eds a ra\u00edz de esta reforma [judicial] pueden ser perseguidos por las decisiones que tomen, cuando esto<strong> viola los m\u00e1s elementales est\u00e1ndares de independencia judicial<\/strong> que est\u00e1n reconocidos no solo a nivel nacional, sino particular y destacadamente a nivel internacional\u201d, afirm\u00f3.<\/p>\n\n\n\n<p class=\"wp-block-paragraph\">La magistrada en retiro explic\u00f3 que tienen conocimiento de<strong> \u201cdecenas de compa\u00f1eras y compa\u00f1eros juzgadores,<\/strong> tanto en activo como en retiro, que est\u00e1n siendo sujetos a procedimientos administrativos disciplinarios y<strong> tambi\u00e9n a denuncias penales\u201d.<\/strong><\/p>\n\n\n\n<p class=\"wp-block-paragraph\">\u201cEntonces, el aparato del Estado est\u00e1 usando toda la fuerza que tiene contra personas juzgadores. Y es evidente que se trata de, de alguna manera,<strong> mandar un mensaje inhibitorio<\/strong> porque les est\u00e1n suspendiendo precautoriamente para investigarles o de plano les est\u00e1n iniciando los procedimientos\u201d, se\u00f1al\u00f3.<\/p>\n\n\n\n<p class=\"wp-block-paragraph\">Como ejemplos, mencion\u00f3 los casos de las juezas <strong>Martha Maga\u00f1a y Gabriela Ruiz M\u00e1rquez.<\/strong> Explic\u00f3 que Maga\u00f1a concedi\u00f3 suspensiones relacionadas con la reforma judicial y que tuvo una audiencia ante el Tribunal de Disciplina, mientras que Ruiz M\u00e1rquez, radicada en Zapopan, fue notificada y emplazada a un procedimiento disciplinario por el mismo motivo.<\/p>\n\n\n\n<p class=\"wp-block-paragraph\">Garc\u00eda agreg\u00f3 que tambi\u00e9n existen jueces y juezas denunciados por<strong> inaplicar la prisi\u00f3n preventiva oficiosa<\/strong>, pese a que, seg\u00fan explic\u00f3, est\u00e1n actuando a partir de resoluciones de la Corte Interamericana de Derechos Humanos.<\/p>\n\n\n\n<p class=\"wp-block-paragraph\">&amp;lt;span data-mce-type=\u00bbbookmark\u00bb style=\u00bbdisplay: inline-block; width: 0px; overflow: hidden; line-height: 0;\u00bb class=\u00bbmce_SELRES_start\u00bb&amp;gt;\ufeff&amp;lt;\/span&amp;gt;<\/p>\n\n\n\n<p class=\"wp-block-paragraph\">Record\u00f3 que la Corte Interamericana ha se\u00f1alado que la prisi\u00f3n preventiva oficiosa<strong> vulnera derechos fundamentales,<\/strong> entre ellos la presunci\u00f3n de inocencia y el debido proceso. En ese sentido, cuestion\u00f3 que el Estado mexicano no haya dejado sin efecto esa figura y, por el contrario, haya ampliado el cat\u00e1logo de delitos que ameritan prisi\u00f3n preventiva oficiosa.<\/p>\n\n\n\n<p class=\"wp-block-paragraph\">\u201cEntonces ahora mismo hay decenas de jueces y juezas a quienes se est\u00e1n siguiendo insisto, procedimientos disciplinarios y penales, <strong>denuncias penales por este tipo de criterios que desde luego merman e ignoran la independencia judicial<\/strong> y las garant\u00edas reforzadas que se deben a una persona juzgadora en escenarios como estos\u201d, afirm\u00f3.<\/p>\n\n\n\n<p class=\"wp-block-paragraph\">La directora nacional de la JUFED precis\u00f3 que no pod\u00eda proporcionar mayores detalles sobre las denuncias penales debido a que se trata de informaci\u00f3n reservada. Sin embargo, asegur\u00f3 que los casos existen y que tiene conocimiento, al menos, <strong>de jueces de distrito sujetos a estos procedimientos.<\/strong><\/p>\n\n\n\n<p class=\"wp-block-paragraph\">\u201cEs informaci\u00f3n sensible es informaci\u00f3n reservada y por eso es que la manejo con total mesura pero <strong>con la absoluta seguridad de que s\u00ed est\u00e1n ocurriendo estos escenarios\u201d,<\/strong> indic\u00f3.<\/p>\n\n\n\n<h2 class=\"wp-block-heading\"><strong>Sentencia sobre la reforma judicial<\/strong><\/h2>\n\n\n\n<p class=\"wp-block-paragraph\">Garc\u00eda tambi\u00e9n habl\u00f3 de la que JUFED calific\u00f3 como <strong>\u201chist\u00f3rica sentencia\u201d<\/strong> del juez S\u00e9ptimo de Distrito en Jalisco, <strong>Agust\u00edn Archundia Ortiz<\/strong>, que declar\u00f3 inconstitucional la reforma judicial de 2024.<\/p>\n\n\n\n<p class=\"wp-block-paragraph\">Aclar\u00f3 que no se trata de la primera resoluci\u00f3n que analiza la reforma ni del primer amparo concedido contra ella. Sin embargo, consider\u00f3 relevante el momento en que se emiti\u00f3, despu\u00e9s de que la Suprema Corte de Justicia de la Naci\u00f3n (SCJN)<strong> hab\u00eda resuelto asuntos similares mediante sobreseimientos.<\/strong><\/p>\n\n\n\n<p class=\"wp-block-paragraph\">Explic\u00f3 que esos sobreseimientos<strong> impidieron que la Corte analizara el fondo de los planteamientos<\/strong> sobre posibles violaciones a derechos derivadas de la reforma judicial: \u201cLa corte en lo que se qued\u00f3 es que hab\u00eda advertido un obst\u00e1culo que se relaciona con la inimpugnabilidad de la Constituci\u00f3n\u201d.<\/p>\n\n\n\n<p class=\"wp-block-paragraph\">De acuerdo con Garc\u00eda, al materializarse la reforma judicial en septiembre de 2024 comenzaron a presentarse demandas de amparo. Posteriormente, a finales de octubre de ese a\u00f1o<strong> se incorpor\u00f3 la reforma relativa a la inimpugnabilidad<\/strong> <strong>de la Constituci\u00f3n, conocida como de \u201csupremac\u00eda constitucional\u201d.<\/strong><\/p>\n\n\n\n<figure class=\"wp-block-image\"><a href=\"https:\/\/i0.wp.com\/editorial.aristeguinoticias.com\/wp-content\/uploads\/2026\/07\/justicia-pexels-tribunal-disciplina-judicial-13072026.jpg?ssl=1\"><img decoding=\"async\" src=\"https:\/\/i0.wp.com\/editorial.aristeguinoticias.com\/wp-content\/uploads\/2026\/07\/justicia-pexels-tribunal-disciplina-judicial-13072026-700x438.jpg?resize=640%2C400&#038;ssl=1\" alt=\"\" data-recalc-dims=\"1\" \/><\/a><\/figure>\n\n\n\n<p class=\"wp-block-paragraph\">La directora nacional de la JUFED cuestion\u00f3 ese cambio y sostuvo que dicha modificaci\u00f3n permite blindar determinadas reformas constitucionales frente al control judicial. <strong>\u201cAhora se est\u00e1 usando la Constituci\u00f3n para violar derechos\u201d,<\/strong> afirm\u00f3, y puso como ejemplos la propia reforma judicial y la reforma contra las denominadas<strong> pensiones \u201cdoradas\u201d.<\/strong><\/p>\n\n\n\n<p class=\"wp-block-paragraph\">Seg\u00fan su explicaci\u00f3n, la sentencia del juez Archundia parte de una interpretaci\u00f3n literal de las disposiciones constitucionales sobre la inimpugnabilidad. El juzgador<strong> distingue entre reformas y adiciones a la Constituci\u00f3n<\/strong> y las derogaciones de disposiciones y principios constitucionales.<\/p>\n\n\n\n<p class=\"wp-block-paragraph\">Garc\u00eda explic\u00f3 que el art\u00edculo 135 establece un procedimiento espec\u00edfico para las reformas y adiciones constitucionales, mientras que, a juicio del juez, la reforma judicial tambi\u00e9n implica la <strong>eliminaci\u00f3n de disposiciones y principios fundamentales.&nbsp;<\/strong><\/p>\n\n\n\n<p class=\"wp-block-paragraph\">A partir de esa distinci\u00f3n, se\u00f1al\u00f3 que la resoluci\u00f3n considera que el nuevo m\u00e9todo de selecci\u00f3n de personas juzgadoras y la afectaci\u00f3n a la divisi\u00f3n de poderes y al sistema de pesos y contrapesos <strong>no quedan comprendidos en los supuestos de inimpugnabilidad<\/strong> que impedir\u00edan el an\u00e1lisis mediante un juicio de amparo.<\/p>\n\n\n\n<p class=\"wp-block-paragraph\">La magistrada en retiro destac\u00f3 adem\u00e1s el principio<em> pro actione<\/em>, conforme al cual, ante una causa de improcedencia que impida analizar el fondo de un asunto<strong>, debe privilegiarse el acceso efectivo a la justicia.<\/strong> \u201cTe debo dar la oportunidad de que accedas a un recurso judicial efectivo y de que un tribunal conozca de tus reclamos para constatar si tienes raz\u00f3n o no y si se est\u00e1n violando tus derechos o no\u201d, afirm\u00f3.<\/p>\n\n\n\n<p class=\"wp-block-paragraph\">A\u00f1adi\u00f3 que las causas de improcedencia deben <strong>aplicarse de manera estricta y no por analog\u00eda o mayor\u00eda de raz\u00f3n.<\/strong> Desde esa perspectiva, sostuvo que el juez concluy\u00f3 que la causa de improcedencia relativa a la inimpugnabilidad est\u00e1 dise\u00f1ada para reformas y adiciones, pero no para derogaciones.<\/p>\n\n\n\n<p class=\"wp-block-paragraph\">Garc\u00eda tambi\u00e9n destac\u00f3 que la sentencia recurre a la <strong>distinci\u00f3n entre el poder constituyente originario y los poderes constituidos.<\/strong> Explic\u00f3 que el primero estableci\u00f3 principios fundamentales del Estado mexicano que, a su juicio, no pueden ser vaciados de contenido por los poderes constituidos.<\/p>\n\n\n\n<p class=\"wp-block-paragraph\">\u201cUn poder constituido como las c\u00e1maras, el Congreso de la Uni\u00f3n en este caso, el Ejecutivo, el propio Poder Judicial, <strong>no pueden ignorar o no pueden desconocer,<\/strong> no pueden vaciar de contenido estos principios elementales\u201d, afirm\u00f3.<\/p>\n\n\n\n<p class=\"wp-block-paragraph\">Por ello, consider\u00f3 que la resoluci\u00f3n demuestra que <strong>es posible llegar a una conclusi\u00f3n distinta mediante una interpretaci\u00f3n literal<\/strong> de la Constituci\u00f3n y destac\u00f3 el papel de las personas juzgadoras constitucionales en la protecci\u00f3n de derechos y libertades.<\/p>\n\n\n\n<p class=\"wp-block-paragraph\">Garc\u00eda reconoci\u00f3 que la resoluci\u00f3n del juez Archundia no es definitiva y que puede ser recurrida por las partes que participaron en el juicio de amparo. Sin embargo, sostuvo que la JUFED busca destacar mediante la difusi\u00f3n de este tipo de resoluciones<strong> el rigor t\u00e9cnico y la experiencia acumulada<\/strong> de las personas juzgadoras de carrera judicial.<\/p>\n\n\n\n<p class=\"wp-block-paragraph\">Tambi\u00e9n se\u00f1al\u00f3 que la sentencia analiza la independencia judicial desde una doble perspectiva: como una garant\u00eda para las personas juzgadoras y <strong>como un derecho de la sociedad a acceder a una justicia imparcial.<\/strong><\/p>\n\n\n\n<p class=\"wp-block-paragraph\">Explic\u00f3 que el art\u00edculo primero constitucional establece el <strong>principio de progresividad en materia de derechos,<\/strong> mientras que el art\u00edculo 17 reconoce el derecho de las personas a acceder a una justicia pronta, completa, imparcial y profesional.<\/p>\n\n\n\n<p class=\"wp-block-paragraph\">\u201cPor una parte, esta garant\u00eda de independencia judicial propia de las personas juzgadoras para que accedan, digamos para que se les garantice la inamovilidad y la independencia como algo propio de su cargo, pero <strong>tambi\u00e9n como un derecho de las personas de acceder a la justicia<\/strong> en las mejores condiciones posibles\u201d, indic\u00f3.<\/p>\n\n\n\n<h2 class=\"wp-block-heading\"><strong>JUFED cuestiona nuevo mecanismo de selecci\u00f3n<\/strong><\/h2>\n\n\n\n<p class=\"wp-block-paragraph\">Respecto del mecanismo de elecci\u00f3n de personas juzgadoras mediante voto popular, Garc\u00eda<strong> defendi\u00f3 el sistema de carrera judicial<\/strong> que exist\u00eda antes de la reforma, aunque reconoci\u00f3 que no era perfecto.<\/p>\n\n\n\n<p class=\"wp-block-paragraph\">\u201cEl sistema meritocr\u00e1tico que ten\u00eda el Poder Judicial de la Federaci\u00f3n hasta antes de la reforma, desde luego<strong> no era perfecto, pero era lo mejor que hab\u00eda en este pa\u00eds<\/strong> en cuanto a un sistema de escalaf\u00f3n y de ascenso en todas las etapas de la carrera judicial\u201d, afirm\u00f3.<\/p>\n\n\n\n<p class=\"wp-block-paragraph\">Explic\u00f3 que el ingreso y ascenso dentro de la carrera judicial requer\u00edan <strong>concursos de oposici\u00f3n, ex\u00e1menes de conocimientos y experiencia,<\/strong> lo que, seg\u00fan se\u00f1al\u00f3, permit\u00eda que quienes llegaran a ocupar cargos contaran al menos con preparaci\u00f3n t\u00e9cnica y experiencia.<\/p>\n\n\n\n<p class=\"wp-block-paragraph\"><a href=\"https:\/\/editorial.aristeguinoticias.com\/wp-content\/uploads\/2026\/05\/eleccion-judicial-cuartoscuro-2-25052026.jpg\"><\/a><\/p>\n\n\n\n<p class=\"wp-block-paragraph\">Foto: Archivo Cuartoscuro. Tratamiento: AN<\/p>\n\n\n\n<p class=\"wp-block-paragraph\">En contraste, sostuvo que el nuevo mecanismo lleva la selecci\u00f3n de juzgadores a las urnas y <strong>sustituye el m\u00e9rito por la popularidad.<\/strong><\/p>\n\n\n\n<p class=\"wp-block-paragraph\">Sobre el anuncio de una nueva reforma a las leyes secundarias en materia judicial, Garc\u00eda sostuvo que la necesidad de modificar nuevamente las reglas evidencia, desde su perspectiva,<strong> las deficiencias de la reforma aprobada en 2024.<\/strong><\/p>\n\n\n\n<p class=\"wp-block-paragraph\">Record\u00f3 que la JUFED hab\u00eda advertido desde entonces sobre la existencia de vac\u00edos y problemas en la reforma y se\u00f1al\u00f3 que, a menos de un a\u00f1o de su implementaci\u00f3n, <strong>ya es necesario modificarla.<\/strong><\/p>\n\n\n\n<p class=\"wp-block-paragraph\">Garc\u00eda expres\u00f3 especial preocupaci\u00f3n por el fortalecimiento de los mecanismos de control y evaluaci\u00f3n de las personas juzgadoras y por la <strong>ampliaci\u00f3n de las facultades del Tribunal de Disciplina.<\/strong><\/p>\n\n\n\n<p class=\"wp-block-paragraph\">A su juicio, estas medidas forman parte de una tendencia hacia una<strong> mayor concentraci\u00f3n del poder y la eliminaci\u00f3n de contrapesos.<\/strong> Tambi\u00e9n se\u00f1al\u00f3 que el nuevo esquema disciplinario puede permitir que las personas juzgadoras sean investigadas por las decisiones que adopten.<\/p>\n\n\n\n<p class=\"wp-block-paragraph\">\u201cDebe haber garant\u00edas espec\u00edficas para las personas juzgadoras precisamente <strong>para que no sean presionadas, para que no sean acosadas,<\/strong> para que no sean perseguidas cuando toman decisiones que no son populares\u201d, afirm\u00f3.<\/p>\n\n\n\n<p class=\"wp-block-paragraph\">Sostuvo que la independencia judicial no s\u00f3lo protege a quienes ocupan cargos jurisdiccionales, sino que es necesaria para garantizar a la sociedad<strong> el acceso a una justicia imparcial, profesional y libre de interferencias externas.<\/strong><\/p>\n","protected":false},"excerpt":{"rendered":"<p>La directora nacional de la Asociaci\u00f3n Nacional de Magistrados de Circuito y Jueces de Distrito del Poder Judicial de la Federaci\u00f3n (JUFED), la magistrada en retiro Julia Garc\u00eda, afirm\u00f3 que decenas de personas juzgadoras, tanto en activo como en retiro, enfrentan procedimientos disciplinarios, administrativos y denuncias penales por decisiones adoptadas en el ejercicio de sus [&hellip;]<\/p>\n","protected":false},"author":2,"featured_media":38380,"comment_status":"open","ping_status":"open","sticky":false,"template":"","format":"standard","meta":{"footnotes":""},"categories":[6],"tags":[],"class_list":["post-38394","post","type-post","status-publish","format-standard","has-post-thumbnail","hentry","category-nacional"],"yoast_head":"<!-- This site is optimized with the Yoast SEO plugin v27.2 - https:\/\/yoast.com\/product\/yoast-seo-wordpress\/ -->\n<title>Decenas de juzgadores son perseguidos con procedimientos disciplinarios y penales, denuncia JUFED -<\/title>\n<meta name=\"robots\" content=\"index, follow, max-snippet:-1, max-image-preview:large, max-video-preview:-1\" \/>\n<link rel=\"canonical\" href=\"https:\/\/expresorgv.online\/home\/blog\/2026\/09\/03\/decenas-de-juzgadores-son-perseguidos-con-procedimientos-disciplinarios-y-penales-denuncia-jufed\/\" \/>\n<meta property=\"og:locale\" content=\"es_ES\" \/>\n<meta property=\"og:type\" content=\"article\" \/>\n<meta property=\"og:title\" content=\"Decenas de juzgadores son perseguidos con procedimientos disciplinarios y penales, denuncia JUFED\" \/>\n<meta property=\"og:description\" content=\"La directora nacional de la Asociaci\u00f3n Nacional de Magistrados de Circuito y Jueces de Distrito del Poder Judicial de la Federaci\u00f3n (JUFED), la magistrada en retiro Julia Garc\u00eda, afirm\u00f3 que decenas de personas juzgadoras, tanto en activo como en retiro, enfrentan procedimientos disciplinarios, administrativos y denuncias penales por decisiones adoptadas en el ejercicio de sus [&hellip;]\" \/>\n<meta property=\"og:url\" content=\"https:\/\/expresorgv.online\/home\/blog\/2026\/09\/03\/decenas-de-juzgadores-son-perseguidos-con-procedimientos-disciplinarios-y-penales-denuncia-jufed\/\" \/>\n<meta property=\"article:published_time\" content=\"2026-09-03T05:06:45+00:00\" \/>\n<meta property=\"article:modified_time\" content=\"2026-09-03T05:06:46+00:00\" \/>\n<meta property=\"og:image\" content=\"https:\/\/expresorgv.online\/home\/wp-content\/uploads\/2026\/09\/03092026Jueces.png\" \/>\n\t<meta property=\"og:image:width\" content=\"540\" \/>\n\t<meta property=\"og:image:height\" content=\"300\" \/>\n\t<meta property=\"og:image:type\" content=\"image\/png\" \/>\n<meta name=\"author\" content=\"expreso\" \/>\n<meta name=\"twitter:card\" content=\"summary_large_image\" \/>\n<meta name=\"twitter:label1\" content=\"Escrito por\" \/>\n\t<meta name=\"twitter:data1\" content=\"expreso\" \/>\n\t<meta name=\"twitter:label2\" content=\"Tiempo de lectura\" \/>\n\t<meta name=\"twitter:data2\" content=\"8 minutos\" \/>\n<script type=\"application\/ld+json\" class=\"yoast-schema-graph\">{\"@context\":\"https:\/\/schema.org\",\"@graph\":[{\"@type\":\"Article\",\"@id\":\"https:\/\/expresorgv.online\/home\/blog\/2026\/09\/03\/decenas-de-juzgadores-son-perseguidos-con-procedimientos-disciplinarios-y-penales-denuncia-jufed\/#article\",\"isPartOf\":{\"@id\":\"https:\/\/expresorgv.online\/home\/blog\/2026\/09\/03\/decenas-de-juzgadores-son-perseguidos-con-procedimientos-disciplinarios-y-penales-denuncia-jufed\/\"},\"author\":{\"name\":\"expreso\",\"@id\":\"https:\/\/expresorgv.online\/home\/#\/schema\/person\/ae1ed1a575540204b5f59dca7f91f6a2\"},\"headline\":\"Decenas de juzgadores son perseguidos con procedimientos disciplinarios y penales, denuncia JUFED\",\"datePublished\":\"2026-09-03T05:06:45+00:00\",\"dateModified\":\"2026-09-03T05:06:46+00:00\",\"mainEntityOfPage\":{\"@id\":\"https:\/\/expresorgv.online\/home\/blog\/2026\/09\/03\/decenas-de-juzgadores-son-perseguidos-con-procedimientos-disciplinarios-y-penales-denuncia-jufed\/\"},\"wordCount\":1776,\"commentCount\":0,\"image\":{\"@id\":\"https:\/\/expresorgv.online\/home\/blog\/2026\/09\/03\/decenas-de-juzgadores-son-perseguidos-con-procedimientos-disciplinarios-y-penales-denuncia-jufed\/#primaryimage\"},\"thumbnailUrl\":\"https:\/\/i0.wp.com\/expresorgv.online\/home\/wp-content\/uploads\/2026\/09\/03092026Jueces.png?fit=540%2C300&ssl=1\",\"articleSection\":[\"NACIONAL\"],\"inLanguage\":\"es\",\"potentialAction\":[{\"@type\":\"CommentAction\",\"name\":\"Comment\",\"target\":[\"https:\/\/expresorgv.online\/home\/blog\/2026\/09\/03\/decenas-de-juzgadores-son-perseguidos-con-procedimientos-disciplinarios-y-penales-denuncia-jufed\/#respond\"]}]},{\"@type\":\"WebPage\",\"@id\":\"https:\/\/expresorgv.online\/home\/blog\/2026\/09\/03\/decenas-de-juzgadores-son-perseguidos-con-procedimientos-disciplinarios-y-penales-denuncia-jufed\/\",\"url\":\"https:\/\/expresorgv.online\/home\/blog\/2026\/09\/03\/decenas-de-juzgadores-son-perseguidos-con-procedimientos-disciplinarios-y-penales-denuncia-jufed\/\",\"name\":\"Decenas de juzgadores son perseguidos con procedimientos disciplinarios y penales, denuncia JUFED -\",\"isPartOf\":{\"@id\":\"https:\/\/expresorgv.online\/home\/#website\"},\"primaryImageOfPage\":{\"@id\":\"https:\/\/expresorgv.online\/home\/blog\/2026\/09\/03\/decenas-de-juzgadores-son-perseguidos-con-procedimientos-disciplinarios-y-penales-denuncia-jufed\/#primaryimage\"},\"image\":{\"@id\":\"https:\/\/expresorgv.online\/home\/blog\/2026\/09\/03\/decenas-de-juzgadores-son-perseguidos-con-procedimientos-disciplinarios-y-penales-denuncia-jufed\/#primaryimage\"},\"thumbnailUrl\":\"https:\/\/i0.wp.com\/expresorgv.online\/home\/wp-content\/uploads\/2026\/09\/03092026Jueces.png?fit=540%2C300&ssl=1\",\"datePublished\":\"2026-09-03T05:06:45+00:00\",\"dateModified\":\"2026-09-03T05:06:46+00:00\",\"author\":{\"@id\":\"https:\/\/expresorgv.online\/home\/#\/schema\/person\/ae1ed1a575540204b5f59dca7f91f6a2\"},\"breadcrumb\":{\"@id\":\"https:\/\/expresorgv.online\/home\/blog\/2026\/09\/03\/decenas-de-juzgadores-son-perseguidos-con-procedimientos-disciplinarios-y-penales-denuncia-jufed\/#breadcrumb\"},\"inLanguage\":\"es\",\"potentialAction\":[{\"@type\":\"ReadAction\",\"target\":[\"https:\/\/expresorgv.online\/home\/blog\/2026\/09\/03\/decenas-de-juzgadores-son-perseguidos-con-procedimientos-disciplinarios-y-penales-denuncia-jufed\/\"]}]},{\"@type\":\"ImageObject\",\"inLanguage\":\"es\",\"@id\":\"https:\/\/expresorgv.online\/home\/blog\/2026\/09\/03\/decenas-de-juzgadores-son-perseguidos-con-procedimientos-disciplinarios-y-penales-denuncia-jufed\/#primaryimage\",\"url\":\"https:\/\/i0.wp.com\/expresorgv.online\/home\/wp-content\/uploads\/2026\/09\/03092026Jueces.png?fit=540%2C300&ssl=1\",\"contentUrl\":\"https:\/\/i0.wp.com\/expresorgv.online\/home\/wp-content\/uploads\/2026\/09\/03092026Jueces.png?fit=540%2C300&ssl=1\",\"width\":540,\"height\":300},{\"@type\":\"BreadcrumbList\",\"@id\":\"https:\/\/expresorgv.online\/home\/blog\/2026\/09\/03\/decenas-de-juzgadores-son-perseguidos-con-procedimientos-disciplinarios-y-penales-denuncia-jufed\/#breadcrumb\",\"itemListElement\":[{\"@type\":\"ListItem\",\"position\":1,\"name\":\"Home\",\"item\":\"https:\/\/expresorgv.online\/home\/\"},{\"@type\":\"ListItem\",\"position\":2,\"name\":\"Decenas de juzgadores son perseguidos con procedimientos disciplinarios y penales, denuncia JUFED\"}]},{\"@type\":\"WebSite\",\"@id\":\"https:\/\/expresorgv.online\/home\/#website\",\"url\":\"https:\/\/expresorgv.online\/home\/\",\"name\":\"\",\"description\":\"\",\"potentialAction\":[{\"@type\":\"SearchAction\",\"target\":{\"@type\":\"EntryPoint\",\"urlTemplate\":\"https:\/\/expresorgv.online\/home\/?s={search_term_string}\"},\"query-input\":{\"@type\":\"PropertyValueSpecification\",\"valueRequired\":true,\"valueName\":\"search_term_string\"}}],\"inLanguage\":\"es\"},{\"@type\":\"Person\",\"@id\":\"https:\/\/expresorgv.online\/home\/#\/schema\/person\/ae1ed1a575540204b5f59dca7f91f6a2\",\"name\":\"expreso\",\"image\":{\"@type\":\"ImageObject\",\"inLanguage\":\"es\",\"@id\":\"https:\/\/secure.gravatar.com\/avatar\/88cd9f065dcd1b722cd984aac4181386a800c0bca699eaf07e42dd8f820bddee?s=96&d=mm&r=g\",\"url\":\"https:\/\/secure.gravatar.com\/avatar\/88cd9f065dcd1b722cd984aac4181386a800c0bca699eaf07e42dd8f820bddee?s=96&d=mm&r=g\",\"contentUrl\":\"https:\/\/secure.gravatar.com\/avatar\/88cd9f065dcd1b722cd984aac4181386a800c0bca699eaf07e42dd8f820bddee?s=96&d=mm&r=g\",\"caption\":\"expreso\"},\"url\":\"https:\/\/expresorgv.online\/home\/blog\/author\/expreso\/\"}]}<\/script>\n<!-- \/ Yoast SEO plugin. -->","yoast_head_json":{"title":"Decenas de juzgadores son perseguidos con procedimientos disciplinarios y penales, denuncia JUFED -","robots":{"index":"index","follow":"follow","max-snippet":"max-snippet:-1","max-image-preview":"max-image-preview:large","max-video-preview":"max-video-preview:-1"},"canonical":"https:\/\/expresorgv.online\/home\/blog\/2026\/09\/03\/decenas-de-juzgadores-son-perseguidos-con-procedimientos-disciplinarios-y-penales-denuncia-jufed\/","og_locale":"es_ES","og_type":"article","og_title":"Decenas de juzgadores son perseguidos con procedimientos disciplinarios y penales, denuncia JUFED","og_description":"La directora nacional de la Asociaci\u00f3n Nacional de Magistrados de Circuito y Jueces de Distrito del Poder Judicial de la Federaci\u00f3n (JUFED), la magistrada en retiro Julia Garc\u00eda, afirm\u00f3 que decenas de personas juzgadoras, tanto en activo como en retiro, enfrentan procedimientos disciplinarios, administrativos y denuncias penales por decisiones adoptadas en el ejercicio de sus [&hellip;]","og_url":"https:\/\/expresorgv.online\/home\/blog\/2026\/09\/03\/decenas-de-juzgadores-son-perseguidos-con-procedimientos-disciplinarios-y-penales-denuncia-jufed\/","article_published_time":"2026-09-03T05:06:45+00:00","article_modified_time":"2026-09-03T05:06:46+00:00","og_image":[{"width":540,"height":300,"url":"https:\/\/expresorgv.online\/home\/wp-content\/uploads\/2026\/09\/03092026Jueces.png","type":"image\/png"}],"author":"expreso","twitter_card":"summary_large_image","twitter_misc":{"Escrito por":"expreso","Tiempo de lectura":"8 minutos"},"schema":{"@context":"https:\/\/schema.org","@graph":[{"@type":"Article","@id":"https:\/\/expresorgv.online\/home\/blog\/2026\/09\/03\/decenas-de-juzgadores-son-perseguidos-con-procedimientos-disciplinarios-y-penales-denuncia-jufed\/#article","isPartOf":{"@id":"https:\/\/expresorgv.online\/home\/blog\/2026\/09\/03\/decenas-de-juzgadores-son-perseguidos-con-procedimientos-disciplinarios-y-penales-denuncia-jufed\/"},"author":{"name":"expreso","@id":"https:\/\/expresorgv.online\/home\/#\/schema\/person\/ae1ed1a575540204b5f59dca7f91f6a2"},"headline":"Decenas de juzgadores son perseguidos con procedimientos disciplinarios y penales, denuncia JUFED","datePublished":"2026-09-03T05:06:45+00:00","dateModified":"2026-09-03T05:06:46+00:00","mainEntityOfPage":{"@id":"https:\/\/expresorgv.online\/home\/blog\/2026\/09\/03\/decenas-de-juzgadores-son-perseguidos-con-procedimientos-disciplinarios-y-penales-denuncia-jufed\/"},"wordCount":1776,"commentCount":0,"image":{"@id":"https:\/\/expresorgv.online\/home\/blog\/2026\/09\/03\/decenas-de-juzgadores-son-perseguidos-con-procedimientos-disciplinarios-y-penales-denuncia-jufed\/#primaryimage"},"thumbnailUrl":"https:\/\/i0.wp.com\/expresorgv.online\/home\/wp-content\/uploads\/2026\/09\/03092026Jueces.png?fit=540%2C300&ssl=1","articleSection":["NACIONAL"],"inLanguage":"es","potentialAction":[{"@type":"CommentAction","name":"Comment","target":["https:\/\/expresorgv.online\/home\/blog\/2026\/09\/03\/decenas-de-juzgadores-son-perseguidos-con-procedimientos-disciplinarios-y-penales-denuncia-jufed\/#respond"]}]},{"@type":"WebPage","@id":"https:\/\/expresorgv.online\/home\/blog\/2026\/09\/03\/decenas-de-juzgadores-son-perseguidos-con-procedimientos-disciplinarios-y-penales-denuncia-jufed\/","url":"https:\/\/expresorgv.online\/home\/blog\/2026\/09\/03\/decenas-de-juzgadores-son-perseguidos-con-procedimientos-disciplinarios-y-penales-denuncia-jufed\/","name":"Decenas de juzgadores son perseguidos con procedimientos disciplinarios y penales, denuncia JUFED -","isPartOf":{"@id":"https:\/\/expresorgv.online\/home\/#website"},"primaryImageOfPage":{"@id":"https:\/\/expresorgv.online\/home\/blog\/2026\/09\/03\/decenas-de-juzgadores-son-perseguidos-con-procedimientos-disciplinarios-y-penales-denuncia-jufed\/#primaryimage"},"image":{"@id":"https:\/\/expresorgv.online\/home\/blog\/2026\/09\/03\/decenas-de-juzgadores-son-perseguidos-con-procedimientos-disciplinarios-y-penales-denuncia-jufed\/#primaryimage"},"thumbnailUrl":"https:\/\/i0.wp.com\/expresorgv.online\/home\/wp-content\/uploads\/2026\/09\/03092026Jueces.png?fit=540%2C300&ssl=1","datePublished":"2026-09-03T05:06:45+00:00","dateModified":"2026-09-03T05:06:46+00:00","author":{"@id":"https:\/\/expresorgv.online\/home\/#\/schema\/person\/ae1ed1a575540204b5f59dca7f91f6a2"},"breadcrumb":{"@id":"https:\/\/expresorgv.online\/home\/blog\/2026\/09\/03\/decenas-de-juzgadores-son-perseguidos-con-procedimientos-disciplinarios-y-penales-denuncia-jufed\/#breadcrumb"},"inLanguage":"es","potentialAction":[{"@type":"ReadAction","target":["https:\/\/expresorgv.online\/home\/blog\/2026\/09\/03\/decenas-de-juzgadores-son-perseguidos-con-procedimientos-disciplinarios-y-penales-denuncia-jufed\/"]}]},{"@type":"ImageObject","inLanguage":"es","@id":"https:\/\/expresorgv.online\/home\/blog\/2026\/09\/03\/decenas-de-juzgadores-son-perseguidos-con-procedimientos-disciplinarios-y-penales-denuncia-jufed\/#primaryimage","url":"https:\/\/i0.wp.com\/expresorgv.online\/home\/wp-content\/uploads\/2026\/09\/03092026Jueces.png?fit=540%2C300&ssl=1","contentUrl":"https:\/\/i0.wp.com\/expresorgv.online\/home\/wp-content\/uploads\/2026\/09\/03092026Jueces.png?fit=540%2C300&ssl=1","width":540,"height":300},{"@type":"BreadcrumbList","@id":"https:\/\/expresorgv.online\/home\/blog\/2026\/09\/03\/decenas-de-juzgadores-son-perseguidos-con-procedimientos-disciplinarios-y-penales-denuncia-jufed\/#breadcrumb","itemListElement":[{"@type":"ListItem","position":1,"name":"Home","item":"https:\/\/expresorgv.online\/home\/"},{"@type":"ListItem","position":2,"name":"Decenas de juzgadores son perseguidos con procedimientos disciplinarios y penales, denuncia JUFED"}]},{"@type":"WebSite","@id":"https:\/\/expresorgv.online\/home\/#website","url":"https:\/\/expresorgv.online\/home\/","name":"","description":"","potentialAction":[{"@type":"SearchAction","target":{"@type":"EntryPoint","urlTemplate":"https:\/\/expresorgv.online\/home\/?s={search_term_string}"},"query-input":{"@type":"PropertyValueSpecification","valueRequired":true,"valueName":"search_term_string"}}],"inLanguage":"es"},{"@type":"Person","@id":"https:\/\/expresorgv.online\/home\/#\/schema\/person\/ae1ed1a575540204b5f59dca7f91f6a2","name":"expreso","image":{"@type":"ImageObject","inLanguage":"es","@id":"https:\/\/secure.gravatar.com\/avatar\/88cd9f065dcd1b722cd984aac4181386a800c0bca699eaf07e42dd8f820bddee?s=96&d=mm&r=g","url":"https:\/\/secure.gravatar.com\/avatar\/88cd9f065dcd1b722cd984aac4181386a800c0bca699eaf07e42dd8f820bddee?s=96&d=mm&r=g","contentUrl":"https:\/\/secure.gravatar.com\/avatar\/88cd9f065dcd1b722cd984aac4181386a800c0bca699eaf07e42dd8f820bddee?s=96&d=mm&r=g","caption":"expreso"},"url":"https:\/\/expresorgv.online\/home\/blog\/author\/expreso\/"}]}},"jetpack_featured_media_url":"https:\/\/i0.wp.com\/expresorgv.online\/home\/wp-content\/uploads\/2026\/09\/03092026Jueces.png?fit=540%2C300&ssl=1","_links":{"self":[{"href":"https:\/\/expresorgv.online\/home\/wp-json\/wp\/v2\/posts\/38394","targetHints":{"allow":["GET"]}}],"collection":[{"href":"https:\/\/expresorgv.online\/home\/wp-json\/wp\/v2\/posts"}],"about":[{"href":"https:\/\/expresorgv.online\/home\/wp-json\/wp\/v2\/types\/post"}],"author":[{"embeddable":true,"href":"https:\/\/expresorgv.online\/home\/wp-json\/wp\/v2\/users\/2"}],"replies":[{"embeddable":true,"href":"https:\/\/expresorgv.online\/home\/wp-json\/wp\/v2\/comments?post=38394"}],"version-history":[{"count":1,"href":"https:\/\/expresorgv.online\/home\/wp-json\/wp\/v2\/posts\/38394\/revisions"}],"predecessor-version":[{"id":38395,"href":"https:\/\/expresorgv.online\/home\/wp-json\/wp\/v2\/posts\/38394\/revisions\/38395"}],"wp:featuredmedia":[{"embeddable":true,"href":"https:\/\/expresorgv.online\/home\/wp-json\/wp\/v2\/media\/38380"}],"wp:attachment":[{"href":"https:\/\/expresorgv.online\/home\/wp-json\/wp\/v2\/media?parent=38394"}],"wp:term":[{"taxonomy":"category","embeddable":true,"href":"https:\/\/expresorgv.online\/home\/wp-json\/wp\/v2\/categories?post=38394"},{"taxonomy":"post_tag","embeddable":true,"href":"https:\/\/expresorgv.online\/home\/wp-json\/wp\/v2\/tags?post=38394"}],"curies":[{"name":"wp","href":"https:\/\/api.w.org\/{rel}","templated":true}]}}