{"id":38392,"date":"2026-09-03T05:04:24","date_gmt":"2026-09-03T05:04:24","guid":{"rendered":"https:\/\/expresorgv.online\/home\/?p=38392"},"modified":"2026-09-03T05:04:25","modified_gmt":"2026-09-03T05:04:25","slug":"se-incendia-trailer-nodriza-con-nueve-vehiculos-bmw-en-tamaulipas","status":"publish","type":"post","link":"https:\/\/expresorgv.online\/home\/blog\/2026\/09\/03\/se-incendia-trailer-nodriza-con-nueve-vehiculos-bmw-en-tamaulipas\/","title":{"rendered":"Se incendia tr\u00e1iler nodriza con nueve veh\u00edculos BMW en Tamaulipas"},"content":{"rendered":"\n<p class=\"wp-block-paragraph\">Un tr\u00e1iler nodriza que cargaba nueve veh\u00edculos BMW, se incendi\u00f3 este martes 1 de septiembre sobre la carretera Rumbo Nuevo, entre el kil\u00f3metro dos y tres, a la altura de Ciudad Victoria, en Tamaulipas.&nbsp;<\/p>\n\n\n\n<p class=\"wp-block-paragraph\">Los hechos ocurrieron alrededor de las 21:00 horas. De acuerdo con reportes locales, la unidad sali\u00f3 de San Luis Potos\u00ed y se dirig\u00eda hacia el Puerto de Altamira.&nbsp;&nbsp;<\/p>\n\n\n\n<p class=\"wp-block-paragraph\">Algunas versiones se\u00f1alan que el origen fue un incendio de pastizal, el cual se extendi\u00f3 y alcanz\u00f3 al tr\u00e1iler. Sin embargo, las autoridades no han confirmado una causa oficial.&nbsp;&nbsp;<\/p>\n\n\n\n<p class=\"wp-block-paragraph\">En un inicio, se intent\u00f3 sofocar el fuego con un extintor, pero las llamas crecieron r\u00e1pidamente hasta cubrir por completo el cami\u00f3n nodriza y toda su carga de veh\u00edculos, los cuales eran nuevos, seg\u00fan reportes period\u00edsticos.&nbsp;&nbsp;<\/p>\n\n\n\n<p class=\"wp-block-paragraph\">Minutos m\u00e1s tarde, lleg\u00f3 el personal de Bomberos y de la Guardia Estatal para ayudar con las labores de rescate. Hasta el momento no se ha informado sobre personas heridas ni fallecidas, ya que el conductor logr\u00f3 descender a tiempo.&nbsp;<\/p>\n\n\n\n<p class=\"wp-block-paragraph\">En cuanto a los da\u00f1os materiales, se report\u00f3 que los nueve veh\u00edculos y el tr\u00e1iler terminaron completamente calcinados.&nbsp;<\/p>\n\n\n\n<p class=\"wp-block-paragraph\">A\u00fan no hay informes sobre el valor financiero de los da\u00f1os a los autom\u00f3viles. Sin embargo, los precios promedio de un veh\u00edculo nuevo de la marca BMW en M\u00e9xico, var\u00edan entre 800 mil pesos y dos millones 500 mil pesos. En el caso de modelos deportivos de alto rendimiento, su costo puede superar los cuatro millones 200 mil pesos.&nbsp;<\/p>\n\n\n\n<p class=\"wp-block-paragraph\">A fin de evitar m\u00e1s incidentes, se cerr\u00f3 la circulaci\u00f3n en el tramo de la carretera Rumbo Nuevo, mientras los cuerpos de emergencia realizaban su trabajo. Las autoridades contin\u00faan con las investigaciones correspondientes para esclarecer los hechos.&nbsp;<\/p>\n\n\n\n<p class=\"wp-block-paragraph\">Cabe mencionar que en los \u00faltimos meses se ha registrado un aumento de veh\u00edculos incendiados en M\u00e9xico, aunque cada caso responde a diversos factores.&nbsp;&nbsp;<\/p>\n","protected":false},"excerpt":{"rendered":"<p>Un tr\u00e1iler nodriza que cargaba nueve veh\u00edculos BMW, se incendi\u00f3 este martes 1 de septiembre sobre la carretera Rumbo Nuevo, entre el kil\u00f3metro dos y tres, a la altura de Ciudad Victoria, en Tamaulipas.&nbsp; Los hechos ocurrieron alrededor de las 21:00 horas. De acuerdo con reportes locales, la unidad sali\u00f3 de San Luis Potos\u00ed y [&hellip;]<\/p>\n","protected":false},"author":2,"featured_media":38378,"comment_status":"open","ping_status":"open","sticky":false,"template":"","format":"standard","meta":{"footnotes":""},"categories":[5],"tags":[],"class_list":["post-38392","post","type-post","status-publish","format-standard","has-post-thumbnail","hentry","category-estatal"],"yoast_head":"<!-- This site is optimized with the Yoast SEO plugin v27.2 - https:\/\/yoast.com\/product\/yoast-seo-wordpress\/ -->\n<title>Se incendia tr\u00e1iler nodriza con nueve veh\u00edculos BMW en Tamaulipas -<\/title>\n<meta name=\"robots\" content=\"index, follow, max-snippet:-1, max-image-preview:large, max-video-preview:-1\" \/>\n<link rel=\"canonical\" href=\"https:\/\/expresorgv.online\/home\/blog\/2026\/09\/03\/se-incendia-trailer-nodriza-con-nueve-vehiculos-bmw-en-tamaulipas\/\" \/>\n<meta property=\"og:locale\" content=\"es_ES\" \/>\n<meta property=\"og:type\" content=\"article\" \/>\n<meta property=\"og:title\" content=\"Se incendia tr\u00e1iler nodriza con nueve veh\u00edculos BMW en Tamaulipas\" \/>\n<meta property=\"og:description\" content=\"Un tr\u00e1iler nodriza que cargaba nueve veh\u00edculos BMW, se incendi\u00f3 este martes 1 de septiembre sobre la carretera Rumbo Nuevo, entre el kil\u00f3metro dos y tres, a la altura de Ciudad Victoria, en Tamaulipas.&nbsp; Los hechos ocurrieron alrededor de las 21:00 horas. De acuerdo con reportes locales, la unidad sali\u00f3 de San Luis Potos\u00ed y [&hellip;]\" \/>\n<meta property=\"og:url\" content=\"https:\/\/expresorgv.online\/home\/blog\/2026\/09\/03\/se-incendia-trailer-nodriza-con-nueve-vehiculos-bmw-en-tamaulipas\/\" \/>\n<meta property=\"article:published_time\" content=\"2026-09-03T05:04:24+00:00\" \/>\n<meta property=\"article:modified_time\" content=\"2026-09-03T05:04:25+00:00\" \/>\n<meta property=\"og:image\" content=\"https:\/\/expresorgv.online\/home\/wp-content\/uploads\/2026\/09\/03092026IncendioNodriza.png\" \/>\n\t<meta property=\"og:image:width\" content=\"540\" \/>\n\t<meta property=\"og:image:height\" content=\"300\" \/>\n\t<meta property=\"og:image:type\" content=\"image\/png\" \/>\n<meta name=\"author\" content=\"expreso\" \/>\n<meta name=\"twitter:card\" content=\"summary_large_image\" \/>\n<meta name=\"twitter:label1\" content=\"Escrito por\" \/>\n\t<meta name=\"twitter:data1\" content=\"expreso\" \/>\n\t<meta name=\"twitter:label2\" content=\"Tiempo de lectura\" \/>\n\t<meta name=\"twitter:data2\" content=\"2 minutos\" \/>\n<script type=\"application\/ld+json\" class=\"yoast-schema-graph\">{\"@context\":\"https:\/\/schema.org\",\"@graph\":[{\"@type\":\"Article\",\"@id\":\"https:\/\/expresorgv.online\/home\/blog\/2026\/09\/03\/se-incendia-trailer-nodriza-con-nueve-vehiculos-bmw-en-tamaulipas\/#article\",\"isPartOf\":{\"@id\":\"https:\/\/expresorgv.online\/home\/blog\/2026\/09\/03\/se-incendia-trailer-nodriza-con-nueve-vehiculos-bmw-en-tamaulipas\/\"},\"author\":{\"name\":\"expreso\",\"@id\":\"https:\/\/expresorgv.online\/home\/#\/schema\/person\/ae1ed1a575540204b5f59dca7f91f6a2\"},\"headline\":\"Se incendia tr\u00e1iler nodriza con nueve veh\u00edculos BMW en Tamaulipas\",\"datePublished\":\"2026-09-03T05:04:24+00:00\",\"dateModified\":\"2026-09-03T05:04:25+00:00\",\"mainEntityOfPage\":{\"@id\":\"https:\/\/expresorgv.online\/home\/blog\/2026\/09\/03\/se-incendia-trailer-nodriza-con-nueve-vehiculos-bmw-en-tamaulipas\/\"},\"wordCount\":351,\"commentCount\":0,\"image\":{\"@id\":\"https:\/\/expresorgv.online\/home\/blog\/2026\/09\/03\/se-incendia-trailer-nodriza-con-nueve-vehiculos-bmw-en-tamaulipas\/#primaryimage\"},\"thumbnailUrl\":\"https:\/\/i0.wp.com\/expresorgv.online\/home\/wp-content\/uploads\/2026\/09\/03092026IncendioNodriza.png?fit=540%2C300&ssl=1\",\"articleSection\":[\"ESTATAL\"],\"inLanguage\":\"es\",\"potentialAction\":[{\"@type\":\"CommentAction\",\"name\":\"Comment\",\"target\":[\"https:\/\/expresorgv.online\/home\/blog\/2026\/09\/03\/se-incendia-trailer-nodriza-con-nueve-vehiculos-bmw-en-tamaulipas\/#respond\"]}]},{\"@type\":\"WebPage\",\"@id\":\"https:\/\/expresorgv.online\/home\/blog\/2026\/09\/03\/se-incendia-trailer-nodriza-con-nueve-vehiculos-bmw-en-tamaulipas\/\",\"url\":\"https:\/\/expresorgv.online\/home\/blog\/2026\/09\/03\/se-incendia-trailer-nodriza-con-nueve-vehiculos-bmw-en-tamaulipas\/\",\"name\":\"Se incendia tr\u00e1iler nodriza con nueve veh\u00edculos BMW en Tamaulipas -\",\"isPartOf\":{\"@id\":\"https:\/\/expresorgv.online\/home\/#website\"},\"primaryImageOfPage\":{\"@id\":\"https:\/\/expresorgv.online\/home\/blog\/2026\/09\/03\/se-incendia-trailer-nodriza-con-nueve-vehiculos-bmw-en-tamaulipas\/#primaryimage\"},\"image\":{\"@id\":\"https:\/\/expresorgv.online\/home\/blog\/2026\/09\/03\/se-incendia-trailer-nodriza-con-nueve-vehiculos-bmw-en-tamaulipas\/#primaryimage\"},\"thumbnailUrl\":\"https:\/\/i0.wp.com\/expresorgv.online\/home\/wp-content\/uploads\/2026\/09\/03092026IncendioNodriza.png?fit=540%2C300&ssl=1\",\"datePublished\":\"2026-09-03T05:04:24+00:00\",\"dateModified\":\"2026-09-03T05:04:25+00:00\",\"author\":{\"@id\":\"https:\/\/expresorgv.online\/home\/#\/schema\/person\/ae1ed1a575540204b5f59dca7f91f6a2\"},\"breadcrumb\":{\"@id\":\"https:\/\/expresorgv.online\/home\/blog\/2026\/09\/03\/se-incendia-trailer-nodriza-con-nueve-vehiculos-bmw-en-tamaulipas\/#breadcrumb\"},\"inLanguage\":\"es\",\"potentialAction\":[{\"@type\":\"ReadAction\",\"target\":[\"https:\/\/expresorgv.online\/home\/blog\/2026\/09\/03\/se-incendia-trailer-nodriza-con-nueve-vehiculos-bmw-en-tamaulipas\/\"]}]},{\"@type\":\"ImageObject\",\"inLanguage\":\"es\",\"@id\":\"https:\/\/expresorgv.online\/home\/blog\/2026\/09\/03\/se-incendia-trailer-nodriza-con-nueve-vehiculos-bmw-en-tamaulipas\/#primaryimage\",\"url\":\"https:\/\/i0.wp.com\/expresorgv.online\/home\/wp-content\/uploads\/2026\/09\/03092026IncendioNodriza.png?fit=540%2C300&ssl=1\",\"contentUrl\":\"https:\/\/i0.wp.com\/expresorgv.online\/home\/wp-content\/uploads\/2026\/09\/03092026IncendioNodriza.png?fit=540%2C300&ssl=1\",\"width\":540,\"height\":300},{\"@type\":\"BreadcrumbList\",\"@id\":\"https:\/\/expresorgv.online\/home\/blog\/2026\/09\/03\/se-incendia-trailer-nodriza-con-nueve-vehiculos-bmw-en-tamaulipas\/#breadcrumb\",\"itemListElement\":[{\"@type\":\"ListItem\",\"position\":1,\"name\":\"Home\",\"item\":\"https:\/\/expresorgv.online\/home\/\"},{\"@type\":\"ListItem\",\"position\":2,\"name\":\"Se incendia tr\u00e1iler nodriza con nueve veh\u00edculos BMW en Tamaulipas\"}]},{\"@type\":\"WebSite\",\"@id\":\"https:\/\/expresorgv.online\/home\/#website\",\"url\":\"https:\/\/expresorgv.online\/home\/\",\"name\":\"\",\"description\":\"\",\"potentialAction\":[{\"@type\":\"SearchAction\",\"target\":{\"@type\":\"EntryPoint\",\"urlTemplate\":\"https:\/\/expresorgv.online\/home\/?s={search_term_string}\"},\"query-input\":{\"@type\":\"PropertyValueSpecification\",\"valueRequired\":true,\"valueName\":\"search_term_string\"}}],\"inLanguage\":\"es\"},{\"@type\":\"Person\",\"@id\":\"https:\/\/expresorgv.online\/home\/#\/schema\/person\/ae1ed1a575540204b5f59dca7f91f6a2\",\"name\":\"expreso\",\"image\":{\"@type\":\"ImageObject\",\"inLanguage\":\"es\",\"@id\":\"https:\/\/secure.gravatar.com\/avatar\/88cd9f065dcd1b722cd984aac4181386a800c0bca699eaf07e42dd8f820bddee?s=96&d=mm&r=g\",\"url\":\"https:\/\/secure.gravatar.com\/avatar\/88cd9f065dcd1b722cd984aac4181386a800c0bca699eaf07e42dd8f820bddee?s=96&d=mm&r=g\",\"contentUrl\":\"https:\/\/secure.gravatar.com\/avatar\/88cd9f065dcd1b722cd984aac4181386a800c0bca699eaf07e42dd8f820bddee?s=96&d=mm&r=g\",\"caption\":\"expreso\"},\"url\":\"https:\/\/expresorgv.online\/home\/blog\/author\/expreso\/\"}]}<\/script>\n<!-- \/ Yoast SEO plugin. -->","yoast_head_json":{"title":"Se incendia tr\u00e1iler nodriza con nueve veh\u00edculos BMW en Tamaulipas -","robots":{"index":"index","follow":"follow","max-snippet":"max-snippet:-1","max-image-preview":"max-image-preview:large","max-video-preview":"max-video-preview:-1"},"canonical":"https:\/\/expresorgv.online\/home\/blog\/2026\/09\/03\/se-incendia-trailer-nodriza-con-nueve-vehiculos-bmw-en-tamaulipas\/","og_locale":"es_ES","og_type":"article","og_title":"Se incendia tr\u00e1iler nodriza con nueve veh\u00edculos BMW en Tamaulipas","og_description":"Un tr\u00e1iler nodriza que cargaba nueve veh\u00edculos BMW, se incendi\u00f3 este martes 1 de septiembre sobre la carretera Rumbo Nuevo, entre el kil\u00f3metro dos y tres, a la altura de Ciudad Victoria, en Tamaulipas.&nbsp; Los hechos ocurrieron alrededor de las 21:00 horas. De acuerdo con reportes locales, la unidad sali\u00f3 de San Luis Potos\u00ed y [&hellip;]","og_url":"https:\/\/expresorgv.online\/home\/blog\/2026\/09\/03\/se-incendia-trailer-nodriza-con-nueve-vehiculos-bmw-en-tamaulipas\/","article_published_time":"2026-09-03T05:04:24+00:00","article_modified_time":"2026-09-03T05:04:25+00:00","og_image":[{"width":540,"height":300,"url":"https:\/\/expresorgv.online\/home\/wp-content\/uploads\/2026\/09\/03092026IncendioNodriza.png","type":"image\/png"}],"author":"expreso","twitter_card":"summary_large_image","twitter_misc":{"Escrito por":"expreso","Tiempo de lectura":"2 minutos"},"schema":{"@context":"https:\/\/schema.org","@graph":[{"@type":"Article","@id":"https:\/\/expresorgv.online\/home\/blog\/2026\/09\/03\/se-incendia-trailer-nodriza-con-nueve-vehiculos-bmw-en-tamaulipas\/#article","isPartOf":{"@id":"https:\/\/expresorgv.online\/home\/blog\/2026\/09\/03\/se-incendia-trailer-nodriza-con-nueve-vehiculos-bmw-en-tamaulipas\/"},"author":{"name":"expreso","@id":"https:\/\/expresorgv.online\/home\/#\/schema\/person\/ae1ed1a575540204b5f59dca7f91f6a2"},"headline":"Se incendia tr\u00e1iler nodriza con nueve veh\u00edculos BMW en Tamaulipas","datePublished":"2026-09-03T05:04:24+00:00","dateModified":"2026-09-03T05:04:25+00:00","mainEntityOfPage":{"@id":"https:\/\/expresorgv.online\/home\/blog\/2026\/09\/03\/se-incendia-trailer-nodriza-con-nueve-vehiculos-bmw-en-tamaulipas\/"},"wordCount":351,"commentCount":0,"image":{"@id":"https:\/\/expresorgv.online\/home\/blog\/2026\/09\/03\/se-incendia-trailer-nodriza-con-nueve-vehiculos-bmw-en-tamaulipas\/#primaryimage"},"thumbnailUrl":"https:\/\/i0.wp.com\/expresorgv.online\/home\/wp-content\/uploads\/2026\/09\/03092026IncendioNodriza.png?fit=540%2C300&ssl=1","articleSection":["ESTATAL"],"inLanguage":"es","potentialAction":[{"@type":"CommentAction","name":"Comment","target":["https:\/\/expresorgv.online\/home\/blog\/2026\/09\/03\/se-incendia-trailer-nodriza-con-nueve-vehiculos-bmw-en-tamaulipas\/#respond"]}]},{"@type":"WebPage","@id":"https:\/\/expresorgv.online\/home\/blog\/2026\/09\/03\/se-incendia-trailer-nodriza-con-nueve-vehiculos-bmw-en-tamaulipas\/","url":"https:\/\/expresorgv.online\/home\/blog\/2026\/09\/03\/se-incendia-trailer-nodriza-con-nueve-vehiculos-bmw-en-tamaulipas\/","name":"Se incendia tr\u00e1iler nodriza con nueve veh\u00edculos BMW en Tamaulipas -","isPartOf":{"@id":"https:\/\/expresorgv.online\/home\/#website"},"primaryImageOfPage":{"@id":"https:\/\/expresorgv.online\/home\/blog\/2026\/09\/03\/se-incendia-trailer-nodriza-con-nueve-vehiculos-bmw-en-tamaulipas\/#primaryimage"},"image":{"@id":"https:\/\/expresorgv.online\/home\/blog\/2026\/09\/03\/se-incendia-trailer-nodriza-con-nueve-vehiculos-bmw-en-tamaulipas\/#primaryimage"},"thumbnailUrl":"https:\/\/i0.wp.com\/expresorgv.online\/home\/wp-content\/uploads\/2026\/09\/03092026IncendioNodriza.png?fit=540%2C300&ssl=1","datePublished":"2026-09-03T05:04:24+00:00","dateModified":"2026-09-03T05:04:25+00:00","author":{"@id":"https:\/\/expresorgv.online\/home\/#\/schema\/person\/ae1ed1a575540204b5f59dca7f91f6a2"},"breadcrumb":{"@id":"https:\/\/expresorgv.online\/home\/blog\/2026\/09\/03\/se-incendia-trailer-nodriza-con-nueve-vehiculos-bmw-en-tamaulipas\/#breadcrumb"},"inLanguage":"es","potentialAction":[{"@type":"ReadAction","target":["https:\/\/expresorgv.online\/home\/blog\/2026\/09\/03\/se-incendia-trailer-nodriza-con-nueve-vehiculos-bmw-en-tamaulipas\/"]}]},{"@type":"ImageObject","inLanguage":"es","@id":"https:\/\/expresorgv.online\/home\/blog\/2026\/09\/03\/se-incendia-trailer-nodriza-con-nueve-vehiculos-bmw-en-tamaulipas\/#primaryimage","url":"https:\/\/i0.wp.com\/expresorgv.online\/home\/wp-content\/uploads\/2026\/09\/03092026IncendioNodriza.png?fit=540%2C300&ssl=1","contentUrl":"https:\/\/i0.wp.com\/expresorgv.online\/home\/wp-content\/uploads\/2026\/09\/03092026IncendioNodriza.png?fit=540%2C300&ssl=1","width":540,"height":300},{"@type":"BreadcrumbList","@id":"https:\/\/expresorgv.online\/home\/blog\/2026\/09\/03\/se-incendia-trailer-nodriza-con-nueve-vehiculos-bmw-en-tamaulipas\/#breadcrumb","itemListElement":[{"@type":"ListItem","position":1,"name":"Home","item":"https:\/\/expresorgv.online\/home\/"},{"@type":"ListItem","position":2,"name":"Se incendia tr\u00e1iler nodriza con nueve veh\u00edculos BMW en Tamaulipas"}]},{"@type":"WebSite","@id":"https:\/\/expresorgv.online\/home\/#website","url":"https:\/\/expresorgv.online\/home\/","name":"","description":"","potentialAction":[{"@type":"SearchAction","target":{"@type":"EntryPoint","urlTemplate":"https:\/\/expresorgv.online\/home\/?s={search_term_string}"},"query-input":{"@type":"PropertyValueSpecification","valueRequired":true,"valueName":"search_term_string"}}],"inLanguage":"es"},{"@type":"Person","@id":"https:\/\/expresorgv.online\/home\/#\/schema\/person\/ae1ed1a575540204b5f59dca7f91f6a2","name":"expreso","image":{"@type":"ImageObject","inLanguage":"es","@id":"https:\/\/secure.gravatar.com\/avatar\/88cd9f065dcd1b722cd984aac4181386a800c0bca699eaf07e42dd8f820bddee?s=96&d=mm&r=g","url":"https:\/\/secure.gravatar.com\/avatar\/88cd9f065dcd1b722cd984aac4181386a800c0bca699eaf07e42dd8f820bddee?s=96&d=mm&r=g","contentUrl":"https:\/\/secure.gravatar.com\/avatar\/88cd9f065dcd1b722cd984aac4181386a800c0bca699eaf07e42dd8f820bddee?s=96&d=mm&r=g","caption":"expreso"},"url":"https:\/\/expresorgv.online\/home\/blog\/author\/expreso\/"}]}},"jetpack_featured_media_url":"https:\/\/i0.wp.com\/expresorgv.online\/home\/wp-content\/uploads\/2026\/09\/03092026IncendioNodriza.png?fit=540%2C300&ssl=1","_links":{"self":[{"href":"https:\/\/expresorgv.online\/home\/wp-json\/wp\/v2\/posts\/38392","targetHints":{"allow":["GET"]}}],"collection":[{"href":"https:\/\/expresorgv.online\/home\/wp-json\/wp\/v2\/posts"}],"about":[{"href":"https:\/\/expresorgv.online\/home\/wp-json\/wp\/v2\/types\/post"}],"author":[{"embeddable":true,"href":"https:\/\/expresorgv.online\/home\/wp-json\/wp\/v2\/users\/2"}],"replies":[{"embeddable":true,"href":"https:\/\/expresorgv.online\/home\/wp-json\/wp\/v2\/comments?post=38392"}],"version-history":[{"count":1,"href":"https:\/\/expresorgv.online\/home\/wp-json\/wp\/v2\/posts\/38392\/revisions"}],"predecessor-version":[{"id":38393,"href":"https:\/\/expresorgv.online\/home\/wp-json\/wp\/v2\/posts\/38392\/revisions\/38393"}],"wp:featuredmedia":[{"embeddable":true,"href":"https:\/\/expresorgv.online\/home\/wp-json\/wp\/v2\/media\/38378"}],"wp:attachment":[{"href":"https:\/\/expresorgv.online\/home\/wp-json\/wp\/v2\/media?parent=38392"}],"wp:term":[{"taxonomy":"category","embeddable":true,"href":"https:\/\/expresorgv.online\/home\/wp-json\/wp\/v2\/categories?post=38392"},{"taxonomy":"post_tag","embeddable":true,"href":"https:\/\/expresorgv.online\/home\/wp-json\/wp\/v2\/tags?post=38392"}],"curies":[{"name":"wp","href":"https:\/\/api.w.org\/{rel}","templated":true}]}}