{"id":38388,"date":"2026-09-03T04:57:02","date_gmt":"2026-09-03T04:57:02","guid":{"rendered":"https:\/\/expresorgv.online\/home\/?p=38388"},"modified":"2026-09-03T04:57:03","modified_gmt":"2026-09-03T04:57:03","slug":"ee-uu-exhorta-a-la-comunidad-internacional-a-cortar-vinculos-con-nicaragua","status":"publish","type":"post","link":"https:\/\/expresorgv.online\/home\/blog\/2026\/09\/03\/ee-uu-exhorta-a-la-comunidad-internacional-a-cortar-vinculos-con-nicaragua\/","title":{"rendered":"EE.UU. exhorta a la comunidad internacional a cortar v\u00ednculos con Nicaragua"},"content":{"rendered":"\n<p class=\"wp-block-paragraph\">Estados Unidos exhort\u00f3 a sus socios a romper v\u00ednculos con <strong>Nicaragua<\/strong>, tras la decisi\u00f3n del Congreso de ese pa\u00eds de prohibir la participaci\u00f3n de opositores en las elecciones, seg\u00fan una declaraci\u00f3n este mi\u00e9rcoles del secretario de Estado <strong>Marco Rubio.<\/strong><\/p>\n\n\n\n<p class=\"wp-block-paragraph\">En ese comunicado, Washington llama a sus aliados internacionales a<strong> \u201cponer fin de inmediato a las operaciones habituales con esta brutal dictadura\u201d<\/strong> del presidente Daniel Ortega y su esposa y copresidenta, <strong>Rosario Murillo.<\/strong><\/p>\n\n\n\n<p class=\"wp-block-paragraph\">\u201cLas dictaduras que niegan los derechos inalienables de sus ciudadanos no deber\u00edan gozar de los mismos beneficios econ\u00f3micos o pol\u00edticos que los gobiernos comprometidos con la defensa de la paz y la seguridad hemisf\u00e9ricas\u201d, <strong>advirti\u00f3 Rubio.<\/strong><\/p>\n\n\n\n<p class=\"wp-block-paragraph\">La votaci\u00f3n en la <strong>Asamblea Nacional<\/strong> nicarag\u00fcense \u201cerosion\u00f3 a\u00fan m\u00e1s la ficci\u00f3n de la democracia en Nicaragua\u201d, denunci\u00f3 el jefe de la diplomacia estadounidense.<\/p>\n\n\n\n<p class=\"wp-block-paragraph\"><strong>Ortega<\/strong>, exguerrillero izquierdista de 80 a\u00f1os y su esposa, cinco a\u00f1os menor, gobiernan con poder absoluto y un fuerte control sobre la sociedad nicarag\u00fcense, tras las <strong>protestas de 2018<\/strong> cuya represi\u00f3n dej\u00f3 unos 300 muertos seg\u00fan la ONU, y cientos de miles de exiliados.<\/p>\n\n\n\n<p class=\"wp-block-paragraph\">Washington ha aumentado en los \u00faltimos meses la<strong> presi\u00f3n econ\u00f3mica y diplom\u00e1tica<\/strong> sobre Managua, con sanciones contra las principales figuras del r\u00e9gimen y movilizando tambi\u00e9n a sus aliados en Am\u00e9rica Latina, mediante comunicados conjuntos.<\/p>\n\n\n\n<figure class=\"wp-block-image\"><img decoding=\"async\" src=\"https:\/\/i0.wp.com\/editorial.aristeguinoticias.com\/wp-content\/uploads\/2026\/07\/daniel-ortega-nicaragua-21072026-700x438.jpg?resize=640%2C400&#038;ssl=1\" alt=\"\" data-recalc-dims=\"1\" \/><\/figure>\n\n\n\n<p class=\"wp-block-paragraph\">\u201cLa Administraci\u00f3n Trump sigue comprometida a identificar e implementar acciones para abordar las violaciones de derechos humanos del r\u00e9gimen de Murillo-Ortega, incluso en foros como la Organizaci\u00f3n de los Estados Americanos\u201d a\u00f1adi\u00f3 el texto.<\/p>\n\n\n\n<p class=\"wp-block-paragraph\">Washington y sus aliados regionales lograron que la <strong>OEA<\/strong> aprobara la convocatoria de una reuni\u00f3n \u201curgente\u201d de cancilleres de la regi\u00f3n, una medida inusual.<\/p>\n\n\n\n<p class=\"wp-block-paragraph\">La OEA celebrar\u00e1 un <strong>Consejo Permanente<\/strong> este jueves para abordar la fecha y el lugar de ese encuentro.<\/p>\n","protected":false},"excerpt":{"rendered":"<p>Estados Unidos exhort\u00f3 a sus socios a romper v\u00ednculos con Nicaragua, tras la decisi\u00f3n del Congreso de ese pa\u00eds de prohibir la participaci\u00f3n de opositores en las elecciones, seg\u00fan una declaraci\u00f3n este mi\u00e9rcoles del secretario de Estado Marco Rubio. En ese comunicado, Washington llama a sus aliados internacionales a \u201cponer fin de inmediato a las [&hellip;]<\/p>\n","protected":false},"author":2,"featured_media":38381,"comment_status":"open","ping_status":"open","sticky":false,"template":"","format":"standard","meta":{"footnotes":""},"categories":[7],"tags":[],"class_list":["post-38388","post","type-post","status-publish","format-standard","has-post-thumbnail","hentry","category-internacional"],"yoast_head":"<!-- This site is optimized with the Yoast SEO plugin v27.2 - https:\/\/yoast.com\/product\/yoast-seo-wordpress\/ -->\n<title>EE.UU. exhorta a la comunidad internacional a cortar v\u00ednculos con Nicaragua -<\/title>\n<meta name=\"robots\" content=\"index, follow, max-snippet:-1, max-image-preview:large, max-video-preview:-1\" \/>\n<link rel=\"canonical\" href=\"https:\/\/expresorgv.online\/home\/blog\/2026\/09\/03\/ee-uu-exhorta-a-la-comunidad-internacional-a-cortar-vinculos-con-nicaragua\/\" \/>\n<meta property=\"og:locale\" content=\"es_ES\" \/>\n<meta property=\"og:type\" content=\"article\" \/>\n<meta property=\"og:title\" content=\"EE.UU. exhorta a la comunidad internacional a cortar v\u00ednculos con Nicaragua\" \/>\n<meta property=\"og:description\" content=\"Estados Unidos exhort\u00f3 a sus socios a romper v\u00ednculos con Nicaragua, tras la decisi\u00f3n del Congreso de ese pa\u00eds de prohibir la participaci\u00f3n de opositores en las elecciones, seg\u00fan una declaraci\u00f3n este mi\u00e9rcoles del secretario de Estado Marco Rubio. En ese comunicado, Washington llama a sus aliados internacionales a \u201cponer fin de inmediato a las [&hellip;]\" \/>\n<meta property=\"og:url\" content=\"https:\/\/expresorgv.online\/home\/blog\/2026\/09\/03\/ee-uu-exhorta-a-la-comunidad-internacional-a-cortar-vinculos-con-nicaragua\/\" \/>\n<meta property=\"article:published_time\" content=\"2026-09-03T04:57:02+00:00\" \/>\n<meta property=\"article:modified_time\" content=\"2026-09-03T04:57:03+00:00\" \/>\n<meta property=\"og:image\" content=\"https:\/\/expresorgv.online\/home\/wp-content\/uploads\/2026\/09\/03092026MarcoRubio.png\" \/>\n\t<meta property=\"og:image:width\" content=\"540\" \/>\n\t<meta property=\"og:image:height\" content=\"300\" \/>\n\t<meta property=\"og:image:type\" content=\"image\/png\" \/>\n<meta name=\"author\" content=\"expreso\" \/>\n<meta name=\"twitter:card\" content=\"summary_large_image\" \/>\n<meta name=\"twitter:label1\" content=\"Escrito por\" \/>\n\t<meta name=\"twitter:data1\" content=\"expreso\" \/>\n\t<meta name=\"twitter:label2\" content=\"Tiempo de lectura\" \/>\n\t<meta name=\"twitter:data2\" content=\"2 minutos\" \/>\n<script type=\"application\/ld+json\" class=\"yoast-schema-graph\">{\"@context\":\"https:\/\/schema.org\",\"@graph\":[{\"@type\":\"Article\",\"@id\":\"https:\/\/expresorgv.online\/home\/blog\/2026\/09\/03\/ee-uu-exhorta-a-la-comunidad-internacional-a-cortar-vinculos-con-nicaragua\/#article\",\"isPartOf\":{\"@id\":\"https:\/\/expresorgv.online\/home\/blog\/2026\/09\/03\/ee-uu-exhorta-a-la-comunidad-internacional-a-cortar-vinculos-con-nicaragua\/\"},\"author\":{\"name\":\"expreso\",\"@id\":\"https:\/\/expresorgv.online\/home\/#\/schema\/person\/ae1ed1a575540204b5f59dca7f91f6a2\"},\"headline\":\"EE.UU. exhorta a la comunidad internacional a cortar v\u00ednculos con Nicaragua\",\"datePublished\":\"2026-09-03T04:57:02+00:00\",\"dateModified\":\"2026-09-03T04:57:03+00:00\",\"mainEntityOfPage\":{\"@id\":\"https:\/\/expresorgv.online\/home\/blog\/2026\/09\/03\/ee-uu-exhorta-a-la-comunidad-internacional-a-cortar-vinculos-con-nicaragua\/\"},\"wordCount\":329,\"commentCount\":0,\"image\":{\"@id\":\"https:\/\/expresorgv.online\/home\/blog\/2026\/09\/03\/ee-uu-exhorta-a-la-comunidad-internacional-a-cortar-vinculos-con-nicaragua\/#primaryimage\"},\"thumbnailUrl\":\"https:\/\/i0.wp.com\/expresorgv.online\/home\/wp-content\/uploads\/2026\/09\/03092026MarcoRubio.png?fit=540%2C300&ssl=1\",\"articleSection\":[\"INTERNACIONAL\"],\"inLanguage\":\"es\",\"potentialAction\":[{\"@type\":\"CommentAction\",\"name\":\"Comment\",\"target\":[\"https:\/\/expresorgv.online\/home\/blog\/2026\/09\/03\/ee-uu-exhorta-a-la-comunidad-internacional-a-cortar-vinculos-con-nicaragua\/#respond\"]}]},{\"@type\":\"WebPage\",\"@id\":\"https:\/\/expresorgv.online\/home\/blog\/2026\/09\/03\/ee-uu-exhorta-a-la-comunidad-internacional-a-cortar-vinculos-con-nicaragua\/\",\"url\":\"https:\/\/expresorgv.online\/home\/blog\/2026\/09\/03\/ee-uu-exhorta-a-la-comunidad-internacional-a-cortar-vinculos-con-nicaragua\/\",\"name\":\"EE.UU. exhorta a la comunidad internacional a cortar v\u00ednculos con Nicaragua -\",\"isPartOf\":{\"@id\":\"https:\/\/expresorgv.online\/home\/#website\"},\"primaryImageOfPage\":{\"@id\":\"https:\/\/expresorgv.online\/home\/blog\/2026\/09\/03\/ee-uu-exhorta-a-la-comunidad-internacional-a-cortar-vinculos-con-nicaragua\/#primaryimage\"},\"image\":{\"@id\":\"https:\/\/expresorgv.online\/home\/blog\/2026\/09\/03\/ee-uu-exhorta-a-la-comunidad-internacional-a-cortar-vinculos-con-nicaragua\/#primaryimage\"},\"thumbnailUrl\":\"https:\/\/i0.wp.com\/expresorgv.online\/home\/wp-content\/uploads\/2026\/09\/03092026MarcoRubio.png?fit=540%2C300&ssl=1\",\"datePublished\":\"2026-09-03T04:57:02+00:00\",\"dateModified\":\"2026-09-03T04:57:03+00:00\",\"author\":{\"@id\":\"https:\/\/expresorgv.online\/home\/#\/schema\/person\/ae1ed1a575540204b5f59dca7f91f6a2\"},\"breadcrumb\":{\"@id\":\"https:\/\/expresorgv.online\/home\/blog\/2026\/09\/03\/ee-uu-exhorta-a-la-comunidad-internacional-a-cortar-vinculos-con-nicaragua\/#breadcrumb\"},\"inLanguage\":\"es\",\"potentialAction\":[{\"@type\":\"ReadAction\",\"target\":[\"https:\/\/expresorgv.online\/home\/blog\/2026\/09\/03\/ee-uu-exhorta-a-la-comunidad-internacional-a-cortar-vinculos-con-nicaragua\/\"]}]},{\"@type\":\"ImageObject\",\"inLanguage\":\"es\",\"@id\":\"https:\/\/expresorgv.online\/home\/blog\/2026\/09\/03\/ee-uu-exhorta-a-la-comunidad-internacional-a-cortar-vinculos-con-nicaragua\/#primaryimage\",\"url\":\"https:\/\/i0.wp.com\/expresorgv.online\/home\/wp-content\/uploads\/2026\/09\/03092026MarcoRubio.png?fit=540%2C300&ssl=1\",\"contentUrl\":\"https:\/\/i0.wp.com\/expresorgv.online\/home\/wp-content\/uploads\/2026\/09\/03092026MarcoRubio.png?fit=540%2C300&ssl=1\",\"width\":540,\"height\":300},{\"@type\":\"BreadcrumbList\",\"@id\":\"https:\/\/expresorgv.online\/home\/blog\/2026\/09\/03\/ee-uu-exhorta-a-la-comunidad-internacional-a-cortar-vinculos-con-nicaragua\/#breadcrumb\",\"itemListElement\":[{\"@type\":\"ListItem\",\"position\":1,\"name\":\"Home\",\"item\":\"https:\/\/expresorgv.online\/home\/\"},{\"@type\":\"ListItem\",\"position\":2,\"name\":\"EE.UU. exhorta a la comunidad internacional a cortar v\u00ednculos con Nicaragua\"}]},{\"@type\":\"WebSite\",\"@id\":\"https:\/\/expresorgv.online\/home\/#website\",\"url\":\"https:\/\/expresorgv.online\/home\/\",\"name\":\"\",\"description\":\"\",\"potentialAction\":[{\"@type\":\"SearchAction\",\"target\":{\"@type\":\"EntryPoint\",\"urlTemplate\":\"https:\/\/expresorgv.online\/home\/?s={search_term_string}\"},\"query-input\":{\"@type\":\"PropertyValueSpecification\",\"valueRequired\":true,\"valueName\":\"search_term_string\"}}],\"inLanguage\":\"es\"},{\"@type\":\"Person\",\"@id\":\"https:\/\/expresorgv.online\/home\/#\/schema\/person\/ae1ed1a575540204b5f59dca7f91f6a2\",\"name\":\"expreso\",\"image\":{\"@type\":\"ImageObject\",\"inLanguage\":\"es\",\"@id\":\"https:\/\/secure.gravatar.com\/avatar\/88cd9f065dcd1b722cd984aac4181386a800c0bca699eaf07e42dd8f820bddee?s=96&d=mm&r=g\",\"url\":\"https:\/\/secure.gravatar.com\/avatar\/88cd9f065dcd1b722cd984aac4181386a800c0bca699eaf07e42dd8f820bddee?s=96&d=mm&r=g\",\"contentUrl\":\"https:\/\/secure.gravatar.com\/avatar\/88cd9f065dcd1b722cd984aac4181386a800c0bca699eaf07e42dd8f820bddee?s=96&d=mm&r=g\",\"caption\":\"expreso\"},\"url\":\"https:\/\/expresorgv.online\/home\/blog\/author\/expreso\/\"}]}<\/script>\n<!-- \/ Yoast SEO plugin. -->","yoast_head_json":{"title":"EE.UU. exhorta a la comunidad internacional a cortar v\u00ednculos con Nicaragua -","robots":{"index":"index","follow":"follow","max-snippet":"max-snippet:-1","max-image-preview":"max-image-preview:large","max-video-preview":"max-video-preview:-1"},"canonical":"https:\/\/expresorgv.online\/home\/blog\/2026\/09\/03\/ee-uu-exhorta-a-la-comunidad-internacional-a-cortar-vinculos-con-nicaragua\/","og_locale":"es_ES","og_type":"article","og_title":"EE.UU. exhorta a la comunidad internacional a cortar v\u00ednculos con Nicaragua","og_description":"Estados Unidos exhort\u00f3 a sus socios a romper v\u00ednculos con Nicaragua, tras la decisi\u00f3n del Congreso de ese pa\u00eds de prohibir la participaci\u00f3n de opositores en las elecciones, seg\u00fan una declaraci\u00f3n este mi\u00e9rcoles del secretario de Estado Marco Rubio. En ese comunicado, Washington llama a sus aliados internacionales a \u201cponer fin de inmediato a las [&hellip;]","og_url":"https:\/\/expresorgv.online\/home\/blog\/2026\/09\/03\/ee-uu-exhorta-a-la-comunidad-internacional-a-cortar-vinculos-con-nicaragua\/","article_published_time":"2026-09-03T04:57:02+00:00","article_modified_time":"2026-09-03T04:57:03+00:00","og_image":[{"width":540,"height":300,"url":"https:\/\/expresorgv.online\/home\/wp-content\/uploads\/2026\/09\/03092026MarcoRubio.png","type":"image\/png"}],"author":"expreso","twitter_card":"summary_large_image","twitter_misc":{"Escrito por":"expreso","Tiempo de lectura":"2 minutos"},"schema":{"@context":"https:\/\/schema.org","@graph":[{"@type":"Article","@id":"https:\/\/expresorgv.online\/home\/blog\/2026\/09\/03\/ee-uu-exhorta-a-la-comunidad-internacional-a-cortar-vinculos-con-nicaragua\/#article","isPartOf":{"@id":"https:\/\/expresorgv.online\/home\/blog\/2026\/09\/03\/ee-uu-exhorta-a-la-comunidad-internacional-a-cortar-vinculos-con-nicaragua\/"},"author":{"name":"expreso","@id":"https:\/\/expresorgv.online\/home\/#\/schema\/person\/ae1ed1a575540204b5f59dca7f91f6a2"},"headline":"EE.UU. exhorta a la comunidad internacional a cortar v\u00ednculos con Nicaragua","datePublished":"2026-09-03T04:57:02+00:00","dateModified":"2026-09-03T04:57:03+00:00","mainEntityOfPage":{"@id":"https:\/\/expresorgv.online\/home\/blog\/2026\/09\/03\/ee-uu-exhorta-a-la-comunidad-internacional-a-cortar-vinculos-con-nicaragua\/"},"wordCount":329,"commentCount":0,"image":{"@id":"https:\/\/expresorgv.online\/home\/blog\/2026\/09\/03\/ee-uu-exhorta-a-la-comunidad-internacional-a-cortar-vinculos-con-nicaragua\/#primaryimage"},"thumbnailUrl":"https:\/\/i0.wp.com\/expresorgv.online\/home\/wp-content\/uploads\/2026\/09\/03092026MarcoRubio.png?fit=540%2C300&ssl=1","articleSection":["INTERNACIONAL"],"inLanguage":"es","potentialAction":[{"@type":"CommentAction","name":"Comment","target":["https:\/\/expresorgv.online\/home\/blog\/2026\/09\/03\/ee-uu-exhorta-a-la-comunidad-internacional-a-cortar-vinculos-con-nicaragua\/#respond"]}]},{"@type":"WebPage","@id":"https:\/\/expresorgv.online\/home\/blog\/2026\/09\/03\/ee-uu-exhorta-a-la-comunidad-internacional-a-cortar-vinculos-con-nicaragua\/","url":"https:\/\/expresorgv.online\/home\/blog\/2026\/09\/03\/ee-uu-exhorta-a-la-comunidad-internacional-a-cortar-vinculos-con-nicaragua\/","name":"EE.UU. exhorta a la comunidad internacional a cortar v\u00ednculos con Nicaragua -","isPartOf":{"@id":"https:\/\/expresorgv.online\/home\/#website"},"primaryImageOfPage":{"@id":"https:\/\/expresorgv.online\/home\/blog\/2026\/09\/03\/ee-uu-exhorta-a-la-comunidad-internacional-a-cortar-vinculos-con-nicaragua\/#primaryimage"},"image":{"@id":"https:\/\/expresorgv.online\/home\/blog\/2026\/09\/03\/ee-uu-exhorta-a-la-comunidad-internacional-a-cortar-vinculos-con-nicaragua\/#primaryimage"},"thumbnailUrl":"https:\/\/i0.wp.com\/expresorgv.online\/home\/wp-content\/uploads\/2026\/09\/03092026MarcoRubio.png?fit=540%2C300&ssl=1","datePublished":"2026-09-03T04:57:02+00:00","dateModified":"2026-09-03T04:57:03+00:00","author":{"@id":"https:\/\/expresorgv.online\/home\/#\/schema\/person\/ae1ed1a575540204b5f59dca7f91f6a2"},"breadcrumb":{"@id":"https:\/\/expresorgv.online\/home\/blog\/2026\/09\/03\/ee-uu-exhorta-a-la-comunidad-internacional-a-cortar-vinculos-con-nicaragua\/#breadcrumb"},"inLanguage":"es","potentialAction":[{"@type":"ReadAction","target":["https:\/\/expresorgv.online\/home\/blog\/2026\/09\/03\/ee-uu-exhorta-a-la-comunidad-internacional-a-cortar-vinculos-con-nicaragua\/"]}]},{"@type":"ImageObject","inLanguage":"es","@id":"https:\/\/expresorgv.online\/home\/blog\/2026\/09\/03\/ee-uu-exhorta-a-la-comunidad-internacional-a-cortar-vinculos-con-nicaragua\/#primaryimage","url":"https:\/\/i0.wp.com\/expresorgv.online\/home\/wp-content\/uploads\/2026\/09\/03092026MarcoRubio.png?fit=540%2C300&ssl=1","contentUrl":"https:\/\/i0.wp.com\/expresorgv.online\/home\/wp-content\/uploads\/2026\/09\/03092026MarcoRubio.png?fit=540%2C300&ssl=1","width":540,"height":300},{"@type":"BreadcrumbList","@id":"https:\/\/expresorgv.online\/home\/blog\/2026\/09\/03\/ee-uu-exhorta-a-la-comunidad-internacional-a-cortar-vinculos-con-nicaragua\/#breadcrumb","itemListElement":[{"@type":"ListItem","position":1,"name":"Home","item":"https:\/\/expresorgv.online\/home\/"},{"@type":"ListItem","position":2,"name":"EE.UU. exhorta a la comunidad internacional a cortar v\u00ednculos con Nicaragua"}]},{"@type":"WebSite","@id":"https:\/\/expresorgv.online\/home\/#website","url":"https:\/\/expresorgv.online\/home\/","name":"","description":"","potentialAction":[{"@type":"SearchAction","target":{"@type":"EntryPoint","urlTemplate":"https:\/\/expresorgv.online\/home\/?s={search_term_string}"},"query-input":{"@type":"PropertyValueSpecification","valueRequired":true,"valueName":"search_term_string"}}],"inLanguage":"es"},{"@type":"Person","@id":"https:\/\/expresorgv.online\/home\/#\/schema\/person\/ae1ed1a575540204b5f59dca7f91f6a2","name":"expreso","image":{"@type":"ImageObject","inLanguage":"es","@id":"https:\/\/secure.gravatar.com\/avatar\/88cd9f065dcd1b722cd984aac4181386a800c0bca699eaf07e42dd8f820bddee?s=96&d=mm&r=g","url":"https:\/\/secure.gravatar.com\/avatar\/88cd9f065dcd1b722cd984aac4181386a800c0bca699eaf07e42dd8f820bddee?s=96&d=mm&r=g","contentUrl":"https:\/\/secure.gravatar.com\/avatar\/88cd9f065dcd1b722cd984aac4181386a800c0bca699eaf07e42dd8f820bddee?s=96&d=mm&r=g","caption":"expreso"},"url":"https:\/\/expresorgv.online\/home\/blog\/author\/expreso\/"}]}},"jetpack_featured_media_url":"https:\/\/i0.wp.com\/expresorgv.online\/home\/wp-content\/uploads\/2026\/09\/03092026MarcoRubio.png?fit=540%2C300&ssl=1","_links":{"self":[{"href":"https:\/\/expresorgv.online\/home\/wp-json\/wp\/v2\/posts\/38388","targetHints":{"allow":["GET"]}}],"collection":[{"href":"https:\/\/expresorgv.online\/home\/wp-json\/wp\/v2\/posts"}],"about":[{"href":"https:\/\/expresorgv.online\/home\/wp-json\/wp\/v2\/types\/post"}],"author":[{"embeddable":true,"href":"https:\/\/expresorgv.online\/home\/wp-json\/wp\/v2\/users\/2"}],"replies":[{"embeddable":true,"href":"https:\/\/expresorgv.online\/home\/wp-json\/wp\/v2\/comments?post=38388"}],"version-history":[{"count":1,"href":"https:\/\/expresorgv.online\/home\/wp-json\/wp\/v2\/posts\/38388\/revisions"}],"predecessor-version":[{"id":38389,"href":"https:\/\/expresorgv.online\/home\/wp-json\/wp\/v2\/posts\/38388\/revisions\/38389"}],"wp:featuredmedia":[{"embeddable":true,"href":"https:\/\/expresorgv.online\/home\/wp-json\/wp\/v2\/media\/38381"}],"wp:attachment":[{"href":"https:\/\/expresorgv.online\/home\/wp-json\/wp\/v2\/media?parent=38388"}],"wp:term":[{"taxonomy":"category","embeddable":true,"href":"https:\/\/expresorgv.online\/home\/wp-json\/wp\/v2\/categories?post=38388"},{"taxonomy":"post_tag","embeddable":true,"href":"https:\/\/expresorgv.online\/home\/wp-json\/wp\/v2\/tags?post=38388"}],"curies":[{"name":"wp","href":"https:\/\/api.w.org\/{rel}","templated":true}]}}