{"id":38370,"date":"2026-09-02T05:25:07","date_gmt":"2026-09-02T05:25:07","guid":{"rendered":"https:\/\/expresorgv.online\/home\/?p=38370"},"modified":"2026-09-02T05:25:08","modified_gmt":"2026-09-02T05:25:08","slug":"encuentran-a-menor-en-condiciones-de-abandono-en-reynosa","status":"publish","type":"post","link":"https:\/\/expresorgv.online\/home\/blog\/2026\/09\/02\/encuentran-a-menor-en-condiciones-de-abandono-en-reynosa\/","title":{"rendered":"Encuentran a menor en condiciones de abandono en Reynosa"},"content":{"rendered":"\n<p class=\"wp-block-paragraph\">Una adolescente de 17 a\u00f1os, quien se identific\u00f3 como Alondra, fue localizada en una <strong>vivienda abandonada de la colonia Puerta Sur de Reynosa<\/strong>, luego de solicitar ayuda a trav\u00e9s de redes sociales.<\/p>\n\n\n\n<p class=\"wp-block-paragraph\">El caso fue atendido por Lety Larios, representante de la Red de Emergencias Reynosa A.C., quien inform\u00f3 que acudi\u00f3 personalmente al lugar tras recibir el llamado de auxilio.<\/p>\n\n\n\n<h2 class=\"wp-block-heading\">Localizan a adolescente en condiciones de abandono<\/h2>\n\n\n\n<p class=\"wp-block-paragraph\">Al llegar, encontr\u00f3 a la menor tendida sobre un viejo colch\u00f3n, entre basura y en condiciones de abandono.<\/p>\n\n\n\n<p class=\"wp-block-paragraph\">La adolescente manifest\u00f3 que <strong>llevaba tres d\u00edas sin consumir alimentos ni agua<\/strong>, por lo que se solicit\u00f3 de inmediato la intervenci\u00f3n de los cuerpos de emergencia.<\/p>\n\n\n\n<p class=\"wp-block-paragraph\">Param\u00e9dicos de Protecci\u00f3n Civil y Bomberos de Reynosa acudieron al domicilio y brindaron atenci\u00f3n a la joven para posteriormente trasladarla al Hospital General de Reynosa.<\/p>\n\n\n\n<h2 class=\"wp-block-heading\">Permanece bajo atenci\u00f3n m\u00e9dica<\/h2>\n\n\n\n<p class=\"wp-block-paragraph\">La menor permanece bajo atenci\u00f3n m\u00e9dica mientras se determina su estado de salud y el seguimiento que tendr\u00e1 el caso.<\/p>\n\n\n\n<p class=\"wp-block-paragraph\">Hasta el momento, de acuerdo con la informaci\u00f3n proporcionada, la adolescente no ha sido canalizada al Sistema DIF, por lo que se espera que las autoridades determinen las acciones correspondientes para <strong>garantizar su protecci\u00f3n y bienestar.<\/strong><\/p>\n","protected":false},"excerpt":{"rendered":"<p>Una adolescente de 17 a\u00f1os, quien se identific\u00f3 como Alondra, fue localizada en una vivienda abandonada de la colonia Puerta Sur de Reynosa, luego de solicitar ayuda a trav\u00e9s de redes sociales. El caso fue atendido por Lety Larios, representante de la Red de Emergencias Reynosa A.C., quien inform\u00f3 que acudi\u00f3 personalmente al lugar tras [&hellip;]<\/p>\n","protected":false},"author":2,"featured_media":38358,"comment_status":"open","ping_status":"open","sticky":false,"template":"","format":"standard","meta":{"footnotes":""},"categories":[14],"tags":[],"class_list":["post-38370","post","type-post","status-publish","format-standard","has-post-thumbnail","hentry","category-reynosa"],"yoast_head":"<!-- This site is optimized with the Yoast SEO plugin v27.2 - https:\/\/yoast.com\/product\/yoast-seo-wordpress\/ -->\n<title>Encuentran a menor en condiciones de abandono en Reynosa -<\/title>\n<meta name=\"robots\" content=\"index, follow, max-snippet:-1, max-image-preview:large, max-video-preview:-1\" \/>\n<link rel=\"canonical\" href=\"https:\/\/expresorgv.online\/home\/blog\/2026\/09\/02\/encuentran-a-menor-en-condiciones-de-abandono-en-reynosa\/\" \/>\n<meta property=\"og:locale\" content=\"es_ES\" \/>\n<meta property=\"og:type\" content=\"article\" \/>\n<meta property=\"og:title\" content=\"Encuentran a menor en condiciones de abandono en Reynosa\" \/>\n<meta property=\"og:description\" content=\"Una adolescente de 17 a\u00f1os, quien se identific\u00f3 como Alondra, fue localizada en una vivienda abandonada de la colonia Puerta Sur de Reynosa, luego de solicitar ayuda a trav\u00e9s de redes sociales. El caso fue atendido por Lety Larios, representante de la Red de Emergencias Reynosa A.C., quien inform\u00f3 que acudi\u00f3 personalmente al lugar tras [&hellip;]\" \/>\n<meta property=\"og:url\" content=\"https:\/\/expresorgv.online\/home\/blog\/2026\/09\/02\/encuentran-a-menor-en-condiciones-de-abandono-en-reynosa\/\" \/>\n<meta property=\"article:published_time\" content=\"2026-09-02T05:25:07+00:00\" \/>\n<meta property=\"article:modified_time\" content=\"2026-09-02T05:25:08+00:00\" \/>\n<meta property=\"og:image\" content=\"https:\/\/expresorgv.online\/home\/wp-content\/uploads\/2026\/09\/02092026Menorencontrado.png\" \/>\n\t<meta property=\"og:image:width\" content=\"540\" \/>\n\t<meta property=\"og:image:height\" content=\"300\" \/>\n\t<meta property=\"og:image:type\" content=\"image\/png\" \/>\n<meta name=\"author\" content=\"expreso\" \/>\n<meta name=\"twitter:card\" content=\"summary_large_image\" \/>\n<meta name=\"twitter:label1\" content=\"Escrito por\" \/>\n\t<meta name=\"twitter:data1\" content=\"expreso\" \/>\n\t<meta name=\"twitter:label2\" content=\"Tiempo de lectura\" \/>\n\t<meta name=\"twitter:data2\" content=\"2 minutos\" \/>\n<script type=\"application\/ld+json\" class=\"yoast-schema-graph\">{\"@context\":\"https:\/\/schema.org\",\"@graph\":[{\"@type\":\"Article\",\"@id\":\"https:\/\/expresorgv.online\/home\/blog\/2026\/09\/02\/encuentran-a-menor-en-condiciones-de-abandono-en-reynosa\/#article\",\"isPartOf\":{\"@id\":\"https:\/\/expresorgv.online\/home\/blog\/2026\/09\/02\/encuentran-a-menor-en-condiciones-de-abandono-en-reynosa\/\"},\"author\":{\"name\":\"expreso\",\"@id\":\"https:\/\/expresorgv.online\/home\/#\/schema\/person\/ae1ed1a575540204b5f59dca7f91f6a2\"},\"headline\":\"Encuentran a menor en condiciones de abandono en Reynosa\",\"datePublished\":\"2026-09-02T05:25:07+00:00\",\"dateModified\":\"2026-09-02T05:25:08+00:00\",\"mainEntityOfPage\":{\"@id\":\"https:\/\/expresorgv.online\/home\/blog\/2026\/09\/02\/encuentran-a-menor-en-condiciones-de-abandono-en-reynosa\/\"},\"wordCount\":219,\"commentCount\":0,\"image\":{\"@id\":\"https:\/\/expresorgv.online\/home\/blog\/2026\/09\/02\/encuentran-a-menor-en-condiciones-de-abandono-en-reynosa\/#primaryimage\"},\"thumbnailUrl\":\"https:\/\/i0.wp.com\/expresorgv.online\/home\/wp-content\/uploads\/2026\/09\/02092026Menorencontrado.png?fit=540%2C300&ssl=1\",\"articleSection\":[\"REYNOSA\"],\"inLanguage\":\"es\",\"potentialAction\":[{\"@type\":\"CommentAction\",\"name\":\"Comment\",\"target\":[\"https:\/\/expresorgv.online\/home\/blog\/2026\/09\/02\/encuentran-a-menor-en-condiciones-de-abandono-en-reynosa\/#respond\"]}]},{\"@type\":\"WebPage\",\"@id\":\"https:\/\/expresorgv.online\/home\/blog\/2026\/09\/02\/encuentran-a-menor-en-condiciones-de-abandono-en-reynosa\/\",\"url\":\"https:\/\/expresorgv.online\/home\/blog\/2026\/09\/02\/encuentran-a-menor-en-condiciones-de-abandono-en-reynosa\/\",\"name\":\"Encuentran a menor en condiciones de abandono en Reynosa -\",\"isPartOf\":{\"@id\":\"https:\/\/expresorgv.online\/home\/#website\"},\"primaryImageOfPage\":{\"@id\":\"https:\/\/expresorgv.online\/home\/blog\/2026\/09\/02\/encuentran-a-menor-en-condiciones-de-abandono-en-reynosa\/#primaryimage\"},\"image\":{\"@id\":\"https:\/\/expresorgv.online\/home\/blog\/2026\/09\/02\/encuentran-a-menor-en-condiciones-de-abandono-en-reynosa\/#primaryimage\"},\"thumbnailUrl\":\"https:\/\/i0.wp.com\/expresorgv.online\/home\/wp-content\/uploads\/2026\/09\/02092026Menorencontrado.png?fit=540%2C300&ssl=1\",\"datePublished\":\"2026-09-02T05:25:07+00:00\",\"dateModified\":\"2026-09-02T05:25:08+00:00\",\"author\":{\"@id\":\"https:\/\/expresorgv.online\/home\/#\/schema\/person\/ae1ed1a575540204b5f59dca7f91f6a2\"},\"breadcrumb\":{\"@id\":\"https:\/\/expresorgv.online\/home\/blog\/2026\/09\/02\/encuentran-a-menor-en-condiciones-de-abandono-en-reynosa\/#breadcrumb\"},\"inLanguage\":\"es\",\"potentialAction\":[{\"@type\":\"ReadAction\",\"target\":[\"https:\/\/expresorgv.online\/home\/blog\/2026\/09\/02\/encuentran-a-menor-en-condiciones-de-abandono-en-reynosa\/\"]}]},{\"@type\":\"ImageObject\",\"inLanguage\":\"es\",\"@id\":\"https:\/\/expresorgv.online\/home\/blog\/2026\/09\/02\/encuentran-a-menor-en-condiciones-de-abandono-en-reynosa\/#primaryimage\",\"url\":\"https:\/\/i0.wp.com\/expresorgv.online\/home\/wp-content\/uploads\/2026\/09\/02092026Menorencontrado.png?fit=540%2C300&ssl=1\",\"contentUrl\":\"https:\/\/i0.wp.com\/expresorgv.online\/home\/wp-content\/uploads\/2026\/09\/02092026Menorencontrado.png?fit=540%2C300&ssl=1\",\"width\":540,\"height\":300},{\"@type\":\"BreadcrumbList\",\"@id\":\"https:\/\/expresorgv.online\/home\/blog\/2026\/09\/02\/encuentran-a-menor-en-condiciones-de-abandono-en-reynosa\/#breadcrumb\",\"itemListElement\":[{\"@type\":\"ListItem\",\"position\":1,\"name\":\"Home\",\"item\":\"https:\/\/expresorgv.online\/home\/\"},{\"@type\":\"ListItem\",\"position\":2,\"name\":\"Encuentran a menor en condiciones de abandono en Reynosa\"}]},{\"@type\":\"WebSite\",\"@id\":\"https:\/\/expresorgv.online\/home\/#website\",\"url\":\"https:\/\/expresorgv.online\/home\/\",\"name\":\"\",\"description\":\"\",\"potentialAction\":[{\"@type\":\"SearchAction\",\"target\":{\"@type\":\"EntryPoint\",\"urlTemplate\":\"https:\/\/expresorgv.online\/home\/?s={search_term_string}\"},\"query-input\":{\"@type\":\"PropertyValueSpecification\",\"valueRequired\":true,\"valueName\":\"search_term_string\"}}],\"inLanguage\":\"es\"},{\"@type\":\"Person\",\"@id\":\"https:\/\/expresorgv.online\/home\/#\/schema\/person\/ae1ed1a575540204b5f59dca7f91f6a2\",\"name\":\"expreso\",\"image\":{\"@type\":\"ImageObject\",\"inLanguage\":\"es\",\"@id\":\"https:\/\/secure.gravatar.com\/avatar\/88cd9f065dcd1b722cd984aac4181386a800c0bca699eaf07e42dd8f820bddee?s=96&d=mm&r=g\",\"url\":\"https:\/\/secure.gravatar.com\/avatar\/88cd9f065dcd1b722cd984aac4181386a800c0bca699eaf07e42dd8f820bddee?s=96&d=mm&r=g\",\"contentUrl\":\"https:\/\/secure.gravatar.com\/avatar\/88cd9f065dcd1b722cd984aac4181386a800c0bca699eaf07e42dd8f820bddee?s=96&d=mm&r=g\",\"caption\":\"expreso\"},\"url\":\"https:\/\/expresorgv.online\/home\/blog\/author\/expreso\/\"}]}<\/script>\n<!-- \/ Yoast SEO plugin. -->","yoast_head_json":{"title":"Encuentran a menor en condiciones de abandono en Reynosa -","robots":{"index":"index","follow":"follow","max-snippet":"max-snippet:-1","max-image-preview":"max-image-preview:large","max-video-preview":"max-video-preview:-1"},"canonical":"https:\/\/expresorgv.online\/home\/blog\/2026\/09\/02\/encuentran-a-menor-en-condiciones-de-abandono-en-reynosa\/","og_locale":"es_ES","og_type":"article","og_title":"Encuentran a menor en condiciones de abandono en Reynosa","og_description":"Una adolescente de 17 a\u00f1os, quien se identific\u00f3 como Alondra, fue localizada en una vivienda abandonada de la colonia Puerta Sur de Reynosa, luego de solicitar ayuda a trav\u00e9s de redes sociales. El caso fue atendido por Lety Larios, representante de la Red de Emergencias Reynosa A.C., quien inform\u00f3 que acudi\u00f3 personalmente al lugar tras [&hellip;]","og_url":"https:\/\/expresorgv.online\/home\/blog\/2026\/09\/02\/encuentran-a-menor-en-condiciones-de-abandono-en-reynosa\/","article_published_time":"2026-09-02T05:25:07+00:00","article_modified_time":"2026-09-02T05:25:08+00:00","og_image":[{"width":540,"height":300,"url":"https:\/\/expresorgv.online\/home\/wp-content\/uploads\/2026\/09\/02092026Menorencontrado.png","type":"image\/png"}],"author":"expreso","twitter_card":"summary_large_image","twitter_misc":{"Escrito por":"expreso","Tiempo de lectura":"2 minutos"},"schema":{"@context":"https:\/\/schema.org","@graph":[{"@type":"Article","@id":"https:\/\/expresorgv.online\/home\/blog\/2026\/09\/02\/encuentran-a-menor-en-condiciones-de-abandono-en-reynosa\/#article","isPartOf":{"@id":"https:\/\/expresorgv.online\/home\/blog\/2026\/09\/02\/encuentran-a-menor-en-condiciones-de-abandono-en-reynosa\/"},"author":{"name":"expreso","@id":"https:\/\/expresorgv.online\/home\/#\/schema\/person\/ae1ed1a575540204b5f59dca7f91f6a2"},"headline":"Encuentran a menor en condiciones de abandono en Reynosa","datePublished":"2026-09-02T05:25:07+00:00","dateModified":"2026-09-02T05:25:08+00:00","mainEntityOfPage":{"@id":"https:\/\/expresorgv.online\/home\/blog\/2026\/09\/02\/encuentran-a-menor-en-condiciones-de-abandono-en-reynosa\/"},"wordCount":219,"commentCount":0,"image":{"@id":"https:\/\/expresorgv.online\/home\/blog\/2026\/09\/02\/encuentran-a-menor-en-condiciones-de-abandono-en-reynosa\/#primaryimage"},"thumbnailUrl":"https:\/\/i0.wp.com\/expresorgv.online\/home\/wp-content\/uploads\/2026\/09\/02092026Menorencontrado.png?fit=540%2C300&ssl=1","articleSection":["REYNOSA"],"inLanguage":"es","potentialAction":[{"@type":"CommentAction","name":"Comment","target":["https:\/\/expresorgv.online\/home\/blog\/2026\/09\/02\/encuentran-a-menor-en-condiciones-de-abandono-en-reynosa\/#respond"]}]},{"@type":"WebPage","@id":"https:\/\/expresorgv.online\/home\/blog\/2026\/09\/02\/encuentran-a-menor-en-condiciones-de-abandono-en-reynosa\/","url":"https:\/\/expresorgv.online\/home\/blog\/2026\/09\/02\/encuentran-a-menor-en-condiciones-de-abandono-en-reynosa\/","name":"Encuentran a menor en condiciones de abandono en Reynosa -","isPartOf":{"@id":"https:\/\/expresorgv.online\/home\/#website"},"primaryImageOfPage":{"@id":"https:\/\/expresorgv.online\/home\/blog\/2026\/09\/02\/encuentran-a-menor-en-condiciones-de-abandono-en-reynosa\/#primaryimage"},"image":{"@id":"https:\/\/expresorgv.online\/home\/blog\/2026\/09\/02\/encuentran-a-menor-en-condiciones-de-abandono-en-reynosa\/#primaryimage"},"thumbnailUrl":"https:\/\/i0.wp.com\/expresorgv.online\/home\/wp-content\/uploads\/2026\/09\/02092026Menorencontrado.png?fit=540%2C300&ssl=1","datePublished":"2026-09-02T05:25:07+00:00","dateModified":"2026-09-02T05:25:08+00:00","author":{"@id":"https:\/\/expresorgv.online\/home\/#\/schema\/person\/ae1ed1a575540204b5f59dca7f91f6a2"},"breadcrumb":{"@id":"https:\/\/expresorgv.online\/home\/blog\/2026\/09\/02\/encuentran-a-menor-en-condiciones-de-abandono-en-reynosa\/#breadcrumb"},"inLanguage":"es","potentialAction":[{"@type":"ReadAction","target":["https:\/\/expresorgv.online\/home\/blog\/2026\/09\/02\/encuentran-a-menor-en-condiciones-de-abandono-en-reynosa\/"]}]},{"@type":"ImageObject","inLanguage":"es","@id":"https:\/\/expresorgv.online\/home\/blog\/2026\/09\/02\/encuentran-a-menor-en-condiciones-de-abandono-en-reynosa\/#primaryimage","url":"https:\/\/i0.wp.com\/expresorgv.online\/home\/wp-content\/uploads\/2026\/09\/02092026Menorencontrado.png?fit=540%2C300&ssl=1","contentUrl":"https:\/\/i0.wp.com\/expresorgv.online\/home\/wp-content\/uploads\/2026\/09\/02092026Menorencontrado.png?fit=540%2C300&ssl=1","width":540,"height":300},{"@type":"BreadcrumbList","@id":"https:\/\/expresorgv.online\/home\/blog\/2026\/09\/02\/encuentran-a-menor-en-condiciones-de-abandono-en-reynosa\/#breadcrumb","itemListElement":[{"@type":"ListItem","position":1,"name":"Home","item":"https:\/\/expresorgv.online\/home\/"},{"@type":"ListItem","position":2,"name":"Encuentran a menor en condiciones de abandono en Reynosa"}]},{"@type":"WebSite","@id":"https:\/\/expresorgv.online\/home\/#website","url":"https:\/\/expresorgv.online\/home\/","name":"","description":"","potentialAction":[{"@type":"SearchAction","target":{"@type":"EntryPoint","urlTemplate":"https:\/\/expresorgv.online\/home\/?s={search_term_string}"},"query-input":{"@type":"PropertyValueSpecification","valueRequired":true,"valueName":"search_term_string"}}],"inLanguage":"es"},{"@type":"Person","@id":"https:\/\/expresorgv.online\/home\/#\/schema\/person\/ae1ed1a575540204b5f59dca7f91f6a2","name":"expreso","image":{"@type":"ImageObject","inLanguage":"es","@id":"https:\/\/secure.gravatar.com\/avatar\/88cd9f065dcd1b722cd984aac4181386a800c0bca699eaf07e42dd8f820bddee?s=96&d=mm&r=g","url":"https:\/\/secure.gravatar.com\/avatar\/88cd9f065dcd1b722cd984aac4181386a800c0bca699eaf07e42dd8f820bddee?s=96&d=mm&r=g","contentUrl":"https:\/\/secure.gravatar.com\/avatar\/88cd9f065dcd1b722cd984aac4181386a800c0bca699eaf07e42dd8f820bddee?s=96&d=mm&r=g","caption":"expreso"},"url":"https:\/\/expresorgv.online\/home\/blog\/author\/expreso\/"}]}},"jetpack_featured_media_url":"https:\/\/i0.wp.com\/expresorgv.online\/home\/wp-content\/uploads\/2026\/09\/02092026Menorencontrado.png?fit=540%2C300&ssl=1","_links":{"self":[{"href":"https:\/\/expresorgv.online\/home\/wp-json\/wp\/v2\/posts\/38370","targetHints":{"allow":["GET"]}}],"collection":[{"href":"https:\/\/expresorgv.online\/home\/wp-json\/wp\/v2\/posts"}],"about":[{"href":"https:\/\/expresorgv.online\/home\/wp-json\/wp\/v2\/types\/post"}],"author":[{"embeddable":true,"href":"https:\/\/expresorgv.online\/home\/wp-json\/wp\/v2\/users\/2"}],"replies":[{"embeddable":true,"href":"https:\/\/expresorgv.online\/home\/wp-json\/wp\/v2\/comments?post=38370"}],"version-history":[{"count":1,"href":"https:\/\/expresorgv.online\/home\/wp-json\/wp\/v2\/posts\/38370\/revisions"}],"predecessor-version":[{"id":38371,"href":"https:\/\/expresorgv.online\/home\/wp-json\/wp\/v2\/posts\/38370\/revisions\/38371"}],"wp:featuredmedia":[{"embeddable":true,"href":"https:\/\/expresorgv.online\/home\/wp-json\/wp\/v2\/media\/38358"}],"wp:attachment":[{"href":"https:\/\/expresorgv.online\/home\/wp-json\/wp\/v2\/media?parent=38370"}],"wp:term":[{"taxonomy":"category","embeddable":true,"href":"https:\/\/expresorgv.online\/home\/wp-json\/wp\/v2\/categories?post=38370"},{"taxonomy":"post_tag","embeddable":true,"href":"https:\/\/expresorgv.online\/home\/wp-json\/wp\/v2\/tags?post=38370"}],"curies":[{"name":"wp","href":"https:\/\/api.w.org\/{rel}","templated":true}]}}