{"id":38364,"date":"2026-09-02T05:20:21","date_gmt":"2026-09-02T05:20:21","guid":{"rendered":"https:\/\/expresorgv.online\/home\/?p=38364"},"modified":"2026-09-02T05:20:22","modified_gmt":"2026-09-02T05:20:22","slug":"mexico-evita-la-bancarrota-hidrica-pero-se-extrae-mas-agua-que-la-que-recupera","status":"publish","type":"post","link":"https:\/\/expresorgv.online\/home\/blog\/2026\/09\/02\/mexico-evita-la-bancarrota-hidrica-pero-se-extrae-mas-agua-que-la-que-recupera\/","title":{"rendered":"M\u00e9xico evita la \u2018bancarrota h\u00eddrica\u2019\u2026 pero se extrae m\u00e1s agua que la que recupera"},"content":{"rendered":"\n<p class=\"wp-block-paragraph\">M\u00e9xico no est\u00e1 en una situaci\u00f3n de \u201cbancarrota h\u00eddrica\u201d, pero enfrenta se\u00f1ales preocupantes de sobrexplotaci\u00f3n de sus reservas, con un 44 por ciento de sus acu\u00edferos en disponibilidad media o negativa y regiones como el Valle de M\u00e9xico extrayendo casi el doble del <strong>agua <\/strong>que recuperan naturalmente.<\/p>\n\n\n\n<p class=\"wp-block-paragraph\">As\u00ed lo advirti\u00f3 a EFE Jorge Arriaga, coordinador ejecutivo de la Red de Agua de la Universidad Nacional Aut\u00f3noma de M\u00e9xico (UNAM) y del Centro Regional de Seguridad H\u00eddrica bajo los auspicios de la Unesco, quien particip\u00f3 en la Semana Mundial del Agua celebrada recientemente en Estocolmo.<\/p>\n\n\n\n<p class=\"wp-block-paragraph\">\u201cLa <strong>bancarrota h\u00eddrica <\/strong>no es un concepto que podamos hacer operativo\u201d, explic\u00f3 Arriaga sobre el t\u00e9rmino impulsado por Naciones Unidas para advertir de sociedades que viven persistentemente por encima de sus l\u00edmites hidrol\u00f3gicos y deterioran el capital natural que sostiene su suministro.<\/p>\n\n\n\n<p class=\"wp-block-paragraph\">\u201cM\u00e9xico no est\u00e1 en una bancarrota h\u00eddrica, pero tambi\u00e9n es cierto que s\u00ed enfrentamos una situaci\u00f3n compleja\u201d, matiz\u00f3.<\/p>\n\n\n\n<p class=\"wp-block-paragraph\">De los 653 <strong>acu\u00edferos <\/strong>registrados en el pa\u00eds, explic\u00f3, el 44 por ciento presenta una disponibilidad media o negativa, lo que implica que en numerosos casos <strong>se extrae m\u00e1s agua de la que puede recargarse naturalmente<\/strong>.<\/p>\n\n\n\n<p class=\"wp-block-paragraph\">Uno de los focos m\u00e1s preocupantes es el Valle de M\u00e9xico, donde \u201cestamos extrayendo pr\u00e1cticamente el doble de lo que se recarga de manera natural\u201d, una situaci\u00f3n que, seg\u00fan Arriaga, pone en riesgo la sostenibilidad de agua de la regi\u00f3n a largo plazo.<\/p>\n\n\n\n<p class=\"wp-block-paragraph\">El problema se agrava por el desequilibrio territorial: el centro y norte concentran la mayor parte de la poblaci\u00f3n y la actividad econ\u00f3mica, pero disponen de menos agua, mientras el sur y sureste tienen mayor disponibilidad y menor concentraci\u00f3n poblacional y productiva.<\/p>\n\n\n\n<p class=\"wp-block-paragraph\">Ra\u00fal Rodr\u00edguez, presidente del Consejo Consultivo del Agua, coincidi\u00f3 en que el principal desaf\u00edo mexicano reside en la<strong> gesti\u00f3n del agua<\/strong>.<\/p>\n\n\n\n<p class=\"wp-block-paragraph\">\u201cS\u00ed hay agua\u201d, afirm\u00f3 el experto, quien se\u00f1al\u00f3 como \u00e1reas prioritarias la modernizaci\u00f3n del campo, que concentra el 76 por ciento del consumo, y la reducci\u00f3n de las p\u00e9rdidas en las redes urbanas.<\/p>\n\n\n\n<p class=\"wp-block-paragraph\">Arriaga consider\u00f3 que todav\u00eda existe margen para revertir el deterioro, pero advirti\u00f3 de que las consecuencias recaer\u00e1n especialmente sobre las poblaciones con menos recursos, que ya destinan una mayor proporci\u00f3n de sus ingresos a suplir servicios discontinuos.<\/p>\n\n\n\n<p class=\"wp-block-paragraph\">Sin acelerar las medidas, alert\u00f3, la crisis puede traducirse no solo en impactos econ\u00f3micos y alimentarios, sino tambi\u00e9n en \u201cconflictos sociales y p\u00e9rdida de legitimidad de las instituciones\u201d encargadas de administrar el agua.<\/p>\n","protected":false},"excerpt":{"rendered":"<p>M\u00e9xico no est\u00e1 en una situaci\u00f3n de \u201cbancarrota h\u00eddrica\u201d, pero enfrenta se\u00f1ales preocupantes de sobrexplotaci\u00f3n de sus reservas, con un 44 por ciento de sus acu\u00edferos en disponibilidad media o negativa y regiones como el Valle de M\u00e9xico extrayendo casi el doble del agua que recuperan naturalmente. As\u00ed lo advirti\u00f3 a EFE Jorge Arriaga, coordinador [&hellip;]<\/p>\n","protected":false},"author":2,"featured_media":38353,"comment_status":"open","ping_status":"open","sticky":false,"template":"","format":"standard","meta":{"footnotes":""},"categories":[6],"tags":[],"class_list":["post-38364","post","type-post","status-publish","format-standard","has-post-thumbnail","hentry","category-nacional"],"yoast_head":"<!-- This site is optimized with the Yoast SEO plugin v27.2 - https:\/\/yoast.com\/product\/yoast-seo-wordpress\/ -->\n<title>M\u00e9xico evita la \u2018bancarrota h\u00eddrica\u2019\u2026 pero se extrae m\u00e1s agua que la que recupera -<\/title>\n<meta name=\"robots\" content=\"index, follow, max-snippet:-1, max-image-preview:large, max-video-preview:-1\" \/>\n<link rel=\"canonical\" href=\"https:\/\/expresorgv.online\/home\/blog\/2026\/09\/02\/mexico-evita-la-bancarrota-hidrica-pero-se-extrae-mas-agua-que-la-que-recupera\/\" \/>\n<meta property=\"og:locale\" content=\"es_ES\" \/>\n<meta property=\"og:type\" content=\"article\" \/>\n<meta property=\"og:title\" content=\"M\u00e9xico evita la \u2018bancarrota h\u00eddrica\u2019\u2026 pero se extrae m\u00e1s agua que la que recupera\" \/>\n<meta property=\"og:description\" content=\"M\u00e9xico no est\u00e1 en una situaci\u00f3n de \u201cbancarrota h\u00eddrica\u201d, pero enfrenta se\u00f1ales preocupantes de sobrexplotaci\u00f3n de sus reservas, con un 44 por ciento de sus acu\u00edferos en disponibilidad media o negativa y regiones como el Valle de M\u00e9xico extrayendo casi el doble del agua que recuperan naturalmente. As\u00ed lo advirti\u00f3 a EFE Jorge Arriaga, coordinador [&hellip;]\" \/>\n<meta property=\"og:url\" content=\"https:\/\/expresorgv.online\/home\/blog\/2026\/09\/02\/mexico-evita-la-bancarrota-hidrica-pero-se-extrae-mas-agua-que-la-que-recupera\/\" \/>\n<meta property=\"article:published_time\" content=\"2026-09-02T05:20:21+00:00\" \/>\n<meta property=\"article:modified_time\" content=\"2026-09-02T05:20:22+00:00\" \/>\n<meta property=\"og:image\" content=\"https:\/\/expresorgv.online\/home\/wp-content\/uploads\/2026\/09\/02092026Agua.png\" \/>\n\t<meta property=\"og:image:width\" content=\"540\" \/>\n\t<meta property=\"og:image:height\" content=\"300\" \/>\n\t<meta property=\"og:image:type\" content=\"image\/png\" \/>\n<meta name=\"author\" content=\"expreso\" \/>\n<meta name=\"twitter:card\" content=\"summary_large_image\" \/>\n<meta name=\"twitter:label1\" content=\"Escrito por\" \/>\n\t<meta name=\"twitter:data1\" content=\"expreso\" \/>\n\t<meta name=\"twitter:label2\" content=\"Tiempo de lectura\" \/>\n\t<meta name=\"twitter:data2\" content=\"3 minutos\" \/>\n<script type=\"application\/ld+json\" class=\"yoast-schema-graph\">{\"@context\":\"https:\/\/schema.org\",\"@graph\":[{\"@type\":\"Article\",\"@id\":\"https:\/\/expresorgv.online\/home\/blog\/2026\/09\/02\/mexico-evita-la-bancarrota-hidrica-pero-se-extrae-mas-agua-que-la-que-recupera\/#article\",\"isPartOf\":{\"@id\":\"https:\/\/expresorgv.online\/home\/blog\/2026\/09\/02\/mexico-evita-la-bancarrota-hidrica-pero-se-extrae-mas-agua-que-la-que-recupera\/\"},\"author\":{\"name\":\"expreso\",\"@id\":\"https:\/\/expresorgv.online\/home\/#\/schema\/person\/ae1ed1a575540204b5f59dca7f91f6a2\"},\"headline\":\"M\u00e9xico evita la \u2018bancarrota h\u00eddrica\u2019\u2026 pero se extrae m\u00e1s agua que la que recupera\",\"datePublished\":\"2026-09-02T05:20:21+00:00\",\"dateModified\":\"2026-09-02T05:20:22+00:00\",\"mainEntityOfPage\":{\"@id\":\"https:\/\/expresorgv.online\/home\/blog\/2026\/09\/02\/mexico-evita-la-bancarrota-hidrica-pero-se-extrae-mas-agua-que-la-que-recupera\/\"},\"wordCount\":456,\"commentCount\":0,\"image\":{\"@id\":\"https:\/\/expresorgv.online\/home\/blog\/2026\/09\/02\/mexico-evita-la-bancarrota-hidrica-pero-se-extrae-mas-agua-que-la-que-recupera\/#primaryimage\"},\"thumbnailUrl\":\"https:\/\/i0.wp.com\/expresorgv.online\/home\/wp-content\/uploads\/2026\/09\/02092026Agua.png?fit=540%2C300&ssl=1\",\"articleSection\":[\"NACIONAL\"],\"inLanguage\":\"es\",\"potentialAction\":[{\"@type\":\"CommentAction\",\"name\":\"Comment\",\"target\":[\"https:\/\/expresorgv.online\/home\/blog\/2026\/09\/02\/mexico-evita-la-bancarrota-hidrica-pero-se-extrae-mas-agua-que-la-que-recupera\/#respond\"]}]},{\"@type\":\"WebPage\",\"@id\":\"https:\/\/expresorgv.online\/home\/blog\/2026\/09\/02\/mexico-evita-la-bancarrota-hidrica-pero-se-extrae-mas-agua-que-la-que-recupera\/\",\"url\":\"https:\/\/expresorgv.online\/home\/blog\/2026\/09\/02\/mexico-evita-la-bancarrota-hidrica-pero-se-extrae-mas-agua-que-la-que-recupera\/\",\"name\":\"M\u00e9xico evita la \u2018bancarrota h\u00eddrica\u2019\u2026 pero se extrae m\u00e1s agua que la que recupera -\",\"isPartOf\":{\"@id\":\"https:\/\/expresorgv.online\/home\/#website\"},\"primaryImageOfPage\":{\"@id\":\"https:\/\/expresorgv.online\/home\/blog\/2026\/09\/02\/mexico-evita-la-bancarrota-hidrica-pero-se-extrae-mas-agua-que-la-que-recupera\/#primaryimage\"},\"image\":{\"@id\":\"https:\/\/expresorgv.online\/home\/blog\/2026\/09\/02\/mexico-evita-la-bancarrota-hidrica-pero-se-extrae-mas-agua-que-la-que-recupera\/#primaryimage\"},\"thumbnailUrl\":\"https:\/\/i0.wp.com\/expresorgv.online\/home\/wp-content\/uploads\/2026\/09\/02092026Agua.png?fit=540%2C300&ssl=1\",\"datePublished\":\"2026-09-02T05:20:21+00:00\",\"dateModified\":\"2026-09-02T05:20:22+00:00\",\"author\":{\"@id\":\"https:\/\/expresorgv.online\/home\/#\/schema\/person\/ae1ed1a575540204b5f59dca7f91f6a2\"},\"breadcrumb\":{\"@id\":\"https:\/\/expresorgv.online\/home\/blog\/2026\/09\/02\/mexico-evita-la-bancarrota-hidrica-pero-se-extrae-mas-agua-que-la-que-recupera\/#breadcrumb\"},\"inLanguage\":\"es\",\"potentialAction\":[{\"@type\":\"ReadAction\",\"target\":[\"https:\/\/expresorgv.online\/home\/blog\/2026\/09\/02\/mexico-evita-la-bancarrota-hidrica-pero-se-extrae-mas-agua-que-la-que-recupera\/\"]}]},{\"@type\":\"ImageObject\",\"inLanguage\":\"es\",\"@id\":\"https:\/\/expresorgv.online\/home\/blog\/2026\/09\/02\/mexico-evita-la-bancarrota-hidrica-pero-se-extrae-mas-agua-que-la-que-recupera\/#primaryimage\",\"url\":\"https:\/\/i0.wp.com\/expresorgv.online\/home\/wp-content\/uploads\/2026\/09\/02092026Agua.png?fit=540%2C300&ssl=1\",\"contentUrl\":\"https:\/\/i0.wp.com\/expresorgv.online\/home\/wp-content\/uploads\/2026\/09\/02092026Agua.png?fit=540%2C300&ssl=1\",\"width\":540,\"height\":300},{\"@type\":\"BreadcrumbList\",\"@id\":\"https:\/\/expresorgv.online\/home\/blog\/2026\/09\/02\/mexico-evita-la-bancarrota-hidrica-pero-se-extrae-mas-agua-que-la-que-recupera\/#breadcrumb\",\"itemListElement\":[{\"@type\":\"ListItem\",\"position\":1,\"name\":\"Home\",\"item\":\"https:\/\/expresorgv.online\/home\/\"},{\"@type\":\"ListItem\",\"position\":2,\"name\":\"M\u00e9xico evita la \u2018bancarrota h\u00eddrica\u2019\u2026 pero se extrae m\u00e1s agua que la que recupera\"}]},{\"@type\":\"WebSite\",\"@id\":\"https:\/\/expresorgv.online\/home\/#website\",\"url\":\"https:\/\/expresorgv.online\/home\/\",\"name\":\"\",\"description\":\"\",\"potentialAction\":[{\"@type\":\"SearchAction\",\"target\":{\"@type\":\"EntryPoint\",\"urlTemplate\":\"https:\/\/expresorgv.online\/home\/?s={search_term_string}\"},\"query-input\":{\"@type\":\"PropertyValueSpecification\",\"valueRequired\":true,\"valueName\":\"search_term_string\"}}],\"inLanguage\":\"es\"},{\"@type\":\"Person\",\"@id\":\"https:\/\/expresorgv.online\/home\/#\/schema\/person\/ae1ed1a575540204b5f59dca7f91f6a2\",\"name\":\"expreso\",\"image\":{\"@type\":\"ImageObject\",\"inLanguage\":\"es\",\"@id\":\"https:\/\/secure.gravatar.com\/avatar\/88cd9f065dcd1b722cd984aac4181386a800c0bca699eaf07e42dd8f820bddee?s=96&d=mm&r=g\",\"url\":\"https:\/\/secure.gravatar.com\/avatar\/88cd9f065dcd1b722cd984aac4181386a800c0bca699eaf07e42dd8f820bddee?s=96&d=mm&r=g\",\"contentUrl\":\"https:\/\/secure.gravatar.com\/avatar\/88cd9f065dcd1b722cd984aac4181386a800c0bca699eaf07e42dd8f820bddee?s=96&d=mm&r=g\",\"caption\":\"expreso\"},\"url\":\"https:\/\/expresorgv.online\/home\/blog\/author\/expreso\/\"}]}<\/script>\n<!-- \/ Yoast SEO plugin. -->","yoast_head_json":{"title":"M\u00e9xico evita la \u2018bancarrota h\u00eddrica\u2019\u2026 pero se extrae m\u00e1s agua que la que recupera -","robots":{"index":"index","follow":"follow","max-snippet":"max-snippet:-1","max-image-preview":"max-image-preview:large","max-video-preview":"max-video-preview:-1"},"canonical":"https:\/\/expresorgv.online\/home\/blog\/2026\/09\/02\/mexico-evita-la-bancarrota-hidrica-pero-se-extrae-mas-agua-que-la-que-recupera\/","og_locale":"es_ES","og_type":"article","og_title":"M\u00e9xico evita la \u2018bancarrota h\u00eddrica\u2019\u2026 pero se extrae m\u00e1s agua que la que recupera","og_description":"M\u00e9xico no est\u00e1 en una situaci\u00f3n de \u201cbancarrota h\u00eddrica\u201d, pero enfrenta se\u00f1ales preocupantes de sobrexplotaci\u00f3n de sus reservas, con un 44 por ciento de sus acu\u00edferos en disponibilidad media o negativa y regiones como el Valle de M\u00e9xico extrayendo casi el doble del agua que recuperan naturalmente. As\u00ed lo advirti\u00f3 a EFE Jorge Arriaga, coordinador [&hellip;]","og_url":"https:\/\/expresorgv.online\/home\/blog\/2026\/09\/02\/mexico-evita-la-bancarrota-hidrica-pero-se-extrae-mas-agua-que-la-que-recupera\/","article_published_time":"2026-09-02T05:20:21+00:00","article_modified_time":"2026-09-02T05:20:22+00:00","og_image":[{"width":540,"height":300,"url":"https:\/\/expresorgv.online\/home\/wp-content\/uploads\/2026\/09\/02092026Agua.png","type":"image\/png"}],"author":"expreso","twitter_card":"summary_large_image","twitter_misc":{"Escrito por":"expreso","Tiempo de lectura":"3 minutos"},"schema":{"@context":"https:\/\/schema.org","@graph":[{"@type":"Article","@id":"https:\/\/expresorgv.online\/home\/blog\/2026\/09\/02\/mexico-evita-la-bancarrota-hidrica-pero-se-extrae-mas-agua-que-la-que-recupera\/#article","isPartOf":{"@id":"https:\/\/expresorgv.online\/home\/blog\/2026\/09\/02\/mexico-evita-la-bancarrota-hidrica-pero-se-extrae-mas-agua-que-la-que-recupera\/"},"author":{"name":"expreso","@id":"https:\/\/expresorgv.online\/home\/#\/schema\/person\/ae1ed1a575540204b5f59dca7f91f6a2"},"headline":"M\u00e9xico evita la \u2018bancarrota h\u00eddrica\u2019\u2026 pero se extrae m\u00e1s agua que la que recupera","datePublished":"2026-09-02T05:20:21+00:00","dateModified":"2026-09-02T05:20:22+00:00","mainEntityOfPage":{"@id":"https:\/\/expresorgv.online\/home\/blog\/2026\/09\/02\/mexico-evita-la-bancarrota-hidrica-pero-se-extrae-mas-agua-que-la-que-recupera\/"},"wordCount":456,"commentCount":0,"image":{"@id":"https:\/\/expresorgv.online\/home\/blog\/2026\/09\/02\/mexico-evita-la-bancarrota-hidrica-pero-se-extrae-mas-agua-que-la-que-recupera\/#primaryimage"},"thumbnailUrl":"https:\/\/i0.wp.com\/expresorgv.online\/home\/wp-content\/uploads\/2026\/09\/02092026Agua.png?fit=540%2C300&ssl=1","articleSection":["NACIONAL"],"inLanguage":"es","potentialAction":[{"@type":"CommentAction","name":"Comment","target":["https:\/\/expresorgv.online\/home\/blog\/2026\/09\/02\/mexico-evita-la-bancarrota-hidrica-pero-se-extrae-mas-agua-que-la-que-recupera\/#respond"]}]},{"@type":"WebPage","@id":"https:\/\/expresorgv.online\/home\/blog\/2026\/09\/02\/mexico-evita-la-bancarrota-hidrica-pero-se-extrae-mas-agua-que-la-que-recupera\/","url":"https:\/\/expresorgv.online\/home\/blog\/2026\/09\/02\/mexico-evita-la-bancarrota-hidrica-pero-se-extrae-mas-agua-que-la-que-recupera\/","name":"M\u00e9xico evita la \u2018bancarrota h\u00eddrica\u2019\u2026 pero se extrae m\u00e1s agua que la que recupera -","isPartOf":{"@id":"https:\/\/expresorgv.online\/home\/#website"},"primaryImageOfPage":{"@id":"https:\/\/expresorgv.online\/home\/blog\/2026\/09\/02\/mexico-evita-la-bancarrota-hidrica-pero-se-extrae-mas-agua-que-la-que-recupera\/#primaryimage"},"image":{"@id":"https:\/\/expresorgv.online\/home\/blog\/2026\/09\/02\/mexico-evita-la-bancarrota-hidrica-pero-se-extrae-mas-agua-que-la-que-recupera\/#primaryimage"},"thumbnailUrl":"https:\/\/i0.wp.com\/expresorgv.online\/home\/wp-content\/uploads\/2026\/09\/02092026Agua.png?fit=540%2C300&ssl=1","datePublished":"2026-09-02T05:20:21+00:00","dateModified":"2026-09-02T05:20:22+00:00","author":{"@id":"https:\/\/expresorgv.online\/home\/#\/schema\/person\/ae1ed1a575540204b5f59dca7f91f6a2"},"breadcrumb":{"@id":"https:\/\/expresorgv.online\/home\/blog\/2026\/09\/02\/mexico-evita-la-bancarrota-hidrica-pero-se-extrae-mas-agua-que-la-que-recupera\/#breadcrumb"},"inLanguage":"es","potentialAction":[{"@type":"ReadAction","target":["https:\/\/expresorgv.online\/home\/blog\/2026\/09\/02\/mexico-evita-la-bancarrota-hidrica-pero-se-extrae-mas-agua-que-la-que-recupera\/"]}]},{"@type":"ImageObject","inLanguage":"es","@id":"https:\/\/expresorgv.online\/home\/blog\/2026\/09\/02\/mexico-evita-la-bancarrota-hidrica-pero-se-extrae-mas-agua-que-la-que-recupera\/#primaryimage","url":"https:\/\/i0.wp.com\/expresorgv.online\/home\/wp-content\/uploads\/2026\/09\/02092026Agua.png?fit=540%2C300&ssl=1","contentUrl":"https:\/\/i0.wp.com\/expresorgv.online\/home\/wp-content\/uploads\/2026\/09\/02092026Agua.png?fit=540%2C300&ssl=1","width":540,"height":300},{"@type":"BreadcrumbList","@id":"https:\/\/expresorgv.online\/home\/blog\/2026\/09\/02\/mexico-evita-la-bancarrota-hidrica-pero-se-extrae-mas-agua-que-la-que-recupera\/#breadcrumb","itemListElement":[{"@type":"ListItem","position":1,"name":"Home","item":"https:\/\/expresorgv.online\/home\/"},{"@type":"ListItem","position":2,"name":"M\u00e9xico evita la \u2018bancarrota h\u00eddrica\u2019\u2026 pero se extrae m\u00e1s agua que la que recupera"}]},{"@type":"WebSite","@id":"https:\/\/expresorgv.online\/home\/#website","url":"https:\/\/expresorgv.online\/home\/","name":"","description":"","potentialAction":[{"@type":"SearchAction","target":{"@type":"EntryPoint","urlTemplate":"https:\/\/expresorgv.online\/home\/?s={search_term_string}"},"query-input":{"@type":"PropertyValueSpecification","valueRequired":true,"valueName":"search_term_string"}}],"inLanguage":"es"},{"@type":"Person","@id":"https:\/\/expresorgv.online\/home\/#\/schema\/person\/ae1ed1a575540204b5f59dca7f91f6a2","name":"expreso","image":{"@type":"ImageObject","inLanguage":"es","@id":"https:\/\/secure.gravatar.com\/avatar\/88cd9f065dcd1b722cd984aac4181386a800c0bca699eaf07e42dd8f820bddee?s=96&d=mm&r=g","url":"https:\/\/secure.gravatar.com\/avatar\/88cd9f065dcd1b722cd984aac4181386a800c0bca699eaf07e42dd8f820bddee?s=96&d=mm&r=g","contentUrl":"https:\/\/secure.gravatar.com\/avatar\/88cd9f065dcd1b722cd984aac4181386a800c0bca699eaf07e42dd8f820bddee?s=96&d=mm&r=g","caption":"expreso"},"url":"https:\/\/expresorgv.online\/home\/blog\/author\/expreso\/"}]}},"jetpack_featured_media_url":"https:\/\/i0.wp.com\/expresorgv.online\/home\/wp-content\/uploads\/2026\/09\/02092026Agua.png?fit=540%2C300&ssl=1","_links":{"self":[{"href":"https:\/\/expresorgv.online\/home\/wp-json\/wp\/v2\/posts\/38364","targetHints":{"allow":["GET"]}}],"collection":[{"href":"https:\/\/expresorgv.online\/home\/wp-json\/wp\/v2\/posts"}],"about":[{"href":"https:\/\/expresorgv.online\/home\/wp-json\/wp\/v2\/types\/post"}],"author":[{"embeddable":true,"href":"https:\/\/expresorgv.online\/home\/wp-json\/wp\/v2\/users\/2"}],"replies":[{"embeddable":true,"href":"https:\/\/expresorgv.online\/home\/wp-json\/wp\/v2\/comments?post=38364"}],"version-history":[{"count":1,"href":"https:\/\/expresorgv.online\/home\/wp-json\/wp\/v2\/posts\/38364\/revisions"}],"predecessor-version":[{"id":38365,"href":"https:\/\/expresorgv.online\/home\/wp-json\/wp\/v2\/posts\/38364\/revisions\/38365"}],"wp:featuredmedia":[{"embeddable":true,"href":"https:\/\/expresorgv.online\/home\/wp-json\/wp\/v2\/media\/38353"}],"wp:attachment":[{"href":"https:\/\/expresorgv.online\/home\/wp-json\/wp\/v2\/media?parent=38364"}],"wp:term":[{"taxonomy":"category","embeddable":true,"href":"https:\/\/expresorgv.online\/home\/wp-json\/wp\/v2\/categories?post=38364"},{"taxonomy":"post_tag","embeddable":true,"href":"https:\/\/expresorgv.online\/home\/wp-json\/wp\/v2\/tags?post=38364"}],"curies":[{"name":"wp","href":"https:\/\/api.w.org\/{rel}","templated":true}]}}