{"id":38352,"date":"2026-09-02T05:16:49","date_gmt":"2026-09-02T05:16:49","guid":{"rendered":"https:\/\/expresorgv.online\/home\/?p=38352"},"modified":"2026-09-02T05:16:50","modified_gmt":"2026-09-02T05:16:50","slug":"revisaran-subir-mas-el-ieps-a-refrescos-y-bebidas-alcoholicas","status":"publish","type":"post","link":"https:\/\/expresorgv.online\/home\/blog\/2026\/09\/02\/revisaran-subir-mas-el-ieps-a-refrescos-y-bebidas-alcoholicas\/","title":{"rendered":"Revisar\u00e1n subir m\u00e1s el IEPS a refrescos y bebidas alcoh\u00f3licas"},"content":{"rendered":"\n<p class=\"wp-block-paragraph\">Desde la C\u00e1mara de Diputados se perfeccionar\u00e1 el modelo de Ventanilla \u00danica de la Oficina Presidencial para la Promoci\u00f3n de Inversiones, anunciada por la presidenta de la Rep\u00fablica, Claudia Sheimbaun, adelant\u00f3 el presidente de la Comisi\u00f3n de Hacienda y Cr\u00e9dito P\u00fablico, Carol Antonio Altamirano.<\/p>\n\n\n\n<p class=\"wp-block-paragraph\">El legislador por Morena record\u00f3, en entrevista previa al arranque de la sesi\u00f3n del Congreso General, se consultar\u00e1 a los diferentes sectores econ\u00f3micos para \u201cperfeccionarla y mejorarla\u201d.<\/p>\n\n\n\n<h3 class=\"wp-block-heading\">La medida que ha tomado la presidenta Claudia Sheinbaum, sin duda alguna, ayuda. De hecho, nosotros creemos que con la aprobaci\u00f3n de la nueva ley y con estas medidas que est\u00e1 tomando la presidenta, tendr\u00edamos que revisar todav\u00eda la ley que aprobamos, preguntarles a los diferentes sectores econ\u00f3micos c\u00f3mo perfeccionarla, c\u00f3mo mejorarla\u201d, dijo Altamirano en entrevista previa a previo al arranque de la sesi\u00f3n del Consejo General, con el que inician los trabajos del tercer y \u00faltimo a\u00f1o de la LXVI legislatura.<\/h3>\n\n\n\n<p class=\"wp-block-paragraph\">El morenista record\u00f3 que en el caso del Congreso de la Uni\u00f3n, sobre todo en la C\u00e1mara de Diputados, se discuti\u00f3 y aprob\u00f3 la nueva Ley en Materia de Infraestructura para el Bienestar donde, agreg\u00f3, \u201cse sentaron las bases para incentivar que llegue la inversi\u00f3n\u201d.<\/p>\n\n\n\n<p class=\"wp-block-paragraph\">Enfatiz\u00f3 que el tema de crecimiento econ\u00f3mico es prioridad para el pa\u00eds y que desde la C\u00e1mara de Diputados nosotros se acompa\u00f1ar\u00e1n todas las medidas que contribuyan a ello.<\/p>\n\n\n\n<h3 class=\"wp-block-heading\">El pa\u00eds necesita crecer, y la \u00fanica manera de crecer es que haya inversi\u00f3n p\u00fablica, pero tambi\u00e9n inversi\u00f3n privada\u201d, apunt\u00f3.<\/h3>\n\n\n\n<p class=\"wp-block-paragraph\">Respecto al Paquete Econ\u00f3mico 2027, afirm\u00f3 el legislador que \u00e9ste cumplir\u00e1 con el compromiso de la presidenta Claudia Sheinbaum de reducir el d\u00e9ficit y que \u201cno impondr\u00e1 nuevos impuestos\u201d.<\/p>\n\n\n\n<h3 class=\"wp-block-heading\">De inicio, estamos hablando de un Paquete Econ\u00f3mico que no va a mover los impuestos estructurales (\u2026) A veces nos confundimos, pensamos que por actualizar un impuesto es nuevo, y no. No hay nuevos impuestos, no se mueven los impuestos m\u00e1s importantes, los estructurales\u201d, dijo.<\/h3>\n\n\n\n<p class=\"wp-block-paragraph\">Se\u00f1al\u00f3 que ya existen los indicadores principales que se presentaron en los Precriterios de Pol\u00edtica Econ\u00f3mica.<\/p>\n\n\n\n<p class=\"wp-block-paragraph\">Sin embargo, confi\u00f3 en que algunos impuestos puedan actualizarse, principalmente en el tema de bebidas azucaradas, para avanzar en el tema preventivo y de salud.<\/p>\n\n\n\n<h3 class=\"wp-block-heading\">A partir de ah\u00ed tendremos que revisar d\u00f3nde ajustamos\u201d.<\/h3>\n\n\n\n<p class=\"wp-block-paragraph\">En este rubro, dijo, \u201ctanto el Ejecutivo, como desde la C\u00e1mara de Diputados, podemos hacer planteamientos en ese sentido, porque ya hay propuesta de varios diputados\u201d.<\/p>\n\n\n\n<h3 class=\"wp-block-heading\">Ah\u00ed tienes el tema del sodio. Tiene el tema de las bebidas alcoh\u00f3licas, si somos congruentes en el sentido de c\u00f3mo lo planteamos en el caso del IEPS de bebidas azucaradas, \u00e9stos son los temas que quedar\u00edan pendientes y tenemos que discutir\u201d.<\/h3>\n\n\n\n<h2 class=\"wp-block-heading\">Monreal llama a \u00abacotar\u00bb reforma contra doble nacionalidad<\/h2>\n\n\n\n<p class=\"wp-block-paragraph\">Ayer, Ricardo Monreal, el a\u00fan presidente de la Junta de Coordinaci\u00f3n Pol\u00edtica de la C\u00e1mara de Diputados, se pronunci\u00f3 por que la iniciativa presidencial contra la doble nacionalidad deber\u00eda acotarse a \u201cPresidente, o quien busque una gubernatura o la Jefatura de Gobierno\u201d.<\/p>\n\n\n\n<h3 class=\"wp-block-heading\">Dice la presidenta (Claudia Sheinbaum) que es para asegurar que no obedezcas a otra lealtad de otro estado (\u2026) yo creo que la presidenta tiene raz\u00f3n. Es cuidadosa (\u2026) Porque la funci\u00f3n y la facultad que ejerce un presidente de la Rep\u00fablica o un gobernador s\u00ed puede comprometer su estado y su pa\u00eds\u201d, enfatiz\u00f3.<\/h3>\n\n\n\n<p class=\"wp-block-paragraph\">La iniciativa establece que quienes cuenten con una doble&nbsp;nacionalidad&nbsp;deber\u00e1n renunciar a una de ellas, en los t\u00e9rminos que establece la ley, antes del registro de su candidatura ante la autoridad electoral competente.<\/p>\n\n\n\n<p class=\"wp-block-paragraph\">Asimismo, antes las voces que aseguran que&nbsp;la medida podr\u00eda extenderse a quien busque un cargo de presidente municipal, el pol\u00edtico zacatecano dijo que habr\u00e1 que revisar los transitorios para determinar si la reforma a los art\u00edculos 82, 116 y 122 de la Constituci\u00f3n Pol\u00edtica de los Estados Unidos Mexicanos tiene dicho alcance.<\/p>\n\n\n\n<h3 class=\"wp-block-heading\">No sabemos si se ampliar\u00e1 a presidentes municipales. Depender\u00e1 de la Comisi\u00f3n de Puntos Constitucionales. La presidenta de la C\u00e1mara (Kenia L\u00f3pez Rabad\u00e1n) nos dijo que la principal preocupaci\u00f3n que ella deja respecto al pa\u00eds es la polarizaci\u00f3n que pone en riesgo hasta la justicia\u201d, precis\u00f3 Monreal \u00c1vila en entrevista.<\/h3>\n\n\n\n<p class=\"wp-block-paragraph\">Adem\u00e1s, afirm\u00f3 que deber\u00e1 revisarse si la medida tendr\u00eda \u201caplicabilidad inmediata\u201d y&nbsp;hacerse efectiva para el periodo electoral del pr\u00f3ximo a\u00f1o, cuando se renovar\u00e1n 16 mil 609 cargos de elecci\u00f3n popular, en 31 entidades, entre ellos, 17 gubernaturas<\/p>\n\n\n\n<h3 class=\"wp-block-heading\">No he visto el transitorio porque apenas lleg\u00f3 ayer, pero lo voy a checar ahorita. Pero se supone que tiene una aplicabilidad de inmediato\u201d, dijo.<\/h3>\n\n\n\n<p class=\"wp-block-paragraph\">Monreal insisti\u00f3 en que la reforma a&nbsp;los art\u00edculos 82, 116 y 122 de la Constituci\u00f3n Pol\u00edtica de los Estados Unidos Mexicanos&nbsp;\u201cno tiene dedicatoria\u201d ni afecta espec\u00edficamente a un grupo de connacionales con doble nacionalidad.<\/p>\n\n\n\n<p class=\"wp-block-paragraph\">Insisti\u00f3 que se debe \u201canalizar con cuidado\u201d puesto que, tanto afecta a los casi 40 millones de mexicanos que viven en Estados Unidos, y de los cuales la mayor\u00eda cuenta&nbsp; la ciudadan\u00eda, por nacimiento o naturalizaci\u00f3n.<\/p>\n\n\n\n<p class=\"wp-block-paragraph\">Pero, tambi\u00e9n afecta a la gran comunidad de mexicanos radicados en Espa\u00f1a&nbsp;\u201co a quienes residen en M\u00e9xico y se han acogido a su nacionalidad espa\u00f1ola\u201d, alert\u00f3.<\/p>\n\n\n\n<h3 class=\"wp-block-heading\">Creo yo que hay m\u00e1s personas que viven en M\u00e9xico que tienen la doble nacionalidad espa\u00f1ola y mexicana, m\u00e1s que norteamericana y mexicana. Pero es parejo, es para todos\u201d, asever\u00f3.<\/h3>\n\n\n\n<p class=\"wp-block-paragraph\">Una vez que inicien los trabajos del tercer a\u00f1o de la actual legislatura, este martes 1 de septiembre, la iniciativa presidencial contra la doble nacionalidad ser\u00e1 turnada a&nbsp;la Comisi\u00f3n de Puntos Constitucionales, que preside el morenista Leonel Godoy Rangel.<\/p>\n","protected":false},"excerpt":{"rendered":"<p>Desde la C\u00e1mara de Diputados se perfeccionar\u00e1 el modelo de Ventanilla \u00danica de la Oficina Presidencial para la Promoci\u00f3n de Inversiones, anunciada por la presidenta de la Rep\u00fablica, Claudia Sheimbaun, adelant\u00f3 el presidente de la Comisi\u00f3n de Hacienda y Cr\u00e9dito P\u00fablico, Carol Antonio Altamirano. El legislador por Morena record\u00f3, en entrevista previa al arranque de [&hellip;]<\/p>\n","protected":false},"author":2,"featured_media":38357,"comment_status":"open","ping_status":"open","sticky":false,"template":"","format":"standard","meta":{"footnotes":""},"categories":[6],"tags":[],"class_list":["post-38352","post","type-post","status-publish","format-standard","has-post-thumbnail","hentry","category-nacional"],"yoast_head":"<!-- This site is optimized with the Yoast SEO plugin v27.2 - https:\/\/yoast.com\/product\/yoast-seo-wordpress\/ -->\n<title>Revisar\u00e1n subir m\u00e1s el IEPS a refrescos y bebidas alcoh\u00f3licas -<\/title>\n<meta name=\"robots\" content=\"index, follow, max-snippet:-1, max-image-preview:large, max-video-preview:-1\" \/>\n<link rel=\"canonical\" href=\"https:\/\/expresorgv.online\/home\/blog\/2026\/09\/02\/revisaran-subir-mas-el-ieps-a-refrescos-y-bebidas-alcoholicas\/\" \/>\n<meta property=\"og:locale\" content=\"es_ES\" \/>\n<meta property=\"og:type\" content=\"article\" \/>\n<meta property=\"og:title\" content=\"Revisar\u00e1n subir m\u00e1s el IEPS a refrescos y bebidas alcoh\u00f3licas\" \/>\n<meta property=\"og:description\" content=\"Desde la C\u00e1mara de Diputados se perfeccionar\u00e1 el modelo de Ventanilla \u00danica de la Oficina Presidencial para la Promoci\u00f3n de Inversiones, anunciada por la presidenta de la Rep\u00fablica, Claudia Sheimbaun, adelant\u00f3 el presidente de la Comisi\u00f3n de Hacienda y Cr\u00e9dito P\u00fablico, Carol Antonio Altamirano. El legislador por Morena record\u00f3, en entrevista previa al arranque de [&hellip;]\" \/>\n<meta property=\"og:url\" content=\"https:\/\/expresorgv.online\/home\/blog\/2026\/09\/02\/revisaran-subir-mas-el-ieps-a-refrescos-y-bebidas-alcoholicas\/\" \/>\n<meta property=\"article:published_time\" content=\"2026-09-02T05:16:49+00:00\" \/>\n<meta property=\"article:modified_time\" content=\"2026-09-02T05:16:50+00:00\" \/>\n<meta property=\"og:image\" content=\"https:\/\/expresorgv.online\/home\/wp-content\/uploads\/2026\/09\/02092026Ieps.png\" \/>\n\t<meta property=\"og:image:width\" content=\"540\" \/>\n\t<meta property=\"og:image:height\" content=\"300\" \/>\n\t<meta property=\"og:image:type\" content=\"image\/png\" \/>\n<meta name=\"author\" content=\"expreso\" \/>\n<meta name=\"twitter:card\" content=\"summary_large_image\" \/>\n<meta name=\"twitter:label1\" content=\"Escrito por\" \/>\n\t<meta name=\"twitter:data1\" content=\"expreso\" \/>\n\t<meta name=\"twitter:label2\" content=\"Tiempo de lectura\" \/>\n\t<meta name=\"twitter:data2\" content=\"5 minutos\" \/>\n<script type=\"application\/ld+json\" class=\"yoast-schema-graph\">{\"@context\":\"https:\/\/schema.org\",\"@graph\":[{\"@type\":\"Article\",\"@id\":\"https:\/\/expresorgv.online\/home\/blog\/2026\/09\/02\/revisaran-subir-mas-el-ieps-a-refrescos-y-bebidas-alcoholicas\/#article\",\"isPartOf\":{\"@id\":\"https:\/\/expresorgv.online\/home\/blog\/2026\/09\/02\/revisaran-subir-mas-el-ieps-a-refrescos-y-bebidas-alcoholicas\/\"},\"author\":{\"name\":\"expreso\",\"@id\":\"https:\/\/expresorgv.online\/home\/#\/schema\/person\/ae1ed1a575540204b5f59dca7f91f6a2\"},\"headline\":\"Revisar\u00e1n subir m\u00e1s el IEPS a refrescos y bebidas alcoh\u00f3licas\",\"datePublished\":\"2026-09-02T05:16:49+00:00\",\"dateModified\":\"2026-09-02T05:16:50+00:00\",\"mainEntityOfPage\":{\"@id\":\"https:\/\/expresorgv.online\/home\/blog\/2026\/09\/02\/revisaran-subir-mas-el-ieps-a-refrescos-y-bebidas-alcoholicas\/\"},\"wordCount\":1005,\"commentCount\":0,\"image\":{\"@id\":\"https:\/\/expresorgv.online\/home\/blog\/2026\/09\/02\/revisaran-subir-mas-el-ieps-a-refrescos-y-bebidas-alcoholicas\/#primaryimage\"},\"thumbnailUrl\":\"https:\/\/i0.wp.com\/expresorgv.online\/home\/wp-content\/uploads\/2026\/09\/02092026Ieps.png?fit=540%2C300&ssl=1\",\"articleSection\":[\"NACIONAL\"],\"inLanguage\":\"es\",\"potentialAction\":[{\"@type\":\"CommentAction\",\"name\":\"Comment\",\"target\":[\"https:\/\/expresorgv.online\/home\/blog\/2026\/09\/02\/revisaran-subir-mas-el-ieps-a-refrescos-y-bebidas-alcoholicas\/#respond\"]}]},{\"@type\":\"WebPage\",\"@id\":\"https:\/\/expresorgv.online\/home\/blog\/2026\/09\/02\/revisaran-subir-mas-el-ieps-a-refrescos-y-bebidas-alcoholicas\/\",\"url\":\"https:\/\/expresorgv.online\/home\/blog\/2026\/09\/02\/revisaran-subir-mas-el-ieps-a-refrescos-y-bebidas-alcoholicas\/\",\"name\":\"Revisar\u00e1n subir m\u00e1s el IEPS a refrescos y bebidas alcoh\u00f3licas -\",\"isPartOf\":{\"@id\":\"https:\/\/expresorgv.online\/home\/#website\"},\"primaryImageOfPage\":{\"@id\":\"https:\/\/expresorgv.online\/home\/blog\/2026\/09\/02\/revisaran-subir-mas-el-ieps-a-refrescos-y-bebidas-alcoholicas\/#primaryimage\"},\"image\":{\"@id\":\"https:\/\/expresorgv.online\/home\/blog\/2026\/09\/02\/revisaran-subir-mas-el-ieps-a-refrescos-y-bebidas-alcoholicas\/#primaryimage\"},\"thumbnailUrl\":\"https:\/\/i0.wp.com\/expresorgv.online\/home\/wp-content\/uploads\/2026\/09\/02092026Ieps.png?fit=540%2C300&ssl=1\",\"datePublished\":\"2026-09-02T05:16:49+00:00\",\"dateModified\":\"2026-09-02T05:16:50+00:00\",\"author\":{\"@id\":\"https:\/\/expresorgv.online\/home\/#\/schema\/person\/ae1ed1a575540204b5f59dca7f91f6a2\"},\"breadcrumb\":{\"@id\":\"https:\/\/expresorgv.online\/home\/blog\/2026\/09\/02\/revisaran-subir-mas-el-ieps-a-refrescos-y-bebidas-alcoholicas\/#breadcrumb\"},\"inLanguage\":\"es\",\"potentialAction\":[{\"@type\":\"ReadAction\",\"target\":[\"https:\/\/expresorgv.online\/home\/blog\/2026\/09\/02\/revisaran-subir-mas-el-ieps-a-refrescos-y-bebidas-alcoholicas\/\"]}]},{\"@type\":\"ImageObject\",\"inLanguage\":\"es\",\"@id\":\"https:\/\/expresorgv.online\/home\/blog\/2026\/09\/02\/revisaran-subir-mas-el-ieps-a-refrescos-y-bebidas-alcoholicas\/#primaryimage\",\"url\":\"https:\/\/i0.wp.com\/expresorgv.online\/home\/wp-content\/uploads\/2026\/09\/02092026Ieps.png?fit=540%2C300&ssl=1\",\"contentUrl\":\"https:\/\/i0.wp.com\/expresorgv.online\/home\/wp-content\/uploads\/2026\/09\/02092026Ieps.png?fit=540%2C300&ssl=1\",\"width\":540,\"height\":300},{\"@type\":\"BreadcrumbList\",\"@id\":\"https:\/\/expresorgv.online\/home\/blog\/2026\/09\/02\/revisaran-subir-mas-el-ieps-a-refrescos-y-bebidas-alcoholicas\/#breadcrumb\",\"itemListElement\":[{\"@type\":\"ListItem\",\"position\":1,\"name\":\"Home\",\"item\":\"https:\/\/expresorgv.online\/home\/\"},{\"@type\":\"ListItem\",\"position\":2,\"name\":\"Revisar\u00e1n subir m\u00e1s el IEPS a refrescos y bebidas alcoh\u00f3licas\"}]},{\"@type\":\"WebSite\",\"@id\":\"https:\/\/expresorgv.online\/home\/#website\",\"url\":\"https:\/\/expresorgv.online\/home\/\",\"name\":\"\",\"description\":\"\",\"potentialAction\":[{\"@type\":\"SearchAction\",\"target\":{\"@type\":\"EntryPoint\",\"urlTemplate\":\"https:\/\/expresorgv.online\/home\/?s={search_term_string}\"},\"query-input\":{\"@type\":\"PropertyValueSpecification\",\"valueRequired\":true,\"valueName\":\"search_term_string\"}}],\"inLanguage\":\"es\"},{\"@type\":\"Person\",\"@id\":\"https:\/\/expresorgv.online\/home\/#\/schema\/person\/ae1ed1a575540204b5f59dca7f91f6a2\",\"name\":\"expreso\",\"image\":{\"@type\":\"ImageObject\",\"inLanguage\":\"es\",\"@id\":\"https:\/\/secure.gravatar.com\/avatar\/88cd9f065dcd1b722cd984aac4181386a800c0bca699eaf07e42dd8f820bddee?s=96&d=mm&r=g\",\"url\":\"https:\/\/secure.gravatar.com\/avatar\/88cd9f065dcd1b722cd984aac4181386a800c0bca699eaf07e42dd8f820bddee?s=96&d=mm&r=g\",\"contentUrl\":\"https:\/\/secure.gravatar.com\/avatar\/88cd9f065dcd1b722cd984aac4181386a800c0bca699eaf07e42dd8f820bddee?s=96&d=mm&r=g\",\"caption\":\"expreso\"},\"url\":\"https:\/\/expresorgv.online\/home\/blog\/author\/expreso\/\"}]}<\/script>\n<!-- \/ Yoast SEO plugin. -->","yoast_head_json":{"title":"Revisar\u00e1n subir m\u00e1s el IEPS a refrescos y bebidas alcoh\u00f3licas -","robots":{"index":"index","follow":"follow","max-snippet":"max-snippet:-1","max-image-preview":"max-image-preview:large","max-video-preview":"max-video-preview:-1"},"canonical":"https:\/\/expresorgv.online\/home\/blog\/2026\/09\/02\/revisaran-subir-mas-el-ieps-a-refrescos-y-bebidas-alcoholicas\/","og_locale":"es_ES","og_type":"article","og_title":"Revisar\u00e1n subir m\u00e1s el IEPS a refrescos y bebidas alcoh\u00f3licas","og_description":"Desde la C\u00e1mara de Diputados se perfeccionar\u00e1 el modelo de Ventanilla \u00danica de la Oficina Presidencial para la Promoci\u00f3n de Inversiones, anunciada por la presidenta de la Rep\u00fablica, Claudia Sheimbaun, adelant\u00f3 el presidente de la Comisi\u00f3n de Hacienda y Cr\u00e9dito P\u00fablico, Carol Antonio Altamirano. El legislador por Morena record\u00f3, en entrevista previa al arranque de [&hellip;]","og_url":"https:\/\/expresorgv.online\/home\/blog\/2026\/09\/02\/revisaran-subir-mas-el-ieps-a-refrescos-y-bebidas-alcoholicas\/","article_published_time":"2026-09-02T05:16:49+00:00","article_modified_time":"2026-09-02T05:16:50+00:00","og_image":[{"width":540,"height":300,"url":"https:\/\/expresorgv.online\/home\/wp-content\/uploads\/2026\/09\/02092026Ieps.png","type":"image\/png"}],"author":"expreso","twitter_card":"summary_large_image","twitter_misc":{"Escrito por":"expreso","Tiempo de lectura":"5 minutos"},"schema":{"@context":"https:\/\/schema.org","@graph":[{"@type":"Article","@id":"https:\/\/expresorgv.online\/home\/blog\/2026\/09\/02\/revisaran-subir-mas-el-ieps-a-refrescos-y-bebidas-alcoholicas\/#article","isPartOf":{"@id":"https:\/\/expresorgv.online\/home\/blog\/2026\/09\/02\/revisaran-subir-mas-el-ieps-a-refrescos-y-bebidas-alcoholicas\/"},"author":{"name":"expreso","@id":"https:\/\/expresorgv.online\/home\/#\/schema\/person\/ae1ed1a575540204b5f59dca7f91f6a2"},"headline":"Revisar\u00e1n subir m\u00e1s el IEPS a refrescos y bebidas alcoh\u00f3licas","datePublished":"2026-09-02T05:16:49+00:00","dateModified":"2026-09-02T05:16:50+00:00","mainEntityOfPage":{"@id":"https:\/\/expresorgv.online\/home\/blog\/2026\/09\/02\/revisaran-subir-mas-el-ieps-a-refrescos-y-bebidas-alcoholicas\/"},"wordCount":1005,"commentCount":0,"image":{"@id":"https:\/\/expresorgv.online\/home\/blog\/2026\/09\/02\/revisaran-subir-mas-el-ieps-a-refrescos-y-bebidas-alcoholicas\/#primaryimage"},"thumbnailUrl":"https:\/\/i0.wp.com\/expresorgv.online\/home\/wp-content\/uploads\/2026\/09\/02092026Ieps.png?fit=540%2C300&ssl=1","articleSection":["NACIONAL"],"inLanguage":"es","potentialAction":[{"@type":"CommentAction","name":"Comment","target":["https:\/\/expresorgv.online\/home\/blog\/2026\/09\/02\/revisaran-subir-mas-el-ieps-a-refrescos-y-bebidas-alcoholicas\/#respond"]}]},{"@type":"WebPage","@id":"https:\/\/expresorgv.online\/home\/blog\/2026\/09\/02\/revisaran-subir-mas-el-ieps-a-refrescos-y-bebidas-alcoholicas\/","url":"https:\/\/expresorgv.online\/home\/blog\/2026\/09\/02\/revisaran-subir-mas-el-ieps-a-refrescos-y-bebidas-alcoholicas\/","name":"Revisar\u00e1n subir m\u00e1s el IEPS a refrescos y bebidas alcoh\u00f3licas -","isPartOf":{"@id":"https:\/\/expresorgv.online\/home\/#website"},"primaryImageOfPage":{"@id":"https:\/\/expresorgv.online\/home\/blog\/2026\/09\/02\/revisaran-subir-mas-el-ieps-a-refrescos-y-bebidas-alcoholicas\/#primaryimage"},"image":{"@id":"https:\/\/expresorgv.online\/home\/blog\/2026\/09\/02\/revisaran-subir-mas-el-ieps-a-refrescos-y-bebidas-alcoholicas\/#primaryimage"},"thumbnailUrl":"https:\/\/i0.wp.com\/expresorgv.online\/home\/wp-content\/uploads\/2026\/09\/02092026Ieps.png?fit=540%2C300&ssl=1","datePublished":"2026-09-02T05:16:49+00:00","dateModified":"2026-09-02T05:16:50+00:00","author":{"@id":"https:\/\/expresorgv.online\/home\/#\/schema\/person\/ae1ed1a575540204b5f59dca7f91f6a2"},"breadcrumb":{"@id":"https:\/\/expresorgv.online\/home\/blog\/2026\/09\/02\/revisaran-subir-mas-el-ieps-a-refrescos-y-bebidas-alcoholicas\/#breadcrumb"},"inLanguage":"es","potentialAction":[{"@type":"ReadAction","target":["https:\/\/expresorgv.online\/home\/blog\/2026\/09\/02\/revisaran-subir-mas-el-ieps-a-refrescos-y-bebidas-alcoholicas\/"]}]},{"@type":"ImageObject","inLanguage":"es","@id":"https:\/\/expresorgv.online\/home\/blog\/2026\/09\/02\/revisaran-subir-mas-el-ieps-a-refrescos-y-bebidas-alcoholicas\/#primaryimage","url":"https:\/\/i0.wp.com\/expresorgv.online\/home\/wp-content\/uploads\/2026\/09\/02092026Ieps.png?fit=540%2C300&ssl=1","contentUrl":"https:\/\/i0.wp.com\/expresorgv.online\/home\/wp-content\/uploads\/2026\/09\/02092026Ieps.png?fit=540%2C300&ssl=1","width":540,"height":300},{"@type":"BreadcrumbList","@id":"https:\/\/expresorgv.online\/home\/blog\/2026\/09\/02\/revisaran-subir-mas-el-ieps-a-refrescos-y-bebidas-alcoholicas\/#breadcrumb","itemListElement":[{"@type":"ListItem","position":1,"name":"Home","item":"https:\/\/expresorgv.online\/home\/"},{"@type":"ListItem","position":2,"name":"Revisar\u00e1n subir m\u00e1s el IEPS a refrescos y bebidas alcoh\u00f3licas"}]},{"@type":"WebSite","@id":"https:\/\/expresorgv.online\/home\/#website","url":"https:\/\/expresorgv.online\/home\/","name":"","description":"","potentialAction":[{"@type":"SearchAction","target":{"@type":"EntryPoint","urlTemplate":"https:\/\/expresorgv.online\/home\/?s={search_term_string}"},"query-input":{"@type":"PropertyValueSpecification","valueRequired":true,"valueName":"search_term_string"}}],"inLanguage":"es"},{"@type":"Person","@id":"https:\/\/expresorgv.online\/home\/#\/schema\/person\/ae1ed1a575540204b5f59dca7f91f6a2","name":"expreso","image":{"@type":"ImageObject","inLanguage":"es","@id":"https:\/\/secure.gravatar.com\/avatar\/88cd9f065dcd1b722cd984aac4181386a800c0bca699eaf07e42dd8f820bddee?s=96&d=mm&r=g","url":"https:\/\/secure.gravatar.com\/avatar\/88cd9f065dcd1b722cd984aac4181386a800c0bca699eaf07e42dd8f820bddee?s=96&d=mm&r=g","contentUrl":"https:\/\/secure.gravatar.com\/avatar\/88cd9f065dcd1b722cd984aac4181386a800c0bca699eaf07e42dd8f820bddee?s=96&d=mm&r=g","caption":"expreso"},"url":"https:\/\/expresorgv.online\/home\/blog\/author\/expreso\/"}]}},"jetpack_featured_media_url":"https:\/\/i0.wp.com\/expresorgv.online\/home\/wp-content\/uploads\/2026\/09\/02092026Ieps.png?fit=540%2C300&ssl=1","_links":{"self":[{"href":"https:\/\/expresorgv.online\/home\/wp-json\/wp\/v2\/posts\/38352","targetHints":{"allow":["GET"]}}],"collection":[{"href":"https:\/\/expresorgv.online\/home\/wp-json\/wp\/v2\/posts"}],"about":[{"href":"https:\/\/expresorgv.online\/home\/wp-json\/wp\/v2\/types\/post"}],"author":[{"embeddable":true,"href":"https:\/\/expresorgv.online\/home\/wp-json\/wp\/v2\/users\/2"}],"replies":[{"embeddable":true,"href":"https:\/\/expresorgv.online\/home\/wp-json\/wp\/v2\/comments?post=38352"}],"version-history":[{"count":1,"href":"https:\/\/expresorgv.online\/home\/wp-json\/wp\/v2\/posts\/38352\/revisions"}],"predecessor-version":[{"id":38361,"href":"https:\/\/expresorgv.online\/home\/wp-json\/wp\/v2\/posts\/38352\/revisions\/38361"}],"wp:featuredmedia":[{"embeddable":true,"href":"https:\/\/expresorgv.online\/home\/wp-json\/wp\/v2\/media\/38357"}],"wp:attachment":[{"href":"https:\/\/expresorgv.online\/home\/wp-json\/wp\/v2\/media?parent=38352"}],"wp:term":[{"taxonomy":"category","embeddable":true,"href":"https:\/\/expresorgv.online\/home\/wp-json\/wp\/v2\/categories?post=38352"},{"taxonomy":"post_tag","embeddable":true,"href":"https:\/\/expresorgv.online\/home\/wp-json\/wp\/v2\/tags?post=38352"}],"curies":[{"name":"wp","href":"https:\/\/api.w.org\/{rel}","templated":true}]}}