{"id":38350,"date":"2026-09-01T05:53:32","date_gmt":"2026-09-01T05:53:32","guid":{"rendered":"https:\/\/expresorgv.online\/home\/?p=38350"},"modified":"2026-09-01T05:53:33","modified_gmt":"2026-09-01T05:53:33","slug":"exigen-localizar-a-victimas-de-operativos-de-la-marina-2018-en-nuevo-laredo","status":"publish","type":"post","link":"https:\/\/expresorgv.online\/home\/blog\/2026\/09\/01\/exigen-localizar-a-victimas-de-operativos-de-la-marina-2018-en-nuevo-laredo\/","title":{"rendered":"EXIGEN LOCALIZAR A V\u00cdCTIMAS DE OPERATIVOS DE LA MARINA 2018 EN NUEVO LAREDO"},"content":{"rendered":"\n<p class=\"wp-block-paragraph\">Familiares de personas desaparecidas y v\u00edctimas sobrevivientes marcharon este domingo por calles de Nuevo Laredo, en el marco del D\u00eda Internacional de las V\u00edctimas de Desapariciones Forzadas, para exigir avances en las investigaciones, justicia y la localizaci\u00f3n de sus seres queridos, principalmente en casos relacionados con operativos de la Secretar\u00eda de Marina ocurridos en 2018.<\/p>\n\n\n\n<p class=\"wp-block-paragraph\">La movilizaci\u00f3n avanz\u00f3 por la avenida Guerrero y concluy\u00f3 en el Monumento a Los Fundadores, donde los participantes solicitaron la intervenci\u00f3n de la presidenta Claudia Sheinbaum Pardo. Durante el acto se realiz\u00f3 una \u201clista de presente\u201d de las personas que contin\u00faan desaparecidas y cuyos casos, se\u00f1alaron sus familiares, no han derivado en sanciones contra elementos navales. Tras cada nombre, los asistentes respondieron: \u201cPresente ahora y siempre\u201d.<\/p>\n\n\n\n<p class=\"wp-block-paragraph\">Entre las familias participantes estuvo la de Julio C\u00e9sar Viramontes Arredondo, desaparecido el 19 de febrero de 2018. Su madre, Erika Redondo, afirm\u00f3 que, despu\u00e9s de m\u00e1s de ocho a\u00f1os, su principal exigencia es conocer su paradero.\u201cPrincipalmente es que me regresen a mi hijo, que me digan d\u00f3nde est\u00e1. Es todo lo que les he pedido siempre\u201d, declar\u00f3.<\/p>\n\n\n\n<p class=\"wp-block-paragraph\">La madre se\u00f1al\u00f3 que, pese a los procesos judiciales y a una disculpa p\u00fablica en la que autoridades reconocieron los hechos, no se han concretado sanciones. \u201cNo hubo castigo, no hubo prisioneros, no hubo nada, absolutamente nada\u201d, sostuvo.<\/p>\n\n\n\n<p class=\"wp-block-paragraph\">Tambi\u00e9n particip\u00f3 Manuela Trinidad Ram\u00edrez Garc\u00eda, madre de Daniel Gerardo Garc\u00eda, desaparecido el 14 de abril de 2018. La mujer dijo que mantiene la exigencia de justicia y de informaci\u00f3n sobre el paradero de su hijo.\u201cYo exijo justicia contra esos marinos que han soltado y quiero que ya, como dicen muchas madres, solamente saber en d\u00f3nde est\u00e1 mi hijo. Es lo \u00fanico que yo quiero\u201d, expres\u00f3.<\/p>\n\n\n\n<p class=\"wp-block-paragraph\">De acuerdo con la Recomendaci\u00f3n por Violaciones Graves 36VG\/2020 de la Comisi\u00f3n Nacional de los Derechos Humanos, fueron documentadas desapariciones forzadas de 27 personas, adem\u00e1s de detenciones arbitrarias, con participaci\u00f3n de autoridades federales y estatales. De ese grupo, 12 v\u00edctimas fueron localizadas posteriormente sin vida.<\/p>\n\n\n\n<p class=\"wp-block-paragraph\">Las familias reiteraron que continuar\u00e1n con las movilizaciones para mantener vigentes sus demandas de localizaci\u00f3n, esclarecimiento de los hechos y determinaci\u00f3n de responsabilidades conforme a las investigaciones y resoluciones judiciales.<\/p>\n","protected":false},"excerpt":{"rendered":"<p>Familiares de personas desaparecidas y v\u00edctimas sobrevivientes marcharon este domingo por calles de Nuevo Laredo, en el marco del D\u00eda Internacional de las V\u00edctimas de Desapariciones Forzadas, para exigir avances en las investigaciones, justicia y la localizaci\u00f3n de sus seres queridos, principalmente en casos relacionados con operativos de la Secretar\u00eda de Marina ocurridos en 2018. [&hellip;]<\/p>\n","protected":false},"author":2,"featured_media":38333,"comment_status":"open","ping_status":"open","sticky":false,"template":"","format":"standard","meta":{"footnotes":""},"categories":[15],"tags":[],"class_list":["post-38350","post","type-post","status-publish","format-standard","has-post-thumbnail","hentry","category-n-laredo"],"yoast_head":"<!-- This site is optimized with the Yoast SEO plugin v27.2 - https:\/\/yoast.com\/product\/yoast-seo-wordpress\/ -->\n<title>EXIGEN LOCALIZAR A V\u00cdCTIMAS DE OPERATIVOS DE LA MARINA 2018 EN NUEVO LAREDO -<\/title>\n<meta name=\"robots\" content=\"index, follow, max-snippet:-1, max-image-preview:large, max-video-preview:-1\" \/>\n<link rel=\"canonical\" href=\"https:\/\/expresorgv.online\/home\/blog\/2026\/09\/01\/exigen-localizar-a-victimas-de-operativos-de-la-marina-2018-en-nuevo-laredo\/\" \/>\n<meta property=\"og:locale\" content=\"es_ES\" \/>\n<meta property=\"og:type\" content=\"article\" \/>\n<meta property=\"og:title\" content=\"EXIGEN LOCALIZAR A V\u00cdCTIMAS DE OPERATIVOS DE LA MARINA 2018 EN NUEVO LAREDO\" \/>\n<meta property=\"og:description\" content=\"Familiares de personas desaparecidas y v\u00edctimas sobrevivientes marcharon este domingo por calles de Nuevo Laredo, en el marco del D\u00eda Internacional de las V\u00edctimas de Desapariciones Forzadas, para exigir avances en las investigaciones, justicia y la localizaci\u00f3n de sus seres queridos, principalmente en casos relacionados con operativos de la Secretar\u00eda de Marina ocurridos en 2018. [&hellip;]\" \/>\n<meta property=\"og:url\" content=\"https:\/\/expresorgv.online\/home\/blog\/2026\/09\/01\/exigen-localizar-a-victimas-de-operativos-de-la-marina-2018-en-nuevo-laredo\/\" \/>\n<meta property=\"article:published_time\" content=\"2026-09-01T05:53:32+00:00\" \/>\n<meta property=\"article:modified_time\" content=\"2026-09-01T05:53:33+00:00\" \/>\n<meta property=\"og:image\" content=\"https:\/\/expresorgv.online\/home\/wp-content\/uploads\/2026\/09\/01092026MarchanNLaredo.png\" \/>\n\t<meta property=\"og:image:width\" content=\"540\" \/>\n\t<meta property=\"og:image:height\" content=\"300\" \/>\n\t<meta property=\"og:image:type\" content=\"image\/png\" \/>\n<meta name=\"author\" content=\"expreso\" \/>\n<meta name=\"twitter:card\" content=\"summary_large_image\" \/>\n<meta name=\"twitter:label1\" content=\"Escrito por\" \/>\n\t<meta name=\"twitter:data1\" content=\"expreso\" \/>\n\t<meta name=\"twitter:label2\" content=\"Tiempo de lectura\" \/>\n\t<meta name=\"twitter:data2\" content=\"2 minutos\" \/>\n<script type=\"application\/ld+json\" class=\"yoast-schema-graph\">{\"@context\":\"https:\/\/schema.org\",\"@graph\":[{\"@type\":\"Article\",\"@id\":\"https:\/\/expresorgv.online\/home\/blog\/2026\/09\/01\/exigen-localizar-a-victimas-de-operativos-de-la-marina-2018-en-nuevo-laredo\/#article\",\"isPartOf\":{\"@id\":\"https:\/\/expresorgv.online\/home\/blog\/2026\/09\/01\/exigen-localizar-a-victimas-de-operativos-de-la-marina-2018-en-nuevo-laredo\/\"},\"author\":{\"name\":\"expreso\",\"@id\":\"https:\/\/expresorgv.online\/home\/#\/schema\/person\/ae1ed1a575540204b5f59dca7f91f6a2\"},\"headline\":\"EXIGEN LOCALIZAR A V\u00cdCTIMAS DE OPERATIVOS DE LA MARINA 2018 EN NUEVO LAREDO\",\"datePublished\":\"2026-09-01T05:53:32+00:00\",\"dateModified\":\"2026-09-01T05:53:33+00:00\",\"mainEntityOfPage\":{\"@id\":\"https:\/\/expresorgv.online\/home\/blog\/2026\/09\/01\/exigen-localizar-a-victimas-de-operativos-de-la-marina-2018-en-nuevo-laredo\/\"},\"wordCount\":396,\"commentCount\":0,\"image\":{\"@id\":\"https:\/\/expresorgv.online\/home\/blog\/2026\/09\/01\/exigen-localizar-a-victimas-de-operativos-de-la-marina-2018-en-nuevo-laredo\/#primaryimage\"},\"thumbnailUrl\":\"https:\/\/i0.wp.com\/expresorgv.online\/home\/wp-content\/uploads\/2026\/09\/01092026MarchanNLaredo.png?fit=540%2C300&ssl=1\",\"articleSection\":[\"N. LAREDO\"],\"inLanguage\":\"es\",\"potentialAction\":[{\"@type\":\"CommentAction\",\"name\":\"Comment\",\"target\":[\"https:\/\/expresorgv.online\/home\/blog\/2026\/09\/01\/exigen-localizar-a-victimas-de-operativos-de-la-marina-2018-en-nuevo-laredo\/#respond\"]}]},{\"@type\":\"WebPage\",\"@id\":\"https:\/\/expresorgv.online\/home\/blog\/2026\/09\/01\/exigen-localizar-a-victimas-de-operativos-de-la-marina-2018-en-nuevo-laredo\/\",\"url\":\"https:\/\/expresorgv.online\/home\/blog\/2026\/09\/01\/exigen-localizar-a-victimas-de-operativos-de-la-marina-2018-en-nuevo-laredo\/\",\"name\":\"EXIGEN LOCALIZAR A V\u00cdCTIMAS DE OPERATIVOS DE LA MARINA 2018 EN NUEVO LAREDO -\",\"isPartOf\":{\"@id\":\"https:\/\/expresorgv.online\/home\/#website\"},\"primaryImageOfPage\":{\"@id\":\"https:\/\/expresorgv.online\/home\/blog\/2026\/09\/01\/exigen-localizar-a-victimas-de-operativos-de-la-marina-2018-en-nuevo-laredo\/#primaryimage\"},\"image\":{\"@id\":\"https:\/\/expresorgv.online\/home\/blog\/2026\/09\/01\/exigen-localizar-a-victimas-de-operativos-de-la-marina-2018-en-nuevo-laredo\/#primaryimage\"},\"thumbnailUrl\":\"https:\/\/i0.wp.com\/expresorgv.online\/home\/wp-content\/uploads\/2026\/09\/01092026MarchanNLaredo.png?fit=540%2C300&ssl=1\",\"datePublished\":\"2026-09-01T05:53:32+00:00\",\"dateModified\":\"2026-09-01T05:53:33+00:00\",\"author\":{\"@id\":\"https:\/\/expresorgv.online\/home\/#\/schema\/person\/ae1ed1a575540204b5f59dca7f91f6a2\"},\"breadcrumb\":{\"@id\":\"https:\/\/expresorgv.online\/home\/blog\/2026\/09\/01\/exigen-localizar-a-victimas-de-operativos-de-la-marina-2018-en-nuevo-laredo\/#breadcrumb\"},\"inLanguage\":\"es\",\"potentialAction\":[{\"@type\":\"ReadAction\",\"target\":[\"https:\/\/expresorgv.online\/home\/blog\/2026\/09\/01\/exigen-localizar-a-victimas-de-operativos-de-la-marina-2018-en-nuevo-laredo\/\"]}]},{\"@type\":\"ImageObject\",\"inLanguage\":\"es\",\"@id\":\"https:\/\/expresorgv.online\/home\/blog\/2026\/09\/01\/exigen-localizar-a-victimas-de-operativos-de-la-marina-2018-en-nuevo-laredo\/#primaryimage\",\"url\":\"https:\/\/i0.wp.com\/expresorgv.online\/home\/wp-content\/uploads\/2026\/09\/01092026MarchanNLaredo.png?fit=540%2C300&ssl=1\",\"contentUrl\":\"https:\/\/i0.wp.com\/expresorgv.online\/home\/wp-content\/uploads\/2026\/09\/01092026MarchanNLaredo.png?fit=540%2C300&ssl=1\",\"width\":540,\"height\":300},{\"@type\":\"BreadcrumbList\",\"@id\":\"https:\/\/expresorgv.online\/home\/blog\/2026\/09\/01\/exigen-localizar-a-victimas-de-operativos-de-la-marina-2018-en-nuevo-laredo\/#breadcrumb\",\"itemListElement\":[{\"@type\":\"ListItem\",\"position\":1,\"name\":\"Home\",\"item\":\"https:\/\/expresorgv.online\/home\/\"},{\"@type\":\"ListItem\",\"position\":2,\"name\":\"EXIGEN LOCALIZAR A V\u00cdCTIMAS DE OPERATIVOS DE LA MARINA 2018 EN NUEVO LAREDO\"}]},{\"@type\":\"WebSite\",\"@id\":\"https:\/\/expresorgv.online\/home\/#website\",\"url\":\"https:\/\/expresorgv.online\/home\/\",\"name\":\"\",\"description\":\"\",\"potentialAction\":[{\"@type\":\"SearchAction\",\"target\":{\"@type\":\"EntryPoint\",\"urlTemplate\":\"https:\/\/expresorgv.online\/home\/?s={search_term_string}\"},\"query-input\":{\"@type\":\"PropertyValueSpecification\",\"valueRequired\":true,\"valueName\":\"search_term_string\"}}],\"inLanguage\":\"es\"},{\"@type\":\"Person\",\"@id\":\"https:\/\/expresorgv.online\/home\/#\/schema\/person\/ae1ed1a575540204b5f59dca7f91f6a2\",\"name\":\"expreso\",\"image\":{\"@type\":\"ImageObject\",\"inLanguage\":\"es\",\"@id\":\"https:\/\/secure.gravatar.com\/avatar\/88cd9f065dcd1b722cd984aac4181386a800c0bca699eaf07e42dd8f820bddee?s=96&d=mm&r=g\",\"url\":\"https:\/\/secure.gravatar.com\/avatar\/88cd9f065dcd1b722cd984aac4181386a800c0bca699eaf07e42dd8f820bddee?s=96&d=mm&r=g\",\"contentUrl\":\"https:\/\/secure.gravatar.com\/avatar\/88cd9f065dcd1b722cd984aac4181386a800c0bca699eaf07e42dd8f820bddee?s=96&d=mm&r=g\",\"caption\":\"expreso\"},\"url\":\"https:\/\/expresorgv.online\/home\/blog\/author\/expreso\/\"}]}<\/script>\n<!-- \/ Yoast SEO plugin. -->","yoast_head_json":{"title":"EXIGEN LOCALIZAR A V\u00cdCTIMAS DE OPERATIVOS DE LA MARINA 2018 EN NUEVO LAREDO -","robots":{"index":"index","follow":"follow","max-snippet":"max-snippet:-1","max-image-preview":"max-image-preview:large","max-video-preview":"max-video-preview:-1"},"canonical":"https:\/\/expresorgv.online\/home\/blog\/2026\/09\/01\/exigen-localizar-a-victimas-de-operativos-de-la-marina-2018-en-nuevo-laredo\/","og_locale":"es_ES","og_type":"article","og_title":"EXIGEN LOCALIZAR A V\u00cdCTIMAS DE OPERATIVOS DE LA MARINA 2018 EN NUEVO LAREDO","og_description":"Familiares de personas desaparecidas y v\u00edctimas sobrevivientes marcharon este domingo por calles de Nuevo Laredo, en el marco del D\u00eda Internacional de las V\u00edctimas de Desapariciones Forzadas, para exigir avances en las investigaciones, justicia y la localizaci\u00f3n de sus seres queridos, principalmente en casos relacionados con operativos de la Secretar\u00eda de Marina ocurridos en 2018. [&hellip;]","og_url":"https:\/\/expresorgv.online\/home\/blog\/2026\/09\/01\/exigen-localizar-a-victimas-de-operativos-de-la-marina-2018-en-nuevo-laredo\/","article_published_time":"2026-09-01T05:53:32+00:00","article_modified_time":"2026-09-01T05:53:33+00:00","og_image":[{"width":540,"height":300,"url":"https:\/\/expresorgv.online\/home\/wp-content\/uploads\/2026\/09\/01092026MarchanNLaredo.png","type":"image\/png"}],"author":"expreso","twitter_card":"summary_large_image","twitter_misc":{"Escrito por":"expreso","Tiempo de lectura":"2 minutos"},"schema":{"@context":"https:\/\/schema.org","@graph":[{"@type":"Article","@id":"https:\/\/expresorgv.online\/home\/blog\/2026\/09\/01\/exigen-localizar-a-victimas-de-operativos-de-la-marina-2018-en-nuevo-laredo\/#article","isPartOf":{"@id":"https:\/\/expresorgv.online\/home\/blog\/2026\/09\/01\/exigen-localizar-a-victimas-de-operativos-de-la-marina-2018-en-nuevo-laredo\/"},"author":{"name":"expreso","@id":"https:\/\/expresorgv.online\/home\/#\/schema\/person\/ae1ed1a575540204b5f59dca7f91f6a2"},"headline":"EXIGEN LOCALIZAR A V\u00cdCTIMAS DE OPERATIVOS DE LA MARINA 2018 EN NUEVO LAREDO","datePublished":"2026-09-01T05:53:32+00:00","dateModified":"2026-09-01T05:53:33+00:00","mainEntityOfPage":{"@id":"https:\/\/expresorgv.online\/home\/blog\/2026\/09\/01\/exigen-localizar-a-victimas-de-operativos-de-la-marina-2018-en-nuevo-laredo\/"},"wordCount":396,"commentCount":0,"image":{"@id":"https:\/\/expresorgv.online\/home\/blog\/2026\/09\/01\/exigen-localizar-a-victimas-de-operativos-de-la-marina-2018-en-nuevo-laredo\/#primaryimage"},"thumbnailUrl":"https:\/\/i0.wp.com\/expresorgv.online\/home\/wp-content\/uploads\/2026\/09\/01092026MarchanNLaredo.png?fit=540%2C300&ssl=1","articleSection":["N. LAREDO"],"inLanguage":"es","potentialAction":[{"@type":"CommentAction","name":"Comment","target":["https:\/\/expresorgv.online\/home\/blog\/2026\/09\/01\/exigen-localizar-a-victimas-de-operativos-de-la-marina-2018-en-nuevo-laredo\/#respond"]}]},{"@type":"WebPage","@id":"https:\/\/expresorgv.online\/home\/blog\/2026\/09\/01\/exigen-localizar-a-victimas-de-operativos-de-la-marina-2018-en-nuevo-laredo\/","url":"https:\/\/expresorgv.online\/home\/blog\/2026\/09\/01\/exigen-localizar-a-victimas-de-operativos-de-la-marina-2018-en-nuevo-laredo\/","name":"EXIGEN LOCALIZAR A V\u00cdCTIMAS DE OPERATIVOS DE LA MARINA 2018 EN NUEVO LAREDO -","isPartOf":{"@id":"https:\/\/expresorgv.online\/home\/#website"},"primaryImageOfPage":{"@id":"https:\/\/expresorgv.online\/home\/blog\/2026\/09\/01\/exigen-localizar-a-victimas-de-operativos-de-la-marina-2018-en-nuevo-laredo\/#primaryimage"},"image":{"@id":"https:\/\/expresorgv.online\/home\/blog\/2026\/09\/01\/exigen-localizar-a-victimas-de-operativos-de-la-marina-2018-en-nuevo-laredo\/#primaryimage"},"thumbnailUrl":"https:\/\/i0.wp.com\/expresorgv.online\/home\/wp-content\/uploads\/2026\/09\/01092026MarchanNLaredo.png?fit=540%2C300&ssl=1","datePublished":"2026-09-01T05:53:32+00:00","dateModified":"2026-09-01T05:53:33+00:00","author":{"@id":"https:\/\/expresorgv.online\/home\/#\/schema\/person\/ae1ed1a575540204b5f59dca7f91f6a2"},"breadcrumb":{"@id":"https:\/\/expresorgv.online\/home\/blog\/2026\/09\/01\/exigen-localizar-a-victimas-de-operativos-de-la-marina-2018-en-nuevo-laredo\/#breadcrumb"},"inLanguage":"es","potentialAction":[{"@type":"ReadAction","target":["https:\/\/expresorgv.online\/home\/blog\/2026\/09\/01\/exigen-localizar-a-victimas-de-operativos-de-la-marina-2018-en-nuevo-laredo\/"]}]},{"@type":"ImageObject","inLanguage":"es","@id":"https:\/\/expresorgv.online\/home\/blog\/2026\/09\/01\/exigen-localizar-a-victimas-de-operativos-de-la-marina-2018-en-nuevo-laredo\/#primaryimage","url":"https:\/\/i0.wp.com\/expresorgv.online\/home\/wp-content\/uploads\/2026\/09\/01092026MarchanNLaredo.png?fit=540%2C300&ssl=1","contentUrl":"https:\/\/i0.wp.com\/expresorgv.online\/home\/wp-content\/uploads\/2026\/09\/01092026MarchanNLaredo.png?fit=540%2C300&ssl=1","width":540,"height":300},{"@type":"BreadcrumbList","@id":"https:\/\/expresorgv.online\/home\/blog\/2026\/09\/01\/exigen-localizar-a-victimas-de-operativos-de-la-marina-2018-en-nuevo-laredo\/#breadcrumb","itemListElement":[{"@type":"ListItem","position":1,"name":"Home","item":"https:\/\/expresorgv.online\/home\/"},{"@type":"ListItem","position":2,"name":"EXIGEN LOCALIZAR A V\u00cdCTIMAS DE OPERATIVOS DE LA MARINA 2018 EN NUEVO LAREDO"}]},{"@type":"WebSite","@id":"https:\/\/expresorgv.online\/home\/#website","url":"https:\/\/expresorgv.online\/home\/","name":"","description":"","potentialAction":[{"@type":"SearchAction","target":{"@type":"EntryPoint","urlTemplate":"https:\/\/expresorgv.online\/home\/?s={search_term_string}"},"query-input":{"@type":"PropertyValueSpecification","valueRequired":true,"valueName":"search_term_string"}}],"inLanguage":"es"},{"@type":"Person","@id":"https:\/\/expresorgv.online\/home\/#\/schema\/person\/ae1ed1a575540204b5f59dca7f91f6a2","name":"expreso","image":{"@type":"ImageObject","inLanguage":"es","@id":"https:\/\/secure.gravatar.com\/avatar\/88cd9f065dcd1b722cd984aac4181386a800c0bca699eaf07e42dd8f820bddee?s=96&d=mm&r=g","url":"https:\/\/secure.gravatar.com\/avatar\/88cd9f065dcd1b722cd984aac4181386a800c0bca699eaf07e42dd8f820bddee?s=96&d=mm&r=g","contentUrl":"https:\/\/secure.gravatar.com\/avatar\/88cd9f065dcd1b722cd984aac4181386a800c0bca699eaf07e42dd8f820bddee?s=96&d=mm&r=g","caption":"expreso"},"url":"https:\/\/expresorgv.online\/home\/blog\/author\/expreso\/"}]}},"jetpack_featured_media_url":"https:\/\/i0.wp.com\/expresorgv.online\/home\/wp-content\/uploads\/2026\/09\/01092026MarchanNLaredo.png?fit=540%2C300&ssl=1","_links":{"self":[{"href":"https:\/\/expresorgv.online\/home\/wp-json\/wp\/v2\/posts\/38350","targetHints":{"allow":["GET"]}}],"collection":[{"href":"https:\/\/expresorgv.online\/home\/wp-json\/wp\/v2\/posts"}],"about":[{"href":"https:\/\/expresorgv.online\/home\/wp-json\/wp\/v2\/types\/post"}],"author":[{"embeddable":true,"href":"https:\/\/expresorgv.online\/home\/wp-json\/wp\/v2\/users\/2"}],"replies":[{"embeddable":true,"href":"https:\/\/expresorgv.online\/home\/wp-json\/wp\/v2\/comments?post=38350"}],"version-history":[{"count":1,"href":"https:\/\/expresorgv.online\/home\/wp-json\/wp\/v2\/posts\/38350\/revisions"}],"predecessor-version":[{"id":38351,"href":"https:\/\/expresorgv.online\/home\/wp-json\/wp\/v2\/posts\/38350\/revisions\/38351"}],"wp:featuredmedia":[{"embeddable":true,"href":"https:\/\/expresorgv.online\/home\/wp-json\/wp\/v2\/media\/38333"}],"wp:attachment":[{"href":"https:\/\/expresorgv.online\/home\/wp-json\/wp\/v2\/media?parent=38350"}],"wp:term":[{"taxonomy":"category","embeddable":true,"href":"https:\/\/expresorgv.online\/home\/wp-json\/wp\/v2\/categories?post=38350"},{"taxonomy":"post_tag","embeddable":true,"href":"https:\/\/expresorgv.online\/home\/wp-json\/wp\/v2\/tags?post=38350"}],"curies":[{"name":"wp","href":"https:\/\/api.w.org\/{rel}","templated":true}]}}