{"id":38342,"date":"2026-09-01T05:49:56","date_gmt":"2026-09-01T05:49:56","guid":{"rendered":"https:\/\/expresorgv.online\/home\/?p=38342"},"modified":"2026-09-01T05:49:57","modified_gmt":"2026-09-01T05:49:57","slug":"inzunza-regresa-al-senado-y-se-declara-inocente-tras-ausencia","status":"publish","type":"post","link":"https:\/\/expresorgv.online\/home\/blog\/2026\/09\/01\/inzunza-regresa-al-senado-y-se-declara-inocente-tras-ausencia\/","title":{"rendered":"Inzunza regresa al Senado y se declara inocente; tras ausencia"},"content":{"rendered":"\n<p class=\"wp-block-paragraph\">Despu\u00e9s de <strong>125 d\u00edas<\/strong>, el senador sinaloense <strong>Enrique Inzunza<\/strong> regres\u00f3 al <strong>Senado de la Rep\u00fablica<\/strong> y se dijo <strong>\u201cinocente\u201d<\/strong> y con la conciencia tranquila, pese a la acusaci\u00f3n del <strong>gobierno de Estados Unidos<\/strong> en su contra, por presuntos nexos con el <strong>C\u00e1rtel de Sinaloa<\/strong>.<\/p>\n\n\n\n<p class=\"wp-block-paragraph\">\u2013 \u00bfEs inocente, senador?<\/p>\n\n\n\n<p class=\"wp-block-paragraph\"><strong>\u2013Claro.<\/strong><\/p>\n\n\n\n<p class=\"wp-block-paragraph\">\u2013 \u00bfEs inocente, senadort?<\/p>\n\n\n\n<p class=\"wp-block-paragraph\"><strong>\u2013S\u00ed.<\/strong><\/p>\n\n\n\n<p class=\"wp-block-paragraph\">&nbsp;\u2013\u00bfSe queda como&nbsp;<strong>independiente<\/strong>?<\/p>\n\n\n\n<p class=\"wp-block-paragraph\">\u2013En 15 minutos, en el&nbsp;<strong>Patio del Federalismo<\/strong>, se los explico.<\/p>\n\n\n\n<p class=\"wp-block-paragraph\">Ante la insistencia de los reporteros, asegur\u00f3 que dar\u00e1 una <strong>conferencia de prensa<\/strong> para responder a todas las preguntas.<\/p>\n\n\n\n<p class=\"wp-block-paragraph\">Inzunza se dirigi\u00f3 a sus oficinas del cuarto piso del Hemicilo y a las 17:00 horas estar\u00e1 en la sesi\u00f3n de elecci\u00f3n de <strong>Higinio Mart\u00ednez<\/strong> como presidente del <strong>Senado<\/strong>.<\/p>\n","protected":false},"excerpt":{"rendered":"<p>Despu\u00e9s de 125 d\u00edas, el senador sinaloense Enrique Inzunza regres\u00f3 al Senado de la Rep\u00fablica y se dijo \u201cinocente\u201d y con la conciencia tranquila, pese a la acusaci\u00f3n del gobierno de Estados Unidos en su contra, por presuntos nexos con el C\u00e1rtel de Sinaloa. \u2013 \u00bfEs inocente, senador? \u2013Claro. \u2013 \u00bfEs inocente, senadort? \u2013S\u00ed. &nbsp;\u2013\u00bfSe [&hellip;]<\/p>\n","protected":false},"author":2,"featured_media":38332,"comment_status":"open","ping_status":"open","sticky":false,"template":"","format":"standard","meta":{"footnotes":""},"categories":[6],"tags":[],"class_list":["post-38342","post","type-post","status-publish","format-standard","has-post-thumbnail","hentry","category-nacional"],"yoast_head":"<!-- This site is optimized with the Yoast SEO plugin v27.2 - https:\/\/yoast.com\/product\/yoast-seo-wordpress\/ -->\n<title>Inzunza regresa al Senado y se declara inocente; tras ausencia -<\/title>\n<meta name=\"robots\" content=\"index, follow, max-snippet:-1, max-image-preview:large, max-video-preview:-1\" \/>\n<link rel=\"canonical\" href=\"https:\/\/expresorgv.online\/home\/blog\/2026\/09\/01\/inzunza-regresa-al-senado-y-se-declara-inocente-tras-ausencia\/\" \/>\n<meta property=\"og:locale\" content=\"es_ES\" \/>\n<meta property=\"og:type\" content=\"article\" \/>\n<meta property=\"og:title\" content=\"Inzunza regresa al Senado y se declara inocente; tras ausencia\" \/>\n<meta property=\"og:description\" content=\"Despu\u00e9s de 125 d\u00edas, el senador sinaloense Enrique Inzunza regres\u00f3 al Senado de la Rep\u00fablica y se dijo \u201cinocente\u201d y con la conciencia tranquila, pese a la acusaci\u00f3n del gobierno de Estados Unidos en su contra, por presuntos nexos con el C\u00e1rtel de Sinaloa. \u2013 \u00bfEs inocente, senador? \u2013Claro. \u2013 \u00bfEs inocente, senadort? \u2013S\u00ed. &nbsp;\u2013\u00bfSe [&hellip;]\" \/>\n<meta property=\"og:url\" content=\"https:\/\/expresorgv.online\/home\/blog\/2026\/09\/01\/inzunza-regresa-al-senado-y-se-declara-inocente-tras-ausencia\/\" \/>\n<meta property=\"article:published_time\" content=\"2026-09-01T05:49:56+00:00\" \/>\n<meta property=\"article:modified_time\" content=\"2026-09-01T05:49:57+00:00\" \/>\n<meta property=\"og:image\" content=\"https:\/\/expresorgv.online\/home\/wp-content\/uploads\/2026\/09\/01092026Inzunza.png\" \/>\n\t<meta property=\"og:image:width\" content=\"540\" \/>\n\t<meta property=\"og:image:height\" content=\"300\" \/>\n\t<meta property=\"og:image:type\" content=\"image\/png\" \/>\n<meta name=\"author\" content=\"expreso\" \/>\n<meta name=\"twitter:card\" content=\"summary_large_image\" \/>\n<meta name=\"twitter:label1\" content=\"Escrito por\" \/>\n\t<meta name=\"twitter:data1\" content=\"expreso\" \/>\n\t<meta name=\"twitter:label2\" content=\"Tiempo de lectura\" \/>\n\t<meta name=\"twitter:data2\" content=\"1 minuto\" \/>\n<script type=\"application\/ld+json\" class=\"yoast-schema-graph\">{\"@context\":\"https:\/\/schema.org\",\"@graph\":[{\"@type\":\"Article\",\"@id\":\"https:\/\/expresorgv.online\/home\/blog\/2026\/09\/01\/inzunza-regresa-al-senado-y-se-declara-inocente-tras-ausencia\/#article\",\"isPartOf\":{\"@id\":\"https:\/\/expresorgv.online\/home\/blog\/2026\/09\/01\/inzunza-regresa-al-senado-y-se-declara-inocente-tras-ausencia\/\"},\"author\":{\"name\":\"expreso\",\"@id\":\"https:\/\/expresorgv.online\/home\/#\/schema\/person\/ae1ed1a575540204b5f59dca7f91f6a2\"},\"headline\":\"Inzunza regresa al Senado y se declara inocente; tras ausencia\",\"datePublished\":\"2026-09-01T05:49:56+00:00\",\"dateModified\":\"2026-09-01T05:49:57+00:00\",\"mainEntityOfPage\":{\"@id\":\"https:\/\/expresorgv.online\/home\/blog\/2026\/09\/01\/inzunza-regresa-al-senado-y-se-declara-inocente-tras-ausencia\/\"},\"wordCount\":133,\"commentCount\":0,\"image\":{\"@id\":\"https:\/\/expresorgv.online\/home\/blog\/2026\/09\/01\/inzunza-regresa-al-senado-y-se-declara-inocente-tras-ausencia\/#primaryimage\"},\"thumbnailUrl\":\"https:\/\/i0.wp.com\/expresorgv.online\/home\/wp-content\/uploads\/2026\/09\/01092026Inzunza.png?fit=540%2C300&ssl=1\",\"articleSection\":[\"NACIONAL\"],\"inLanguage\":\"es\",\"potentialAction\":[{\"@type\":\"CommentAction\",\"name\":\"Comment\",\"target\":[\"https:\/\/expresorgv.online\/home\/blog\/2026\/09\/01\/inzunza-regresa-al-senado-y-se-declara-inocente-tras-ausencia\/#respond\"]}]},{\"@type\":\"WebPage\",\"@id\":\"https:\/\/expresorgv.online\/home\/blog\/2026\/09\/01\/inzunza-regresa-al-senado-y-se-declara-inocente-tras-ausencia\/\",\"url\":\"https:\/\/expresorgv.online\/home\/blog\/2026\/09\/01\/inzunza-regresa-al-senado-y-se-declara-inocente-tras-ausencia\/\",\"name\":\"Inzunza regresa al Senado y se declara inocente; tras ausencia -\",\"isPartOf\":{\"@id\":\"https:\/\/expresorgv.online\/home\/#website\"},\"primaryImageOfPage\":{\"@id\":\"https:\/\/expresorgv.online\/home\/blog\/2026\/09\/01\/inzunza-regresa-al-senado-y-se-declara-inocente-tras-ausencia\/#primaryimage\"},\"image\":{\"@id\":\"https:\/\/expresorgv.online\/home\/blog\/2026\/09\/01\/inzunza-regresa-al-senado-y-se-declara-inocente-tras-ausencia\/#primaryimage\"},\"thumbnailUrl\":\"https:\/\/i0.wp.com\/expresorgv.online\/home\/wp-content\/uploads\/2026\/09\/01092026Inzunza.png?fit=540%2C300&ssl=1\",\"datePublished\":\"2026-09-01T05:49:56+00:00\",\"dateModified\":\"2026-09-01T05:49:57+00:00\",\"author\":{\"@id\":\"https:\/\/expresorgv.online\/home\/#\/schema\/person\/ae1ed1a575540204b5f59dca7f91f6a2\"},\"breadcrumb\":{\"@id\":\"https:\/\/expresorgv.online\/home\/blog\/2026\/09\/01\/inzunza-regresa-al-senado-y-se-declara-inocente-tras-ausencia\/#breadcrumb\"},\"inLanguage\":\"es\",\"potentialAction\":[{\"@type\":\"ReadAction\",\"target\":[\"https:\/\/expresorgv.online\/home\/blog\/2026\/09\/01\/inzunza-regresa-al-senado-y-se-declara-inocente-tras-ausencia\/\"]}]},{\"@type\":\"ImageObject\",\"inLanguage\":\"es\",\"@id\":\"https:\/\/expresorgv.online\/home\/blog\/2026\/09\/01\/inzunza-regresa-al-senado-y-se-declara-inocente-tras-ausencia\/#primaryimage\",\"url\":\"https:\/\/i0.wp.com\/expresorgv.online\/home\/wp-content\/uploads\/2026\/09\/01092026Inzunza.png?fit=540%2C300&ssl=1\",\"contentUrl\":\"https:\/\/i0.wp.com\/expresorgv.online\/home\/wp-content\/uploads\/2026\/09\/01092026Inzunza.png?fit=540%2C300&ssl=1\",\"width\":540,\"height\":300},{\"@type\":\"BreadcrumbList\",\"@id\":\"https:\/\/expresorgv.online\/home\/blog\/2026\/09\/01\/inzunza-regresa-al-senado-y-se-declara-inocente-tras-ausencia\/#breadcrumb\",\"itemListElement\":[{\"@type\":\"ListItem\",\"position\":1,\"name\":\"Home\",\"item\":\"https:\/\/expresorgv.online\/home\/\"},{\"@type\":\"ListItem\",\"position\":2,\"name\":\"Inzunza regresa al Senado y se declara inocente; tras ausencia\"}]},{\"@type\":\"WebSite\",\"@id\":\"https:\/\/expresorgv.online\/home\/#website\",\"url\":\"https:\/\/expresorgv.online\/home\/\",\"name\":\"\",\"description\":\"\",\"potentialAction\":[{\"@type\":\"SearchAction\",\"target\":{\"@type\":\"EntryPoint\",\"urlTemplate\":\"https:\/\/expresorgv.online\/home\/?s={search_term_string}\"},\"query-input\":{\"@type\":\"PropertyValueSpecification\",\"valueRequired\":true,\"valueName\":\"search_term_string\"}}],\"inLanguage\":\"es\"},{\"@type\":\"Person\",\"@id\":\"https:\/\/expresorgv.online\/home\/#\/schema\/person\/ae1ed1a575540204b5f59dca7f91f6a2\",\"name\":\"expreso\",\"image\":{\"@type\":\"ImageObject\",\"inLanguage\":\"es\",\"@id\":\"https:\/\/secure.gravatar.com\/avatar\/88cd9f065dcd1b722cd984aac4181386a800c0bca699eaf07e42dd8f820bddee?s=96&d=mm&r=g\",\"url\":\"https:\/\/secure.gravatar.com\/avatar\/88cd9f065dcd1b722cd984aac4181386a800c0bca699eaf07e42dd8f820bddee?s=96&d=mm&r=g\",\"contentUrl\":\"https:\/\/secure.gravatar.com\/avatar\/88cd9f065dcd1b722cd984aac4181386a800c0bca699eaf07e42dd8f820bddee?s=96&d=mm&r=g\",\"caption\":\"expreso\"},\"url\":\"https:\/\/expresorgv.online\/home\/blog\/author\/expreso\/\"}]}<\/script>\n<!-- \/ Yoast SEO plugin. -->","yoast_head_json":{"title":"Inzunza regresa al Senado y se declara inocente; tras ausencia -","robots":{"index":"index","follow":"follow","max-snippet":"max-snippet:-1","max-image-preview":"max-image-preview:large","max-video-preview":"max-video-preview:-1"},"canonical":"https:\/\/expresorgv.online\/home\/blog\/2026\/09\/01\/inzunza-regresa-al-senado-y-se-declara-inocente-tras-ausencia\/","og_locale":"es_ES","og_type":"article","og_title":"Inzunza regresa al Senado y se declara inocente; tras ausencia","og_description":"Despu\u00e9s de 125 d\u00edas, el senador sinaloense Enrique Inzunza regres\u00f3 al Senado de la Rep\u00fablica y se dijo \u201cinocente\u201d y con la conciencia tranquila, pese a la acusaci\u00f3n del gobierno de Estados Unidos en su contra, por presuntos nexos con el C\u00e1rtel de Sinaloa. \u2013 \u00bfEs inocente, senador? \u2013Claro. \u2013 \u00bfEs inocente, senadort? \u2013S\u00ed. &nbsp;\u2013\u00bfSe [&hellip;]","og_url":"https:\/\/expresorgv.online\/home\/blog\/2026\/09\/01\/inzunza-regresa-al-senado-y-se-declara-inocente-tras-ausencia\/","article_published_time":"2026-09-01T05:49:56+00:00","article_modified_time":"2026-09-01T05:49:57+00:00","og_image":[{"width":540,"height":300,"url":"https:\/\/expresorgv.online\/home\/wp-content\/uploads\/2026\/09\/01092026Inzunza.png","type":"image\/png"}],"author":"expreso","twitter_card":"summary_large_image","twitter_misc":{"Escrito por":"expreso","Tiempo de lectura":"1 minuto"},"schema":{"@context":"https:\/\/schema.org","@graph":[{"@type":"Article","@id":"https:\/\/expresorgv.online\/home\/blog\/2026\/09\/01\/inzunza-regresa-al-senado-y-se-declara-inocente-tras-ausencia\/#article","isPartOf":{"@id":"https:\/\/expresorgv.online\/home\/blog\/2026\/09\/01\/inzunza-regresa-al-senado-y-se-declara-inocente-tras-ausencia\/"},"author":{"name":"expreso","@id":"https:\/\/expresorgv.online\/home\/#\/schema\/person\/ae1ed1a575540204b5f59dca7f91f6a2"},"headline":"Inzunza regresa al Senado y se declara inocente; tras ausencia","datePublished":"2026-09-01T05:49:56+00:00","dateModified":"2026-09-01T05:49:57+00:00","mainEntityOfPage":{"@id":"https:\/\/expresorgv.online\/home\/blog\/2026\/09\/01\/inzunza-regresa-al-senado-y-se-declara-inocente-tras-ausencia\/"},"wordCount":133,"commentCount":0,"image":{"@id":"https:\/\/expresorgv.online\/home\/blog\/2026\/09\/01\/inzunza-regresa-al-senado-y-se-declara-inocente-tras-ausencia\/#primaryimage"},"thumbnailUrl":"https:\/\/i0.wp.com\/expresorgv.online\/home\/wp-content\/uploads\/2026\/09\/01092026Inzunza.png?fit=540%2C300&ssl=1","articleSection":["NACIONAL"],"inLanguage":"es","potentialAction":[{"@type":"CommentAction","name":"Comment","target":["https:\/\/expresorgv.online\/home\/blog\/2026\/09\/01\/inzunza-regresa-al-senado-y-se-declara-inocente-tras-ausencia\/#respond"]}]},{"@type":"WebPage","@id":"https:\/\/expresorgv.online\/home\/blog\/2026\/09\/01\/inzunza-regresa-al-senado-y-se-declara-inocente-tras-ausencia\/","url":"https:\/\/expresorgv.online\/home\/blog\/2026\/09\/01\/inzunza-regresa-al-senado-y-se-declara-inocente-tras-ausencia\/","name":"Inzunza regresa al Senado y se declara inocente; tras ausencia -","isPartOf":{"@id":"https:\/\/expresorgv.online\/home\/#website"},"primaryImageOfPage":{"@id":"https:\/\/expresorgv.online\/home\/blog\/2026\/09\/01\/inzunza-regresa-al-senado-y-se-declara-inocente-tras-ausencia\/#primaryimage"},"image":{"@id":"https:\/\/expresorgv.online\/home\/blog\/2026\/09\/01\/inzunza-regresa-al-senado-y-se-declara-inocente-tras-ausencia\/#primaryimage"},"thumbnailUrl":"https:\/\/i0.wp.com\/expresorgv.online\/home\/wp-content\/uploads\/2026\/09\/01092026Inzunza.png?fit=540%2C300&ssl=1","datePublished":"2026-09-01T05:49:56+00:00","dateModified":"2026-09-01T05:49:57+00:00","author":{"@id":"https:\/\/expresorgv.online\/home\/#\/schema\/person\/ae1ed1a575540204b5f59dca7f91f6a2"},"breadcrumb":{"@id":"https:\/\/expresorgv.online\/home\/blog\/2026\/09\/01\/inzunza-regresa-al-senado-y-se-declara-inocente-tras-ausencia\/#breadcrumb"},"inLanguage":"es","potentialAction":[{"@type":"ReadAction","target":["https:\/\/expresorgv.online\/home\/blog\/2026\/09\/01\/inzunza-regresa-al-senado-y-se-declara-inocente-tras-ausencia\/"]}]},{"@type":"ImageObject","inLanguage":"es","@id":"https:\/\/expresorgv.online\/home\/blog\/2026\/09\/01\/inzunza-regresa-al-senado-y-se-declara-inocente-tras-ausencia\/#primaryimage","url":"https:\/\/i0.wp.com\/expresorgv.online\/home\/wp-content\/uploads\/2026\/09\/01092026Inzunza.png?fit=540%2C300&ssl=1","contentUrl":"https:\/\/i0.wp.com\/expresorgv.online\/home\/wp-content\/uploads\/2026\/09\/01092026Inzunza.png?fit=540%2C300&ssl=1","width":540,"height":300},{"@type":"BreadcrumbList","@id":"https:\/\/expresorgv.online\/home\/blog\/2026\/09\/01\/inzunza-regresa-al-senado-y-se-declara-inocente-tras-ausencia\/#breadcrumb","itemListElement":[{"@type":"ListItem","position":1,"name":"Home","item":"https:\/\/expresorgv.online\/home\/"},{"@type":"ListItem","position":2,"name":"Inzunza regresa al Senado y se declara inocente; tras ausencia"}]},{"@type":"WebSite","@id":"https:\/\/expresorgv.online\/home\/#website","url":"https:\/\/expresorgv.online\/home\/","name":"","description":"","potentialAction":[{"@type":"SearchAction","target":{"@type":"EntryPoint","urlTemplate":"https:\/\/expresorgv.online\/home\/?s={search_term_string}"},"query-input":{"@type":"PropertyValueSpecification","valueRequired":true,"valueName":"search_term_string"}}],"inLanguage":"es"},{"@type":"Person","@id":"https:\/\/expresorgv.online\/home\/#\/schema\/person\/ae1ed1a575540204b5f59dca7f91f6a2","name":"expreso","image":{"@type":"ImageObject","inLanguage":"es","@id":"https:\/\/secure.gravatar.com\/avatar\/88cd9f065dcd1b722cd984aac4181386a800c0bca699eaf07e42dd8f820bddee?s=96&d=mm&r=g","url":"https:\/\/secure.gravatar.com\/avatar\/88cd9f065dcd1b722cd984aac4181386a800c0bca699eaf07e42dd8f820bddee?s=96&d=mm&r=g","contentUrl":"https:\/\/secure.gravatar.com\/avatar\/88cd9f065dcd1b722cd984aac4181386a800c0bca699eaf07e42dd8f820bddee?s=96&d=mm&r=g","caption":"expreso"},"url":"https:\/\/expresorgv.online\/home\/blog\/author\/expreso\/"}]}},"jetpack_featured_media_url":"https:\/\/i0.wp.com\/expresorgv.online\/home\/wp-content\/uploads\/2026\/09\/01092026Inzunza.png?fit=540%2C300&ssl=1","_links":{"self":[{"href":"https:\/\/expresorgv.online\/home\/wp-json\/wp\/v2\/posts\/38342","targetHints":{"allow":["GET"]}}],"collection":[{"href":"https:\/\/expresorgv.online\/home\/wp-json\/wp\/v2\/posts"}],"about":[{"href":"https:\/\/expresorgv.online\/home\/wp-json\/wp\/v2\/types\/post"}],"author":[{"embeddable":true,"href":"https:\/\/expresorgv.online\/home\/wp-json\/wp\/v2\/users\/2"}],"replies":[{"embeddable":true,"href":"https:\/\/expresorgv.online\/home\/wp-json\/wp\/v2\/comments?post=38342"}],"version-history":[{"count":1,"href":"https:\/\/expresorgv.online\/home\/wp-json\/wp\/v2\/posts\/38342\/revisions"}],"predecessor-version":[{"id":38343,"href":"https:\/\/expresorgv.online\/home\/wp-json\/wp\/v2\/posts\/38342\/revisions\/38343"}],"wp:featuredmedia":[{"embeddable":true,"href":"https:\/\/expresorgv.online\/home\/wp-json\/wp\/v2\/media\/38332"}],"wp:attachment":[{"href":"https:\/\/expresorgv.online\/home\/wp-json\/wp\/v2\/media?parent=38342"}],"wp:term":[{"taxonomy":"category","embeddable":true,"href":"https:\/\/expresorgv.online\/home\/wp-json\/wp\/v2\/categories?post=38342"},{"taxonomy":"post_tag","embeddable":true,"href":"https:\/\/expresorgv.online\/home\/wp-json\/wp\/v2\/tags?post=38342"}],"curies":[{"name":"wp","href":"https:\/\/api.w.org\/{rel}","templated":true}]}}