{"id":38340,"date":"2026-09-01T05:47:51","date_gmt":"2026-09-01T05:47:51","guid":{"rendered":"https:\/\/expresorgv.online\/home\/?p=38340"},"modified":"2026-09-01T05:47:52","modified_gmt":"2026-09-01T05:47:52","slug":"pide-monreal-limitar-prohibicion-de-la-doble-nacionalidad","status":"publish","type":"post","link":"https:\/\/expresorgv.online\/home\/blog\/2026\/09\/01\/pide-monreal-limitar-prohibicion-de-la-doble-nacionalidad\/","title":{"rendered":"Pide Monreal limitar prohibici\u00f3n de la doble nacionalidad"},"content":{"rendered":"\n<p class=\"wp-block-paragraph\">El coordinador de Morena en la C\u00e1mara de Diputados, <strong>Ricardo Monreal<\/strong>, se manifest\u00f3 por acotar la prohibici\u00f3n de la doble nacionalidad para el <strong>Presidente de la Rep\u00fablica, gobernadores y jefe de gobierno de la Ciudad de M\u00e9xico<\/strong>, sin incluir a los alcaldes ni otros cargos de elecci\u00f3n.<\/p>\n\n\n\n<p class=\"wp-block-paragraph\">Neg\u00f3 asimismo que la iniciativa de reforma constitucional propuesta por la <strong>presidenta Claudia Sheinbaum<\/strong> lleve dedicatoria personal.<\/p>\n\n\n\n<blockquote class=\"wp-block-quote is-layout-flow wp-block-quote-is-layout-flow\">\n<p class=\"wp-block-paragraph\">\u201cNo creo que haya una dedicatoria. Es un sentimiento profundo. Yo creo que deber\u00edamos de dejarlo solo en Presidente de la Rep\u00fablica y en gobernadores. Yo casi estoy seguro que hay gobernadores que, en los estados, de todos los partidos, ha habido quien ha ejercido el cargo teniendo doble nacionalidad\u201d, se\u00f1al\u00f3.<\/p>\n<\/blockquote>\n\n\n\n<h2 class=\"wp-block-heading\"><strong>Respaldar la propuesta de Sheinbaum sin \u00abdedicatoria personal\u00bb<\/strong><\/h2>\n\n\n\n<p class=\"wp-block-paragraph\">En entrevista en el Palacio de San L\u00e1zaro, el legislador respald\u00f3 la propuesta presidencial de impedir la <strong>doble nacionalidad de los aspirantes a la Presidencia de M\u00e9xico <\/strong>y a las gubernaturas de los estados.<\/p>\n\n\n\n<blockquote class=\"wp-block-quote is-layout-flow wp-block-quote-is-layout-flow\">\n<p class=\"wp-block-paragraph\">\u201cYo creo que la Presidenta tiene raz\u00f3n. Es cuidadosa y la presidenta dice para que sus intereses no est\u00e9n compartidos con otra naci\u00f3n, porque la funci\u00f3n y la facultad que ejerce un Presidente de la Rep\u00fablica o un gobernador s\u00ed puede comprometer su estado y su pa\u00eds. Y me parece que ah\u00ed le asiste la raz\u00f3n a la presidenta de M\u00e9xico\u201d, subray\u00f3.<\/p>\n<\/blockquote>\n\n\n\n<p class=\"wp-block-paragraph\">Monreal dijo desconocer la declaraci\u00f3n de la secretaria de Gobernaci\u00f3n, <strong>Rosa Icela Rodr\u00edguez<\/strong>, sobre la inclusi\u00f3n de los alcaldes en la iniciativa de renuncia a la doble nacionalidad, pero insisti\u00f3 en acotar los alcances del proyecto.<\/p>\n\n\n\n<blockquote class=\"wp-block-quote is-layout-flow wp-block-quote-is-layout-flow\">\n<p class=\"wp-block-paragraph\">\u201cYo dir\u00eda que deber\u00eda acotarse solo a gobernadores, a jefe de gobierno y a Presidente de la Rep\u00fablica\u201d, dijo.<\/p>\n<\/blockquote>\n\n\n\n<h2 class=\"wp-block-heading\"><strong>Autonom\u00eda en San L\u00e1zaro para definir los alcances de la reforma<\/strong><\/h2>\n\n\n\n<p class=\"wp-block-paragraph\">El l\u00edder de la bancada morenista en el Palacio de San L\u00e1zaro asegur\u00f3 que, en todo caso, la <strong>Comisi\u00f3n de Puntos Constitucionales de la C\u00e1mara de Diputados<\/strong> definir\u00e1 los alcances de la reforma con autonom\u00eda.<\/p>\n\n\n\n<p class=\"wp-block-paragraph\">Hasta ahora, <strong>Sheinbaum Pardo<\/strong> hab\u00eda referido que solo inclu\u00eda al Presidente de la Rep\u00fablica, gobernadores, gobernadoras y jefa de gobierno o jefe de gobierno, ning\u00fan otro nivel, vamos a esperar qu\u00e9 da la deliberaci\u00f3n, abund\u00f3.<\/p>\n","protected":false},"excerpt":{"rendered":"<p>El coordinador de Morena en la C\u00e1mara de Diputados, Ricardo Monreal, se manifest\u00f3 por acotar la prohibici\u00f3n de la doble nacionalidad para el Presidente de la Rep\u00fablica, gobernadores y jefe de gobierno de la Ciudad de M\u00e9xico, sin incluir a los alcaldes ni otros cargos de elecci\u00f3n. Neg\u00f3 asimismo que la iniciativa de reforma constitucional [&hellip;]<\/p>\n","protected":false},"author":2,"featured_media":38336,"comment_status":"open","ping_status":"open","sticky":false,"template":"","format":"standard","meta":{"footnotes":""},"categories":[6],"tags":[],"class_list":["post-38340","post","type-post","status-publish","format-standard","has-post-thumbnail","hentry","category-nacional"],"yoast_head":"<!-- This site is optimized with the Yoast SEO plugin v27.2 - https:\/\/yoast.com\/product\/yoast-seo-wordpress\/ -->\n<title>Pide Monreal limitar prohibici\u00f3n de la doble nacionalidad -<\/title>\n<meta name=\"robots\" content=\"index, follow, max-snippet:-1, max-image-preview:large, max-video-preview:-1\" \/>\n<link rel=\"canonical\" href=\"https:\/\/expresorgv.online\/home\/blog\/2026\/09\/01\/pide-monreal-limitar-prohibicion-de-la-doble-nacionalidad\/\" \/>\n<meta property=\"og:locale\" content=\"es_ES\" \/>\n<meta property=\"og:type\" content=\"article\" \/>\n<meta property=\"og:title\" content=\"Pide Monreal limitar prohibici\u00f3n de la doble nacionalidad\" \/>\n<meta property=\"og:description\" content=\"El coordinador de Morena en la C\u00e1mara de Diputados, Ricardo Monreal, se manifest\u00f3 por acotar la prohibici\u00f3n de la doble nacionalidad para el Presidente de la Rep\u00fablica, gobernadores y jefe de gobierno de la Ciudad de M\u00e9xico, sin incluir a los alcaldes ni otros cargos de elecci\u00f3n. Neg\u00f3 asimismo que la iniciativa de reforma constitucional [&hellip;]\" \/>\n<meta property=\"og:url\" content=\"https:\/\/expresorgv.online\/home\/blog\/2026\/09\/01\/pide-monreal-limitar-prohibicion-de-la-doble-nacionalidad\/\" \/>\n<meta property=\"article:published_time\" content=\"2026-09-01T05:47:51+00:00\" \/>\n<meta property=\"article:modified_time\" content=\"2026-09-01T05:47:52+00:00\" \/>\n<meta property=\"og:image\" content=\"https:\/\/expresorgv.online\/home\/wp-content\/uploads\/2026\/09\/01092026MonrealNacionalidad.png\" \/>\n\t<meta property=\"og:image:width\" content=\"540\" \/>\n\t<meta property=\"og:image:height\" content=\"300\" \/>\n\t<meta property=\"og:image:type\" content=\"image\/png\" \/>\n<meta name=\"author\" content=\"expreso\" \/>\n<meta name=\"twitter:card\" content=\"summary_large_image\" \/>\n<meta name=\"twitter:label1\" content=\"Escrito por\" \/>\n\t<meta name=\"twitter:data1\" content=\"expreso\" \/>\n\t<meta name=\"twitter:label2\" content=\"Tiempo de lectura\" \/>\n\t<meta name=\"twitter:data2\" content=\"2 minutos\" \/>\n<script type=\"application\/ld+json\" class=\"yoast-schema-graph\">{\"@context\":\"https:\/\/schema.org\",\"@graph\":[{\"@type\":\"Article\",\"@id\":\"https:\/\/expresorgv.online\/home\/blog\/2026\/09\/01\/pide-monreal-limitar-prohibicion-de-la-doble-nacionalidad\/#article\",\"isPartOf\":{\"@id\":\"https:\/\/expresorgv.online\/home\/blog\/2026\/09\/01\/pide-monreal-limitar-prohibicion-de-la-doble-nacionalidad\/\"},\"author\":{\"name\":\"expreso\",\"@id\":\"https:\/\/expresorgv.online\/home\/#\/schema\/person\/ae1ed1a575540204b5f59dca7f91f6a2\"},\"headline\":\"Pide Monreal limitar prohibici\u00f3n de la doble nacionalidad\",\"datePublished\":\"2026-09-01T05:47:51+00:00\",\"dateModified\":\"2026-09-01T05:47:52+00:00\",\"mainEntityOfPage\":{\"@id\":\"https:\/\/expresorgv.online\/home\/blog\/2026\/09\/01\/pide-monreal-limitar-prohibicion-de-la-doble-nacionalidad\/\"},\"wordCount\":401,\"commentCount\":0,\"image\":{\"@id\":\"https:\/\/expresorgv.online\/home\/blog\/2026\/09\/01\/pide-monreal-limitar-prohibicion-de-la-doble-nacionalidad\/#primaryimage\"},\"thumbnailUrl\":\"https:\/\/i0.wp.com\/expresorgv.online\/home\/wp-content\/uploads\/2026\/09\/01092026MonrealNacionalidad.png?fit=540%2C300&ssl=1\",\"articleSection\":[\"NACIONAL\"],\"inLanguage\":\"es\",\"potentialAction\":[{\"@type\":\"CommentAction\",\"name\":\"Comment\",\"target\":[\"https:\/\/expresorgv.online\/home\/blog\/2026\/09\/01\/pide-monreal-limitar-prohibicion-de-la-doble-nacionalidad\/#respond\"]}]},{\"@type\":\"WebPage\",\"@id\":\"https:\/\/expresorgv.online\/home\/blog\/2026\/09\/01\/pide-monreal-limitar-prohibicion-de-la-doble-nacionalidad\/\",\"url\":\"https:\/\/expresorgv.online\/home\/blog\/2026\/09\/01\/pide-monreal-limitar-prohibicion-de-la-doble-nacionalidad\/\",\"name\":\"Pide Monreal limitar prohibici\u00f3n de la doble nacionalidad -\",\"isPartOf\":{\"@id\":\"https:\/\/expresorgv.online\/home\/#website\"},\"primaryImageOfPage\":{\"@id\":\"https:\/\/expresorgv.online\/home\/blog\/2026\/09\/01\/pide-monreal-limitar-prohibicion-de-la-doble-nacionalidad\/#primaryimage\"},\"image\":{\"@id\":\"https:\/\/expresorgv.online\/home\/blog\/2026\/09\/01\/pide-monreal-limitar-prohibicion-de-la-doble-nacionalidad\/#primaryimage\"},\"thumbnailUrl\":\"https:\/\/i0.wp.com\/expresorgv.online\/home\/wp-content\/uploads\/2026\/09\/01092026MonrealNacionalidad.png?fit=540%2C300&ssl=1\",\"datePublished\":\"2026-09-01T05:47:51+00:00\",\"dateModified\":\"2026-09-01T05:47:52+00:00\",\"author\":{\"@id\":\"https:\/\/expresorgv.online\/home\/#\/schema\/person\/ae1ed1a575540204b5f59dca7f91f6a2\"},\"breadcrumb\":{\"@id\":\"https:\/\/expresorgv.online\/home\/blog\/2026\/09\/01\/pide-monreal-limitar-prohibicion-de-la-doble-nacionalidad\/#breadcrumb\"},\"inLanguage\":\"es\",\"potentialAction\":[{\"@type\":\"ReadAction\",\"target\":[\"https:\/\/expresorgv.online\/home\/blog\/2026\/09\/01\/pide-monreal-limitar-prohibicion-de-la-doble-nacionalidad\/\"]}]},{\"@type\":\"ImageObject\",\"inLanguage\":\"es\",\"@id\":\"https:\/\/expresorgv.online\/home\/blog\/2026\/09\/01\/pide-monreal-limitar-prohibicion-de-la-doble-nacionalidad\/#primaryimage\",\"url\":\"https:\/\/i0.wp.com\/expresorgv.online\/home\/wp-content\/uploads\/2026\/09\/01092026MonrealNacionalidad.png?fit=540%2C300&ssl=1\",\"contentUrl\":\"https:\/\/i0.wp.com\/expresorgv.online\/home\/wp-content\/uploads\/2026\/09\/01092026MonrealNacionalidad.png?fit=540%2C300&ssl=1\",\"width\":540,\"height\":300},{\"@type\":\"BreadcrumbList\",\"@id\":\"https:\/\/expresorgv.online\/home\/blog\/2026\/09\/01\/pide-monreal-limitar-prohibicion-de-la-doble-nacionalidad\/#breadcrumb\",\"itemListElement\":[{\"@type\":\"ListItem\",\"position\":1,\"name\":\"Home\",\"item\":\"https:\/\/expresorgv.online\/home\/\"},{\"@type\":\"ListItem\",\"position\":2,\"name\":\"Pide Monreal limitar prohibici\u00f3n de la doble nacionalidad\"}]},{\"@type\":\"WebSite\",\"@id\":\"https:\/\/expresorgv.online\/home\/#website\",\"url\":\"https:\/\/expresorgv.online\/home\/\",\"name\":\"\",\"description\":\"\",\"potentialAction\":[{\"@type\":\"SearchAction\",\"target\":{\"@type\":\"EntryPoint\",\"urlTemplate\":\"https:\/\/expresorgv.online\/home\/?s={search_term_string}\"},\"query-input\":{\"@type\":\"PropertyValueSpecification\",\"valueRequired\":true,\"valueName\":\"search_term_string\"}}],\"inLanguage\":\"es\"},{\"@type\":\"Person\",\"@id\":\"https:\/\/expresorgv.online\/home\/#\/schema\/person\/ae1ed1a575540204b5f59dca7f91f6a2\",\"name\":\"expreso\",\"image\":{\"@type\":\"ImageObject\",\"inLanguage\":\"es\",\"@id\":\"https:\/\/secure.gravatar.com\/avatar\/88cd9f065dcd1b722cd984aac4181386a800c0bca699eaf07e42dd8f820bddee?s=96&d=mm&r=g\",\"url\":\"https:\/\/secure.gravatar.com\/avatar\/88cd9f065dcd1b722cd984aac4181386a800c0bca699eaf07e42dd8f820bddee?s=96&d=mm&r=g\",\"contentUrl\":\"https:\/\/secure.gravatar.com\/avatar\/88cd9f065dcd1b722cd984aac4181386a800c0bca699eaf07e42dd8f820bddee?s=96&d=mm&r=g\",\"caption\":\"expreso\"},\"url\":\"https:\/\/expresorgv.online\/home\/blog\/author\/expreso\/\"}]}<\/script>\n<!-- \/ Yoast SEO plugin. -->","yoast_head_json":{"title":"Pide Monreal limitar prohibici\u00f3n de la doble nacionalidad -","robots":{"index":"index","follow":"follow","max-snippet":"max-snippet:-1","max-image-preview":"max-image-preview:large","max-video-preview":"max-video-preview:-1"},"canonical":"https:\/\/expresorgv.online\/home\/blog\/2026\/09\/01\/pide-monreal-limitar-prohibicion-de-la-doble-nacionalidad\/","og_locale":"es_ES","og_type":"article","og_title":"Pide Monreal limitar prohibici\u00f3n de la doble nacionalidad","og_description":"El coordinador de Morena en la C\u00e1mara de Diputados, Ricardo Monreal, se manifest\u00f3 por acotar la prohibici\u00f3n de la doble nacionalidad para el Presidente de la Rep\u00fablica, gobernadores y jefe de gobierno de la Ciudad de M\u00e9xico, sin incluir a los alcaldes ni otros cargos de elecci\u00f3n. Neg\u00f3 asimismo que la iniciativa de reforma constitucional [&hellip;]","og_url":"https:\/\/expresorgv.online\/home\/blog\/2026\/09\/01\/pide-monreal-limitar-prohibicion-de-la-doble-nacionalidad\/","article_published_time":"2026-09-01T05:47:51+00:00","article_modified_time":"2026-09-01T05:47:52+00:00","og_image":[{"width":540,"height":300,"url":"https:\/\/expresorgv.online\/home\/wp-content\/uploads\/2026\/09\/01092026MonrealNacionalidad.png","type":"image\/png"}],"author":"expreso","twitter_card":"summary_large_image","twitter_misc":{"Escrito por":"expreso","Tiempo de lectura":"2 minutos"},"schema":{"@context":"https:\/\/schema.org","@graph":[{"@type":"Article","@id":"https:\/\/expresorgv.online\/home\/blog\/2026\/09\/01\/pide-monreal-limitar-prohibicion-de-la-doble-nacionalidad\/#article","isPartOf":{"@id":"https:\/\/expresorgv.online\/home\/blog\/2026\/09\/01\/pide-monreal-limitar-prohibicion-de-la-doble-nacionalidad\/"},"author":{"name":"expreso","@id":"https:\/\/expresorgv.online\/home\/#\/schema\/person\/ae1ed1a575540204b5f59dca7f91f6a2"},"headline":"Pide Monreal limitar prohibici\u00f3n de la doble nacionalidad","datePublished":"2026-09-01T05:47:51+00:00","dateModified":"2026-09-01T05:47:52+00:00","mainEntityOfPage":{"@id":"https:\/\/expresorgv.online\/home\/blog\/2026\/09\/01\/pide-monreal-limitar-prohibicion-de-la-doble-nacionalidad\/"},"wordCount":401,"commentCount":0,"image":{"@id":"https:\/\/expresorgv.online\/home\/blog\/2026\/09\/01\/pide-monreal-limitar-prohibicion-de-la-doble-nacionalidad\/#primaryimage"},"thumbnailUrl":"https:\/\/i0.wp.com\/expresorgv.online\/home\/wp-content\/uploads\/2026\/09\/01092026MonrealNacionalidad.png?fit=540%2C300&ssl=1","articleSection":["NACIONAL"],"inLanguage":"es","potentialAction":[{"@type":"CommentAction","name":"Comment","target":["https:\/\/expresorgv.online\/home\/blog\/2026\/09\/01\/pide-monreal-limitar-prohibicion-de-la-doble-nacionalidad\/#respond"]}]},{"@type":"WebPage","@id":"https:\/\/expresorgv.online\/home\/blog\/2026\/09\/01\/pide-monreal-limitar-prohibicion-de-la-doble-nacionalidad\/","url":"https:\/\/expresorgv.online\/home\/blog\/2026\/09\/01\/pide-monreal-limitar-prohibicion-de-la-doble-nacionalidad\/","name":"Pide Monreal limitar prohibici\u00f3n de la doble nacionalidad -","isPartOf":{"@id":"https:\/\/expresorgv.online\/home\/#website"},"primaryImageOfPage":{"@id":"https:\/\/expresorgv.online\/home\/blog\/2026\/09\/01\/pide-monreal-limitar-prohibicion-de-la-doble-nacionalidad\/#primaryimage"},"image":{"@id":"https:\/\/expresorgv.online\/home\/blog\/2026\/09\/01\/pide-monreal-limitar-prohibicion-de-la-doble-nacionalidad\/#primaryimage"},"thumbnailUrl":"https:\/\/i0.wp.com\/expresorgv.online\/home\/wp-content\/uploads\/2026\/09\/01092026MonrealNacionalidad.png?fit=540%2C300&ssl=1","datePublished":"2026-09-01T05:47:51+00:00","dateModified":"2026-09-01T05:47:52+00:00","author":{"@id":"https:\/\/expresorgv.online\/home\/#\/schema\/person\/ae1ed1a575540204b5f59dca7f91f6a2"},"breadcrumb":{"@id":"https:\/\/expresorgv.online\/home\/blog\/2026\/09\/01\/pide-monreal-limitar-prohibicion-de-la-doble-nacionalidad\/#breadcrumb"},"inLanguage":"es","potentialAction":[{"@type":"ReadAction","target":["https:\/\/expresorgv.online\/home\/blog\/2026\/09\/01\/pide-monreal-limitar-prohibicion-de-la-doble-nacionalidad\/"]}]},{"@type":"ImageObject","inLanguage":"es","@id":"https:\/\/expresorgv.online\/home\/blog\/2026\/09\/01\/pide-monreal-limitar-prohibicion-de-la-doble-nacionalidad\/#primaryimage","url":"https:\/\/i0.wp.com\/expresorgv.online\/home\/wp-content\/uploads\/2026\/09\/01092026MonrealNacionalidad.png?fit=540%2C300&ssl=1","contentUrl":"https:\/\/i0.wp.com\/expresorgv.online\/home\/wp-content\/uploads\/2026\/09\/01092026MonrealNacionalidad.png?fit=540%2C300&ssl=1","width":540,"height":300},{"@type":"BreadcrumbList","@id":"https:\/\/expresorgv.online\/home\/blog\/2026\/09\/01\/pide-monreal-limitar-prohibicion-de-la-doble-nacionalidad\/#breadcrumb","itemListElement":[{"@type":"ListItem","position":1,"name":"Home","item":"https:\/\/expresorgv.online\/home\/"},{"@type":"ListItem","position":2,"name":"Pide Monreal limitar prohibici\u00f3n de la doble nacionalidad"}]},{"@type":"WebSite","@id":"https:\/\/expresorgv.online\/home\/#website","url":"https:\/\/expresorgv.online\/home\/","name":"","description":"","potentialAction":[{"@type":"SearchAction","target":{"@type":"EntryPoint","urlTemplate":"https:\/\/expresorgv.online\/home\/?s={search_term_string}"},"query-input":{"@type":"PropertyValueSpecification","valueRequired":true,"valueName":"search_term_string"}}],"inLanguage":"es"},{"@type":"Person","@id":"https:\/\/expresorgv.online\/home\/#\/schema\/person\/ae1ed1a575540204b5f59dca7f91f6a2","name":"expreso","image":{"@type":"ImageObject","inLanguage":"es","@id":"https:\/\/secure.gravatar.com\/avatar\/88cd9f065dcd1b722cd984aac4181386a800c0bca699eaf07e42dd8f820bddee?s=96&d=mm&r=g","url":"https:\/\/secure.gravatar.com\/avatar\/88cd9f065dcd1b722cd984aac4181386a800c0bca699eaf07e42dd8f820bddee?s=96&d=mm&r=g","contentUrl":"https:\/\/secure.gravatar.com\/avatar\/88cd9f065dcd1b722cd984aac4181386a800c0bca699eaf07e42dd8f820bddee?s=96&d=mm&r=g","caption":"expreso"},"url":"https:\/\/expresorgv.online\/home\/blog\/author\/expreso\/"}]}},"jetpack_featured_media_url":"https:\/\/i0.wp.com\/expresorgv.online\/home\/wp-content\/uploads\/2026\/09\/01092026MonrealNacionalidad.png?fit=540%2C300&ssl=1","_links":{"self":[{"href":"https:\/\/expresorgv.online\/home\/wp-json\/wp\/v2\/posts\/38340","targetHints":{"allow":["GET"]}}],"collection":[{"href":"https:\/\/expresorgv.online\/home\/wp-json\/wp\/v2\/posts"}],"about":[{"href":"https:\/\/expresorgv.online\/home\/wp-json\/wp\/v2\/types\/post"}],"author":[{"embeddable":true,"href":"https:\/\/expresorgv.online\/home\/wp-json\/wp\/v2\/users\/2"}],"replies":[{"embeddable":true,"href":"https:\/\/expresorgv.online\/home\/wp-json\/wp\/v2\/comments?post=38340"}],"version-history":[{"count":1,"href":"https:\/\/expresorgv.online\/home\/wp-json\/wp\/v2\/posts\/38340\/revisions"}],"predecessor-version":[{"id":38341,"href":"https:\/\/expresorgv.online\/home\/wp-json\/wp\/v2\/posts\/38340\/revisions\/38341"}],"wp:featuredmedia":[{"embeddable":true,"href":"https:\/\/expresorgv.online\/home\/wp-json\/wp\/v2\/media\/38336"}],"wp:attachment":[{"href":"https:\/\/expresorgv.online\/home\/wp-json\/wp\/v2\/media?parent=38340"}],"wp:term":[{"taxonomy":"category","embeddable":true,"href":"https:\/\/expresorgv.online\/home\/wp-json\/wp\/v2\/categories?post=38340"},{"taxonomy":"post_tag","embeddable":true,"href":"https:\/\/expresorgv.online\/home\/wp-json\/wp\/v2\/tags?post=38340"}],"curies":[{"name":"wp","href":"https:\/\/api.w.org\/{rel}","templated":true}]}}