{"id":38338,"date":"2026-09-01T05:47:04","date_gmt":"2026-09-01T05:47:04","guid":{"rendered":"https:\/\/expresorgv.online\/home\/?p=38338"},"modified":"2026-09-01T05:47:04","modified_gmt":"2026-09-01T05:47:04","slug":"17-mil-ninas-ninos-y-adolescentes-estan-desaparecidos-en-mexico-redim","status":"publish","type":"post","link":"https:\/\/expresorgv.online\/home\/blog\/2026\/09\/01\/17-mil-ninas-ninos-y-adolescentes-estan-desaparecidos-en-mexico-redim\/","title":{"rendered":"17 mil ni\u00f1as, ni\u00f1os y adolescentes est\u00e1n desaparecidos en M\u00e9xico: REDIM"},"content":{"rendered":"\n<p class=\"wp-block-paragraph\">Unos 17 mil ni\u00f1as, ni\u00f1os y adolescentes est\u00e1n desaparecidos en M\u00e9xico, de acuerdo con datos de la Red por los Derechos de la Infancia en M\u00e9xico (Redim).<\/p>\n\n\n\n<p class=\"wp-block-paragraph\">Con corte al 29 de agosto de 2029 y con datos actualizados sobre la situaci\u00f3n de ni\u00f1as, ni\u00f1os y adolescentes desaparecidos en M\u00e9xico, relaborados por REDIM con informaci\u00f3n de la Secretar\u00eda de Gobernaci\u00f3n Segob) y el Registro Nacional de Personas Desaparecidas y No Localizadas (RNPDNO), se tiene registrada la ausencia de 17 mil 487 menores.<\/p>\n\n\n\n<p class=\"wp-block-paragraph\">Desde que se tiene registro, 128 mil 286 ni\u00f1os, ni\u00f1as y adolescentes han sido reportados como desaparecidos, no localizados o localizados tras su ausencia.<\/p>\n\n\n\n<p class=\"wp-block-paragraph\">De ese total, 17 mil 487 menores de edad contin\u00faan en calidad de desaparecidos o no localizados, es decir, una de cada siete personas.<\/p>\n\n\n\n<p class=\"wp-block-paragraph\">Dos de cada tres personas de cero a 17 a\u00f1os registradas en esta situaci\u00f3n son mujeres, es decir, 85 mil 210 de 128 mil 286 registros.<\/p>\n\n\n\n<p class=\"wp-block-paragraph\">Sin embargo, entre las personas menores de edad que contin\u00faan desaparecidas o no localizadas, se observa una ligera mayor\u00eda en hombres: 8 mil 814 hombres frente a un total de 8 mil 642 mujeres.<\/p>\n\n\n\n<p class=\"wp-block-paragraph\">Este dato marca un cambio relevante: por primera vez, el n\u00famero de ni\u00f1os y adolescentes varones desaparecidos supera ligeramente el total de ni\u00f1as desaparecidas.<\/p>\n\n\n\n<h2 class=\"wp-block-heading\">Familias de desaparecidos exigen a M\u00e9xico dejar de \u201cadministrar crisis\u201d y dar resultados<\/h2>\n\n\n\n<p class=\"wp-block-paragraph\">Familias de personas desaparecidas exigieron este domingo al Estado mexicano pasar de \u201cadministrar la crisis a erradicarla\u201d y ofrecer resultados concretos en prevenci\u00f3n, b\u00fasqueda, identificaci\u00f3n y justicia, en un pa\u00eds que acumula m\u00e1s de 130.000 personas desaparecidas y no localizadas.<\/p>\n\n\n\n<p class=\"wp-block-paragraph\">\u201cNo basta con cifras, registros, folios y protocolos\u201d, advirti\u00f3 el Movimiento por Nuestros Desaparecidos en M\u00e9xico (MNDM) con motivo del D\u00eda Internacional de las V\u00edctimas de Desapariciones Forzadas, que se conmemora cada 30 de agosto.<\/p>\n\n\n\n<p class=\"wp-block-paragraph\">La organizaci\u00f3n, que agrupa a <strong>colectivos y familias de v\u00edctimas<\/strong>, reconoci\u00f3 que M\u00e9xico cuenta con un marco jur\u00eddico e institucional impulsado durante a\u00f1os por los propios familiares, pero reclam\u00f3 que las herramientas existentes se traduzcan en resultados.<\/p>\n\n\n\n<p class=\"wp-block-paragraph\">El pronunciamiento ocurre despu\u00e9s de que el Gobierno de Claudia Sheinbaum presentara el viernes diez acciones para reforzar su <strong>Estrategia Nacional de B\u00fasqueda<\/strong>, entre ellas garantizar que cada reporte de desaparici\u00f3n cuente con una carpeta de investigaci\u00f3n, ampliar las b\u00fasquedas en hospitales y c\u00e1rceles y poner en marcha un plan de identificaci\u00f3n humana para reducir el rezago forense.<\/p>\n","protected":false},"excerpt":{"rendered":"<p>Unos 17 mil ni\u00f1as, ni\u00f1os y adolescentes est\u00e1n desaparecidos en M\u00e9xico, de acuerdo con datos de la Red por los Derechos de la Infancia en M\u00e9xico (Redim). Con corte al 29 de agosto de 2029 y con datos actualizados sobre la situaci\u00f3n de ni\u00f1as, ni\u00f1os y adolescentes desaparecidos en M\u00e9xico, relaborados por REDIM con informaci\u00f3n [&hellip;]<\/p>\n","protected":false},"author":2,"featured_media":38330,"comment_status":"open","ping_status":"open","sticky":false,"template":"","format":"standard","meta":{"footnotes":""},"categories":[6],"tags":[],"class_list":["post-38338","post","type-post","status-publish","format-standard","has-post-thumbnail","hentry","category-nacional"],"yoast_head":"<!-- This site is optimized with the Yoast SEO plugin v27.2 - https:\/\/yoast.com\/product\/yoast-seo-wordpress\/ -->\n<title>17 mil ni\u00f1as, ni\u00f1os y adolescentes est\u00e1n desaparecidos en M\u00e9xico: REDIM -<\/title>\n<meta name=\"robots\" content=\"index, follow, max-snippet:-1, max-image-preview:large, max-video-preview:-1\" \/>\n<link rel=\"canonical\" href=\"https:\/\/expresorgv.online\/home\/blog\/2026\/09\/01\/17-mil-ninas-ninos-y-adolescentes-estan-desaparecidos-en-mexico-redim\/\" \/>\n<meta property=\"og:locale\" content=\"es_ES\" \/>\n<meta property=\"og:type\" content=\"article\" \/>\n<meta property=\"og:title\" content=\"17 mil ni\u00f1as, ni\u00f1os y adolescentes est\u00e1n desaparecidos en M\u00e9xico: REDIM\" \/>\n<meta property=\"og:description\" content=\"Unos 17 mil ni\u00f1as, ni\u00f1os y adolescentes est\u00e1n desaparecidos en M\u00e9xico, de acuerdo con datos de la Red por los Derechos de la Infancia en M\u00e9xico (Redim). Con corte al 29 de agosto de 2029 y con datos actualizados sobre la situaci\u00f3n de ni\u00f1as, ni\u00f1os y adolescentes desaparecidos en M\u00e9xico, relaborados por REDIM con informaci\u00f3n [&hellip;]\" \/>\n<meta property=\"og:url\" content=\"https:\/\/expresorgv.online\/home\/blog\/2026\/09\/01\/17-mil-ninas-ninos-y-adolescentes-estan-desaparecidos-en-mexico-redim\/\" \/>\n<meta property=\"article:published_time\" content=\"2026-09-01T05:47:04+00:00\" \/>\n<meta property=\"og:image\" content=\"https:\/\/expresorgv.online\/home\/wp-content\/uploads\/2026\/09\/01092026Desaparecidos.png\" \/>\n\t<meta property=\"og:image:width\" content=\"540\" \/>\n\t<meta property=\"og:image:height\" content=\"300\" \/>\n\t<meta property=\"og:image:type\" content=\"image\/png\" \/>\n<meta name=\"author\" content=\"expreso\" \/>\n<meta name=\"twitter:card\" content=\"summary_large_image\" \/>\n<meta name=\"twitter:label1\" content=\"Escrito por\" \/>\n\t<meta name=\"twitter:data1\" content=\"expreso\" \/>\n\t<meta name=\"twitter:label2\" content=\"Tiempo de lectura\" \/>\n\t<meta name=\"twitter:data2\" content=\"3 minutos\" \/>\n<script type=\"application\/ld+json\" class=\"yoast-schema-graph\">{\"@context\":\"https:\/\/schema.org\",\"@graph\":[{\"@type\":\"Article\",\"@id\":\"https:\/\/expresorgv.online\/home\/blog\/2026\/09\/01\/17-mil-ninas-ninos-y-adolescentes-estan-desaparecidos-en-mexico-redim\/#article\",\"isPartOf\":{\"@id\":\"https:\/\/expresorgv.online\/home\/blog\/2026\/09\/01\/17-mil-ninas-ninos-y-adolescentes-estan-desaparecidos-en-mexico-redim\/\"},\"author\":{\"name\":\"expreso\",\"@id\":\"https:\/\/expresorgv.online\/home\/#\/schema\/person\/ae1ed1a575540204b5f59dca7f91f6a2\"},\"headline\":\"17 mil ni\u00f1as, ni\u00f1os y adolescentes est\u00e1n desaparecidos en M\u00e9xico: REDIM\",\"datePublished\":\"2026-09-01T05:47:04+00:00\",\"mainEntityOfPage\":{\"@id\":\"https:\/\/expresorgv.online\/home\/blog\/2026\/09\/01\/17-mil-ninas-ninos-y-adolescentes-estan-desaparecidos-en-mexico-redim\/\"},\"wordCount\":434,\"commentCount\":0,\"image\":{\"@id\":\"https:\/\/expresorgv.online\/home\/blog\/2026\/09\/01\/17-mil-ninas-ninos-y-adolescentes-estan-desaparecidos-en-mexico-redim\/#primaryimage\"},\"thumbnailUrl\":\"https:\/\/i0.wp.com\/expresorgv.online\/home\/wp-content\/uploads\/2026\/09\/01092026Desaparecidos.png?fit=540%2C300&ssl=1\",\"articleSection\":[\"NACIONAL\"],\"inLanguage\":\"es\",\"potentialAction\":[{\"@type\":\"CommentAction\",\"name\":\"Comment\",\"target\":[\"https:\/\/expresorgv.online\/home\/blog\/2026\/09\/01\/17-mil-ninas-ninos-y-adolescentes-estan-desaparecidos-en-mexico-redim\/#respond\"]}]},{\"@type\":\"WebPage\",\"@id\":\"https:\/\/expresorgv.online\/home\/blog\/2026\/09\/01\/17-mil-ninas-ninos-y-adolescentes-estan-desaparecidos-en-mexico-redim\/\",\"url\":\"https:\/\/expresorgv.online\/home\/blog\/2026\/09\/01\/17-mil-ninas-ninos-y-adolescentes-estan-desaparecidos-en-mexico-redim\/\",\"name\":\"17 mil ni\u00f1as, ni\u00f1os y adolescentes est\u00e1n desaparecidos en M\u00e9xico: REDIM -\",\"isPartOf\":{\"@id\":\"https:\/\/expresorgv.online\/home\/#website\"},\"primaryImageOfPage\":{\"@id\":\"https:\/\/expresorgv.online\/home\/blog\/2026\/09\/01\/17-mil-ninas-ninos-y-adolescentes-estan-desaparecidos-en-mexico-redim\/#primaryimage\"},\"image\":{\"@id\":\"https:\/\/expresorgv.online\/home\/blog\/2026\/09\/01\/17-mil-ninas-ninos-y-adolescentes-estan-desaparecidos-en-mexico-redim\/#primaryimage\"},\"thumbnailUrl\":\"https:\/\/i0.wp.com\/expresorgv.online\/home\/wp-content\/uploads\/2026\/09\/01092026Desaparecidos.png?fit=540%2C300&ssl=1\",\"datePublished\":\"2026-09-01T05:47:04+00:00\",\"author\":{\"@id\":\"https:\/\/expresorgv.online\/home\/#\/schema\/person\/ae1ed1a575540204b5f59dca7f91f6a2\"},\"breadcrumb\":{\"@id\":\"https:\/\/expresorgv.online\/home\/blog\/2026\/09\/01\/17-mil-ninas-ninos-y-adolescentes-estan-desaparecidos-en-mexico-redim\/#breadcrumb\"},\"inLanguage\":\"es\",\"potentialAction\":[{\"@type\":\"ReadAction\",\"target\":[\"https:\/\/expresorgv.online\/home\/blog\/2026\/09\/01\/17-mil-ninas-ninos-y-adolescentes-estan-desaparecidos-en-mexico-redim\/\"]}]},{\"@type\":\"ImageObject\",\"inLanguage\":\"es\",\"@id\":\"https:\/\/expresorgv.online\/home\/blog\/2026\/09\/01\/17-mil-ninas-ninos-y-adolescentes-estan-desaparecidos-en-mexico-redim\/#primaryimage\",\"url\":\"https:\/\/i0.wp.com\/expresorgv.online\/home\/wp-content\/uploads\/2026\/09\/01092026Desaparecidos.png?fit=540%2C300&ssl=1\",\"contentUrl\":\"https:\/\/i0.wp.com\/expresorgv.online\/home\/wp-content\/uploads\/2026\/09\/01092026Desaparecidos.png?fit=540%2C300&ssl=1\",\"width\":540,\"height\":300},{\"@type\":\"BreadcrumbList\",\"@id\":\"https:\/\/expresorgv.online\/home\/blog\/2026\/09\/01\/17-mil-ninas-ninos-y-adolescentes-estan-desaparecidos-en-mexico-redim\/#breadcrumb\",\"itemListElement\":[{\"@type\":\"ListItem\",\"position\":1,\"name\":\"Home\",\"item\":\"https:\/\/expresorgv.online\/home\/\"},{\"@type\":\"ListItem\",\"position\":2,\"name\":\"17 mil ni\u00f1as, ni\u00f1os y adolescentes est\u00e1n desaparecidos en M\u00e9xico: REDIM\"}]},{\"@type\":\"WebSite\",\"@id\":\"https:\/\/expresorgv.online\/home\/#website\",\"url\":\"https:\/\/expresorgv.online\/home\/\",\"name\":\"\",\"description\":\"\",\"potentialAction\":[{\"@type\":\"SearchAction\",\"target\":{\"@type\":\"EntryPoint\",\"urlTemplate\":\"https:\/\/expresorgv.online\/home\/?s={search_term_string}\"},\"query-input\":{\"@type\":\"PropertyValueSpecification\",\"valueRequired\":true,\"valueName\":\"search_term_string\"}}],\"inLanguage\":\"es\"},{\"@type\":\"Person\",\"@id\":\"https:\/\/expresorgv.online\/home\/#\/schema\/person\/ae1ed1a575540204b5f59dca7f91f6a2\",\"name\":\"expreso\",\"image\":{\"@type\":\"ImageObject\",\"inLanguage\":\"es\",\"@id\":\"https:\/\/secure.gravatar.com\/avatar\/88cd9f065dcd1b722cd984aac4181386a800c0bca699eaf07e42dd8f820bddee?s=96&d=mm&r=g\",\"url\":\"https:\/\/secure.gravatar.com\/avatar\/88cd9f065dcd1b722cd984aac4181386a800c0bca699eaf07e42dd8f820bddee?s=96&d=mm&r=g\",\"contentUrl\":\"https:\/\/secure.gravatar.com\/avatar\/88cd9f065dcd1b722cd984aac4181386a800c0bca699eaf07e42dd8f820bddee?s=96&d=mm&r=g\",\"caption\":\"expreso\"},\"url\":\"https:\/\/expresorgv.online\/home\/blog\/author\/expreso\/\"}]}<\/script>\n<!-- \/ Yoast SEO plugin. -->","yoast_head_json":{"title":"17 mil ni\u00f1as, ni\u00f1os y adolescentes est\u00e1n desaparecidos en M\u00e9xico: REDIM -","robots":{"index":"index","follow":"follow","max-snippet":"max-snippet:-1","max-image-preview":"max-image-preview:large","max-video-preview":"max-video-preview:-1"},"canonical":"https:\/\/expresorgv.online\/home\/blog\/2026\/09\/01\/17-mil-ninas-ninos-y-adolescentes-estan-desaparecidos-en-mexico-redim\/","og_locale":"es_ES","og_type":"article","og_title":"17 mil ni\u00f1as, ni\u00f1os y adolescentes est\u00e1n desaparecidos en M\u00e9xico: REDIM","og_description":"Unos 17 mil ni\u00f1as, ni\u00f1os y adolescentes est\u00e1n desaparecidos en M\u00e9xico, de acuerdo con datos de la Red por los Derechos de la Infancia en M\u00e9xico (Redim). Con corte al 29 de agosto de 2029 y con datos actualizados sobre la situaci\u00f3n de ni\u00f1as, ni\u00f1os y adolescentes desaparecidos en M\u00e9xico, relaborados por REDIM con informaci\u00f3n [&hellip;]","og_url":"https:\/\/expresorgv.online\/home\/blog\/2026\/09\/01\/17-mil-ninas-ninos-y-adolescentes-estan-desaparecidos-en-mexico-redim\/","article_published_time":"2026-09-01T05:47:04+00:00","og_image":[{"width":540,"height":300,"url":"https:\/\/expresorgv.online\/home\/wp-content\/uploads\/2026\/09\/01092026Desaparecidos.png","type":"image\/png"}],"author":"expreso","twitter_card":"summary_large_image","twitter_misc":{"Escrito por":"expreso","Tiempo de lectura":"3 minutos"},"schema":{"@context":"https:\/\/schema.org","@graph":[{"@type":"Article","@id":"https:\/\/expresorgv.online\/home\/blog\/2026\/09\/01\/17-mil-ninas-ninos-y-adolescentes-estan-desaparecidos-en-mexico-redim\/#article","isPartOf":{"@id":"https:\/\/expresorgv.online\/home\/blog\/2026\/09\/01\/17-mil-ninas-ninos-y-adolescentes-estan-desaparecidos-en-mexico-redim\/"},"author":{"name":"expreso","@id":"https:\/\/expresorgv.online\/home\/#\/schema\/person\/ae1ed1a575540204b5f59dca7f91f6a2"},"headline":"17 mil ni\u00f1as, ni\u00f1os y adolescentes est\u00e1n desaparecidos en M\u00e9xico: REDIM","datePublished":"2026-09-01T05:47:04+00:00","mainEntityOfPage":{"@id":"https:\/\/expresorgv.online\/home\/blog\/2026\/09\/01\/17-mil-ninas-ninos-y-adolescentes-estan-desaparecidos-en-mexico-redim\/"},"wordCount":434,"commentCount":0,"image":{"@id":"https:\/\/expresorgv.online\/home\/blog\/2026\/09\/01\/17-mil-ninas-ninos-y-adolescentes-estan-desaparecidos-en-mexico-redim\/#primaryimage"},"thumbnailUrl":"https:\/\/i0.wp.com\/expresorgv.online\/home\/wp-content\/uploads\/2026\/09\/01092026Desaparecidos.png?fit=540%2C300&ssl=1","articleSection":["NACIONAL"],"inLanguage":"es","potentialAction":[{"@type":"CommentAction","name":"Comment","target":["https:\/\/expresorgv.online\/home\/blog\/2026\/09\/01\/17-mil-ninas-ninos-y-adolescentes-estan-desaparecidos-en-mexico-redim\/#respond"]}]},{"@type":"WebPage","@id":"https:\/\/expresorgv.online\/home\/blog\/2026\/09\/01\/17-mil-ninas-ninos-y-adolescentes-estan-desaparecidos-en-mexico-redim\/","url":"https:\/\/expresorgv.online\/home\/blog\/2026\/09\/01\/17-mil-ninas-ninos-y-adolescentes-estan-desaparecidos-en-mexico-redim\/","name":"17 mil ni\u00f1as, ni\u00f1os y adolescentes est\u00e1n desaparecidos en M\u00e9xico: REDIM -","isPartOf":{"@id":"https:\/\/expresorgv.online\/home\/#website"},"primaryImageOfPage":{"@id":"https:\/\/expresorgv.online\/home\/blog\/2026\/09\/01\/17-mil-ninas-ninos-y-adolescentes-estan-desaparecidos-en-mexico-redim\/#primaryimage"},"image":{"@id":"https:\/\/expresorgv.online\/home\/blog\/2026\/09\/01\/17-mil-ninas-ninos-y-adolescentes-estan-desaparecidos-en-mexico-redim\/#primaryimage"},"thumbnailUrl":"https:\/\/i0.wp.com\/expresorgv.online\/home\/wp-content\/uploads\/2026\/09\/01092026Desaparecidos.png?fit=540%2C300&ssl=1","datePublished":"2026-09-01T05:47:04+00:00","author":{"@id":"https:\/\/expresorgv.online\/home\/#\/schema\/person\/ae1ed1a575540204b5f59dca7f91f6a2"},"breadcrumb":{"@id":"https:\/\/expresorgv.online\/home\/blog\/2026\/09\/01\/17-mil-ninas-ninos-y-adolescentes-estan-desaparecidos-en-mexico-redim\/#breadcrumb"},"inLanguage":"es","potentialAction":[{"@type":"ReadAction","target":["https:\/\/expresorgv.online\/home\/blog\/2026\/09\/01\/17-mil-ninas-ninos-y-adolescentes-estan-desaparecidos-en-mexico-redim\/"]}]},{"@type":"ImageObject","inLanguage":"es","@id":"https:\/\/expresorgv.online\/home\/blog\/2026\/09\/01\/17-mil-ninas-ninos-y-adolescentes-estan-desaparecidos-en-mexico-redim\/#primaryimage","url":"https:\/\/i0.wp.com\/expresorgv.online\/home\/wp-content\/uploads\/2026\/09\/01092026Desaparecidos.png?fit=540%2C300&ssl=1","contentUrl":"https:\/\/i0.wp.com\/expresorgv.online\/home\/wp-content\/uploads\/2026\/09\/01092026Desaparecidos.png?fit=540%2C300&ssl=1","width":540,"height":300},{"@type":"BreadcrumbList","@id":"https:\/\/expresorgv.online\/home\/blog\/2026\/09\/01\/17-mil-ninas-ninos-y-adolescentes-estan-desaparecidos-en-mexico-redim\/#breadcrumb","itemListElement":[{"@type":"ListItem","position":1,"name":"Home","item":"https:\/\/expresorgv.online\/home\/"},{"@type":"ListItem","position":2,"name":"17 mil ni\u00f1as, ni\u00f1os y adolescentes est\u00e1n desaparecidos en M\u00e9xico: REDIM"}]},{"@type":"WebSite","@id":"https:\/\/expresorgv.online\/home\/#website","url":"https:\/\/expresorgv.online\/home\/","name":"","description":"","potentialAction":[{"@type":"SearchAction","target":{"@type":"EntryPoint","urlTemplate":"https:\/\/expresorgv.online\/home\/?s={search_term_string}"},"query-input":{"@type":"PropertyValueSpecification","valueRequired":true,"valueName":"search_term_string"}}],"inLanguage":"es"},{"@type":"Person","@id":"https:\/\/expresorgv.online\/home\/#\/schema\/person\/ae1ed1a575540204b5f59dca7f91f6a2","name":"expreso","image":{"@type":"ImageObject","inLanguage":"es","@id":"https:\/\/secure.gravatar.com\/avatar\/88cd9f065dcd1b722cd984aac4181386a800c0bca699eaf07e42dd8f820bddee?s=96&d=mm&r=g","url":"https:\/\/secure.gravatar.com\/avatar\/88cd9f065dcd1b722cd984aac4181386a800c0bca699eaf07e42dd8f820bddee?s=96&d=mm&r=g","contentUrl":"https:\/\/secure.gravatar.com\/avatar\/88cd9f065dcd1b722cd984aac4181386a800c0bca699eaf07e42dd8f820bddee?s=96&d=mm&r=g","caption":"expreso"},"url":"https:\/\/expresorgv.online\/home\/blog\/author\/expreso\/"}]}},"jetpack_featured_media_url":"https:\/\/i0.wp.com\/expresorgv.online\/home\/wp-content\/uploads\/2026\/09\/01092026Desaparecidos.png?fit=540%2C300&ssl=1","_links":{"self":[{"href":"https:\/\/expresorgv.online\/home\/wp-json\/wp\/v2\/posts\/38338","targetHints":{"allow":["GET"]}}],"collection":[{"href":"https:\/\/expresorgv.online\/home\/wp-json\/wp\/v2\/posts"}],"about":[{"href":"https:\/\/expresorgv.online\/home\/wp-json\/wp\/v2\/types\/post"}],"author":[{"embeddable":true,"href":"https:\/\/expresorgv.online\/home\/wp-json\/wp\/v2\/users\/2"}],"replies":[{"embeddable":true,"href":"https:\/\/expresorgv.online\/home\/wp-json\/wp\/v2\/comments?post=38338"}],"version-history":[{"count":1,"href":"https:\/\/expresorgv.online\/home\/wp-json\/wp\/v2\/posts\/38338\/revisions"}],"predecessor-version":[{"id":38339,"href":"https:\/\/expresorgv.online\/home\/wp-json\/wp\/v2\/posts\/38338\/revisions\/38339"}],"wp:featuredmedia":[{"embeddable":true,"href":"https:\/\/expresorgv.online\/home\/wp-json\/wp\/v2\/media\/38330"}],"wp:attachment":[{"href":"https:\/\/expresorgv.online\/home\/wp-json\/wp\/v2\/media?parent=38338"}],"wp:term":[{"taxonomy":"category","embeddable":true,"href":"https:\/\/expresorgv.online\/home\/wp-json\/wp\/v2\/categories?post=38338"},{"taxonomy":"post_tag","embeddable":true,"href":"https:\/\/expresorgv.online\/home\/wp-json\/wp\/v2\/tags?post=38338"}],"curies":[{"name":"wp","href":"https:\/\/api.w.org\/{rel}","templated":true}]}}