{"id":38327,"date":"2026-09-01T05:44:47","date_gmt":"2026-09-01T05:44:47","guid":{"rendered":"https:\/\/expresorgv.online\/home\/?p=38327"},"modified":"2026-09-01T05:44:48","modified_gmt":"2026-09-01T05:44:48","slug":"falla-tecnica-vuelve-a-frenarla-exportacion-de-ganado-a-eu","status":"publish","type":"post","link":"https:\/\/expresorgv.online\/home\/blog\/2026\/09\/01\/falla-tecnica-vuelve-a-frenarla-exportacion-de-ganado-a-eu\/","title":{"rendered":"Falla t\u00e9cnica, vuelve a frenarla exportaci\u00f3n de ganado a EU"},"content":{"rendered":"\n<p class=\"wp-block-paragraph\">A cinco d\u00edas de re iniciada la <strong>exportaci\u00f3n de ganado en pie<\/strong> mexicano hacia el mercado estadunidense, suspendida por <strong>21 meses<\/strong> por la plaga del <strong>gusano barrenador del ganado<\/strong>, otra vez qued\u00f3 cerrada la frontera debido a <strong>\u201cproblemas t\u00e9cnicos\u201d<\/strong> en los corrales en la <strong>Estaci\u00f3n Cuarentenaria de Agua Prieta, Sonora<\/strong>, seg\u00fan argument\u00f3 <strong>Juan Ochoa<\/strong>, presidente de la <strong>Uni\u00f3n Ganadera Regional de Sonora<\/strong>.<\/p>\n\n\n\n<p class=\"wp-block-paragraph\">\u201cEl pasado viernes tuvimos un problema t\u00e9cnico que se tuvo que suspender la exportaci\u00f3n, hicimos un esfuerzo para reanudar este lunes, pero no se pudo, vamos a tener que hacer un cambio en una trampa para poder seguir exportando con normalidad, es un problema estrictamente t\u00e9cnico por el que estaban cruz\u00e1ndo <strong>ganado de 500 kilos o m\u00e1s<\/strong>, y no estaban listas las instalaciones para ese tipo de ganado\u201d, explic\u00f3 <strong>Juan Ochoa<\/strong>, l\u00edder ganadero en Sonora.<\/p>\n\n\n\n<p class=\"wp-block-paragraph\">Medios de comunicaci\u00f3n de <strong>Arizona<\/strong> en los Estados Unidos, han reportado que los propios ganaderos estadounidenses han rechazado el ganado mexicano porque llegaba herido al cruzar la frontera.<\/p>\n\n\n\n<p class=\"wp-block-paragraph\">\u201cSe presentaron para su ingreso un total de <strong>716 cabezas de ganado de engorda<\/strong> procedente de Sonora, pero los veterinarios del <strong>Departamento de Agricultura de los Estados Unidos<\/strong> rechazaron <strong>24 cabezas<\/strong> debido a cortes, rasgu\u00f1os y otras lesiones\u201d, public\u00f3 el medio estadounidense <strong>Resonancia Ciudadana<\/strong>.<\/p>\n\n\n\n<p class=\"wp-block-paragraph\">Cabe recordar que es justamente en heridas o lesiones de bovinos y otras especies de mam\u00edferos, el lugar donde la mosca <strong>Cochliomyia hominivorax<\/strong>, ovodeposita las larvas del <strong>gusano barrenador del ganado<\/strong>.<\/p>\n\n\n\n<p class=\"wp-block-paragraph\"><strong>Juan Ochoa<\/strong> presidente de la UGRS, dijo que ya tienen otra trampa lista en <strong>Douglas<\/strong>, para solucionar el problema que gener\u00f3 el cierre de las puertas en el muro fronterizo y adelant\u00f3 que en dos o tres d\u00edas podr\u00eda reanudarse la exportaci\u00f3n.<\/p>\n\n\n\n<p class=\"wp-block-paragraph\">Pero mientras los d\u00edas pasan, los casos activos del <strong>gusano barrenador<\/strong> en Sonora siguen aumentando, este lunes al actualizar el reporte de casos activos, el <strong>Servicio Nacional de Sanidad Inocuidad y Calidad Agroalimentaria (SENASICA)<\/strong>, report\u00f3 <strong>15 casos activos en Sonora<\/strong>, uno en <strong>Y\u00e9cora<\/strong> y 14 en <strong>\u00c1lamos<\/strong>.<\/p>\n","protected":false},"excerpt":{"rendered":"<p>A cinco d\u00edas de re iniciada la exportaci\u00f3n de ganado en pie mexicano hacia el mercado estadunidense, suspendida por 21 meses por la plaga del gusano barrenador del ganado, otra vez qued\u00f3 cerrada la frontera debido a \u201cproblemas t\u00e9cnicos\u201d en los corrales en la Estaci\u00f3n Cuarentenaria de Agua Prieta, Sonora, seg\u00fan argument\u00f3 Juan Ochoa, presidente [&hellip;]<\/p>\n","protected":false},"author":2,"featured_media":38331,"comment_status":"open","ping_status":"open","sticky":false,"template":"","format":"standard","meta":{"footnotes":""},"categories":[6],"tags":[],"class_list":["post-38327","post","type-post","status-publish","format-standard","has-post-thumbnail","hentry","category-nacional"],"yoast_head":"<!-- This site is optimized with the Yoast SEO plugin v27.2 - https:\/\/yoast.com\/product\/yoast-seo-wordpress\/ -->\n<title>Falla t\u00e9cnica, vuelve a frenarla exportaci\u00f3n de ganado a EU -<\/title>\n<meta name=\"robots\" content=\"index, follow, max-snippet:-1, max-image-preview:large, max-video-preview:-1\" \/>\n<link rel=\"canonical\" href=\"https:\/\/expresorgv.online\/home\/blog\/2026\/09\/01\/falla-tecnica-vuelve-a-frenarla-exportacion-de-ganado-a-eu\/\" \/>\n<meta property=\"og:locale\" content=\"es_ES\" \/>\n<meta property=\"og:type\" content=\"article\" \/>\n<meta property=\"og:title\" content=\"Falla t\u00e9cnica, vuelve a frenarla exportaci\u00f3n de ganado a EU\" \/>\n<meta property=\"og:description\" content=\"A cinco d\u00edas de re iniciada la exportaci\u00f3n de ganado en pie mexicano hacia el mercado estadunidense, suspendida por 21 meses por la plaga del gusano barrenador del ganado, otra vez qued\u00f3 cerrada la frontera debido a \u201cproblemas t\u00e9cnicos\u201d en los corrales en la Estaci\u00f3n Cuarentenaria de Agua Prieta, Sonora, seg\u00fan argument\u00f3 Juan Ochoa, presidente [&hellip;]\" \/>\n<meta property=\"og:url\" content=\"https:\/\/expresorgv.online\/home\/blog\/2026\/09\/01\/falla-tecnica-vuelve-a-frenarla-exportacion-de-ganado-a-eu\/\" \/>\n<meta property=\"article:published_time\" content=\"2026-09-01T05:44:47+00:00\" \/>\n<meta property=\"article:modified_time\" content=\"2026-09-01T05:44:48+00:00\" \/>\n<meta property=\"og:image\" content=\"https:\/\/expresorgv.online\/home\/wp-content\/uploads\/2026\/09\/01092026Ganado.png\" \/>\n\t<meta property=\"og:image:width\" content=\"540\" \/>\n\t<meta property=\"og:image:height\" content=\"300\" \/>\n\t<meta property=\"og:image:type\" content=\"image\/png\" \/>\n<meta name=\"author\" content=\"expreso\" \/>\n<meta name=\"twitter:card\" content=\"summary_large_image\" \/>\n<meta name=\"twitter:label1\" content=\"Escrito por\" \/>\n\t<meta name=\"twitter:data1\" content=\"expreso\" \/>\n\t<meta name=\"twitter:label2\" content=\"Tiempo de lectura\" \/>\n\t<meta name=\"twitter:data2\" content=\"2 minutos\" \/>\n<script type=\"application\/ld+json\" class=\"yoast-schema-graph\">{\"@context\":\"https:\/\/schema.org\",\"@graph\":[{\"@type\":\"Article\",\"@id\":\"https:\/\/expresorgv.online\/home\/blog\/2026\/09\/01\/falla-tecnica-vuelve-a-frenarla-exportacion-de-ganado-a-eu\/#article\",\"isPartOf\":{\"@id\":\"https:\/\/expresorgv.online\/home\/blog\/2026\/09\/01\/falla-tecnica-vuelve-a-frenarla-exportacion-de-ganado-a-eu\/\"},\"author\":{\"name\":\"expreso\",\"@id\":\"https:\/\/expresorgv.online\/home\/#\/schema\/person\/ae1ed1a575540204b5f59dca7f91f6a2\"},\"headline\":\"Falla t\u00e9cnica, vuelve a frenarla exportaci\u00f3n de ganado a EU\",\"datePublished\":\"2026-09-01T05:44:47+00:00\",\"dateModified\":\"2026-09-01T05:44:48+00:00\",\"mainEntityOfPage\":{\"@id\":\"https:\/\/expresorgv.online\/home\/blog\/2026\/09\/01\/falla-tecnica-vuelve-a-frenarla-exportacion-de-ganado-a-eu\/\"},\"wordCount\":355,\"commentCount\":0,\"image\":{\"@id\":\"https:\/\/expresorgv.online\/home\/blog\/2026\/09\/01\/falla-tecnica-vuelve-a-frenarla-exportacion-de-ganado-a-eu\/#primaryimage\"},\"thumbnailUrl\":\"https:\/\/i0.wp.com\/expresorgv.online\/home\/wp-content\/uploads\/2026\/09\/01092026Ganado.png?fit=540%2C300&ssl=1\",\"articleSection\":[\"NACIONAL\"],\"inLanguage\":\"es\",\"potentialAction\":[{\"@type\":\"CommentAction\",\"name\":\"Comment\",\"target\":[\"https:\/\/expresorgv.online\/home\/blog\/2026\/09\/01\/falla-tecnica-vuelve-a-frenarla-exportacion-de-ganado-a-eu\/#respond\"]}]},{\"@type\":\"WebPage\",\"@id\":\"https:\/\/expresorgv.online\/home\/blog\/2026\/09\/01\/falla-tecnica-vuelve-a-frenarla-exportacion-de-ganado-a-eu\/\",\"url\":\"https:\/\/expresorgv.online\/home\/blog\/2026\/09\/01\/falla-tecnica-vuelve-a-frenarla-exportacion-de-ganado-a-eu\/\",\"name\":\"Falla t\u00e9cnica, vuelve a frenarla exportaci\u00f3n de ganado a EU -\",\"isPartOf\":{\"@id\":\"https:\/\/expresorgv.online\/home\/#website\"},\"primaryImageOfPage\":{\"@id\":\"https:\/\/expresorgv.online\/home\/blog\/2026\/09\/01\/falla-tecnica-vuelve-a-frenarla-exportacion-de-ganado-a-eu\/#primaryimage\"},\"image\":{\"@id\":\"https:\/\/expresorgv.online\/home\/blog\/2026\/09\/01\/falla-tecnica-vuelve-a-frenarla-exportacion-de-ganado-a-eu\/#primaryimage\"},\"thumbnailUrl\":\"https:\/\/i0.wp.com\/expresorgv.online\/home\/wp-content\/uploads\/2026\/09\/01092026Ganado.png?fit=540%2C300&ssl=1\",\"datePublished\":\"2026-09-01T05:44:47+00:00\",\"dateModified\":\"2026-09-01T05:44:48+00:00\",\"author\":{\"@id\":\"https:\/\/expresorgv.online\/home\/#\/schema\/person\/ae1ed1a575540204b5f59dca7f91f6a2\"},\"breadcrumb\":{\"@id\":\"https:\/\/expresorgv.online\/home\/blog\/2026\/09\/01\/falla-tecnica-vuelve-a-frenarla-exportacion-de-ganado-a-eu\/#breadcrumb\"},\"inLanguage\":\"es\",\"potentialAction\":[{\"@type\":\"ReadAction\",\"target\":[\"https:\/\/expresorgv.online\/home\/blog\/2026\/09\/01\/falla-tecnica-vuelve-a-frenarla-exportacion-de-ganado-a-eu\/\"]}]},{\"@type\":\"ImageObject\",\"inLanguage\":\"es\",\"@id\":\"https:\/\/expresorgv.online\/home\/blog\/2026\/09\/01\/falla-tecnica-vuelve-a-frenarla-exportacion-de-ganado-a-eu\/#primaryimage\",\"url\":\"https:\/\/i0.wp.com\/expresorgv.online\/home\/wp-content\/uploads\/2026\/09\/01092026Ganado.png?fit=540%2C300&ssl=1\",\"contentUrl\":\"https:\/\/i0.wp.com\/expresorgv.online\/home\/wp-content\/uploads\/2026\/09\/01092026Ganado.png?fit=540%2C300&ssl=1\",\"width\":540,\"height\":300},{\"@type\":\"BreadcrumbList\",\"@id\":\"https:\/\/expresorgv.online\/home\/blog\/2026\/09\/01\/falla-tecnica-vuelve-a-frenarla-exportacion-de-ganado-a-eu\/#breadcrumb\",\"itemListElement\":[{\"@type\":\"ListItem\",\"position\":1,\"name\":\"Home\",\"item\":\"https:\/\/expresorgv.online\/home\/\"},{\"@type\":\"ListItem\",\"position\":2,\"name\":\"Falla t\u00e9cnica, vuelve a frenarla exportaci\u00f3n de ganado a EU\"}]},{\"@type\":\"WebSite\",\"@id\":\"https:\/\/expresorgv.online\/home\/#website\",\"url\":\"https:\/\/expresorgv.online\/home\/\",\"name\":\"\",\"description\":\"\",\"potentialAction\":[{\"@type\":\"SearchAction\",\"target\":{\"@type\":\"EntryPoint\",\"urlTemplate\":\"https:\/\/expresorgv.online\/home\/?s={search_term_string}\"},\"query-input\":{\"@type\":\"PropertyValueSpecification\",\"valueRequired\":true,\"valueName\":\"search_term_string\"}}],\"inLanguage\":\"es\"},{\"@type\":\"Person\",\"@id\":\"https:\/\/expresorgv.online\/home\/#\/schema\/person\/ae1ed1a575540204b5f59dca7f91f6a2\",\"name\":\"expreso\",\"image\":{\"@type\":\"ImageObject\",\"inLanguage\":\"es\",\"@id\":\"https:\/\/secure.gravatar.com\/avatar\/88cd9f065dcd1b722cd984aac4181386a800c0bca699eaf07e42dd8f820bddee?s=96&d=mm&r=g\",\"url\":\"https:\/\/secure.gravatar.com\/avatar\/88cd9f065dcd1b722cd984aac4181386a800c0bca699eaf07e42dd8f820bddee?s=96&d=mm&r=g\",\"contentUrl\":\"https:\/\/secure.gravatar.com\/avatar\/88cd9f065dcd1b722cd984aac4181386a800c0bca699eaf07e42dd8f820bddee?s=96&d=mm&r=g\",\"caption\":\"expreso\"},\"url\":\"https:\/\/expresorgv.online\/home\/blog\/author\/expreso\/\"}]}<\/script>\n<!-- \/ Yoast SEO plugin. -->","yoast_head_json":{"title":"Falla t\u00e9cnica, vuelve a frenarla exportaci\u00f3n de ganado a EU -","robots":{"index":"index","follow":"follow","max-snippet":"max-snippet:-1","max-image-preview":"max-image-preview:large","max-video-preview":"max-video-preview:-1"},"canonical":"https:\/\/expresorgv.online\/home\/blog\/2026\/09\/01\/falla-tecnica-vuelve-a-frenarla-exportacion-de-ganado-a-eu\/","og_locale":"es_ES","og_type":"article","og_title":"Falla t\u00e9cnica, vuelve a frenarla exportaci\u00f3n de ganado a EU","og_description":"A cinco d\u00edas de re iniciada la exportaci\u00f3n de ganado en pie mexicano hacia el mercado estadunidense, suspendida por 21 meses por la plaga del gusano barrenador del ganado, otra vez qued\u00f3 cerrada la frontera debido a \u201cproblemas t\u00e9cnicos\u201d en los corrales en la Estaci\u00f3n Cuarentenaria de Agua Prieta, Sonora, seg\u00fan argument\u00f3 Juan Ochoa, presidente [&hellip;]","og_url":"https:\/\/expresorgv.online\/home\/blog\/2026\/09\/01\/falla-tecnica-vuelve-a-frenarla-exportacion-de-ganado-a-eu\/","article_published_time":"2026-09-01T05:44:47+00:00","article_modified_time":"2026-09-01T05:44:48+00:00","og_image":[{"width":540,"height":300,"url":"https:\/\/expresorgv.online\/home\/wp-content\/uploads\/2026\/09\/01092026Ganado.png","type":"image\/png"}],"author":"expreso","twitter_card":"summary_large_image","twitter_misc":{"Escrito por":"expreso","Tiempo de lectura":"2 minutos"},"schema":{"@context":"https:\/\/schema.org","@graph":[{"@type":"Article","@id":"https:\/\/expresorgv.online\/home\/blog\/2026\/09\/01\/falla-tecnica-vuelve-a-frenarla-exportacion-de-ganado-a-eu\/#article","isPartOf":{"@id":"https:\/\/expresorgv.online\/home\/blog\/2026\/09\/01\/falla-tecnica-vuelve-a-frenarla-exportacion-de-ganado-a-eu\/"},"author":{"name":"expreso","@id":"https:\/\/expresorgv.online\/home\/#\/schema\/person\/ae1ed1a575540204b5f59dca7f91f6a2"},"headline":"Falla t\u00e9cnica, vuelve a frenarla exportaci\u00f3n de ganado a EU","datePublished":"2026-09-01T05:44:47+00:00","dateModified":"2026-09-01T05:44:48+00:00","mainEntityOfPage":{"@id":"https:\/\/expresorgv.online\/home\/blog\/2026\/09\/01\/falla-tecnica-vuelve-a-frenarla-exportacion-de-ganado-a-eu\/"},"wordCount":355,"commentCount":0,"image":{"@id":"https:\/\/expresorgv.online\/home\/blog\/2026\/09\/01\/falla-tecnica-vuelve-a-frenarla-exportacion-de-ganado-a-eu\/#primaryimage"},"thumbnailUrl":"https:\/\/i0.wp.com\/expresorgv.online\/home\/wp-content\/uploads\/2026\/09\/01092026Ganado.png?fit=540%2C300&ssl=1","articleSection":["NACIONAL"],"inLanguage":"es","potentialAction":[{"@type":"CommentAction","name":"Comment","target":["https:\/\/expresorgv.online\/home\/blog\/2026\/09\/01\/falla-tecnica-vuelve-a-frenarla-exportacion-de-ganado-a-eu\/#respond"]}]},{"@type":"WebPage","@id":"https:\/\/expresorgv.online\/home\/blog\/2026\/09\/01\/falla-tecnica-vuelve-a-frenarla-exportacion-de-ganado-a-eu\/","url":"https:\/\/expresorgv.online\/home\/blog\/2026\/09\/01\/falla-tecnica-vuelve-a-frenarla-exportacion-de-ganado-a-eu\/","name":"Falla t\u00e9cnica, vuelve a frenarla exportaci\u00f3n de ganado a EU -","isPartOf":{"@id":"https:\/\/expresorgv.online\/home\/#website"},"primaryImageOfPage":{"@id":"https:\/\/expresorgv.online\/home\/blog\/2026\/09\/01\/falla-tecnica-vuelve-a-frenarla-exportacion-de-ganado-a-eu\/#primaryimage"},"image":{"@id":"https:\/\/expresorgv.online\/home\/blog\/2026\/09\/01\/falla-tecnica-vuelve-a-frenarla-exportacion-de-ganado-a-eu\/#primaryimage"},"thumbnailUrl":"https:\/\/i0.wp.com\/expresorgv.online\/home\/wp-content\/uploads\/2026\/09\/01092026Ganado.png?fit=540%2C300&ssl=1","datePublished":"2026-09-01T05:44:47+00:00","dateModified":"2026-09-01T05:44:48+00:00","author":{"@id":"https:\/\/expresorgv.online\/home\/#\/schema\/person\/ae1ed1a575540204b5f59dca7f91f6a2"},"breadcrumb":{"@id":"https:\/\/expresorgv.online\/home\/blog\/2026\/09\/01\/falla-tecnica-vuelve-a-frenarla-exportacion-de-ganado-a-eu\/#breadcrumb"},"inLanguage":"es","potentialAction":[{"@type":"ReadAction","target":["https:\/\/expresorgv.online\/home\/blog\/2026\/09\/01\/falla-tecnica-vuelve-a-frenarla-exportacion-de-ganado-a-eu\/"]}]},{"@type":"ImageObject","inLanguage":"es","@id":"https:\/\/expresorgv.online\/home\/blog\/2026\/09\/01\/falla-tecnica-vuelve-a-frenarla-exportacion-de-ganado-a-eu\/#primaryimage","url":"https:\/\/i0.wp.com\/expresorgv.online\/home\/wp-content\/uploads\/2026\/09\/01092026Ganado.png?fit=540%2C300&ssl=1","contentUrl":"https:\/\/i0.wp.com\/expresorgv.online\/home\/wp-content\/uploads\/2026\/09\/01092026Ganado.png?fit=540%2C300&ssl=1","width":540,"height":300},{"@type":"BreadcrumbList","@id":"https:\/\/expresorgv.online\/home\/blog\/2026\/09\/01\/falla-tecnica-vuelve-a-frenarla-exportacion-de-ganado-a-eu\/#breadcrumb","itemListElement":[{"@type":"ListItem","position":1,"name":"Home","item":"https:\/\/expresorgv.online\/home\/"},{"@type":"ListItem","position":2,"name":"Falla t\u00e9cnica, vuelve a frenarla exportaci\u00f3n de ganado a EU"}]},{"@type":"WebSite","@id":"https:\/\/expresorgv.online\/home\/#website","url":"https:\/\/expresorgv.online\/home\/","name":"","description":"","potentialAction":[{"@type":"SearchAction","target":{"@type":"EntryPoint","urlTemplate":"https:\/\/expresorgv.online\/home\/?s={search_term_string}"},"query-input":{"@type":"PropertyValueSpecification","valueRequired":true,"valueName":"search_term_string"}}],"inLanguage":"es"},{"@type":"Person","@id":"https:\/\/expresorgv.online\/home\/#\/schema\/person\/ae1ed1a575540204b5f59dca7f91f6a2","name":"expreso","image":{"@type":"ImageObject","inLanguage":"es","@id":"https:\/\/secure.gravatar.com\/avatar\/88cd9f065dcd1b722cd984aac4181386a800c0bca699eaf07e42dd8f820bddee?s=96&d=mm&r=g","url":"https:\/\/secure.gravatar.com\/avatar\/88cd9f065dcd1b722cd984aac4181386a800c0bca699eaf07e42dd8f820bddee?s=96&d=mm&r=g","contentUrl":"https:\/\/secure.gravatar.com\/avatar\/88cd9f065dcd1b722cd984aac4181386a800c0bca699eaf07e42dd8f820bddee?s=96&d=mm&r=g","caption":"expreso"},"url":"https:\/\/expresorgv.online\/home\/blog\/author\/expreso\/"}]}},"jetpack_featured_media_url":"https:\/\/i0.wp.com\/expresorgv.online\/home\/wp-content\/uploads\/2026\/09\/01092026Ganado.png?fit=540%2C300&ssl=1","_links":{"self":[{"href":"https:\/\/expresorgv.online\/home\/wp-json\/wp\/v2\/posts\/38327","targetHints":{"allow":["GET"]}}],"collection":[{"href":"https:\/\/expresorgv.online\/home\/wp-json\/wp\/v2\/posts"}],"about":[{"href":"https:\/\/expresorgv.online\/home\/wp-json\/wp\/v2\/types\/post"}],"author":[{"embeddable":true,"href":"https:\/\/expresorgv.online\/home\/wp-json\/wp\/v2\/users\/2"}],"replies":[{"embeddable":true,"href":"https:\/\/expresorgv.online\/home\/wp-json\/wp\/v2\/comments?post=38327"}],"version-history":[{"count":1,"href":"https:\/\/expresorgv.online\/home\/wp-json\/wp\/v2\/posts\/38327\/revisions"}],"predecessor-version":[{"id":38337,"href":"https:\/\/expresorgv.online\/home\/wp-json\/wp\/v2\/posts\/38327\/revisions\/38337"}],"wp:featuredmedia":[{"embeddable":true,"href":"https:\/\/expresorgv.online\/home\/wp-json\/wp\/v2\/media\/38331"}],"wp:attachment":[{"href":"https:\/\/expresorgv.online\/home\/wp-json\/wp\/v2\/media?parent=38327"}],"wp:term":[{"taxonomy":"category","embeddable":true,"href":"https:\/\/expresorgv.online\/home\/wp-json\/wp\/v2\/categories?post=38327"},{"taxonomy":"post_tag","embeddable":true,"href":"https:\/\/expresorgv.online\/home\/wp-json\/wp\/v2\/tags?post=38327"}],"curies":[{"name":"wp","href":"https:\/\/api.w.org\/{rel}","templated":true}]}}