{"id":38324,"date":"2026-08-31T04:51:30","date_gmt":"2026-08-31T04:51:30","guid":{"rendered":"https:\/\/expresorgv.online\/home\/?p=38324"},"modified":"2026-08-31T04:51:31","modified_gmt":"2026-08-31T04:51:31","slug":"eu-lanza-nuevos-ataques-en-iran-teheran-responde-con-misiles-a-jordania","status":"publish","type":"post","link":"https:\/\/expresorgv.online\/home\/blog\/2026\/08\/31\/eu-lanza-nuevos-ataques-en-iran-teheran-responde-con-misiles-a-jordania\/","title":{"rendered":"EU lanza nuevos ataques en Ir\u00e1n; Teher\u00e1n responde con misiles a Jordania"},"content":{"rendered":"\n<p class=\"wp-block-paragraph\">Estados Unidos llev\u00f3 a cabo el domingo bombardeos sobre la isla iran\u00ed de Larak, los primeros desde hace un mes, anunci\u00f3 el mando militar estadunidense para Oriente Medio, que, seg\u00fan Ir\u00e1n, causaron muertos y heridos.<\/p>\n\n\n\n<h3 class=\"wp-block-heading\">\u201cA primera hora del d\u00eda, las fuerzas estadunidenses atacaron dos lanzadores iran\u00edes en la isla de Larak\u201d, donde \u201cse hab\u00eda observado a Guardianes de la Revoluci\u00f3n Isl\u00e1mica prepararse para lanzar cohetes con minas navales\u201d, dijo Tim Hawkins, portavoz del Centcom, en un comunicado enviado a la AFP.<\/h3>\n\n\n\n<p class=\"wp-block-paragraph\">Los bombardeos estadunidenses causaron \u201cmuertos y heridos\u201d, afirmaron en un comunicado los Guardianes de la Revoluci\u00f3n iran\u00edes, que advirtieron que habr\u00e1 \u201crepresalias\u201d en respuesta a esta \u201cagresi\u00f3n\u201d.<\/p>\n\n\n\n<p class=\"wp-block-paragraph\">Poco despu\u00e9s, dijeron que atacaron objetivos militares estadunidenses en Jordania con misiles bal\u00edsticos y drones. En particular, apuntaron contra instalaciones t\u00e9cnicas y de mantenimiento, as\u00ed como a aviones, indicaron en un comunicado citado por medios estatales iran\u00edes.<\/p>\n\n\n\n<p class=\"wp-block-paragraph\">El ej\u00e9rcito de Jordania anunci\u00f3 poco despu\u00e9s que intercept\u00f3 ocho misiles que vulneraron su espacio a\u00e9reo, sin precisar su origen. En un comunicado precis\u00f3 que los hab\u00eda \u201cdestruido con \u00e9xito\u201d.<\/p>\n\n\n\n<p class=\"wp-block-paragraph\">Estos ataques se producen tras semanas en las que las hostilidades hab\u00edan perdido intensidad.<\/p>\n\n\n\n<p class=\"wp-block-paragraph\">La administraci\u00f3n Trump hab\u00eda privilegiado la \u201cguerra econ\u00f3mica\u201d frente a los bombardeos sobre Ir\u00e1n.<\/p>\n\n\n\n<p class=\"wp-block-paragraph\">Sin embargo, hubo intercambios espor\u00e1dicos de disparos en la regi\u00f3n, sobre todo en y alrededor del estrecho de Ormuz.<\/p>\n\n\n\n<p class=\"wp-block-paragraph\"><strong>Desminado completado<\/strong><\/p>\n\n\n\n<p class=\"wp-block-paragraph\">Este paso mar\u00edtimo estrat\u00e9gico, por el que antes de la guerra transitaba una quinta parte de los hidrocarburos mundiales, est\u00e1 bloqueado por Teher\u00e1n, que ataca de forma espor\u00e1dica a los barcos que intentan franquearlo.<\/p>\n\n\n\n<p class=\"wp-block-paragraph\">Estados Unidos responde manteniendo un bloqueo de los puertos iran\u00edes.<\/p>\n\n\n\n<p class=\"wp-block-paragraph\">\u201cLa semana pasada, el Centcom termin\u00f3 el desminado de las rutas de navegaci\u00f3n internacionales del estrecho\u201d, agreg\u00f3 Hawkins.<\/p>\n\n\n\n<p class=\"wp-block-paragraph\">\u201cLas fuerzas estadunidenses vigilan de cerca la zona y siguen preparadas para proteger la libre circulaci\u00f3n de los intercambios comerciales en esta v\u00eda mar\u00edtima esencial\u201d, a\u00f1adi\u00f3.<\/p>\n\n\n\n<p class=\"wp-block-paragraph\">La guerra estall\u00f3 el 28 de febrero con ataques conjuntos de Estados Unidos e Israel contra Ir\u00e1n, que respondi\u00f3 apuntando en particular a los pa\u00edses del Golfo aliados de Washington.<\/p>\n\n\n\n<p class=\"wp-block-paragraph\">Un alto el fuego en abril puso fin a cerca de 40 d\u00edas de intensos bombardeos, y en junio se alcanz\u00f3 un protocolo de acuerdo destinado a poner fin definitivamente al conflicto.<\/p>\n\n\n\n<p class=\"wp-block-paragraph\">Pero este se hizo a\u00f1icos en julio tras la reanudaci\u00f3n de las hostilidades. Las negociaciones est\u00e1n desde entonces en punto muerto.<\/p>\n\n\n\n<p class=\"wp-block-paragraph\">Los precios del petr\u00f3leo subieron tras conocerse los ataques estadunidenses contra Ir\u00e1n.<\/p>\n\n\n\n<p class=\"wp-block-paragraph\">El barril de crudo Brent del mar del Norte, referencia internacional, volvi\u00f3 a superar el umbral simb\u00f3lico de los 90 d\u00f3lares, hasta 90.31 d\u00f3lares. Su equivalente estadunidense, el West Texas Intermediate, subi\u00f3 a 85.41 d\u00f3lares.<\/p>\n\n\n\n<p class=\"wp-block-paragraph\">La guerra con Ir\u00e1n es profundamente impopular entre la opini\u00f3n p\u00fablica estadunidense, con las elecciones de mitad de mandato previstas para noviembre, que podr\u00edan poner fin al control republicano del Congreso.<\/p>\n\n\n\n<p class=\"wp-block-paragraph\"><strong>Sanciones econ\u00f3micas<\/strong><\/p>\n\n\n\n<p class=\"wp-block-paragraph\">Pareciendo dejar de lado el frente militar, Estados Unidos afirm\u00f3 recientemente que quer\u00eda aumentar la presi\u00f3n econ\u00f3mica sobre Ir\u00e1n, sometido ya a sanciones internacionales desde hace d\u00e9cadas.<\/p>\n\n\n\n<p class=\"wp-block-paragraph\">El secretario estadunidense del Tesoro, Scott Bessent, present\u00f3 el pasado lunes un nuevo paquete de sanciones llamadas \u201csecundarias\u201d, que no afectan directamente a Ir\u00e1n, sino a sus socios comerciales, en los sectores del oro, la tecnolog\u00eda, los activos digitales, la aviaci\u00f3n y el transporte mar\u00edtimo.<\/p>\n\n\n\n<p class=\"wp-block-paragraph\">Washington tambi\u00e9n impuso nuevas sanciones contra 60 personas, empresas y buques acusados de ayudar a Ir\u00e1n a generar ingresos petroleros, adquirir armas y llevar a cabo acciones de guerra digital.<\/p>\n\n\n\n<p class=\"wp-block-paragraph\">Uno de los pa\u00edses se\u00f1alados por Washington, China, clave socio econ\u00f3mico de Teher\u00e1n, asegur\u00f3, sin embargo, que defender\u00e1 \u201cfirmemente\u201d sus intereses y su cooperaci\u00f3n con Ir\u00e1n.<\/p>\n\n\n\n<p class=\"wp-block-paragraph\">Aunque el presidente iran\u00ed, Massoud Pezeshkian, ha reconocido que su pa\u00eds afronta \u201cnumerosas dificultades econ\u00f3micas\u201d, Teher\u00e1n asegura que Estados Unidos no obtendr\u00e1 \u201cnada\u201d con las presiones econ\u00f3micas y descarta cualquier regreso a la situaci\u00f3n anterior a la guerra en el estrecho de Ormuz.<\/p>\n","protected":false},"excerpt":{"rendered":"<p>Estados Unidos llev\u00f3 a cabo el domingo bombardeos sobre la isla iran\u00ed de Larak, los primeros desde hace un mes, anunci\u00f3 el mando militar estadunidense para Oriente Medio, que, seg\u00fan Ir\u00e1n, causaron muertos y heridos. \u201cA primera hora del d\u00eda, las fuerzas estadunidenses atacaron dos lanzadores iran\u00edes en la isla de Larak\u201d, donde \u201cse hab\u00eda [&hellip;]<\/p>\n","protected":false},"author":2,"featured_media":38310,"comment_status":"open","ping_status":"open","sticky":false,"template":"","format":"standard","meta":{"footnotes":""},"categories":[7],"tags":[],"class_list":["post-38324","post","type-post","status-publish","format-standard","has-post-thumbnail","hentry","category-internacional"],"yoast_head":"<!-- This site is optimized with the Yoast SEO plugin v27.2 - https:\/\/yoast.com\/product\/yoast-seo-wordpress\/ -->\n<title>EU lanza nuevos ataques en Ir\u00e1n; Teher\u00e1n responde con misiles a Jordania -<\/title>\n<meta name=\"robots\" content=\"index, follow, max-snippet:-1, max-image-preview:large, max-video-preview:-1\" \/>\n<link rel=\"canonical\" href=\"https:\/\/expresorgv.online\/home\/blog\/2026\/08\/31\/eu-lanza-nuevos-ataques-en-iran-teheran-responde-con-misiles-a-jordania\/\" \/>\n<meta property=\"og:locale\" content=\"es_ES\" \/>\n<meta property=\"og:type\" content=\"article\" \/>\n<meta property=\"og:title\" content=\"EU lanza nuevos ataques en Ir\u00e1n; Teher\u00e1n responde con misiles a Jordania\" \/>\n<meta property=\"og:description\" content=\"Estados Unidos llev\u00f3 a cabo el domingo bombardeos sobre la isla iran\u00ed de Larak, los primeros desde hace un mes, anunci\u00f3 el mando militar estadunidense para Oriente Medio, que, seg\u00fan Ir\u00e1n, causaron muertos y heridos. \u201cA primera hora del d\u00eda, las fuerzas estadunidenses atacaron dos lanzadores iran\u00edes en la isla de Larak\u201d, donde \u201cse hab\u00eda [&hellip;]\" \/>\n<meta property=\"og:url\" content=\"https:\/\/expresorgv.online\/home\/blog\/2026\/08\/31\/eu-lanza-nuevos-ataques-en-iran-teheran-responde-con-misiles-a-jordania\/\" \/>\n<meta property=\"article:published_time\" content=\"2026-08-31T04:51:30+00:00\" \/>\n<meta property=\"article:modified_time\" content=\"2026-08-31T04:51:31+00:00\" \/>\n<meta property=\"og:image\" content=\"https:\/\/expresorgv.online\/home\/wp-content\/uploads\/2026\/08\/31082026Misiles.png\" \/>\n\t<meta property=\"og:image:width\" content=\"540\" \/>\n\t<meta property=\"og:image:height\" content=\"300\" \/>\n\t<meta property=\"og:image:type\" content=\"image\/png\" \/>\n<meta name=\"author\" content=\"expreso\" \/>\n<meta name=\"twitter:card\" content=\"summary_large_image\" \/>\n<meta name=\"twitter:label1\" content=\"Escrito por\" \/>\n\t<meta name=\"twitter:data1\" content=\"expreso\" \/>\n\t<meta name=\"twitter:label2\" content=\"Tiempo de lectura\" \/>\n\t<meta name=\"twitter:data2\" content=\"4 minutos\" \/>\n<script type=\"application\/ld+json\" class=\"yoast-schema-graph\">{\"@context\":\"https:\/\/schema.org\",\"@graph\":[{\"@type\":\"Article\",\"@id\":\"https:\/\/expresorgv.online\/home\/blog\/2026\/08\/31\/eu-lanza-nuevos-ataques-en-iran-teheran-responde-con-misiles-a-jordania\/#article\",\"isPartOf\":{\"@id\":\"https:\/\/expresorgv.online\/home\/blog\/2026\/08\/31\/eu-lanza-nuevos-ataques-en-iran-teheran-responde-con-misiles-a-jordania\/\"},\"author\":{\"name\":\"expreso\",\"@id\":\"https:\/\/expresorgv.online\/home\/#\/schema\/person\/ae1ed1a575540204b5f59dca7f91f6a2\"},\"headline\":\"EU lanza nuevos ataques en Ir\u00e1n; Teher\u00e1n responde con misiles a Jordania\",\"datePublished\":\"2026-08-31T04:51:30+00:00\",\"dateModified\":\"2026-08-31T04:51:31+00:00\",\"mainEntityOfPage\":{\"@id\":\"https:\/\/expresorgv.online\/home\/blog\/2026\/08\/31\/eu-lanza-nuevos-ataques-en-iran-teheran-responde-con-misiles-a-jordania\/\"},\"wordCount\":729,\"commentCount\":0,\"image\":{\"@id\":\"https:\/\/expresorgv.online\/home\/blog\/2026\/08\/31\/eu-lanza-nuevos-ataques-en-iran-teheran-responde-con-misiles-a-jordania\/#primaryimage\"},\"thumbnailUrl\":\"https:\/\/i0.wp.com\/expresorgv.online\/home\/wp-content\/uploads\/2026\/08\/31082026Misiles.png?fit=540%2C300&ssl=1\",\"articleSection\":[\"INTERNACIONAL\"],\"inLanguage\":\"es\",\"potentialAction\":[{\"@type\":\"CommentAction\",\"name\":\"Comment\",\"target\":[\"https:\/\/expresorgv.online\/home\/blog\/2026\/08\/31\/eu-lanza-nuevos-ataques-en-iran-teheran-responde-con-misiles-a-jordania\/#respond\"]}]},{\"@type\":\"WebPage\",\"@id\":\"https:\/\/expresorgv.online\/home\/blog\/2026\/08\/31\/eu-lanza-nuevos-ataques-en-iran-teheran-responde-con-misiles-a-jordania\/\",\"url\":\"https:\/\/expresorgv.online\/home\/blog\/2026\/08\/31\/eu-lanza-nuevos-ataques-en-iran-teheran-responde-con-misiles-a-jordania\/\",\"name\":\"EU lanza nuevos ataques en Ir\u00e1n; Teher\u00e1n responde con misiles a Jordania -\",\"isPartOf\":{\"@id\":\"https:\/\/expresorgv.online\/home\/#website\"},\"primaryImageOfPage\":{\"@id\":\"https:\/\/expresorgv.online\/home\/blog\/2026\/08\/31\/eu-lanza-nuevos-ataques-en-iran-teheran-responde-con-misiles-a-jordania\/#primaryimage\"},\"image\":{\"@id\":\"https:\/\/expresorgv.online\/home\/blog\/2026\/08\/31\/eu-lanza-nuevos-ataques-en-iran-teheran-responde-con-misiles-a-jordania\/#primaryimage\"},\"thumbnailUrl\":\"https:\/\/i0.wp.com\/expresorgv.online\/home\/wp-content\/uploads\/2026\/08\/31082026Misiles.png?fit=540%2C300&ssl=1\",\"datePublished\":\"2026-08-31T04:51:30+00:00\",\"dateModified\":\"2026-08-31T04:51:31+00:00\",\"author\":{\"@id\":\"https:\/\/expresorgv.online\/home\/#\/schema\/person\/ae1ed1a575540204b5f59dca7f91f6a2\"},\"breadcrumb\":{\"@id\":\"https:\/\/expresorgv.online\/home\/blog\/2026\/08\/31\/eu-lanza-nuevos-ataques-en-iran-teheran-responde-con-misiles-a-jordania\/#breadcrumb\"},\"inLanguage\":\"es\",\"potentialAction\":[{\"@type\":\"ReadAction\",\"target\":[\"https:\/\/expresorgv.online\/home\/blog\/2026\/08\/31\/eu-lanza-nuevos-ataques-en-iran-teheran-responde-con-misiles-a-jordania\/\"]}]},{\"@type\":\"ImageObject\",\"inLanguage\":\"es\",\"@id\":\"https:\/\/expresorgv.online\/home\/blog\/2026\/08\/31\/eu-lanza-nuevos-ataques-en-iran-teheran-responde-con-misiles-a-jordania\/#primaryimage\",\"url\":\"https:\/\/i0.wp.com\/expresorgv.online\/home\/wp-content\/uploads\/2026\/08\/31082026Misiles.png?fit=540%2C300&ssl=1\",\"contentUrl\":\"https:\/\/i0.wp.com\/expresorgv.online\/home\/wp-content\/uploads\/2026\/08\/31082026Misiles.png?fit=540%2C300&ssl=1\",\"width\":540,\"height\":300},{\"@type\":\"BreadcrumbList\",\"@id\":\"https:\/\/expresorgv.online\/home\/blog\/2026\/08\/31\/eu-lanza-nuevos-ataques-en-iran-teheran-responde-con-misiles-a-jordania\/#breadcrumb\",\"itemListElement\":[{\"@type\":\"ListItem\",\"position\":1,\"name\":\"Home\",\"item\":\"https:\/\/expresorgv.online\/home\/\"},{\"@type\":\"ListItem\",\"position\":2,\"name\":\"EU lanza nuevos ataques en Ir\u00e1n; Teher\u00e1n responde con misiles a Jordania\"}]},{\"@type\":\"WebSite\",\"@id\":\"https:\/\/expresorgv.online\/home\/#website\",\"url\":\"https:\/\/expresorgv.online\/home\/\",\"name\":\"\",\"description\":\"\",\"potentialAction\":[{\"@type\":\"SearchAction\",\"target\":{\"@type\":\"EntryPoint\",\"urlTemplate\":\"https:\/\/expresorgv.online\/home\/?s={search_term_string}\"},\"query-input\":{\"@type\":\"PropertyValueSpecification\",\"valueRequired\":true,\"valueName\":\"search_term_string\"}}],\"inLanguage\":\"es\"},{\"@type\":\"Person\",\"@id\":\"https:\/\/expresorgv.online\/home\/#\/schema\/person\/ae1ed1a575540204b5f59dca7f91f6a2\",\"name\":\"expreso\",\"image\":{\"@type\":\"ImageObject\",\"inLanguage\":\"es\",\"@id\":\"https:\/\/secure.gravatar.com\/avatar\/88cd9f065dcd1b722cd984aac4181386a800c0bca699eaf07e42dd8f820bddee?s=96&d=mm&r=g\",\"url\":\"https:\/\/secure.gravatar.com\/avatar\/88cd9f065dcd1b722cd984aac4181386a800c0bca699eaf07e42dd8f820bddee?s=96&d=mm&r=g\",\"contentUrl\":\"https:\/\/secure.gravatar.com\/avatar\/88cd9f065dcd1b722cd984aac4181386a800c0bca699eaf07e42dd8f820bddee?s=96&d=mm&r=g\",\"caption\":\"expreso\"},\"url\":\"https:\/\/expresorgv.online\/home\/blog\/author\/expreso\/\"}]}<\/script>\n<!-- \/ Yoast SEO plugin. -->","yoast_head_json":{"title":"EU lanza nuevos ataques en Ir\u00e1n; Teher\u00e1n responde con misiles a Jordania -","robots":{"index":"index","follow":"follow","max-snippet":"max-snippet:-1","max-image-preview":"max-image-preview:large","max-video-preview":"max-video-preview:-1"},"canonical":"https:\/\/expresorgv.online\/home\/blog\/2026\/08\/31\/eu-lanza-nuevos-ataques-en-iran-teheran-responde-con-misiles-a-jordania\/","og_locale":"es_ES","og_type":"article","og_title":"EU lanza nuevos ataques en Ir\u00e1n; Teher\u00e1n responde con misiles a Jordania","og_description":"Estados Unidos llev\u00f3 a cabo el domingo bombardeos sobre la isla iran\u00ed de Larak, los primeros desde hace un mes, anunci\u00f3 el mando militar estadunidense para Oriente Medio, que, seg\u00fan Ir\u00e1n, causaron muertos y heridos. \u201cA primera hora del d\u00eda, las fuerzas estadunidenses atacaron dos lanzadores iran\u00edes en la isla de Larak\u201d, donde \u201cse hab\u00eda [&hellip;]","og_url":"https:\/\/expresorgv.online\/home\/blog\/2026\/08\/31\/eu-lanza-nuevos-ataques-en-iran-teheran-responde-con-misiles-a-jordania\/","article_published_time":"2026-08-31T04:51:30+00:00","article_modified_time":"2026-08-31T04:51:31+00:00","og_image":[{"width":540,"height":300,"url":"https:\/\/expresorgv.online\/home\/wp-content\/uploads\/2026\/08\/31082026Misiles.png","type":"image\/png"}],"author":"expreso","twitter_card":"summary_large_image","twitter_misc":{"Escrito por":"expreso","Tiempo de lectura":"4 minutos"},"schema":{"@context":"https:\/\/schema.org","@graph":[{"@type":"Article","@id":"https:\/\/expresorgv.online\/home\/blog\/2026\/08\/31\/eu-lanza-nuevos-ataques-en-iran-teheran-responde-con-misiles-a-jordania\/#article","isPartOf":{"@id":"https:\/\/expresorgv.online\/home\/blog\/2026\/08\/31\/eu-lanza-nuevos-ataques-en-iran-teheran-responde-con-misiles-a-jordania\/"},"author":{"name":"expreso","@id":"https:\/\/expresorgv.online\/home\/#\/schema\/person\/ae1ed1a575540204b5f59dca7f91f6a2"},"headline":"EU lanza nuevos ataques en Ir\u00e1n; Teher\u00e1n responde con misiles a Jordania","datePublished":"2026-08-31T04:51:30+00:00","dateModified":"2026-08-31T04:51:31+00:00","mainEntityOfPage":{"@id":"https:\/\/expresorgv.online\/home\/blog\/2026\/08\/31\/eu-lanza-nuevos-ataques-en-iran-teheran-responde-con-misiles-a-jordania\/"},"wordCount":729,"commentCount":0,"image":{"@id":"https:\/\/expresorgv.online\/home\/blog\/2026\/08\/31\/eu-lanza-nuevos-ataques-en-iran-teheran-responde-con-misiles-a-jordania\/#primaryimage"},"thumbnailUrl":"https:\/\/i0.wp.com\/expresorgv.online\/home\/wp-content\/uploads\/2026\/08\/31082026Misiles.png?fit=540%2C300&ssl=1","articleSection":["INTERNACIONAL"],"inLanguage":"es","potentialAction":[{"@type":"CommentAction","name":"Comment","target":["https:\/\/expresorgv.online\/home\/blog\/2026\/08\/31\/eu-lanza-nuevos-ataques-en-iran-teheran-responde-con-misiles-a-jordania\/#respond"]}]},{"@type":"WebPage","@id":"https:\/\/expresorgv.online\/home\/blog\/2026\/08\/31\/eu-lanza-nuevos-ataques-en-iran-teheran-responde-con-misiles-a-jordania\/","url":"https:\/\/expresorgv.online\/home\/blog\/2026\/08\/31\/eu-lanza-nuevos-ataques-en-iran-teheran-responde-con-misiles-a-jordania\/","name":"EU lanza nuevos ataques en Ir\u00e1n; Teher\u00e1n responde con misiles a Jordania -","isPartOf":{"@id":"https:\/\/expresorgv.online\/home\/#website"},"primaryImageOfPage":{"@id":"https:\/\/expresorgv.online\/home\/blog\/2026\/08\/31\/eu-lanza-nuevos-ataques-en-iran-teheran-responde-con-misiles-a-jordania\/#primaryimage"},"image":{"@id":"https:\/\/expresorgv.online\/home\/blog\/2026\/08\/31\/eu-lanza-nuevos-ataques-en-iran-teheran-responde-con-misiles-a-jordania\/#primaryimage"},"thumbnailUrl":"https:\/\/i0.wp.com\/expresorgv.online\/home\/wp-content\/uploads\/2026\/08\/31082026Misiles.png?fit=540%2C300&ssl=1","datePublished":"2026-08-31T04:51:30+00:00","dateModified":"2026-08-31T04:51:31+00:00","author":{"@id":"https:\/\/expresorgv.online\/home\/#\/schema\/person\/ae1ed1a575540204b5f59dca7f91f6a2"},"breadcrumb":{"@id":"https:\/\/expresorgv.online\/home\/blog\/2026\/08\/31\/eu-lanza-nuevos-ataques-en-iran-teheran-responde-con-misiles-a-jordania\/#breadcrumb"},"inLanguage":"es","potentialAction":[{"@type":"ReadAction","target":["https:\/\/expresorgv.online\/home\/blog\/2026\/08\/31\/eu-lanza-nuevos-ataques-en-iran-teheran-responde-con-misiles-a-jordania\/"]}]},{"@type":"ImageObject","inLanguage":"es","@id":"https:\/\/expresorgv.online\/home\/blog\/2026\/08\/31\/eu-lanza-nuevos-ataques-en-iran-teheran-responde-con-misiles-a-jordania\/#primaryimage","url":"https:\/\/i0.wp.com\/expresorgv.online\/home\/wp-content\/uploads\/2026\/08\/31082026Misiles.png?fit=540%2C300&ssl=1","contentUrl":"https:\/\/i0.wp.com\/expresorgv.online\/home\/wp-content\/uploads\/2026\/08\/31082026Misiles.png?fit=540%2C300&ssl=1","width":540,"height":300},{"@type":"BreadcrumbList","@id":"https:\/\/expresorgv.online\/home\/blog\/2026\/08\/31\/eu-lanza-nuevos-ataques-en-iran-teheran-responde-con-misiles-a-jordania\/#breadcrumb","itemListElement":[{"@type":"ListItem","position":1,"name":"Home","item":"https:\/\/expresorgv.online\/home\/"},{"@type":"ListItem","position":2,"name":"EU lanza nuevos ataques en Ir\u00e1n; Teher\u00e1n responde con misiles a Jordania"}]},{"@type":"WebSite","@id":"https:\/\/expresorgv.online\/home\/#website","url":"https:\/\/expresorgv.online\/home\/","name":"","description":"","potentialAction":[{"@type":"SearchAction","target":{"@type":"EntryPoint","urlTemplate":"https:\/\/expresorgv.online\/home\/?s={search_term_string}"},"query-input":{"@type":"PropertyValueSpecification","valueRequired":true,"valueName":"search_term_string"}}],"inLanguage":"es"},{"@type":"Person","@id":"https:\/\/expresorgv.online\/home\/#\/schema\/person\/ae1ed1a575540204b5f59dca7f91f6a2","name":"expreso","image":{"@type":"ImageObject","inLanguage":"es","@id":"https:\/\/secure.gravatar.com\/avatar\/88cd9f065dcd1b722cd984aac4181386a800c0bca699eaf07e42dd8f820bddee?s=96&d=mm&r=g","url":"https:\/\/secure.gravatar.com\/avatar\/88cd9f065dcd1b722cd984aac4181386a800c0bca699eaf07e42dd8f820bddee?s=96&d=mm&r=g","contentUrl":"https:\/\/secure.gravatar.com\/avatar\/88cd9f065dcd1b722cd984aac4181386a800c0bca699eaf07e42dd8f820bddee?s=96&d=mm&r=g","caption":"expreso"},"url":"https:\/\/expresorgv.online\/home\/blog\/author\/expreso\/"}]}},"jetpack_featured_media_url":"https:\/\/i0.wp.com\/expresorgv.online\/home\/wp-content\/uploads\/2026\/08\/31082026Misiles.png?fit=540%2C300&ssl=1","_links":{"self":[{"href":"https:\/\/expresorgv.online\/home\/wp-json\/wp\/v2\/posts\/38324","targetHints":{"allow":["GET"]}}],"collection":[{"href":"https:\/\/expresorgv.online\/home\/wp-json\/wp\/v2\/posts"}],"about":[{"href":"https:\/\/expresorgv.online\/home\/wp-json\/wp\/v2\/types\/post"}],"author":[{"embeddable":true,"href":"https:\/\/expresorgv.online\/home\/wp-json\/wp\/v2\/users\/2"}],"replies":[{"embeddable":true,"href":"https:\/\/expresorgv.online\/home\/wp-json\/wp\/v2\/comments?post=38324"}],"version-history":[{"count":1,"href":"https:\/\/expresorgv.online\/home\/wp-json\/wp\/v2\/posts\/38324\/revisions"}],"predecessor-version":[{"id":38325,"href":"https:\/\/expresorgv.online\/home\/wp-json\/wp\/v2\/posts\/38324\/revisions\/38325"}],"wp:featuredmedia":[{"embeddable":true,"href":"https:\/\/expresorgv.online\/home\/wp-json\/wp\/v2\/media\/38310"}],"wp:attachment":[{"href":"https:\/\/expresorgv.online\/home\/wp-json\/wp\/v2\/media?parent=38324"}],"wp:term":[{"taxonomy":"category","embeddable":true,"href":"https:\/\/expresorgv.online\/home\/wp-json\/wp\/v2\/categories?post=38324"},{"taxonomy":"post_tag","embeddable":true,"href":"https:\/\/expresorgv.online\/home\/wp-json\/wp\/v2\/tags?post=38324"}],"curies":[{"name":"wp","href":"https:\/\/api.w.org\/{rel}","templated":true}]}}