{"id":38318,"date":"2026-08-31T04:47:09","date_gmt":"2026-08-31T04:47:09","guid":{"rendered":"https:\/\/expresorgv.online\/home\/?p=38318"},"modified":"2026-08-31T04:47:09","modified_gmt":"2026-08-31T04:47:09","slug":"exjefe-de-la-dea-pide-que-mexico-entregue-rocha-moya-necesita-enfrentar-un-juicio-en-eu","status":"publish","type":"post","link":"https:\/\/expresorgv.online\/home\/blog\/2026\/08\/31\/exjefe-de-la-dea-pide-que-mexico-entregue-rocha-moya-necesita-enfrentar-un-juicio-en-eu\/","title":{"rendered":"Exjefe de la DEA pide que M\u00e9xico entregue Rocha Moya: \u2018Necesita enfrentar un juicio en EU\u2019"},"content":{"rendered":"\n<p class=\"wp-block-paragraph\">Derek Maltz, extitular de la DEA, considera que M\u00e9xico debe mandar a EU a Rub\u00e9n Rocha Moya, gobernador de Sinaloa con licencia, para ser juzgado por las acusaciones de presuntos <strong>nexos con Los Chapitos<\/strong>.<\/p>\n\n\n\n<p class=\"wp-block-paragraph\">En sus redes sociales, el exfuncionario escribi\u00f3 que espera que <strong>Rub\u00e9n Rocha sea expulsado de M\u00e9xico<\/strong> y enviado a Nueva York \u201cpara enfrentar la justicia en un tribunal federal en Estados Unidos\u201d.<\/p>\n\n\n\n<p class=\"wp-block-paragraph\">Admiti\u00f3 que el gobernador de Sinaloa, para el que el PAN pide juicio pol\u00edtico, \u201ces inocente hasta que se demuestre lo contrario\u201d; sin embargo, reiter\u00f3 que es necesario un proceso judicial.<\/p>\n\n\n\n<p class=\"wp-block-paragraph\">\u201c\u00a1Espero que veamos su llegada pronto!\u00bb Escribi\u00f3 el exdirector de la DEA en redes sociales, acompa\u00f1ado de una imagen creada con inteligencia artificial que simula la entrega de Rocha Moya con un avi\u00f3n de la <strong>Fuerza A\u00e9rea Mexicana<\/strong>, adem\u00e1s de agentes del FBI y la DEA.<\/p>\n\n\n\n<h2 class=\"wp-block-heading\">No hay pruebas de las acusaciones de EU contra funcionarios de Sinaloa<\/h2>\n\n\n\n<p class=\"wp-block-paragraph\">En los \u00faltimos 10 d\u00edas hubo movimientos importantes en torno a las acusaciones de EU contra 10 funcionarios de Sinaloa acusados por nexos con el <strong>C\u00e1rtel de Sinaloa<\/strong>.<\/p>\n\n\n\n<p class=\"wp-block-paragraph\">Rub\u00e9n Rocha volvi\u00f3 al gobierno de Sinaloa y, tras el rechazo de la presidenta Claudia Sheinbaum y de Morena, volvi\u00f3 a pedir licencia que fue otorgada por el Congreso local, para posteriormente nombrar a Graciela Dom\u00ednguez como gobernadora interina.<\/p>\n\n\n\n<p class=\"wp-block-paragraph\">En el Senado, Enrique Inzunza anunci\u00f3 su separaci\u00f3n de la bancada de Morena, con el objetivo de no dar herramientas a la oposici\u00f3n para injurias en contra de la 4T y del expresidente Andr\u00e9s Manuel L\u00f3pez Obrador.<\/p>\n\n\n\n<p class=\"wp-block-paragraph\">El funcionario recalc\u00f3 que, a m\u00e1s de tres meses de las acusaciones, no hay pruebas en su contra ni en contra de los otros funcionarios a los que EU acus\u00f3 por v\u00ednculos con Los Chapitos.<\/p>\n\n\n\n<p class=\"wp-block-paragraph\">Agreg\u00f3 que \u00e9l se defender\u00e1 por su cuenta, y sus labores como legislador ser\u00e1n sin bancada, de cara al pr\u00f3ximo periodo de sesiones en el Congreso.<\/p>\n","protected":false},"excerpt":{"rendered":"<p>Derek Maltz, extitular de la DEA, considera que M\u00e9xico debe mandar a EU a Rub\u00e9n Rocha Moya, gobernador de Sinaloa con licencia, para ser juzgado por las acusaciones de presuntos nexos con Los Chapitos. En sus redes sociales, el exfuncionario escribi\u00f3 que espera que Rub\u00e9n Rocha sea expulsado de M\u00e9xico y enviado a Nueva York [&hellip;]<\/p>\n","protected":false},"author":2,"featured_media":38308,"comment_status":"open","ping_status":"open","sticky":false,"template":"","format":"standard","meta":{"footnotes":""},"categories":[7],"tags":[],"class_list":["post-38318","post","type-post","status-publish","format-standard","has-post-thumbnail","hentry","category-internacional"],"yoast_head":"<!-- This site is optimized with the Yoast SEO plugin v27.2 - https:\/\/yoast.com\/product\/yoast-seo-wordpress\/ -->\n<title>Exjefe de la DEA pide que M\u00e9xico entregue Rocha Moya: \u2018Necesita enfrentar un juicio en EU\u2019 -<\/title>\n<meta name=\"robots\" content=\"index, follow, max-snippet:-1, max-image-preview:large, max-video-preview:-1\" \/>\n<link rel=\"canonical\" href=\"https:\/\/expresorgv.online\/home\/blog\/2026\/08\/31\/exjefe-de-la-dea-pide-que-mexico-entregue-rocha-moya-necesita-enfrentar-un-juicio-en-eu\/\" \/>\n<meta property=\"og:locale\" content=\"es_ES\" \/>\n<meta property=\"og:type\" content=\"article\" \/>\n<meta property=\"og:title\" content=\"Exjefe de la DEA pide que M\u00e9xico entregue Rocha Moya: \u2018Necesita enfrentar un juicio en EU\u2019\" \/>\n<meta property=\"og:description\" content=\"Derek Maltz, extitular de la DEA, considera que M\u00e9xico debe mandar a EU a Rub\u00e9n Rocha Moya, gobernador de Sinaloa con licencia, para ser juzgado por las acusaciones de presuntos nexos con Los Chapitos. En sus redes sociales, el exfuncionario escribi\u00f3 que espera que Rub\u00e9n Rocha sea expulsado de M\u00e9xico y enviado a Nueva York [&hellip;]\" \/>\n<meta property=\"og:url\" content=\"https:\/\/expresorgv.online\/home\/blog\/2026\/08\/31\/exjefe-de-la-dea-pide-que-mexico-entregue-rocha-moya-necesita-enfrentar-un-juicio-en-eu\/\" \/>\n<meta property=\"article:published_time\" content=\"2026-08-31T04:47:09+00:00\" \/>\n<meta property=\"og:image\" content=\"https:\/\/expresorgv.online\/home\/wp-content\/uploads\/2026\/08\/31082026ExJefeDea.png\" \/>\n\t<meta property=\"og:image:width\" content=\"540\" \/>\n\t<meta property=\"og:image:height\" content=\"300\" \/>\n\t<meta property=\"og:image:type\" content=\"image\/png\" \/>\n<meta name=\"author\" content=\"expreso\" \/>\n<meta name=\"twitter:card\" content=\"summary_large_image\" \/>\n<meta name=\"twitter:label1\" content=\"Escrito por\" \/>\n\t<meta name=\"twitter:data1\" content=\"expreso\" \/>\n\t<meta name=\"twitter:label2\" content=\"Tiempo de lectura\" \/>\n\t<meta name=\"twitter:data2\" content=\"2 minutos\" \/>\n<script type=\"application\/ld+json\" class=\"yoast-schema-graph\">{\"@context\":\"https:\/\/schema.org\",\"@graph\":[{\"@type\":\"Article\",\"@id\":\"https:\/\/expresorgv.online\/home\/blog\/2026\/08\/31\/exjefe-de-la-dea-pide-que-mexico-entregue-rocha-moya-necesita-enfrentar-un-juicio-en-eu\/#article\",\"isPartOf\":{\"@id\":\"https:\/\/expresorgv.online\/home\/blog\/2026\/08\/31\/exjefe-de-la-dea-pide-que-mexico-entregue-rocha-moya-necesita-enfrentar-un-juicio-en-eu\/\"},\"author\":{\"name\":\"expreso\",\"@id\":\"https:\/\/expresorgv.online\/home\/#\/schema\/person\/ae1ed1a575540204b5f59dca7f91f6a2\"},\"headline\":\"Exjefe de la DEA pide que M\u00e9xico entregue Rocha Moya: \u2018Necesita enfrentar un juicio en EU\u2019\",\"datePublished\":\"2026-08-31T04:47:09+00:00\",\"mainEntityOfPage\":{\"@id\":\"https:\/\/expresorgv.online\/home\/blog\/2026\/08\/31\/exjefe-de-la-dea-pide-que-mexico-entregue-rocha-moya-necesita-enfrentar-un-juicio-en-eu\/\"},\"wordCount\":356,\"commentCount\":0,\"image\":{\"@id\":\"https:\/\/expresorgv.online\/home\/blog\/2026\/08\/31\/exjefe-de-la-dea-pide-que-mexico-entregue-rocha-moya-necesita-enfrentar-un-juicio-en-eu\/#primaryimage\"},\"thumbnailUrl\":\"https:\/\/i0.wp.com\/expresorgv.online\/home\/wp-content\/uploads\/2026\/08\/31082026ExJefeDea.png?fit=540%2C300&ssl=1\",\"articleSection\":[\"INTERNACIONAL\"],\"inLanguage\":\"es\",\"potentialAction\":[{\"@type\":\"CommentAction\",\"name\":\"Comment\",\"target\":[\"https:\/\/expresorgv.online\/home\/blog\/2026\/08\/31\/exjefe-de-la-dea-pide-que-mexico-entregue-rocha-moya-necesita-enfrentar-un-juicio-en-eu\/#respond\"]}]},{\"@type\":\"WebPage\",\"@id\":\"https:\/\/expresorgv.online\/home\/blog\/2026\/08\/31\/exjefe-de-la-dea-pide-que-mexico-entregue-rocha-moya-necesita-enfrentar-un-juicio-en-eu\/\",\"url\":\"https:\/\/expresorgv.online\/home\/blog\/2026\/08\/31\/exjefe-de-la-dea-pide-que-mexico-entregue-rocha-moya-necesita-enfrentar-un-juicio-en-eu\/\",\"name\":\"Exjefe de la DEA pide que M\u00e9xico entregue Rocha Moya: \u2018Necesita enfrentar un juicio en EU\u2019 -\",\"isPartOf\":{\"@id\":\"https:\/\/expresorgv.online\/home\/#website\"},\"primaryImageOfPage\":{\"@id\":\"https:\/\/expresorgv.online\/home\/blog\/2026\/08\/31\/exjefe-de-la-dea-pide-que-mexico-entregue-rocha-moya-necesita-enfrentar-un-juicio-en-eu\/#primaryimage\"},\"image\":{\"@id\":\"https:\/\/expresorgv.online\/home\/blog\/2026\/08\/31\/exjefe-de-la-dea-pide-que-mexico-entregue-rocha-moya-necesita-enfrentar-un-juicio-en-eu\/#primaryimage\"},\"thumbnailUrl\":\"https:\/\/i0.wp.com\/expresorgv.online\/home\/wp-content\/uploads\/2026\/08\/31082026ExJefeDea.png?fit=540%2C300&ssl=1\",\"datePublished\":\"2026-08-31T04:47:09+00:00\",\"author\":{\"@id\":\"https:\/\/expresorgv.online\/home\/#\/schema\/person\/ae1ed1a575540204b5f59dca7f91f6a2\"},\"breadcrumb\":{\"@id\":\"https:\/\/expresorgv.online\/home\/blog\/2026\/08\/31\/exjefe-de-la-dea-pide-que-mexico-entregue-rocha-moya-necesita-enfrentar-un-juicio-en-eu\/#breadcrumb\"},\"inLanguage\":\"es\",\"potentialAction\":[{\"@type\":\"ReadAction\",\"target\":[\"https:\/\/expresorgv.online\/home\/blog\/2026\/08\/31\/exjefe-de-la-dea-pide-que-mexico-entregue-rocha-moya-necesita-enfrentar-un-juicio-en-eu\/\"]}]},{\"@type\":\"ImageObject\",\"inLanguage\":\"es\",\"@id\":\"https:\/\/expresorgv.online\/home\/blog\/2026\/08\/31\/exjefe-de-la-dea-pide-que-mexico-entregue-rocha-moya-necesita-enfrentar-un-juicio-en-eu\/#primaryimage\",\"url\":\"https:\/\/i0.wp.com\/expresorgv.online\/home\/wp-content\/uploads\/2026\/08\/31082026ExJefeDea.png?fit=540%2C300&ssl=1\",\"contentUrl\":\"https:\/\/i0.wp.com\/expresorgv.online\/home\/wp-content\/uploads\/2026\/08\/31082026ExJefeDea.png?fit=540%2C300&ssl=1\",\"width\":540,\"height\":300},{\"@type\":\"BreadcrumbList\",\"@id\":\"https:\/\/expresorgv.online\/home\/blog\/2026\/08\/31\/exjefe-de-la-dea-pide-que-mexico-entregue-rocha-moya-necesita-enfrentar-un-juicio-en-eu\/#breadcrumb\",\"itemListElement\":[{\"@type\":\"ListItem\",\"position\":1,\"name\":\"Home\",\"item\":\"https:\/\/expresorgv.online\/home\/\"},{\"@type\":\"ListItem\",\"position\":2,\"name\":\"Exjefe de la DEA pide que M\u00e9xico entregue Rocha Moya: \u2018Necesita enfrentar un juicio en EU\u2019\"}]},{\"@type\":\"WebSite\",\"@id\":\"https:\/\/expresorgv.online\/home\/#website\",\"url\":\"https:\/\/expresorgv.online\/home\/\",\"name\":\"\",\"description\":\"\",\"potentialAction\":[{\"@type\":\"SearchAction\",\"target\":{\"@type\":\"EntryPoint\",\"urlTemplate\":\"https:\/\/expresorgv.online\/home\/?s={search_term_string}\"},\"query-input\":{\"@type\":\"PropertyValueSpecification\",\"valueRequired\":true,\"valueName\":\"search_term_string\"}}],\"inLanguage\":\"es\"},{\"@type\":\"Person\",\"@id\":\"https:\/\/expresorgv.online\/home\/#\/schema\/person\/ae1ed1a575540204b5f59dca7f91f6a2\",\"name\":\"expreso\",\"image\":{\"@type\":\"ImageObject\",\"inLanguage\":\"es\",\"@id\":\"https:\/\/secure.gravatar.com\/avatar\/88cd9f065dcd1b722cd984aac4181386a800c0bca699eaf07e42dd8f820bddee?s=96&d=mm&r=g\",\"url\":\"https:\/\/secure.gravatar.com\/avatar\/88cd9f065dcd1b722cd984aac4181386a800c0bca699eaf07e42dd8f820bddee?s=96&d=mm&r=g\",\"contentUrl\":\"https:\/\/secure.gravatar.com\/avatar\/88cd9f065dcd1b722cd984aac4181386a800c0bca699eaf07e42dd8f820bddee?s=96&d=mm&r=g\",\"caption\":\"expreso\"},\"url\":\"https:\/\/expresorgv.online\/home\/blog\/author\/expreso\/\"}]}<\/script>\n<!-- \/ Yoast SEO plugin. -->","yoast_head_json":{"title":"Exjefe de la DEA pide que M\u00e9xico entregue Rocha Moya: \u2018Necesita enfrentar un juicio en EU\u2019 -","robots":{"index":"index","follow":"follow","max-snippet":"max-snippet:-1","max-image-preview":"max-image-preview:large","max-video-preview":"max-video-preview:-1"},"canonical":"https:\/\/expresorgv.online\/home\/blog\/2026\/08\/31\/exjefe-de-la-dea-pide-que-mexico-entregue-rocha-moya-necesita-enfrentar-un-juicio-en-eu\/","og_locale":"es_ES","og_type":"article","og_title":"Exjefe de la DEA pide que M\u00e9xico entregue Rocha Moya: \u2018Necesita enfrentar un juicio en EU\u2019","og_description":"Derek Maltz, extitular de la DEA, considera que M\u00e9xico debe mandar a EU a Rub\u00e9n Rocha Moya, gobernador de Sinaloa con licencia, para ser juzgado por las acusaciones de presuntos nexos con Los Chapitos. En sus redes sociales, el exfuncionario escribi\u00f3 que espera que Rub\u00e9n Rocha sea expulsado de M\u00e9xico y enviado a Nueva York [&hellip;]","og_url":"https:\/\/expresorgv.online\/home\/blog\/2026\/08\/31\/exjefe-de-la-dea-pide-que-mexico-entregue-rocha-moya-necesita-enfrentar-un-juicio-en-eu\/","article_published_time":"2026-08-31T04:47:09+00:00","og_image":[{"width":540,"height":300,"url":"https:\/\/expresorgv.online\/home\/wp-content\/uploads\/2026\/08\/31082026ExJefeDea.png","type":"image\/png"}],"author":"expreso","twitter_card":"summary_large_image","twitter_misc":{"Escrito por":"expreso","Tiempo de lectura":"2 minutos"},"schema":{"@context":"https:\/\/schema.org","@graph":[{"@type":"Article","@id":"https:\/\/expresorgv.online\/home\/blog\/2026\/08\/31\/exjefe-de-la-dea-pide-que-mexico-entregue-rocha-moya-necesita-enfrentar-un-juicio-en-eu\/#article","isPartOf":{"@id":"https:\/\/expresorgv.online\/home\/blog\/2026\/08\/31\/exjefe-de-la-dea-pide-que-mexico-entregue-rocha-moya-necesita-enfrentar-un-juicio-en-eu\/"},"author":{"name":"expreso","@id":"https:\/\/expresorgv.online\/home\/#\/schema\/person\/ae1ed1a575540204b5f59dca7f91f6a2"},"headline":"Exjefe de la DEA pide que M\u00e9xico entregue Rocha Moya: \u2018Necesita enfrentar un juicio en EU\u2019","datePublished":"2026-08-31T04:47:09+00:00","mainEntityOfPage":{"@id":"https:\/\/expresorgv.online\/home\/blog\/2026\/08\/31\/exjefe-de-la-dea-pide-que-mexico-entregue-rocha-moya-necesita-enfrentar-un-juicio-en-eu\/"},"wordCount":356,"commentCount":0,"image":{"@id":"https:\/\/expresorgv.online\/home\/blog\/2026\/08\/31\/exjefe-de-la-dea-pide-que-mexico-entregue-rocha-moya-necesita-enfrentar-un-juicio-en-eu\/#primaryimage"},"thumbnailUrl":"https:\/\/i0.wp.com\/expresorgv.online\/home\/wp-content\/uploads\/2026\/08\/31082026ExJefeDea.png?fit=540%2C300&ssl=1","articleSection":["INTERNACIONAL"],"inLanguage":"es","potentialAction":[{"@type":"CommentAction","name":"Comment","target":["https:\/\/expresorgv.online\/home\/blog\/2026\/08\/31\/exjefe-de-la-dea-pide-que-mexico-entregue-rocha-moya-necesita-enfrentar-un-juicio-en-eu\/#respond"]}]},{"@type":"WebPage","@id":"https:\/\/expresorgv.online\/home\/blog\/2026\/08\/31\/exjefe-de-la-dea-pide-que-mexico-entregue-rocha-moya-necesita-enfrentar-un-juicio-en-eu\/","url":"https:\/\/expresorgv.online\/home\/blog\/2026\/08\/31\/exjefe-de-la-dea-pide-que-mexico-entregue-rocha-moya-necesita-enfrentar-un-juicio-en-eu\/","name":"Exjefe de la DEA pide que M\u00e9xico entregue Rocha Moya: \u2018Necesita enfrentar un juicio en EU\u2019 -","isPartOf":{"@id":"https:\/\/expresorgv.online\/home\/#website"},"primaryImageOfPage":{"@id":"https:\/\/expresorgv.online\/home\/blog\/2026\/08\/31\/exjefe-de-la-dea-pide-que-mexico-entregue-rocha-moya-necesita-enfrentar-un-juicio-en-eu\/#primaryimage"},"image":{"@id":"https:\/\/expresorgv.online\/home\/blog\/2026\/08\/31\/exjefe-de-la-dea-pide-que-mexico-entregue-rocha-moya-necesita-enfrentar-un-juicio-en-eu\/#primaryimage"},"thumbnailUrl":"https:\/\/i0.wp.com\/expresorgv.online\/home\/wp-content\/uploads\/2026\/08\/31082026ExJefeDea.png?fit=540%2C300&ssl=1","datePublished":"2026-08-31T04:47:09+00:00","author":{"@id":"https:\/\/expresorgv.online\/home\/#\/schema\/person\/ae1ed1a575540204b5f59dca7f91f6a2"},"breadcrumb":{"@id":"https:\/\/expresorgv.online\/home\/blog\/2026\/08\/31\/exjefe-de-la-dea-pide-que-mexico-entregue-rocha-moya-necesita-enfrentar-un-juicio-en-eu\/#breadcrumb"},"inLanguage":"es","potentialAction":[{"@type":"ReadAction","target":["https:\/\/expresorgv.online\/home\/blog\/2026\/08\/31\/exjefe-de-la-dea-pide-que-mexico-entregue-rocha-moya-necesita-enfrentar-un-juicio-en-eu\/"]}]},{"@type":"ImageObject","inLanguage":"es","@id":"https:\/\/expresorgv.online\/home\/blog\/2026\/08\/31\/exjefe-de-la-dea-pide-que-mexico-entregue-rocha-moya-necesita-enfrentar-un-juicio-en-eu\/#primaryimage","url":"https:\/\/i0.wp.com\/expresorgv.online\/home\/wp-content\/uploads\/2026\/08\/31082026ExJefeDea.png?fit=540%2C300&ssl=1","contentUrl":"https:\/\/i0.wp.com\/expresorgv.online\/home\/wp-content\/uploads\/2026\/08\/31082026ExJefeDea.png?fit=540%2C300&ssl=1","width":540,"height":300},{"@type":"BreadcrumbList","@id":"https:\/\/expresorgv.online\/home\/blog\/2026\/08\/31\/exjefe-de-la-dea-pide-que-mexico-entregue-rocha-moya-necesita-enfrentar-un-juicio-en-eu\/#breadcrumb","itemListElement":[{"@type":"ListItem","position":1,"name":"Home","item":"https:\/\/expresorgv.online\/home\/"},{"@type":"ListItem","position":2,"name":"Exjefe de la DEA pide que M\u00e9xico entregue Rocha Moya: \u2018Necesita enfrentar un juicio en EU\u2019"}]},{"@type":"WebSite","@id":"https:\/\/expresorgv.online\/home\/#website","url":"https:\/\/expresorgv.online\/home\/","name":"","description":"","potentialAction":[{"@type":"SearchAction","target":{"@type":"EntryPoint","urlTemplate":"https:\/\/expresorgv.online\/home\/?s={search_term_string}"},"query-input":{"@type":"PropertyValueSpecification","valueRequired":true,"valueName":"search_term_string"}}],"inLanguage":"es"},{"@type":"Person","@id":"https:\/\/expresorgv.online\/home\/#\/schema\/person\/ae1ed1a575540204b5f59dca7f91f6a2","name":"expreso","image":{"@type":"ImageObject","inLanguage":"es","@id":"https:\/\/secure.gravatar.com\/avatar\/88cd9f065dcd1b722cd984aac4181386a800c0bca699eaf07e42dd8f820bddee?s=96&d=mm&r=g","url":"https:\/\/secure.gravatar.com\/avatar\/88cd9f065dcd1b722cd984aac4181386a800c0bca699eaf07e42dd8f820bddee?s=96&d=mm&r=g","contentUrl":"https:\/\/secure.gravatar.com\/avatar\/88cd9f065dcd1b722cd984aac4181386a800c0bca699eaf07e42dd8f820bddee?s=96&d=mm&r=g","caption":"expreso"},"url":"https:\/\/expresorgv.online\/home\/blog\/author\/expreso\/"}]}},"jetpack_featured_media_url":"https:\/\/i0.wp.com\/expresorgv.online\/home\/wp-content\/uploads\/2026\/08\/31082026ExJefeDea.png?fit=540%2C300&ssl=1","_links":{"self":[{"href":"https:\/\/expresorgv.online\/home\/wp-json\/wp\/v2\/posts\/38318","targetHints":{"allow":["GET"]}}],"collection":[{"href":"https:\/\/expresorgv.online\/home\/wp-json\/wp\/v2\/posts"}],"about":[{"href":"https:\/\/expresorgv.online\/home\/wp-json\/wp\/v2\/types\/post"}],"author":[{"embeddable":true,"href":"https:\/\/expresorgv.online\/home\/wp-json\/wp\/v2\/users\/2"}],"replies":[{"embeddable":true,"href":"https:\/\/expresorgv.online\/home\/wp-json\/wp\/v2\/comments?post=38318"}],"version-history":[{"count":1,"href":"https:\/\/expresorgv.online\/home\/wp-json\/wp\/v2\/posts\/38318\/revisions"}],"predecessor-version":[{"id":38319,"href":"https:\/\/expresorgv.online\/home\/wp-json\/wp\/v2\/posts\/38318\/revisions\/38319"}],"wp:featuredmedia":[{"embeddable":true,"href":"https:\/\/expresorgv.online\/home\/wp-json\/wp\/v2\/media\/38308"}],"wp:attachment":[{"href":"https:\/\/expresorgv.online\/home\/wp-json\/wp\/v2\/media?parent=38318"}],"wp:term":[{"taxonomy":"category","embeddable":true,"href":"https:\/\/expresorgv.online\/home\/wp-json\/wp\/v2\/categories?post=38318"},{"taxonomy":"post_tag","embeddable":true,"href":"https:\/\/expresorgv.online\/home\/wp-json\/wp\/v2\/tags?post=38318"}],"curies":[{"name":"wp","href":"https:\/\/api.w.org\/{rel}","templated":true}]}}