{"id":38316,"date":"2026-08-31T04:45:23","date_gmt":"2026-08-31T04:45:23","guid":{"rendered":"https:\/\/expresorgv.online\/home\/?p=38316"},"modified":"2026-08-31T04:45:24","modified_gmt":"2026-08-31T04:45:24","slug":"congreso-recibe-reforma-de-sheinbaum-sobre-nacionalidad-unica-para-presidentes-y-gobernadores","status":"publish","type":"post","link":"https:\/\/expresorgv.online\/home\/blog\/2026\/08\/31\/congreso-recibe-reforma-de-sheinbaum-sobre-nacionalidad-unica-para-presidentes-y-gobernadores\/","title":{"rendered":"Congreso recibe reforma de Sheinbaum sobre nacionalidad \u00fanica para presidentes y gobernadores"},"content":{"rendered":"\n<p class=\"wp-block-paragraph\">La presidenta Claudia Sheinbaum envi\u00f3 al Senado la iniciativa de reforma constitucional para establecer la <strong>nacionalidad \u00fanica como requisito<\/strong> para ejercer la titularidad de los Poderes Ejecutivos federal y locales, inform\u00f3 este domingo la presidenta de la Mesa Directiva de la Comisi\u00f3n Permanente del Congreso de la Uni\u00f3n, Laura Itzel Castillo.<\/p>\n\n\n\n<p class=\"wp-block-paragraph\">A trav\u00e9s de su cuenta de X, la legisladora inform\u00f3 que este 30 de agosto el Senado recibi\u00f3 la Iniciativa con Proyecto de Decreto por el que <strong>se reforman y adicionan los art\u00edculos 82, 116 y 122<\/strong> de la Constituci\u00f3n Pol\u00edtica de los Estados Unidos Mexicanos, en Materia de Nacionalidad \u00danica para el Ejercicio de la Titularidad de los Poderes Ejecutivos Federal y Locales.<\/p>\n\n\n\n<p class=\"wp-block-paragraph\">\u201cEsta reforma constitucional busca garantizar que quien ejerza la titularidad de estos Poderes<strong> no tenga doble nacionalidad y, por tanto, conflicto de inter\u00e9s con una naci\u00f3n extranjera\u201d,<\/strong> se\u00f1al\u00f3 Castillo.<\/p>\n\n\n\n<p class=\"wp-block-paragraph\">La presidenta de la Comisi\u00f3n Permanente precis\u00f3 que el proyecto<strong> ser\u00e1 remitido a la C\u00e1mara de Diputados<\/strong> para su dictamen.<\/p>\n\n\n\n<p class=\"wp-block-paragraph\">La iniciativa fue anunciada la semana pasada por la presidenta Claudia Sheinbaum, quien plante\u00f3<strong> impedir<\/strong> que quienes aspiren a la Presidencia de M\u00e9xico, a una gubernatura o a la Jefatura de Gobierno de la Ciudad de M\u00e9xico mantengan una doble nacionalidad.<\/p>\n\n\n\n<p class=\"wp-block-paragraph\">La propuesta establece que las personas candidatas<strong> deber\u00e1n renunciar a cualquier otra nacionalidad<\/strong> antes de solicitar su registro electoral y conservar \u00fanicamente la mexicana durante el ejercicio del cargo.<\/p>\n\n\n\n<p class=\"wp-block-paragraph\">Durante la presentaci\u00f3n de la iniciativa, la consejera jur\u00eddica del Ejecutivo Federal, Luisa Mar\u00eda Alcalde Luj\u00e1n, explic\u00f3 que actualmente los art\u00edculos 82, 116 y 122 de la Constituci\u00f3n establecen requisitos relacionados con la nacionalidad para ocupar la Presidencia, las gubernaturas y la Jefatura de Gobierno, mientras que el art\u00edculo 32 se\u00f1ala que los cargos que requieren ser mexicano por nacimiento est\u00e1n <strong>reservados a quienes tengan esa calidad y no adquieran otra nacionalidad.<\/strong><\/p>\n\n\n\n<p class=\"wp-block-paragraph\">De acuerdo con Alcalde, esta redacci\u00f3n <strong>ha generado \u201cun vac\u00edo\u201d y \u201cconfusiones interpretativas\u201d,<\/strong> debido a que no establece expresamente qu\u00e9 debe ocurrir cuando una persona mexicana por nacimiento tambi\u00e9n posee otra nacionalidad.<\/p>\n\n\n\n<p class=\"wp-block-paragraph\">Por ello, la propuesta plantea que para ocupar la Presidencia se deber\u00e1 ser mexicano por nacimiento, estar en pleno goce de los derechos, ser hijo o hija de padre o madre mexicanos, no tener ni adquirir otra nacionalidad y, en caso de contar con una, <strong>renunciar a ella antes de solicitar el registro como candidato.<\/strong><\/p>\n\n\n\n<p class=\"wp-block-paragraph\">El mismo requisito se extender\u00eda a las<strong> gubernaturas de los estados y a la Jefatura de Gobierno<\/strong> de la Ciudad de M\u00e9xico.<\/p>\n\n\n\n<p class=\"wp-block-paragraph\">La iniciativa tambi\u00e9n establece restricciones durante el ejercicio del cargo. La persona gobernante no podr\u00eda adquirir ni solicitar otra nacionalidad, invocarla ante autoridades extranjeras, utilizar un pasaporte o documento de identidad expedido por otro Estado, ejercer ante ese pa\u00eds los derechos pol\u00edticos derivados de su ciudadan\u00eda <strong>ni acogerse a su protecci\u00f3n diplom\u00e1tica.<\/strong><\/p>\n\n\n\n<p class=\"wp-block-paragraph\">El incumplimiento de estas disposiciones ser\u00eda <strong>sancionado conforme al T\u00edtulo Cuarto<\/strong> de la Constituci\u00f3n, relativo a las responsabilidades de los servidores p\u00fablicos.<\/p>\n\n\n\n<p class=\"wp-block-paragraph\">Alcalde adelant\u00f3 que, una vez aprobada la reforma constitucional, el gobierno propondr\u00e1 modificaciones a la Ley de Nacionalidad para establecer el procedimiento mediante el cual una persona con doble nacionalidad pueda<strong> renunciar a una de ellas ante las autoridades correspondientes.<\/strong><\/p>\n\n\n\n<p class=\"wp-block-paragraph\">El procedimiento incluir\u00eda acudir ante el <strong>Instituto Nacional Electoral (INE)<\/strong> antes de solicitar el registro como candidato y cumplir con los requisitos para acreditar la renuncia a la otra nacionalidad.<\/p>\n\n\n\n<p class=\"wp-block-paragraph\">Sheinbaum explic\u00f3 que la propuesta busca garantizar que quienes encabecen los Poderes Ejecutivos federal y estatales <strong>antepongan los intereses de M\u00e9xico a los de cualquier otro pa\u00eds<\/strong>. La presidenta se\u00f1al\u00f3 que la iniciativa fue preparada por la consejera jur\u00eddica Luisa Mar\u00eda Alcalde, con la revisi\u00f3n del coordinador general de Pol\u00edtica y Gobierno<strong>, Arturo Zald\u00edvar,<\/strong> ministro en retiro de la Suprema Corte.<\/p>\n\n\n\n<p class=\"wp-block-paragraph\">La discusi\u00f3n sobre la doble nacionalidad para quienes ocupen cargos ejecutivos se produjo despu\u00e9s de que Sheinbaum planteara el pasado 25 de agosto la posibilidad de establecer esta restricci\u00f3n. Al d\u00eda siguiente, sostuvo que la medida buscaba <strong>cerrar una posible puerta al \u201cinjerencismo\u201d extranjero.<\/strong><\/p>\n\n\n\n<p class=\"wp-block-paragraph\">La presidenta se refiri\u00f3 al exgobernador de Tamaulipas, <strong>Francisco Javier Garc\u00eda Cabeza de Vaca,<\/strong> quien cuenta con nacionalidad mexicana y estadounidense y cuya extradici\u00f3n ha sido solicitada por M\u00e9xico a Estados Unidos.<\/p>\n\n\n\n<p class=\"wp-block-paragraph\">El exmandatario afirm\u00f3 en&nbsp;<em>Aristegui en Vivo<\/em> que quiere participar en la contienda por la<strong> Presidencia de M\u00e9xico en 2030 y<\/strong> asegur\u00f3 que trabaja en la construcci\u00f3n de un movimiento opositor que permita una alternancia pol\u00edtica, al tiempo que acus\u00f3 al gobierno de Claudia Sheinbaum de impulsar una reforma sobre la doble nacionalidad con dedicatoria hacia personas que, como \u00e9l,<strong> tienen ciudadan\u00eda estadounidense.<\/strong><\/p>\n\n\n\n<p class=\"wp-block-paragraph\">Consider\u00f3 que la propuesta tiene un destinatario espec\u00edfico debido a que, seg\u00fan dijo, la discusi\u00f3n est\u00e1 <strong>relacionada principalmente con la nacionalidad estadounidense.<\/strong><\/p>\n\n\n\n<p class=\"wp-block-paragraph\"><strong>\u201cPues pareciera ser que hay una fobia, \u00bfno?<\/strong> Por parte del gobierno y en este caso, pero lo est\u00e1 demostrando la presidenta porque, pues, trae nombre y apellido, \u00bfno?\u201d, afirm\u00f3.<\/p>\n\n\n\n<p class=\"wp-block-paragraph\">En su mensaje de este domingo, Laura Itzel Castillo tambi\u00e9n inform\u00f3 que la Comisi\u00f3n Permanente recibi\u00f3 del Ejecutivo Federal otra iniciativa para reformar, adicionar y derogar diversas disposiciones de la <strong>Ley de Inversi\u00f3n Extranjera.<\/strong><\/p>\n\n\n\n<p class=\"wp-block-paragraph\">Seg\u00fan la legisladora, esta propuesta busca otorgar nuevas atribuciones a la Comisi\u00f3n Nacional de Inversiones Extranjeras <strong>\u201ca fin de proporcionar mayor certeza jur\u00eddica a las inversiones extranjeras en nuestro pa\u00eds\u201d. <\/strong>Castillo indic\u00f3 que esta segunda iniciativa ser\u00e1 dictaminada en el Senado.<\/p>\n","protected":false},"excerpt":{"rendered":"<p>La presidenta Claudia Sheinbaum envi\u00f3 al Senado la iniciativa de reforma constitucional para establecer la nacionalidad \u00fanica como requisito para ejercer la titularidad de los Poderes Ejecutivos federal y locales, inform\u00f3 este domingo la presidenta de la Mesa Directiva de la Comisi\u00f3n Permanente del Congreso de la Uni\u00f3n, Laura Itzel Castillo. A trav\u00e9s de su [&hellip;]<\/p>\n","protected":false},"author":2,"featured_media":38309,"comment_status":"open","ping_status":"open","sticky":false,"template":"","format":"standard","meta":{"footnotes":""},"categories":[6],"tags":[],"class_list":["post-38316","post","type-post","status-publish","format-standard","has-post-thumbnail","hentry","category-nacional"],"yoast_head":"<!-- This site is optimized with the Yoast SEO plugin v27.2 - https:\/\/yoast.com\/product\/yoast-seo-wordpress\/ -->\n<title>Congreso recibe reforma de Sheinbaum sobre nacionalidad \u00fanica para presidentes y gobernadores -<\/title>\n<meta name=\"robots\" content=\"index, follow, max-snippet:-1, max-image-preview:large, max-video-preview:-1\" \/>\n<link rel=\"canonical\" href=\"https:\/\/expresorgv.online\/home\/blog\/2026\/08\/31\/congreso-recibe-reforma-de-sheinbaum-sobre-nacionalidad-unica-para-presidentes-y-gobernadores\/\" \/>\n<meta property=\"og:locale\" content=\"es_ES\" \/>\n<meta property=\"og:type\" content=\"article\" \/>\n<meta property=\"og:title\" content=\"Congreso recibe reforma de Sheinbaum sobre nacionalidad \u00fanica para presidentes y gobernadores\" \/>\n<meta property=\"og:description\" content=\"La presidenta Claudia Sheinbaum envi\u00f3 al Senado la iniciativa de reforma constitucional para establecer la nacionalidad \u00fanica como requisito para ejercer la titularidad de los Poderes Ejecutivos federal y locales, inform\u00f3 este domingo la presidenta de la Mesa Directiva de la Comisi\u00f3n Permanente del Congreso de la Uni\u00f3n, Laura Itzel Castillo. A trav\u00e9s de su [&hellip;]\" \/>\n<meta property=\"og:url\" content=\"https:\/\/expresorgv.online\/home\/blog\/2026\/08\/31\/congreso-recibe-reforma-de-sheinbaum-sobre-nacionalidad-unica-para-presidentes-y-gobernadores\/\" \/>\n<meta property=\"article:published_time\" content=\"2026-08-31T04:45:23+00:00\" \/>\n<meta property=\"article:modified_time\" content=\"2026-08-31T04:45:24+00:00\" \/>\n<meta property=\"og:image\" content=\"https:\/\/expresorgv.online\/home\/wp-content\/uploads\/2026\/08\/31082026IniciativaNacionalidad.png\" \/>\n\t<meta property=\"og:image:width\" content=\"540\" \/>\n\t<meta property=\"og:image:height\" content=\"300\" \/>\n\t<meta property=\"og:image:type\" content=\"image\/png\" \/>\n<meta name=\"author\" content=\"expreso\" \/>\n<meta name=\"twitter:card\" content=\"summary_large_image\" \/>\n<meta name=\"twitter:label1\" content=\"Escrito por\" \/>\n\t<meta name=\"twitter:data1\" content=\"expreso\" \/>\n\t<meta name=\"twitter:label2\" content=\"Tiempo de lectura\" \/>\n\t<meta name=\"twitter:data2\" content=\"5 minutos\" \/>\n<script type=\"application\/ld+json\" class=\"yoast-schema-graph\">{\"@context\":\"https:\/\/schema.org\",\"@graph\":[{\"@type\":\"Article\",\"@id\":\"https:\/\/expresorgv.online\/home\/blog\/2026\/08\/31\/congreso-recibe-reforma-de-sheinbaum-sobre-nacionalidad-unica-para-presidentes-y-gobernadores\/#article\",\"isPartOf\":{\"@id\":\"https:\/\/expresorgv.online\/home\/blog\/2026\/08\/31\/congreso-recibe-reforma-de-sheinbaum-sobre-nacionalidad-unica-para-presidentes-y-gobernadores\/\"},\"author\":{\"name\":\"expreso\",\"@id\":\"https:\/\/expresorgv.online\/home\/#\/schema\/person\/ae1ed1a575540204b5f59dca7f91f6a2\"},\"headline\":\"Congreso recibe reforma de Sheinbaum sobre nacionalidad \u00fanica para presidentes y gobernadores\",\"datePublished\":\"2026-08-31T04:45:23+00:00\",\"dateModified\":\"2026-08-31T04:45:24+00:00\",\"mainEntityOfPage\":{\"@id\":\"https:\/\/expresorgv.online\/home\/blog\/2026\/08\/31\/congreso-recibe-reforma-de-sheinbaum-sobre-nacionalidad-unica-para-presidentes-y-gobernadores\/\"},\"wordCount\":958,\"commentCount\":0,\"image\":{\"@id\":\"https:\/\/expresorgv.online\/home\/blog\/2026\/08\/31\/congreso-recibe-reforma-de-sheinbaum-sobre-nacionalidad-unica-para-presidentes-y-gobernadores\/#primaryimage\"},\"thumbnailUrl\":\"https:\/\/i0.wp.com\/expresorgv.online\/home\/wp-content\/uploads\/2026\/08\/31082026IniciativaNacionalidad.png?fit=540%2C300&ssl=1\",\"articleSection\":[\"NACIONAL\"],\"inLanguage\":\"es\",\"potentialAction\":[{\"@type\":\"CommentAction\",\"name\":\"Comment\",\"target\":[\"https:\/\/expresorgv.online\/home\/blog\/2026\/08\/31\/congreso-recibe-reforma-de-sheinbaum-sobre-nacionalidad-unica-para-presidentes-y-gobernadores\/#respond\"]}]},{\"@type\":\"WebPage\",\"@id\":\"https:\/\/expresorgv.online\/home\/blog\/2026\/08\/31\/congreso-recibe-reforma-de-sheinbaum-sobre-nacionalidad-unica-para-presidentes-y-gobernadores\/\",\"url\":\"https:\/\/expresorgv.online\/home\/blog\/2026\/08\/31\/congreso-recibe-reforma-de-sheinbaum-sobre-nacionalidad-unica-para-presidentes-y-gobernadores\/\",\"name\":\"Congreso recibe reforma de Sheinbaum sobre nacionalidad \u00fanica para presidentes y gobernadores -\",\"isPartOf\":{\"@id\":\"https:\/\/expresorgv.online\/home\/#website\"},\"primaryImageOfPage\":{\"@id\":\"https:\/\/expresorgv.online\/home\/blog\/2026\/08\/31\/congreso-recibe-reforma-de-sheinbaum-sobre-nacionalidad-unica-para-presidentes-y-gobernadores\/#primaryimage\"},\"image\":{\"@id\":\"https:\/\/expresorgv.online\/home\/blog\/2026\/08\/31\/congreso-recibe-reforma-de-sheinbaum-sobre-nacionalidad-unica-para-presidentes-y-gobernadores\/#primaryimage\"},\"thumbnailUrl\":\"https:\/\/i0.wp.com\/expresorgv.online\/home\/wp-content\/uploads\/2026\/08\/31082026IniciativaNacionalidad.png?fit=540%2C300&ssl=1\",\"datePublished\":\"2026-08-31T04:45:23+00:00\",\"dateModified\":\"2026-08-31T04:45:24+00:00\",\"author\":{\"@id\":\"https:\/\/expresorgv.online\/home\/#\/schema\/person\/ae1ed1a575540204b5f59dca7f91f6a2\"},\"breadcrumb\":{\"@id\":\"https:\/\/expresorgv.online\/home\/blog\/2026\/08\/31\/congreso-recibe-reforma-de-sheinbaum-sobre-nacionalidad-unica-para-presidentes-y-gobernadores\/#breadcrumb\"},\"inLanguage\":\"es\",\"potentialAction\":[{\"@type\":\"ReadAction\",\"target\":[\"https:\/\/expresorgv.online\/home\/blog\/2026\/08\/31\/congreso-recibe-reforma-de-sheinbaum-sobre-nacionalidad-unica-para-presidentes-y-gobernadores\/\"]}]},{\"@type\":\"ImageObject\",\"inLanguage\":\"es\",\"@id\":\"https:\/\/expresorgv.online\/home\/blog\/2026\/08\/31\/congreso-recibe-reforma-de-sheinbaum-sobre-nacionalidad-unica-para-presidentes-y-gobernadores\/#primaryimage\",\"url\":\"https:\/\/i0.wp.com\/expresorgv.online\/home\/wp-content\/uploads\/2026\/08\/31082026IniciativaNacionalidad.png?fit=540%2C300&ssl=1\",\"contentUrl\":\"https:\/\/i0.wp.com\/expresorgv.online\/home\/wp-content\/uploads\/2026\/08\/31082026IniciativaNacionalidad.png?fit=540%2C300&ssl=1\",\"width\":540,\"height\":300},{\"@type\":\"BreadcrumbList\",\"@id\":\"https:\/\/expresorgv.online\/home\/blog\/2026\/08\/31\/congreso-recibe-reforma-de-sheinbaum-sobre-nacionalidad-unica-para-presidentes-y-gobernadores\/#breadcrumb\",\"itemListElement\":[{\"@type\":\"ListItem\",\"position\":1,\"name\":\"Home\",\"item\":\"https:\/\/expresorgv.online\/home\/\"},{\"@type\":\"ListItem\",\"position\":2,\"name\":\"Congreso recibe reforma de Sheinbaum sobre nacionalidad \u00fanica para presidentes y gobernadores\"}]},{\"@type\":\"WebSite\",\"@id\":\"https:\/\/expresorgv.online\/home\/#website\",\"url\":\"https:\/\/expresorgv.online\/home\/\",\"name\":\"\",\"description\":\"\",\"potentialAction\":[{\"@type\":\"SearchAction\",\"target\":{\"@type\":\"EntryPoint\",\"urlTemplate\":\"https:\/\/expresorgv.online\/home\/?s={search_term_string}\"},\"query-input\":{\"@type\":\"PropertyValueSpecification\",\"valueRequired\":true,\"valueName\":\"search_term_string\"}}],\"inLanguage\":\"es\"},{\"@type\":\"Person\",\"@id\":\"https:\/\/expresorgv.online\/home\/#\/schema\/person\/ae1ed1a575540204b5f59dca7f91f6a2\",\"name\":\"expreso\",\"image\":{\"@type\":\"ImageObject\",\"inLanguage\":\"es\",\"@id\":\"https:\/\/secure.gravatar.com\/avatar\/88cd9f065dcd1b722cd984aac4181386a800c0bca699eaf07e42dd8f820bddee?s=96&d=mm&r=g\",\"url\":\"https:\/\/secure.gravatar.com\/avatar\/88cd9f065dcd1b722cd984aac4181386a800c0bca699eaf07e42dd8f820bddee?s=96&d=mm&r=g\",\"contentUrl\":\"https:\/\/secure.gravatar.com\/avatar\/88cd9f065dcd1b722cd984aac4181386a800c0bca699eaf07e42dd8f820bddee?s=96&d=mm&r=g\",\"caption\":\"expreso\"},\"url\":\"https:\/\/expresorgv.online\/home\/blog\/author\/expreso\/\"}]}<\/script>\n<!-- \/ Yoast SEO plugin. -->","yoast_head_json":{"title":"Congreso recibe reforma de Sheinbaum sobre nacionalidad \u00fanica para presidentes y gobernadores -","robots":{"index":"index","follow":"follow","max-snippet":"max-snippet:-1","max-image-preview":"max-image-preview:large","max-video-preview":"max-video-preview:-1"},"canonical":"https:\/\/expresorgv.online\/home\/blog\/2026\/08\/31\/congreso-recibe-reforma-de-sheinbaum-sobre-nacionalidad-unica-para-presidentes-y-gobernadores\/","og_locale":"es_ES","og_type":"article","og_title":"Congreso recibe reforma de Sheinbaum sobre nacionalidad \u00fanica para presidentes y gobernadores","og_description":"La presidenta Claudia Sheinbaum envi\u00f3 al Senado la iniciativa de reforma constitucional para establecer la nacionalidad \u00fanica como requisito para ejercer la titularidad de los Poderes Ejecutivos federal y locales, inform\u00f3 este domingo la presidenta de la Mesa Directiva de la Comisi\u00f3n Permanente del Congreso de la Uni\u00f3n, Laura Itzel Castillo. A trav\u00e9s de su [&hellip;]","og_url":"https:\/\/expresorgv.online\/home\/blog\/2026\/08\/31\/congreso-recibe-reforma-de-sheinbaum-sobre-nacionalidad-unica-para-presidentes-y-gobernadores\/","article_published_time":"2026-08-31T04:45:23+00:00","article_modified_time":"2026-08-31T04:45:24+00:00","og_image":[{"width":540,"height":300,"url":"https:\/\/expresorgv.online\/home\/wp-content\/uploads\/2026\/08\/31082026IniciativaNacionalidad.png","type":"image\/png"}],"author":"expreso","twitter_card":"summary_large_image","twitter_misc":{"Escrito por":"expreso","Tiempo de lectura":"5 minutos"},"schema":{"@context":"https:\/\/schema.org","@graph":[{"@type":"Article","@id":"https:\/\/expresorgv.online\/home\/blog\/2026\/08\/31\/congreso-recibe-reforma-de-sheinbaum-sobre-nacionalidad-unica-para-presidentes-y-gobernadores\/#article","isPartOf":{"@id":"https:\/\/expresorgv.online\/home\/blog\/2026\/08\/31\/congreso-recibe-reforma-de-sheinbaum-sobre-nacionalidad-unica-para-presidentes-y-gobernadores\/"},"author":{"name":"expreso","@id":"https:\/\/expresorgv.online\/home\/#\/schema\/person\/ae1ed1a575540204b5f59dca7f91f6a2"},"headline":"Congreso recibe reforma de Sheinbaum sobre nacionalidad \u00fanica para presidentes y gobernadores","datePublished":"2026-08-31T04:45:23+00:00","dateModified":"2026-08-31T04:45:24+00:00","mainEntityOfPage":{"@id":"https:\/\/expresorgv.online\/home\/blog\/2026\/08\/31\/congreso-recibe-reforma-de-sheinbaum-sobre-nacionalidad-unica-para-presidentes-y-gobernadores\/"},"wordCount":958,"commentCount":0,"image":{"@id":"https:\/\/expresorgv.online\/home\/blog\/2026\/08\/31\/congreso-recibe-reforma-de-sheinbaum-sobre-nacionalidad-unica-para-presidentes-y-gobernadores\/#primaryimage"},"thumbnailUrl":"https:\/\/i0.wp.com\/expresorgv.online\/home\/wp-content\/uploads\/2026\/08\/31082026IniciativaNacionalidad.png?fit=540%2C300&ssl=1","articleSection":["NACIONAL"],"inLanguage":"es","potentialAction":[{"@type":"CommentAction","name":"Comment","target":["https:\/\/expresorgv.online\/home\/blog\/2026\/08\/31\/congreso-recibe-reforma-de-sheinbaum-sobre-nacionalidad-unica-para-presidentes-y-gobernadores\/#respond"]}]},{"@type":"WebPage","@id":"https:\/\/expresorgv.online\/home\/blog\/2026\/08\/31\/congreso-recibe-reforma-de-sheinbaum-sobre-nacionalidad-unica-para-presidentes-y-gobernadores\/","url":"https:\/\/expresorgv.online\/home\/blog\/2026\/08\/31\/congreso-recibe-reforma-de-sheinbaum-sobre-nacionalidad-unica-para-presidentes-y-gobernadores\/","name":"Congreso recibe reforma de Sheinbaum sobre nacionalidad \u00fanica para presidentes y gobernadores -","isPartOf":{"@id":"https:\/\/expresorgv.online\/home\/#website"},"primaryImageOfPage":{"@id":"https:\/\/expresorgv.online\/home\/blog\/2026\/08\/31\/congreso-recibe-reforma-de-sheinbaum-sobre-nacionalidad-unica-para-presidentes-y-gobernadores\/#primaryimage"},"image":{"@id":"https:\/\/expresorgv.online\/home\/blog\/2026\/08\/31\/congreso-recibe-reforma-de-sheinbaum-sobre-nacionalidad-unica-para-presidentes-y-gobernadores\/#primaryimage"},"thumbnailUrl":"https:\/\/i0.wp.com\/expresorgv.online\/home\/wp-content\/uploads\/2026\/08\/31082026IniciativaNacionalidad.png?fit=540%2C300&ssl=1","datePublished":"2026-08-31T04:45:23+00:00","dateModified":"2026-08-31T04:45:24+00:00","author":{"@id":"https:\/\/expresorgv.online\/home\/#\/schema\/person\/ae1ed1a575540204b5f59dca7f91f6a2"},"breadcrumb":{"@id":"https:\/\/expresorgv.online\/home\/blog\/2026\/08\/31\/congreso-recibe-reforma-de-sheinbaum-sobre-nacionalidad-unica-para-presidentes-y-gobernadores\/#breadcrumb"},"inLanguage":"es","potentialAction":[{"@type":"ReadAction","target":["https:\/\/expresorgv.online\/home\/blog\/2026\/08\/31\/congreso-recibe-reforma-de-sheinbaum-sobre-nacionalidad-unica-para-presidentes-y-gobernadores\/"]}]},{"@type":"ImageObject","inLanguage":"es","@id":"https:\/\/expresorgv.online\/home\/blog\/2026\/08\/31\/congreso-recibe-reforma-de-sheinbaum-sobre-nacionalidad-unica-para-presidentes-y-gobernadores\/#primaryimage","url":"https:\/\/i0.wp.com\/expresorgv.online\/home\/wp-content\/uploads\/2026\/08\/31082026IniciativaNacionalidad.png?fit=540%2C300&ssl=1","contentUrl":"https:\/\/i0.wp.com\/expresorgv.online\/home\/wp-content\/uploads\/2026\/08\/31082026IniciativaNacionalidad.png?fit=540%2C300&ssl=1","width":540,"height":300},{"@type":"BreadcrumbList","@id":"https:\/\/expresorgv.online\/home\/blog\/2026\/08\/31\/congreso-recibe-reforma-de-sheinbaum-sobre-nacionalidad-unica-para-presidentes-y-gobernadores\/#breadcrumb","itemListElement":[{"@type":"ListItem","position":1,"name":"Home","item":"https:\/\/expresorgv.online\/home\/"},{"@type":"ListItem","position":2,"name":"Congreso recibe reforma de Sheinbaum sobre nacionalidad \u00fanica para presidentes y gobernadores"}]},{"@type":"WebSite","@id":"https:\/\/expresorgv.online\/home\/#website","url":"https:\/\/expresorgv.online\/home\/","name":"","description":"","potentialAction":[{"@type":"SearchAction","target":{"@type":"EntryPoint","urlTemplate":"https:\/\/expresorgv.online\/home\/?s={search_term_string}"},"query-input":{"@type":"PropertyValueSpecification","valueRequired":true,"valueName":"search_term_string"}}],"inLanguage":"es"},{"@type":"Person","@id":"https:\/\/expresorgv.online\/home\/#\/schema\/person\/ae1ed1a575540204b5f59dca7f91f6a2","name":"expreso","image":{"@type":"ImageObject","inLanguage":"es","@id":"https:\/\/secure.gravatar.com\/avatar\/88cd9f065dcd1b722cd984aac4181386a800c0bca699eaf07e42dd8f820bddee?s=96&d=mm&r=g","url":"https:\/\/secure.gravatar.com\/avatar\/88cd9f065dcd1b722cd984aac4181386a800c0bca699eaf07e42dd8f820bddee?s=96&d=mm&r=g","contentUrl":"https:\/\/secure.gravatar.com\/avatar\/88cd9f065dcd1b722cd984aac4181386a800c0bca699eaf07e42dd8f820bddee?s=96&d=mm&r=g","caption":"expreso"},"url":"https:\/\/expresorgv.online\/home\/blog\/author\/expreso\/"}]}},"jetpack_featured_media_url":"https:\/\/i0.wp.com\/expresorgv.online\/home\/wp-content\/uploads\/2026\/08\/31082026IniciativaNacionalidad.png?fit=540%2C300&ssl=1","_links":{"self":[{"href":"https:\/\/expresorgv.online\/home\/wp-json\/wp\/v2\/posts\/38316","targetHints":{"allow":["GET"]}}],"collection":[{"href":"https:\/\/expresorgv.online\/home\/wp-json\/wp\/v2\/posts"}],"about":[{"href":"https:\/\/expresorgv.online\/home\/wp-json\/wp\/v2\/types\/post"}],"author":[{"embeddable":true,"href":"https:\/\/expresorgv.online\/home\/wp-json\/wp\/v2\/users\/2"}],"replies":[{"embeddable":true,"href":"https:\/\/expresorgv.online\/home\/wp-json\/wp\/v2\/comments?post=38316"}],"version-history":[{"count":1,"href":"https:\/\/expresorgv.online\/home\/wp-json\/wp\/v2\/posts\/38316\/revisions"}],"predecessor-version":[{"id":38317,"href":"https:\/\/expresorgv.online\/home\/wp-json\/wp\/v2\/posts\/38316\/revisions\/38317"}],"wp:featuredmedia":[{"embeddable":true,"href":"https:\/\/expresorgv.online\/home\/wp-json\/wp\/v2\/media\/38309"}],"wp:attachment":[{"href":"https:\/\/expresorgv.online\/home\/wp-json\/wp\/v2\/media?parent=38316"}],"wp:term":[{"taxonomy":"category","embeddable":true,"href":"https:\/\/expresorgv.online\/home\/wp-json\/wp\/v2\/categories?post=38316"},{"taxonomy":"post_tag","embeddable":true,"href":"https:\/\/expresorgv.online\/home\/wp-json\/wp\/v2\/tags?post=38316"}],"curies":[{"name":"wp","href":"https:\/\/api.w.org\/{rel}","templated":true}]}}