{"id":38314,"date":"2026-08-31T04:43:50","date_gmt":"2026-08-31T04:43:50","guid":{"rendered":"https:\/\/expresorgv.online\/home\/?p=38314"},"modified":"2026-08-31T04:43:51","modified_gmt":"2026-08-31T04:43:51","slug":"defensa-asegura-que-comando-norte-derribo-3-drones-de-carteles-en-territorio-soberano-de-eu","status":"publish","type":"post","link":"https:\/\/expresorgv.online\/home\/blog\/2026\/08\/31\/defensa-asegura-que-comando-norte-derribo-3-drones-de-carteles-en-territorio-soberano-de-eu\/","title":{"rendered":"Defensa asegura que Comando Norte derrib\u00f3 3 drones de c\u00e1rteles en \u2018territorio soberano\u2019 de EU"},"content":{"rendered":"\n<p class=\"wp-block-paragraph\">La <strong>Secretar\u00eda de la Defensa Nacional (Defensa)<\/strong> inform\u00f3 este s\u00e1bado 29 de agosto que fuerzas de Estados Unidos detectaron e inhabilitaron tres drones utilizados por traficantes de personas para vigilar a autoridades, durante operaciones realizadas en territorio estadounidense.<\/p>\n\n\n\n<p class=\"wp-block-paragraph\">En un comunicado, la dependencia indic\u00f3 que los hechos ocurrieron durante la noche del <strong>25 y 26 de agosto<\/strong>, en el marco de las operaciones concurrentes o \u201cespejo\u201d que realizan las <strong>Fuerzas Armadas de M\u00e9xico<\/strong> y Estados Unidos en la frontera com\u00fan.<\/p>\n\n\n\n<p class=\"wp-block-paragraph\">La Secretar\u00eda de Defensa se\u00f1al\u00f3 que los tres drones ten\u00edan caracter\u00edsticas comerciales y fueron detectados por la <strong>Fuerza de Tarea Conjunta Frontera Sur del Comando Norte de Estados Unidos<\/strong>, encargada de realizar estas operaciones en el lado estadounidense.<\/p>\n\n\n\n<h2 class=\"wp-block-heading\">Ej\u00e9rcito de EU detecta tres drones en la frontera<\/h2>\n\n\n\n<p class=\"wp-block-paragraph\">La dependencia explic\u00f3 que la informaci\u00f3n sobre los dispositivos fue comunicada por la Fuerza de Tarea Conjunta a trav\u00e9s de la <strong>Comandancia de la 8\/a. Zona Militar<\/strong>, con sede en Reynosa, Tamaulipas.<\/p>\n\n\n\n<p class=\"wp-block-paragraph\">Seg\u00fan el reporte, los drones fueron <strong>detectados e inhabilitados en territorio soberano de Estados Unidos<\/strong> y eran utilizados por traficantes de indocumentados para realizar labores de vigilancia sobre las autoridades.<\/p>\n\n\n\n<p class=\"wp-block-paragraph\">La Defensa aclar\u00f3 que estas acciones forman parte de la cooperaci\u00f3n bilateral entre M\u00e9xico y Estados Unidos para combatir el tr\u00e1fico de armas y drogas.<\/p>\n\n\n\n<h2 class=\"wp-block-heading\">\u00bfQu\u00e9 son las operaciones espejo entre M\u00e9xico y EU?<\/h2>\n\n\n\n<p class=\"wp-block-paragraph\">La Secretar\u00eda de la Defensa Nacional indic\u00f3 que desde el <strong>5 de febrero de 2025<\/strong> se llevan a cabo operaciones concurrentes entre las Fuerzas Armadas de ambos pa\u00edses y agencias estadounidenses encargadas del cumplimiento de la ley.<\/p>\n\n\n\n<p class=\"wp-block-paragraph\">Estas operaciones consisten en realizar <strong>reconocimientos simult\u00e1neos a lo largo de la frontera com\u00fan<\/strong>, con cada fuerza actuando dentro de su propio territorio.<\/p>\n\n\n\n<h2 class=\"wp-block-heading\">\u00bfQu\u00e9 se sabe del derribo de tres drones de c\u00e1rteles?<\/h2>\n\n\n\n<p class=\"wp-block-paragraph\">El Ej\u00e9rcito estadounidense utiliz\u00f3 un sistema l\u00e1ser para derribar tres drones relacionados con c\u00e1rteles de la droga mexicanos, que volaban cerca de la <strong>frontera entre Texas y M\u00e9xico<\/strong>, seg\u00fan informaron el viernes las autoridades militares.<\/p>\n\n\n\n<p class=\"wp-block-paragraph\">El operativo se llev\u00f3 a cabo entre la noche del martes y la madrugada del mi\u00e9rcoles pasado, en el que se utiliz\u00f3 el <strong>L\u00e1ser de Alta Energ\u00eda Multiprop\u00f3sito <\/strong>(AMP-HEL, por su siglas en ingl\u00e9s) del Ej\u00e9rcito, seg\u00fan dijo en un comunicado el Comando de Defensa Aeroespacial de Am\u00e9rica del Norte y el Comando Norte de Estados Unidos.<\/p>\n\n\n\n<p class=\"wp-block-paragraph\">Los drones interceptados hab\u00edan sido clasificados como una amenaza f\u00edsica para el personal militar y los agentes de la <strong>Oficina de Aduanas y Protecci\u00f3n Fronteriza <\/strong>(CBP).<\/p>\n\n\n\n<p class=\"wp-block-paragraph\">\u201cLa neutralizaci\u00f3n exitosa de estos drones hostiles es una prueba directa de la preparaci\u00f3n, la vigilancia y la ventaja tecnol\u00f3gica de la Fuerza de Tarea Conjunta\u201d, afirm\u00f3 el mayor general Curtis Taylor, comandante de la <strong>Fuerza de Tarea Conjunta \u2013 Frontera Sur<\/strong> (JTF-SB, en ingl\u00e9s).<\/p>\n\n\n\n<p class=\"wp-block-paragraph\">El operativo marc\u00f3 la primera vez que se usa el sistema AMP-HEL para neutralizar drones vinculados a c\u00e1rteles en la frontera sur.<\/p>\n\n\n\n<p class=\"wp-block-paragraph\">Taylor afirm\u00f3 que los carteles emplean cada vez m\u00e1s sistemas de aeronaves no tripuladas para facilitar el tr\u00e1fico il\u00edcito de personas y espiar activamente al personal militar y los agentes de CBP.<\/p>\n","protected":false},"excerpt":{"rendered":"<p>La Secretar\u00eda de la Defensa Nacional (Defensa) inform\u00f3 este s\u00e1bado 29 de agosto que fuerzas de Estados Unidos detectaron e inhabilitaron tres drones utilizados por traficantes de personas para vigilar a autoridades, durante operaciones realizadas en territorio estadounidense. En un comunicado, la dependencia indic\u00f3 que los hechos ocurrieron durante la noche del 25 y 26 [&hellip;]<\/p>\n","protected":false},"author":2,"featured_media":38307,"comment_status":"open","ping_status":"open","sticky":false,"template":"","format":"standard","meta":{"footnotes":""},"categories":[7],"tags":[],"class_list":["post-38314","post","type-post","status-publish","format-standard","has-post-thumbnail","hentry","category-internacional"],"yoast_head":"<!-- This site is optimized with the Yoast SEO plugin v27.2 - https:\/\/yoast.com\/product\/yoast-seo-wordpress\/ -->\n<title>Defensa asegura que Comando Norte derrib\u00f3 3 drones de c\u00e1rteles en \u2018territorio soberano\u2019 de EU -<\/title>\n<meta name=\"robots\" content=\"index, follow, max-snippet:-1, max-image-preview:large, max-video-preview:-1\" \/>\n<link rel=\"canonical\" href=\"https:\/\/expresorgv.online\/home\/blog\/2026\/08\/31\/defensa-asegura-que-comando-norte-derribo-3-drones-de-carteles-en-territorio-soberano-de-eu\/\" \/>\n<meta property=\"og:locale\" content=\"es_ES\" \/>\n<meta property=\"og:type\" content=\"article\" \/>\n<meta property=\"og:title\" content=\"Defensa asegura que Comando Norte derrib\u00f3 3 drones de c\u00e1rteles en \u2018territorio soberano\u2019 de EU\" \/>\n<meta property=\"og:description\" content=\"La Secretar\u00eda de la Defensa Nacional (Defensa) inform\u00f3 este s\u00e1bado 29 de agosto que fuerzas de Estados Unidos detectaron e inhabilitaron tres drones utilizados por traficantes de personas para vigilar a autoridades, durante operaciones realizadas en territorio estadounidense. En un comunicado, la dependencia indic\u00f3 que los hechos ocurrieron durante la noche del 25 y 26 [&hellip;]\" \/>\n<meta property=\"og:url\" content=\"https:\/\/expresorgv.online\/home\/blog\/2026\/08\/31\/defensa-asegura-que-comando-norte-derribo-3-drones-de-carteles-en-territorio-soberano-de-eu\/\" \/>\n<meta property=\"article:published_time\" content=\"2026-08-31T04:43:50+00:00\" \/>\n<meta property=\"article:modified_time\" content=\"2026-08-31T04:43:51+00:00\" \/>\n<meta property=\"og:image\" content=\"https:\/\/expresorgv.online\/home\/wp-content\/uploads\/2026\/08\/31082026Drones.png\" \/>\n\t<meta property=\"og:image:width\" content=\"540\" \/>\n\t<meta property=\"og:image:height\" content=\"300\" \/>\n\t<meta property=\"og:image:type\" content=\"image\/png\" \/>\n<meta name=\"author\" content=\"expreso\" \/>\n<meta name=\"twitter:card\" content=\"summary_large_image\" \/>\n<meta name=\"twitter:label1\" content=\"Escrito por\" \/>\n\t<meta name=\"twitter:data1\" content=\"expreso\" \/>\n\t<meta name=\"twitter:label2\" content=\"Tiempo de lectura\" \/>\n\t<meta name=\"twitter:data2\" content=\"3 minutos\" \/>\n<script type=\"application\/ld+json\" class=\"yoast-schema-graph\">{\"@context\":\"https:\/\/schema.org\",\"@graph\":[{\"@type\":\"Article\",\"@id\":\"https:\/\/expresorgv.online\/home\/blog\/2026\/08\/31\/defensa-asegura-que-comando-norte-derribo-3-drones-de-carteles-en-territorio-soberano-de-eu\/#article\",\"isPartOf\":{\"@id\":\"https:\/\/expresorgv.online\/home\/blog\/2026\/08\/31\/defensa-asegura-que-comando-norte-derribo-3-drones-de-carteles-en-territorio-soberano-de-eu\/\"},\"author\":{\"name\":\"expreso\",\"@id\":\"https:\/\/expresorgv.online\/home\/#\/schema\/person\/ae1ed1a575540204b5f59dca7f91f6a2\"},\"headline\":\"Defensa asegura que Comando Norte derrib\u00f3 3 drones de c\u00e1rteles en \u2018territorio soberano\u2019 de EU\",\"datePublished\":\"2026-08-31T04:43:50+00:00\",\"dateModified\":\"2026-08-31T04:43:51+00:00\",\"mainEntityOfPage\":{\"@id\":\"https:\/\/expresorgv.online\/home\/blog\/2026\/08\/31\/defensa-asegura-que-comando-norte-derribo-3-drones-de-carteles-en-territorio-soberano-de-eu\/\"},\"wordCount\":564,\"commentCount\":0,\"image\":{\"@id\":\"https:\/\/expresorgv.online\/home\/blog\/2026\/08\/31\/defensa-asegura-que-comando-norte-derribo-3-drones-de-carteles-en-territorio-soberano-de-eu\/#primaryimage\"},\"thumbnailUrl\":\"https:\/\/i0.wp.com\/expresorgv.online\/home\/wp-content\/uploads\/2026\/08\/31082026Drones.png?fit=540%2C300&ssl=1\",\"articleSection\":[\"INTERNACIONAL\"],\"inLanguage\":\"es\",\"potentialAction\":[{\"@type\":\"CommentAction\",\"name\":\"Comment\",\"target\":[\"https:\/\/expresorgv.online\/home\/blog\/2026\/08\/31\/defensa-asegura-que-comando-norte-derribo-3-drones-de-carteles-en-territorio-soberano-de-eu\/#respond\"]}]},{\"@type\":\"WebPage\",\"@id\":\"https:\/\/expresorgv.online\/home\/blog\/2026\/08\/31\/defensa-asegura-que-comando-norte-derribo-3-drones-de-carteles-en-territorio-soberano-de-eu\/\",\"url\":\"https:\/\/expresorgv.online\/home\/blog\/2026\/08\/31\/defensa-asegura-que-comando-norte-derribo-3-drones-de-carteles-en-territorio-soberano-de-eu\/\",\"name\":\"Defensa asegura que Comando Norte derrib\u00f3 3 drones de c\u00e1rteles en \u2018territorio soberano\u2019 de EU -\",\"isPartOf\":{\"@id\":\"https:\/\/expresorgv.online\/home\/#website\"},\"primaryImageOfPage\":{\"@id\":\"https:\/\/expresorgv.online\/home\/blog\/2026\/08\/31\/defensa-asegura-que-comando-norte-derribo-3-drones-de-carteles-en-territorio-soberano-de-eu\/#primaryimage\"},\"image\":{\"@id\":\"https:\/\/expresorgv.online\/home\/blog\/2026\/08\/31\/defensa-asegura-que-comando-norte-derribo-3-drones-de-carteles-en-territorio-soberano-de-eu\/#primaryimage\"},\"thumbnailUrl\":\"https:\/\/i0.wp.com\/expresorgv.online\/home\/wp-content\/uploads\/2026\/08\/31082026Drones.png?fit=540%2C300&ssl=1\",\"datePublished\":\"2026-08-31T04:43:50+00:00\",\"dateModified\":\"2026-08-31T04:43:51+00:00\",\"author\":{\"@id\":\"https:\/\/expresorgv.online\/home\/#\/schema\/person\/ae1ed1a575540204b5f59dca7f91f6a2\"},\"breadcrumb\":{\"@id\":\"https:\/\/expresorgv.online\/home\/blog\/2026\/08\/31\/defensa-asegura-que-comando-norte-derribo-3-drones-de-carteles-en-territorio-soberano-de-eu\/#breadcrumb\"},\"inLanguage\":\"es\",\"potentialAction\":[{\"@type\":\"ReadAction\",\"target\":[\"https:\/\/expresorgv.online\/home\/blog\/2026\/08\/31\/defensa-asegura-que-comando-norte-derribo-3-drones-de-carteles-en-territorio-soberano-de-eu\/\"]}]},{\"@type\":\"ImageObject\",\"inLanguage\":\"es\",\"@id\":\"https:\/\/expresorgv.online\/home\/blog\/2026\/08\/31\/defensa-asegura-que-comando-norte-derribo-3-drones-de-carteles-en-territorio-soberano-de-eu\/#primaryimage\",\"url\":\"https:\/\/i0.wp.com\/expresorgv.online\/home\/wp-content\/uploads\/2026\/08\/31082026Drones.png?fit=540%2C300&ssl=1\",\"contentUrl\":\"https:\/\/i0.wp.com\/expresorgv.online\/home\/wp-content\/uploads\/2026\/08\/31082026Drones.png?fit=540%2C300&ssl=1\",\"width\":540,\"height\":300},{\"@type\":\"BreadcrumbList\",\"@id\":\"https:\/\/expresorgv.online\/home\/blog\/2026\/08\/31\/defensa-asegura-que-comando-norte-derribo-3-drones-de-carteles-en-territorio-soberano-de-eu\/#breadcrumb\",\"itemListElement\":[{\"@type\":\"ListItem\",\"position\":1,\"name\":\"Home\",\"item\":\"https:\/\/expresorgv.online\/home\/\"},{\"@type\":\"ListItem\",\"position\":2,\"name\":\"Defensa asegura que Comando Norte derrib\u00f3 3 drones de c\u00e1rteles en \u2018territorio soberano\u2019 de EU\"}]},{\"@type\":\"WebSite\",\"@id\":\"https:\/\/expresorgv.online\/home\/#website\",\"url\":\"https:\/\/expresorgv.online\/home\/\",\"name\":\"\",\"description\":\"\",\"potentialAction\":[{\"@type\":\"SearchAction\",\"target\":{\"@type\":\"EntryPoint\",\"urlTemplate\":\"https:\/\/expresorgv.online\/home\/?s={search_term_string}\"},\"query-input\":{\"@type\":\"PropertyValueSpecification\",\"valueRequired\":true,\"valueName\":\"search_term_string\"}}],\"inLanguage\":\"es\"},{\"@type\":\"Person\",\"@id\":\"https:\/\/expresorgv.online\/home\/#\/schema\/person\/ae1ed1a575540204b5f59dca7f91f6a2\",\"name\":\"expreso\",\"image\":{\"@type\":\"ImageObject\",\"inLanguage\":\"es\",\"@id\":\"https:\/\/secure.gravatar.com\/avatar\/88cd9f065dcd1b722cd984aac4181386a800c0bca699eaf07e42dd8f820bddee?s=96&d=mm&r=g\",\"url\":\"https:\/\/secure.gravatar.com\/avatar\/88cd9f065dcd1b722cd984aac4181386a800c0bca699eaf07e42dd8f820bddee?s=96&d=mm&r=g\",\"contentUrl\":\"https:\/\/secure.gravatar.com\/avatar\/88cd9f065dcd1b722cd984aac4181386a800c0bca699eaf07e42dd8f820bddee?s=96&d=mm&r=g\",\"caption\":\"expreso\"},\"url\":\"https:\/\/expresorgv.online\/home\/blog\/author\/expreso\/\"}]}<\/script>\n<!-- \/ Yoast SEO plugin. -->","yoast_head_json":{"title":"Defensa asegura que Comando Norte derrib\u00f3 3 drones de c\u00e1rteles en \u2018territorio soberano\u2019 de EU -","robots":{"index":"index","follow":"follow","max-snippet":"max-snippet:-1","max-image-preview":"max-image-preview:large","max-video-preview":"max-video-preview:-1"},"canonical":"https:\/\/expresorgv.online\/home\/blog\/2026\/08\/31\/defensa-asegura-que-comando-norte-derribo-3-drones-de-carteles-en-territorio-soberano-de-eu\/","og_locale":"es_ES","og_type":"article","og_title":"Defensa asegura que Comando Norte derrib\u00f3 3 drones de c\u00e1rteles en \u2018territorio soberano\u2019 de EU","og_description":"La Secretar\u00eda de la Defensa Nacional (Defensa) inform\u00f3 este s\u00e1bado 29 de agosto que fuerzas de Estados Unidos detectaron e inhabilitaron tres drones utilizados por traficantes de personas para vigilar a autoridades, durante operaciones realizadas en territorio estadounidense. En un comunicado, la dependencia indic\u00f3 que los hechos ocurrieron durante la noche del 25 y 26 [&hellip;]","og_url":"https:\/\/expresorgv.online\/home\/blog\/2026\/08\/31\/defensa-asegura-que-comando-norte-derribo-3-drones-de-carteles-en-territorio-soberano-de-eu\/","article_published_time":"2026-08-31T04:43:50+00:00","article_modified_time":"2026-08-31T04:43:51+00:00","og_image":[{"width":540,"height":300,"url":"https:\/\/expresorgv.online\/home\/wp-content\/uploads\/2026\/08\/31082026Drones.png","type":"image\/png"}],"author":"expreso","twitter_card":"summary_large_image","twitter_misc":{"Escrito por":"expreso","Tiempo de lectura":"3 minutos"},"schema":{"@context":"https:\/\/schema.org","@graph":[{"@type":"Article","@id":"https:\/\/expresorgv.online\/home\/blog\/2026\/08\/31\/defensa-asegura-que-comando-norte-derribo-3-drones-de-carteles-en-territorio-soberano-de-eu\/#article","isPartOf":{"@id":"https:\/\/expresorgv.online\/home\/blog\/2026\/08\/31\/defensa-asegura-que-comando-norte-derribo-3-drones-de-carteles-en-territorio-soberano-de-eu\/"},"author":{"name":"expreso","@id":"https:\/\/expresorgv.online\/home\/#\/schema\/person\/ae1ed1a575540204b5f59dca7f91f6a2"},"headline":"Defensa asegura que Comando Norte derrib\u00f3 3 drones de c\u00e1rteles en \u2018territorio soberano\u2019 de EU","datePublished":"2026-08-31T04:43:50+00:00","dateModified":"2026-08-31T04:43:51+00:00","mainEntityOfPage":{"@id":"https:\/\/expresorgv.online\/home\/blog\/2026\/08\/31\/defensa-asegura-que-comando-norte-derribo-3-drones-de-carteles-en-territorio-soberano-de-eu\/"},"wordCount":564,"commentCount":0,"image":{"@id":"https:\/\/expresorgv.online\/home\/blog\/2026\/08\/31\/defensa-asegura-que-comando-norte-derribo-3-drones-de-carteles-en-territorio-soberano-de-eu\/#primaryimage"},"thumbnailUrl":"https:\/\/i0.wp.com\/expresorgv.online\/home\/wp-content\/uploads\/2026\/08\/31082026Drones.png?fit=540%2C300&ssl=1","articleSection":["INTERNACIONAL"],"inLanguage":"es","potentialAction":[{"@type":"CommentAction","name":"Comment","target":["https:\/\/expresorgv.online\/home\/blog\/2026\/08\/31\/defensa-asegura-que-comando-norte-derribo-3-drones-de-carteles-en-territorio-soberano-de-eu\/#respond"]}]},{"@type":"WebPage","@id":"https:\/\/expresorgv.online\/home\/blog\/2026\/08\/31\/defensa-asegura-que-comando-norte-derribo-3-drones-de-carteles-en-territorio-soberano-de-eu\/","url":"https:\/\/expresorgv.online\/home\/blog\/2026\/08\/31\/defensa-asegura-que-comando-norte-derribo-3-drones-de-carteles-en-territorio-soberano-de-eu\/","name":"Defensa asegura que Comando Norte derrib\u00f3 3 drones de c\u00e1rteles en \u2018territorio soberano\u2019 de EU -","isPartOf":{"@id":"https:\/\/expresorgv.online\/home\/#website"},"primaryImageOfPage":{"@id":"https:\/\/expresorgv.online\/home\/blog\/2026\/08\/31\/defensa-asegura-que-comando-norte-derribo-3-drones-de-carteles-en-territorio-soberano-de-eu\/#primaryimage"},"image":{"@id":"https:\/\/expresorgv.online\/home\/blog\/2026\/08\/31\/defensa-asegura-que-comando-norte-derribo-3-drones-de-carteles-en-territorio-soberano-de-eu\/#primaryimage"},"thumbnailUrl":"https:\/\/i0.wp.com\/expresorgv.online\/home\/wp-content\/uploads\/2026\/08\/31082026Drones.png?fit=540%2C300&ssl=1","datePublished":"2026-08-31T04:43:50+00:00","dateModified":"2026-08-31T04:43:51+00:00","author":{"@id":"https:\/\/expresorgv.online\/home\/#\/schema\/person\/ae1ed1a575540204b5f59dca7f91f6a2"},"breadcrumb":{"@id":"https:\/\/expresorgv.online\/home\/blog\/2026\/08\/31\/defensa-asegura-que-comando-norte-derribo-3-drones-de-carteles-en-territorio-soberano-de-eu\/#breadcrumb"},"inLanguage":"es","potentialAction":[{"@type":"ReadAction","target":["https:\/\/expresorgv.online\/home\/blog\/2026\/08\/31\/defensa-asegura-que-comando-norte-derribo-3-drones-de-carteles-en-territorio-soberano-de-eu\/"]}]},{"@type":"ImageObject","inLanguage":"es","@id":"https:\/\/expresorgv.online\/home\/blog\/2026\/08\/31\/defensa-asegura-que-comando-norte-derribo-3-drones-de-carteles-en-territorio-soberano-de-eu\/#primaryimage","url":"https:\/\/i0.wp.com\/expresorgv.online\/home\/wp-content\/uploads\/2026\/08\/31082026Drones.png?fit=540%2C300&ssl=1","contentUrl":"https:\/\/i0.wp.com\/expresorgv.online\/home\/wp-content\/uploads\/2026\/08\/31082026Drones.png?fit=540%2C300&ssl=1","width":540,"height":300},{"@type":"BreadcrumbList","@id":"https:\/\/expresorgv.online\/home\/blog\/2026\/08\/31\/defensa-asegura-que-comando-norte-derribo-3-drones-de-carteles-en-territorio-soberano-de-eu\/#breadcrumb","itemListElement":[{"@type":"ListItem","position":1,"name":"Home","item":"https:\/\/expresorgv.online\/home\/"},{"@type":"ListItem","position":2,"name":"Defensa asegura que Comando Norte derrib\u00f3 3 drones de c\u00e1rteles en \u2018territorio soberano\u2019 de EU"}]},{"@type":"WebSite","@id":"https:\/\/expresorgv.online\/home\/#website","url":"https:\/\/expresorgv.online\/home\/","name":"","description":"","potentialAction":[{"@type":"SearchAction","target":{"@type":"EntryPoint","urlTemplate":"https:\/\/expresorgv.online\/home\/?s={search_term_string}"},"query-input":{"@type":"PropertyValueSpecification","valueRequired":true,"valueName":"search_term_string"}}],"inLanguage":"es"},{"@type":"Person","@id":"https:\/\/expresorgv.online\/home\/#\/schema\/person\/ae1ed1a575540204b5f59dca7f91f6a2","name":"expreso","image":{"@type":"ImageObject","inLanguage":"es","@id":"https:\/\/secure.gravatar.com\/avatar\/88cd9f065dcd1b722cd984aac4181386a800c0bca699eaf07e42dd8f820bddee?s=96&d=mm&r=g","url":"https:\/\/secure.gravatar.com\/avatar\/88cd9f065dcd1b722cd984aac4181386a800c0bca699eaf07e42dd8f820bddee?s=96&d=mm&r=g","contentUrl":"https:\/\/secure.gravatar.com\/avatar\/88cd9f065dcd1b722cd984aac4181386a800c0bca699eaf07e42dd8f820bddee?s=96&d=mm&r=g","caption":"expreso"},"url":"https:\/\/expresorgv.online\/home\/blog\/author\/expreso\/"}]}},"jetpack_featured_media_url":"https:\/\/i0.wp.com\/expresorgv.online\/home\/wp-content\/uploads\/2026\/08\/31082026Drones.png?fit=540%2C300&ssl=1","_links":{"self":[{"href":"https:\/\/expresorgv.online\/home\/wp-json\/wp\/v2\/posts\/38314","targetHints":{"allow":["GET"]}}],"collection":[{"href":"https:\/\/expresorgv.online\/home\/wp-json\/wp\/v2\/posts"}],"about":[{"href":"https:\/\/expresorgv.online\/home\/wp-json\/wp\/v2\/types\/post"}],"author":[{"embeddable":true,"href":"https:\/\/expresorgv.online\/home\/wp-json\/wp\/v2\/users\/2"}],"replies":[{"embeddable":true,"href":"https:\/\/expresorgv.online\/home\/wp-json\/wp\/v2\/comments?post=38314"}],"version-history":[{"count":1,"href":"https:\/\/expresorgv.online\/home\/wp-json\/wp\/v2\/posts\/38314\/revisions"}],"predecessor-version":[{"id":38315,"href":"https:\/\/expresorgv.online\/home\/wp-json\/wp\/v2\/posts\/38314\/revisions\/38315"}],"wp:featuredmedia":[{"embeddable":true,"href":"https:\/\/expresorgv.online\/home\/wp-json\/wp\/v2\/media\/38307"}],"wp:attachment":[{"href":"https:\/\/expresorgv.online\/home\/wp-json\/wp\/v2\/media?parent=38314"}],"wp:term":[{"taxonomy":"category","embeddable":true,"href":"https:\/\/expresorgv.online\/home\/wp-json\/wp\/v2\/categories?post=38314"},{"taxonomy":"post_tag","embeddable":true,"href":"https:\/\/expresorgv.online\/home\/wp-json\/wp\/v2\/tags?post=38314"}],"curies":[{"name":"wp","href":"https:\/\/api.w.org\/{rel}","templated":true}]}}