{"id":38305,"date":"2026-08-31T04:41:23","date_gmt":"2026-08-31T04:41:23","guid":{"rendered":"https:\/\/expresorgv.online\/home\/?p=38305"},"modified":"2026-08-31T04:41:24","modified_gmt":"2026-08-31T04:41:24","slug":"colectivos-de-tamaulipas-exigen-al-estado-centro-de-identificacion-humana","status":"publish","type":"post","link":"https:\/\/expresorgv.online\/home\/blog\/2026\/08\/31\/colectivos-de-tamaulipas-exigen-al-estado-centro-de-identificacion-humana\/","title":{"rendered":"Colectivos de Tamaulipas exigen al estado centro de identificaci\u00f3n humana"},"content":{"rendered":"\n<p class=\"wp-block-paragraph\">En el marco del <strong>D\u00eda Internacional de la Desaparici\u00f3n Forzada<\/strong>, <strong>colectivos<\/strong> de familiares de personas desaparecidas marcharon pac\u00edficamente en<strong> Tamaulipas<\/strong> para exigir al gobierno estatal cuatro acciones concretas: la creaci\u00f3n de un centro de identificaci\u00f3n humana, la instalaci\u00f3n de centros de resguardo de cad\u00e1veres, el aumento del presupuesto y la depuraci\u00f3n de personal de la Fiscal\u00eda.<\/p>\n\n\n\n<p class=\"wp-block-paragraph\">Ante la falta de un presupuesto tambi\u00e9n buscaron el apoyo de la ciudadan\u00eda al solicitarles, varillas, palas, picos, cribas para poder realizar los recorridos en campo y lograr concretar lugares positivos.<\/p>\n\n\n\n<p class=\"wp-block-paragraph\">En <strong>Ciudad Victoria<\/strong> se realiz\u00f3 la movilizaci\u00f3n principal, encabezada por el colectivo Amor a Nuestros Hijos y Familiares Desaparecidos y Ausentes de Tamaulipas.<\/p>\n\n\n\n<p class=\"wp-block-paragraph\">Padres, madres, hermanos e hijos de las v\u00edctimas caminaron por la avenida principal hasta la Casa de Gobierno, donde se apostaron de manera pac\u00edfica para solicitar una soluci\u00f3n a sus demandas al gobernador Am\u00e9rico Villarreal Anaya.<\/p>\n\n\n\n<p class=\"wp-block-paragraph\">Los manifestantes detallaron cuatro puntos prioritarios:<\/p>\n\n\n\n<p class=\"wp-block-paragraph\">1. Centro de identificaci\u00f3n humana: Considerado de mayor urgencia, busca desahogar el rezago forense y dar identidad a las personas localizadas sin vida.<\/p>\n\n\n\n<p class=\"wp-block-paragraph\">2. Centros de resguardo de cad\u00e1veres: Denunciaron que la mayor\u00eda de los 43 municipios no cuenta con instalaciones adecuadas, por lo que muchos cuerpos son resguardados en funerarias cuyo personal, se\u00f1alaron, carece de la preparaci\u00f3n y los protocolos para tratar restos humanos.<\/p>\n\n\n\n<p class=\"wp-block-paragraph\">3. Aumento del presupuesto: Destinado espec\u00edficamente al tema de desaparici\u00f3n forzada de personas.<\/p>\n\n\n\n<p class=\"wp-block-paragraph\">4. Contrataci\u00f3n de personal y depuraci\u00f3n: Exigieron m\u00e1s personal para la Comisi\u00f3n Estatal de B\u00fasqueda y el departamento de desaparici\u00f3n forzada, as\u00ed como la remoci\u00f3n de agentes del Ministerio P\u00fablico, titulares de \u00e1reas y agentes policiales de la Fiscal\u00eda, a quienes acusaron de falta de sensibilidad y de revictimizar a los familiares.<\/p>\n\n\n\n<p class=\"wp-block-paragraph\">Posteriormente, personal del Gobierno del Estado abord\u00f3 a los manifestantes para escuchar sus peticiones.<\/p>\n","protected":false},"excerpt":{"rendered":"<p>En el marco del D\u00eda Internacional de la Desaparici\u00f3n Forzada, colectivos de familiares de personas desaparecidas marcharon pac\u00edficamente en Tamaulipas para exigir al gobierno estatal cuatro acciones concretas: la creaci\u00f3n de un centro de identificaci\u00f3n humana, la instalaci\u00f3n de centros de resguardo de cad\u00e1veres, el aumento del presupuesto y la depuraci\u00f3n de personal de la [&hellip;]<\/p>\n","protected":false},"author":2,"featured_media":38306,"comment_status":"open","ping_status":"open","sticky":false,"template":"","format":"standard","meta":{"footnotes":""},"categories":[5],"tags":[],"class_list":["post-38305","post","type-post","status-publish","format-standard","has-post-thumbnail","hentry","category-estatal"],"yoast_head":"<!-- This site is optimized with the Yoast SEO plugin v27.2 - https:\/\/yoast.com\/product\/yoast-seo-wordpress\/ -->\n<title>Colectivos de Tamaulipas exigen al estado centro de identificaci\u00f3n humana -<\/title>\n<meta name=\"robots\" content=\"index, follow, max-snippet:-1, max-image-preview:large, max-video-preview:-1\" \/>\n<link rel=\"canonical\" href=\"https:\/\/expresorgv.online\/home\/blog\/2026\/08\/31\/colectivos-de-tamaulipas-exigen-al-estado-centro-de-identificacion-humana\/\" \/>\n<meta property=\"og:locale\" content=\"es_ES\" \/>\n<meta property=\"og:type\" content=\"article\" \/>\n<meta property=\"og:title\" content=\"Colectivos de Tamaulipas exigen al estado centro de identificaci\u00f3n humana\" \/>\n<meta property=\"og:description\" content=\"En el marco del D\u00eda Internacional de la Desaparici\u00f3n Forzada, colectivos de familiares de personas desaparecidas marcharon pac\u00edficamente en Tamaulipas para exigir al gobierno estatal cuatro acciones concretas: la creaci\u00f3n de un centro de identificaci\u00f3n humana, la instalaci\u00f3n de centros de resguardo de cad\u00e1veres, el aumento del presupuesto y la depuraci\u00f3n de personal de la [&hellip;]\" \/>\n<meta property=\"og:url\" content=\"https:\/\/expresorgv.online\/home\/blog\/2026\/08\/31\/colectivos-de-tamaulipas-exigen-al-estado-centro-de-identificacion-humana\/\" \/>\n<meta property=\"article:published_time\" content=\"2026-08-31T04:41:23+00:00\" \/>\n<meta property=\"article:modified_time\" content=\"2026-08-31T04:41:24+00:00\" \/>\n<meta property=\"og:image\" content=\"https:\/\/expresorgv.online\/home\/wp-content\/uploads\/2026\/08\/31082026Colectivos.png\" \/>\n\t<meta property=\"og:image:width\" content=\"540\" \/>\n\t<meta property=\"og:image:height\" content=\"300\" \/>\n\t<meta property=\"og:image:type\" content=\"image\/png\" \/>\n<meta name=\"author\" content=\"expreso\" \/>\n<meta name=\"twitter:card\" content=\"summary_large_image\" \/>\n<meta name=\"twitter:label1\" content=\"Escrito por\" \/>\n\t<meta name=\"twitter:data1\" content=\"expreso\" \/>\n\t<meta name=\"twitter:label2\" content=\"Tiempo de lectura\" \/>\n\t<meta name=\"twitter:data2\" content=\"2 minutos\" \/>\n<script type=\"application\/ld+json\" class=\"yoast-schema-graph\">{\"@context\":\"https:\/\/schema.org\",\"@graph\":[{\"@type\":\"Article\",\"@id\":\"https:\/\/expresorgv.online\/home\/blog\/2026\/08\/31\/colectivos-de-tamaulipas-exigen-al-estado-centro-de-identificacion-humana\/#article\",\"isPartOf\":{\"@id\":\"https:\/\/expresorgv.online\/home\/blog\/2026\/08\/31\/colectivos-de-tamaulipas-exigen-al-estado-centro-de-identificacion-humana\/\"},\"author\":{\"name\":\"expreso\",\"@id\":\"https:\/\/expresorgv.online\/home\/#\/schema\/person\/ae1ed1a575540204b5f59dca7f91f6a2\"},\"headline\":\"Colectivos de Tamaulipas exigen al estado centro de identificaci\u00f3n humana\",\"datePublished\":\"2026-08-31T04:41:23+00:00\",\"dateModified\":\"2026-08-31T04:41:24+00:00\",\"mainEntityOfPage\":{\"@id\":\"https:\/\/expresorgv.online\/home\/blog\/2026\/08\/31\/colectivos-de-tamaulipas-exigen-al-estado-centro-de-identificacion-humana\/\"},\"wordCount\":334,\"commentCount\":0,\"image\":{\"@id\":\"https:\/\/expresorgv.online\/home\/blog\/2026\/08\/31\/colectivos-de-tamaulipas-exigen-al-estado-centro-de-identificacion-humana\/#primaryimage\"},\"thumbnailUrl\":\"https:\/\/i0.wp.com\/expresorgv.online\/home\/wp-content\/uploads\/2026\/08\/31082026Colectivos.png?fit=540%2C300&ssl=1\",\"articleSection\":[\"ESTATAL\"],\"inLanguage\":\"es\",\"potentialAction\":[{\"@type\":\"CommentAction\",\"name\":\"Comment\",\"target\":[\"https:\/\/expresorgv.online\/home\/blog\/2026\/08\/31\/colectivos-de-tamaulipas-exigen-al-estado-centro-de-identificacion-humana\/#respond\"]}]},{\"@type\":\"WebPage\",\"@id\":\"https:\/\/expresorgv.online\/home\/blog\/2026\/08\/31\/colectivos-de-tamaulipas-exigen-al-estado-centro-de-identificacion-humana\/\",\"url\":\"https:\/\/expresorgv.online\/home\/blog\/2026\/08\/31\/colectivos-de-tamaulipas-exigen-al-estado-centro-de-identificacion-humana\/\",\"name\":\"Colectivos de Tamaulipas exigen al estado centro de identificaci\u00f3n humana -\",\"isPartOf\":{\"@id\":\"https:\/\/expresorgv.online\/home\/#website\"},\"primaryImageOfPage\":{\"@id\":\"https:\/\/expresorgv.online\/home\/blog\/2026\/08\/31\/colectivos-de-tamaulipas-exigen-al-estado-centro-de-identificacion-humana\/#primaryimage\"},\"image\":{\"@id\":\"https:\/\/expresorgv.online\/home\/blog\/2026\/08\/31\/colectivos-de-tamaulipas-exigen-al-estado-centro-de-identificacion-humana\/#primaryimage\"},\"thumbnailUrl\":\"https:\/\/i0.wp.com\/expresorgv.online\/home\/wp-content\/uploads\/2026\/08\/31082026Colectivos.png?fit=540%2C300&ssl=1\",\"datePublished\":\"2026-08-31T04:41:23+00:00\",\"dateModified\":\"2026-08-31T04:41:24+00:00\",\"author\":{\"@id\":\"https:\/\/expresorgv.online\/home\/#\/schema\/person\/ae1ed1a575540204b5f59dca7f91f6a2\"},\"breadcrumb\":{\"@id\":\"https:\/\/expresorgv.online\/home\/blog\/2026\/08\/31\/colectivos-de-tamaulipas-exigen-al-estado-centro-de-identificacion-humana\/#breadcrumb\"},\"inLanguage\":\"es\",\"potentialAction\":[{\"@type\":\"ReadAction\",\"target\":[\"https:\/\/expresorgv.online\/home\/blog\/2026\/08\/31\/colectivos-de-tamaulipas-exigen-al-estado-centro-de-identificacion-humana\/\"]}]},{\"@type\":\"ImageObject\",\"inLanguage\":\"es\",\"@id\":\"https:\/\/expresorgv.online\/home\/blog\/2026\/08\/31\/colectivos-de-tamaulipas-exigen-al-estado-centro-de-identificacion-humana\/#primaryimage\",\"url\":\"https:\/\/i0.wp.com\/expresorgv.online\/home\/wp-content\/uploads\/2026\/08\/31082026Colectivos.png?fit=540%2C300&ssl=1\",\"contentUrl\":\"https:\/\/i0.wp.com\/expresorgv.online\/home\/wp-content\/uploads\/2026\/08\/31082026Colectivos.png?fit=540%2C300&ssl=1\",\"width\":540,\"height\":300},{\"@type\":\"BreadcrumbList\",\"@id\":\"https:\/\/expresorgv.online\/home\/blog\/2026\/08\/31\/colectivos-de-tamaulipas-exigen-al-estado-centro-de-identificacion-humana\/#breadcrumb\",\"itemListElement\":[{\"@type\":\"ListItem\",\"position\":1,\"name\":\"Home\",\"item\":\"https:\/\/expresorgv.online\/home\/\"},{\"@type\":\"ListItem\",\"position\":2,\"name\":\"Colectivos de Tamaulipas exigen al estado centro de identificaci\u00f3n humana\"}]},{\"@type\":\"WebSite\",\"@id\":\"https:\/\/expresorgv.online\/home\/#website\",\"url\":\"https:\/\/expresorgv.online\/home\/\",\"name\":\"\",\"description\":\"\",\"potentialAction\":[{\"@type\":\"SearchAction\",\"target\":{\"@type\":\"EntryPoint\",\"urlTemplate\":\"https:\/\/expresorgv.online\/home\/?s={search_term_string}\"},\"query-input\":{\"@type\":\"PropertyValueSpecification\",\"valueRequired\":true,\"valueName\":\"search_term_string\"}}],\"inLanguage\":\"es\"},{\"@type\":\"Person\",\"@id\":\"https:\/\/expresorgv.online\/home\/#\/schema\/person\/ae1ed1a575540204b5f59dca7f91f6a2\",\"name\":\"expreso\",\"image\":{\"@type\":\"ImageObject\",\"inLanguage\":\"es\",\"@id\":\"https:\/\/secure.gravatar.com\/avatar\/88cd9f065dcd1b722cd984aac4181386a800c0bca699eaf07e42dd8f820bddee?s=96&d=mm&r=g\",\"url\":\"https:\/\/secure.gravatar.com\/avatar\/88cd9f065dcd1b722cd984aac4181386a800c0bca699eaf07e42dd8f820bddee?s=96&d=mm&r=g\",\"contentUrl\":\"https:\/\/secure.gravatar.com\/avatar\/88cd9f065dcd1b722cd984aac4181386a800c0bca699eaf07e42dd8f820bddee?s=96&d=mm&r=g\",\"caption\":\"expreso\"},\"url\":\"https:\/\/expresorgv.online\/home\/blog\/author\/expreso\/\"}]}<\/script>\n<!-- \/ Yoast SEO plugin. -->","yoast_head_json":{"title":"Colectivos de Tamaulipas exigen al estado centro de identificaci\u00f3n humana -","robots":{"index":"index","follow":"follow","max-snippet":"max-snippet:-1","max-image-preview":"max-image-preview:large","max-video-preview":"max-video-preview:-1"},"canonical":"https:\/\/expresorgv.online\/home\/blog\/2026\/08\/31\/colectivos-de-tamaulipas-exigen-al-estado-centro-de-identificacion-humana\/","og_locale":"es_ES","og_type":"article","og_title":"Colectivos de Tamaulipas exigen al estado centro de identificaci\u00f3n humana","og_description":"En el marco del D\u00eda Internacional de la Desaparici\u00f3n Forzada, colectivos de familiares de personas desaparecidas marcharon pac\u00edficamente en Tamaulipas para exigir al gobierno estatal cuatro acciones concretas: la creaci\u00f3n de un centro de identificaci\u00f3n humana, la instalaci\u00f3n de centros de resguardo de cad\u00e1veres, el aumento del presupuesto y la depuraci\u00f3n de personal de la [&hellip;]","og_url":"https:\/\/expresorgv.online\/home\/blog\/2026\/08\/31\/colectivos-de-tamaulipas-exigen-al-estado-centro-de-identificacion-humana\/","article_published_time":"2026-08-31T04:41:23+00:00","article_modified_time":"2026-08-31T04:41:24+00:00","og_image":[{"width":540,"height":300,"url":"https:\/\/expresorgv.online\/home\/wp-content\/uploads\/2026\/08\/31082026Colectivos.png","type":"image\/png"}],"author":"expreso","twitter_card":"summary_large_image","twitter_misc":{"Escrito por":"expreso","Tiempo de lectura":"2 minutos"},"schema":{"@context":"https:\/\/schema.org","@graph":[{"@type":"Article","@id":"https:\/\/expresorgv.online\/home\/blog\/2026\/08\/31\/colectivos-de-tamaulipas-exigen-al-estado-centro-de-identificacion-humana\/#article","isPartOf":{"@id":"https:\/\/expresorgv.online\/home\/blog\/2026\/08\/31\/colectivos-de-tamaulipas-exigen-al-estado-centro-de-identificacion-humana\/"},"author":{"name":"expreso","@id":"https:\/\/expresorgv.online\/home\/#\/schema\/person\/ae1ed1a575540204b5f59dca7f91f6a2"},"headline":"Colectivos de Tamaulipas exigen al estado centro de identificaci\u00f3n humana","datePublished":"2026-08-31T04:41:23+00:00","dateModified":"2026-08-31T04:41:24+00:00","mainEntityOfPage":{"@id":"https:\/\/expresorgv.online\/home\/blog\/2026\/08\/31\/colectivos-de-tamaulipas-exigen-al-estado-centro-de-identificacion-humana\/"},"wordCount":334,"commentCount":0,"image":{"@id":"https:\/\/expresorgv.online\/home\/blog\/2026\/08\/31\/colectivos-de-tamaulipas-exigen-al-estado-centro-de-identificacion-humana\/#primaryimage"},"thumbnailUrl":"https:\/\/i0.wp.com\/expresorgv.online\/home\/wp-content\/uploads\/2026\/08\/31082026Colectivos.png?fit=540%2C300&ssl=1","articleSection":["ESTATAL"],"inLanguage":"es","potentialAction":[{"@type":"CommentAction","name":"Comment","target":["https:\/\/expresorgv.online\/home\/blog\/2026\/08\/31\/colectivos-de-tamaulipas-exigen-al-estado-centro-de-identificacion-humana\/#respond"]}]},{"@type":"WebPage","@id":"https:\/\/expresorgv.online\/home\/blog\/2026\/08\/31\/colectivos-de-tamaulipas-exigen-al-estado-centro-de-identificacion-humana\/","url":"https:\/\/expresorgv.online\/home\/blog\/2026\/08\/31\/colectivos-de-tamaulipas-exigen-al-estado-centro-de-identificacion-humana\/","name":"Colectivos de Tamaulipas exigen al estado centro de identificaci\u00f3n humana -","isPartOf":{"@id":"https:\/\/expresorgv.online\/home\/#website"},"primaryImageOfPage":{"@id":"https:\/\/expresorgv.online\/home\/blog\/2026\/08\/31\/colectivos-de-tamaulipas-exigen-al-estado-centro-de-identificacion-humana\/#primaryimage"},"image":{"@id":"https:\/\/expresorgv.online\/home\/blog\/2026\/08\/31\/colectivos-de-tamaulipas-exigen-al-estado-centro-de-identificacion-humana\/#primaryimage"},"thumbnailUrl":"https:\/\/i0.wp.com\/expresorgv.online\/home\/wp-content\/uploads\/2026\/08\/31082026Colectivos.png?fit=540%2C300&ssl=1","datePublished":"2026-08-31T04:41:23+00:00","dateModified":"2026-08-31T04:41:24+00:00","author":{"@id":"https:\/\/expresorgv.online\/home\/#\/schema\/person\/ae1ed1a575540204b5f59dca7f91f6a2"},"breadcrumb":{"@id":"https:\/\/expresorgv.online\/home\/blog\/2026\/08\/31\/colectivos-de-tamaulipas-exigen-al-estado-centro-de-identificacion-humana\/#breadcrumb"},"inLanguage":"es","potentialAction":[{"@type":"ReadAction","target":["https:\/\/expresorgv.online\/home\/blog\/2026\/08\/31\/colectivos-de-tamaulipas-exigen-al-estado-centro-de-identificacion-humana\/"]}]},{"@type":"ImageObject","inLanguage":"es","@id":"https:\/\/expresorgv.online\/home\/blog\/2026\/08\/31\/colectivos-de-tamaulipas-exigen-al-estado-centro-de-identificacion-humana\/#primaryimage","url":"https:\/\/i0.wp.com\/expresorgv.online\/home\/wp-content\/uploads\/2026\/08\/31082026Colectivos.png?fit=540%2C300&ssl=1","contentUrl":"https:\/\/i0.wp.com\/expresorgv.online\/home\/wp-content\/uploads\/2026\/08\/31082026Colectivos.png?fit=540%2C300&ssl=1","width":540,"height":300},{"@type":"BreadcrumbList","@id":"https:\/\/expresorgv.online\/home\/blog\/2026\/08\/31\/colectivos-de-tamaulipas-exigen-al-estado-centro-de-identificacion-humana\/#breadcrumb","itemListElement":[{"@type":"ListItem","position":1,"name":"Home","item":"https:\/\/expresorgv.online\/home\/"},{"@type":"ListItem","position":2,"name":"Colectivos de Tamaulipas exigen al estado centro de identificaci\u00f3n humana"}]},{"@type":"WebSite","@id":"https:\/\/expresorgv.online\/home\/#website","url":"https:\/\/expresorgv.online\/home\/","name":"","description":"","potentialAction":[{"@type":"SearchAction","target":{"@type":"EntryPoint","urlTemplate":"https:\/\/expresorgv.online\/home\/?s={search_term_string}"},"query-input":{"@type":"PropertyValueSpecification","valueRequired":true,"valueName":"search_term_string"}}],"inLanguage":"es"},{"@type":"Person","@id":"https:\/\/expresorgv.online\/home\/#\/schema\/person\/ae1ed1a575540204b5f59dca7f91f6a2","name":"expreso","image":{"@type":"ImageObject","inLanguage":"es","@id":"https:\/\/secure.gravatar.com\/avatar\/88cd9f065dcd1b722cd984aac4181386a800c0bca699eaf07e42dd8f820bddee?s=96&d=mm&r=g","url":"https:\/\/secure.gravatar.com\/avatar\/88cd9f065dcd1b722cd984aac4181386a800c0bca699eaf07e42dd8f820bddee?s=96&d=mm&r=g","contentUrl":"https:\/\/secure.gravatar.com\/avatar\/88cd9f065dcd1b722cd984aac4181386a800c0bca699eaf07e42dd8f820bddee?s=96&d=mm&r=g","caption":"expreso"},"url":"https:\/\/expresorgv.online\/home\/blog\/author\/expreso\/"}]}},"jetpack_featured_media_url":"https:\/\/i0.wp.com\/expresorgv.online\/home\/wp-content\/uploads\/2026\/08\/31082026Colectivos.png?fit=540%2C300&ssl=1","_links":{"self":[{"href":"https:\/\/expresorgv.online\/home\/wp-json\/wp\/v2\/posts\/38305","targetHints":{"allow":["GET"]}}],"collection":[{"href":"https:\/\/expresorgv.online\/home\/wp-json\/wp\/v2\/posts"}],"about":[{"href":"https:\/\/expresorgv.online\/home\/wp-json\/wp\/v2\/types\/post"}],"author":[{"embeddable":true,"href":"https:\/\/expresorgv.online\/home\/wp-json\/wp\/v2\/users\/2"}],"replies":[{"embeddable":true,"href":"https:\/\/expresorgv.online\/home\/wp-json\/wp\/v2\/comments?post=38305"}],"version-history":[{"count":1,"href":"https:\/\/expresorgv.online\/home\/wp-json\/wp\/v2\/posts\/38305\/revisions"}],"predecessor-version":[{"id":38313,"href":"https:\/\/expresorgv.online\/home\/wp-json\/wp\/v2\/posts\/38305\/revisions\/38313"}],"wp:featuredmedia":[{"embeddable":true,"href":"https:\/\/expresorgv.online\/home\/wp-json\/wp\/v2\/media\/38306"}],"wp:attachment":[{"href":"https:\/\/expresorgv.online\/home\/wp-json\/wp\/v2\/media?parent=38305"}],"wp:term":[{"taxonomy":"category","embeddable":true,"href":"https:\/\/expresorgv.online\/home\/wp-json\/wp\/v2\/categories?post=38305"},{"taxonomy":"post_tag","embeddable":true,"href":"https:\/\/expresorgv.online\/home\/wp-json\/wp\/v2\/tags?post=38305"}],"curies":[{"name":"wp","href":"https:\/\/api.w.org\/{rel}","templated":true}]}}