{"id":38302,"date":"2026-08-30T17:59:44","date_gmt":"2026-08-30T17:59:44","guid":{"rendered":"https:\/\/expresorgv.online\/home\/?p=38302"},"modified":"2026-08-30T17:59:45","modified_gmt":"2026-08-30T17:59:45","slug":"iglesia-catolica-pide-al-estado-convertir-la-busqueda-de-personas-desaparecidas-en-una-causa-nacional","status":"publish","type":"post","link":"https:\/\/expresorgv.online\/home\/blog\/2026\/08\/30\/iglesia-catolica-pide-al-estado-convertir-la-busqueda-de-personas-desaparecidas-en-una-causa-nacional\/","title":{"rendered":"Iglesia cat\u00f3lica pide al Estado convertir la b\u00fasqueda de personas desaparecidas en una \u201ccausa nacional\u201d"},"content":{"rendered":"\n<p class=\"wp-block-paragraph\">La Iglesia mexicana urgi\u00f3 este domingo a acompa\u00f1ar a las familias que buscan a sus desaparecidos y pidi\u00f3 al Estado convertir la b\u00fasqueda de personas en una \u201ccausa nacional\u201d.<\/p>\n\n\n\n<p class=\"wp-block-paragraph\">En el marco del D\u00eda Internacional de las V\u00edctimas de Desapariciones Forzadas, que se conmemora cada 30 de agosto, el Episcopado mexicano invit\u00f3 a \u201cmirar de frente una de las heridas m\u00e1s profundas de nuestro pa\u00eds\u201d.<\/p>\n\n\n\n<p class=\"wp-block-paragraph\">En su editorial Desde la Fe, la Iglesia se\u00f1al\u00f3 que para muchas familias mexicanas la pregunta \u201c\u00bfD\u00f3nde est\u00e1n?\u201d representa la incertidumbre con la que despiertan cada ma\u00f1ana.<\/p>\n\n\n\n<p class=\"wp-block-paragraph\">\u201cEs una puerta que todav\u00eda esperan ver abrirse; la b\u00fasqueda de un hijo, una hija, un padre, una madre, un hermano\u201d, se\u00f1al\u00f3.<\/p>\n\n\n\n<p class=\"wp-block-paragraph\">Record\u00f3 que esta situaci\u00f3n no puede comprenderse solo a trav\u00e9s de los n\u00fameros, ya que detr\u00e1s de cada cifra hay un nombre y una familia que espera, por lo que, expuso, \u201cno podemos permitirnos caer en la peligrosa tentaci\u00f3n de acostumbrarnos\u201d.<\/p>\n\n\n\n<p class=\"wp-block-paragraph\">Por ello, invit\u00f3 a \u201csalir al encuentro\u201d de quienes buscan y de quienes desean colaborar en la construcci\u00f3n de un M\u00e9xico en paz.<\/p>\n\n\n\n<p class=\"wp-block-paragraph\">\u201cEso no significa sustituir las obligaciones de las autoridades. El Estado tiene la responsabilidad irrenunciable de prevenir las desapariciones, buscar de manera inmediata y efectiva, investigar, procurar justicia y generar las condiciones para que estos hechos no se repitan\u201d, enfatiz\u00f3.<\/p>\n\n\n\n<p class=\"wp-block-paragraph\">M\u00e9xico acumula 132 mil 534 personas desaparecidas y no localizadas desde 1952, seg\u00fan las cifras presentadas en marzo por el gobierno. De ellas, 130 mil 178 corresponden al periodo iniciado en 2006, cuando el pa\u00eds intensific\u00f3 la estrategia militar contra el narcotr\u00e1fico.<\/p>\n\n\n\n<p class=\"wp-block-paragraph\">El llamado ocurre adem\u00e1s un d\u00eda despu\u00e9s del ataque a balazos contra Alma Rosa Rojo Medina, fundadora del colectivo Voces Unidas por la Vida y pionera en la b\u00fasqueda de desaparecidos en Sinaloa.<\/p>\n\n\n\n<p class=\"wp-block-paragraph\">La fiscal\u00eda estatal investiga si la agresi\u00f3n, en la que tambi\u00e9n result\u00f3 herida una de sus hijas, estuvo relacionada con su labor como buscadora.<\/p>\n\n\n\n<p class=\"wp-block-paragraph\">La Iglesia mexicana reconoci\u00f3 la \u201cextraordinaria labor\u201d de las madres buscadoras y las distintas organizaciones que, impulsadas \u201cpor su dolor, valent\u00eda y tenacidad\u201d, consiguen avances en la localizaci\u00f3n de sus seres queridos y mantienen vivo el reclamo de justicia.<\/p>\n\n\n\n<p class=\"wp-block-paragraph\">Como responsabilidad propia, se\u00f1al\u00f3 que acompa\u00f1ar a las familias, abrir espacios para escucharlas, contribuir a reconstruir el tejido social y promover caminos de paz forman parte de su misi\u00f3n.<\/p>\n\n\n\n<p class=\"wp-block-paragraph\">\u201cQue este 30 de agosto hagamos memoria de quienes faltan; que nos solidaricemos con quienes los buscan; que exijamos a las autoridades el cumplimiento de sus responsabilidades y que, como sociedad, abandonemos la indiferencia\u201d, indic\u00f3.<\/p>\n\n\n\n<p class=\"wp-block-paragraph\">Asimismo, inform\u00f3 que las celebraciones eucar\u00edsticas de este domingo tendr\u00e1n la intenci\u00f3n de orar por los desaparecidos y sus familias, en particular por las madres y familiares que contin\u00faan busc\u00e1ndolos.<\/p>\n\n\n\n<p class=\"wp-block-paragraph\">\u201cMientras miles de familias siguen buscando a quienes aman, \u00bfd\u00f3nde estamos nosotros? Que la b\u00fasqueda de quienes faltan nos encuentre, y nos encuentre cerca\u201d, concluy\u00f3.<\/p>\n","protected":false},"excerpt":{"rendered":"<p>La Iglesia mexicana urgi\u00f3 este domingo a acompa\u00f1ar a las familias que buscan a sus desaparecidos y pidi\u00f3 al Estado convertir la b\u00fasqueda de personas en una \u201ccausa nacional\u201d. En el marco del D\u00eda Internacional de las V\u00edctimas de Desapariciones Forzadas, que se conmemora cada 30 de agosto, el Episcopado mexicano invit\u00f3 a \u201cmirar de [&hellip;]<\/p>\n","protected":false},"author":2,"featured_media":38303,"comment_status":"open","ping_status":"open","sticky":false,"template":"","format":"standard","meta":{"footnotes":""},"categories":[6],"tags":[],"class_list":["post-38302","post","type-post","status-publish","format-standard","has-post-thumbnail","hentry","category-nacional"],"yoast_head":"<!-- This site is optimized with the Yoast SEO plugin v27.2 - https:\/\/yoast.com\/product\/yoast-seo-wordpress\/ -->\n<title>Iglesia cat\u00f3lica pide al Estado convertir la b\u00fasqueda de personas desaparecidas en una \u201ccausa nacional\u201d -<\/title>\n<meta name=\"robots\" content=\"index, follow, max-snippet:-1, max-image-preview:large, max-video-preview:-1\" \/>\n<link rel=\"canonical\" href=\"https:\/\/expresorgv.online\/home\/blog\/2026\/08\/30\/iglesia-catolica-pide-al-estado-convertir-la-busqueda-de-personas-desaparecidas-en-una-causa-nacional\/\" \/>\n<meta property=\"og:locale\" content=\"es_ES\" \/>\n<meta property=\"og:type\" content=\"article\" \/>\n<meta property=\"og:title\" content=\"Iglesia cat\u00f3lica pide al Estado convertir la b\u00fasqueda de personas desaparecidas en una \u201ccausa nacional\u201d\" \/>\n<meta property=\"og:description\" content=\"La Iglesia mexicana urgi\u00f3 este domingo a acompa\u00f1ar a las familias que buscan a sus desaparecidos y pidi\u00f3 al Estado convertir la b\u00fasqueda de personas en una \u201ccausa nacional\u201d. En el marco del D\u00eda Internacional de las V\u00edctimas de Desapariciones Forzadas, que se conmemora cada 30 de agosto, el Episcopado mexicano invit\u00f3 a \u201cmirar de [&hellip;]\" \/>\n<meta property=\"og:url\" content=\"https:\/\/expresorgv.online\/home\/blog\/2026\/08\/30\/iglesia-catolica-pide-al-estado-convertir-la-busqueda-de-personas-desaparecidas-en-una-causa-nacional\/\" \/>\n<meta property=\"article:published_time\" content=\"2026-08-30T17:59:44+00:00\" \/>\n<meta property=\"article:modified_time\" content=\"2026-08-30T17:59:45+00:00\" \/>\n<meta property=\"og:image\" content=\"https:\/\/expresorgv.online\/home\/wp-content\/uploads\/2026\/08\/Desaparecidos.png\" \/>\n\t<meta property=\"og:image:width\" content=\"591\" \/>\n\t<meta property=\"og:image:height\" content=\"328\" \/>\n\t<meta property=\"og:image:type\" content=\"image\/png\" \/>\n<meta name=\"author\" content=\"expreso\" \/>\n<meta name=\"twitter:card\" content=\"summary_large_image\" \/>\n<meta name=\"twitter:label1\" content=\"Escrito por\" \/>\n\t<meta name=\"twitter:data1\" content=\"expreso\" \/>\n\t<meta name=\"twitter:label2\" content=\"Tiempo de lectura\" \/>\n\t<meta name=\"twitter:data2\" content=\"3 minutos\" \/>\n<script type=\"application\/ld+json\" class=\"yoast-schema-graph\">{\"@context\":\"https:\/\/schema.org\",\"@graph\":[{\"@type\":\"Article\",\"@id\":\"https:\/\/expresorgv.online\/home\/blog\/2026\/08\/30\/iglesia-catolica-pide-al-estado-convertir-la-busqueda-de-personas-desaparecidas-en-una-causa-nacional\/#article\",\"isPartOf\":{\"@id\":\"https:\/\/expresorgv.online\/home\/blog\/2026\/08\/30\/iglesia-catolica-pide-al-estado-convertir-la-busqueda-de-personas-desaparecidas-en-una-causa-nacional\/\"},\"author\":{\"name\":\"expreso\",\"@id\":\"https:\/\/expresorgv.online\/home\/#\/schema\/person\/ae1ed1a575540204b5f59dca7f91f6a2\"},\"headline\":\"Iglesia cat\u00f3lica pide al Estado convertir la b\u00fasqueda de personas desaparecidas en una \u201ccausa nacional\u201d\",\"datePublished\":\"2026-08-30T17:59:44+00:00\",\"dateModified\":\"2026-08-30T17:59:45+00:00\",\"mainEntityOfPage\":{\"@id\":\"https:\/\/expresorgv.online\/home\/blog\/2026\/08\/30\/iglesia-catolica-pide-al-estado-convertir-la-busqueda-de-personas-desaparecidas-en-una-causa-nacional\/\"},\"wordCount\":527,\"commentCount\":0,\"image\":{\"@id\":\"https:\/\/expresorgv.online\/home\/blog\/2026\/08\/30\/iglesia-catolica-pide-al-estado-convertir-la-busqueda-de-personas-desaparecidas-en-una-causa-nacional\/#primaryimage\"},\"thumbnailUrl\":\"https:\/\/i0.wp.com\/expresorgv.online\/home\/wp-content\/uploads\/2026\/08\/Desaparecidos.png?fit=591%2C328&ssl=1\",\"articleSection\":[\"NACIONAL\"],\"inLanguage\":\"es\",\"potentialAction\":[{\"@type\":\"CommentAction\",\"name\":\"Comment\",\"target\":[\"https:\/\/expresorgv.online\/home\/blog\/2026\/08\/30\/iglesia-catolica-pide-al-estado-convertir-la-busqueda-de-personas-desaparecidas-en-una-causa-nacional\/#respond\"]}]},{\"@type\":\"WebPage\",\"@id\":\"https:\/\/expresorgv.online\/home\/blog\/2026\/08\/30\/iglesia-catolica-pide-al-estado-convertir-la-busqueda-de-personas-desaparecidas-en-una-causa-nacional\/\",\"url\":\"https:\/\/expresorgv.online\/home\/blog\/2026\/08\/30\/iglesia-catolica-pide-al-estado-convertir-la-busqueda-de-personas-desaparecidas-en-una-causa-nacional\/\",\"name\":\"Iglesia cat\u00f3lica pide al Estado convertir la b\u00fasqueda de personas desaparecidas en una \u201ccausa nacional\u201d -\",\"isPartOf\":{\"@id\":\"https:\/\/expresorgv.online\/home\/#website\"},\"primaryImageOfPage\":{\"@id\":\"https:\/\/expresorgv.online\/home\/blog\/2026\/08\/30\/iglesia-catolica-pide-al-estado-convertir-la-busqueda-de-personas-desaparecidas-en-una-causa-nacional\/#primaryimage\"},\"image\":{\"@id\":\"https:\/\/expresorgv.online\/home\/blog\/2026\/08\/30\/iglesia-catolica-pide-al-estado-convertir-la-busqueda-de-personas-desaparecidas-en-una-causa-nacional\/#primaryimage\"},\"thumbnailUrl\":\"https:\/\/i0.wp.com\/expresorgv.online\/home\/wp-content\/uploads\/2026\/08\/Desaparecidos.png?fit=591%2C328&ssl=1\",\"datePublished\":\"2026-08-30T17:59:44+00:00\",\"dateModified\":\"2026-08-30T17:59:45+00:00\",\"author\":{\"@id\":\"https:\/\/expresorgv.online\/home\/#\/schema\/person\/ae1ed1a575540204b5f59dca7f91f6a2\"},\"breadcrumb\":{\"@id\":\"https:\/\/expresorgv.online\/home\/blog\/2026\/08\/30\/iglesia-catolica-pide-al-estado-convertir-la-busqueda-de-personas-desaparecidas-en-una-causa-nacional\/#breadcrumb\"},\"inLanguage\":\"es\",\"potentialAction\":[{\"@type\":\"ReadAction\",\"target\":[\"https:\/\/expresorgv.online\/home\/blog\/2026\/08\/30\/iglesia-catolica-pide-al-estado-convertir-la-busqueda-de-personas-desaparecidas-en-una-causa-nacional\/\"]}]},{\"@type\":\"ImageObject\",\"inLanguage\":\"es\",\"@id\":\"https:\/\/expresorgv.online\/home\/blog\/2026\/08\/30\/iglesia-catolica-pide-al-estado-convertir-la-busqueda-de-personas-desaparecidas-en-una-causa-nacional\/#primaryimage\",\"url\":\"https:\/\/i0.wp.com\/expresorgv.online\/home\/wp-content\/uploads\/2026\/08\/Desaparecidos.png?fit=591%2C328&ssl=1\",\"contentUrl\":\"https:\/\/i0.wp.com\/expresorgv.online\/home\/wp-content\/uploads\/2026\/08\/Desaparecidos.png?fit=591%2C328&ssl=1\",\"width\":591,\"height\":328},{\"@type\":\"BreadcrumbList\",\"@id\":\"https:\/\/expresorgv.online\/home\/blog\/2026\/08\/30\/iglesia-catolica-pide-al-estado-convertir-la-busqueda-de-personas-desaparecidas-en-una-causa-nacional\/#breadcrumb\",\"itemListElement\":[{\"@type\":\"ListItem\",\"position\":1,\"name\":\"Home\",\"item\":\"https:\/\/expresorgv.online\/home\/\"},{\"@type\":\"ListItem\",\"position\":2,\"name\":\"Iglesia cat\u00f3lica pide al Estado convertir la b\u00fasqueda de personas desaparecidas en una \u201ccausa nacional\u201d\"}]},{\"@type\":\"WebSite\",\"@id\":\"https:\/\/expresorgv.online\/home\/#website\",\"url\":\"https:\/\/expresorgv.online\/home\/\",\"name\":\"\",\"description\":\"\",\"potentialAction\":[{\"@type\":\"SearchAction\",\"target\":{\"@type\":\"EntryPoint\",\"urlTemplate\":\"https:\/\/expresorgv.online\/home\/?s={search_term_string}\"},\"query-input\":{\"@type\":\"PropertyValueSpecification\",\"valueRequired\":true,\"valueName\":\"search_term_string\"}}],\"inLanguage\":\"es\"},{\"@type\":\"Person\",\"@id\":\"https:\/\/expresorgv.online\/home\/#\/schema\/person\/ae1ed1a575540204b5f59dca7f91f6a2\",\"name\":\"expreso\",\"image\":{\"@type\":\"ImageObject\",\"inLanguage\":\"es\",\"@id\":\"https:\/\/secure.gravatar.com\/avatar\/88cd9f065dcd1b722cd984aac4181386a800c0bca699eaf07e42dd8f820bddee?s=96&d=mm&r=g\",\"url\":\"https:\/\/secure.gravatar.com\/avatar\/88cd9f065dcd1b722cd984aac4181386a800c0bca699eaf07e42dd8f820bddee?s=96&d=mm&r=g\",\"contentUrl\":\"https:\/\/secure.gravatar.com\/avatar\/88cd9f065dcd1b722cd984aac4181386a800c0bca699eaf07e42dd8f820bddee?s=96&d=mm&r=g\",\"caption\":\"expreso\"},\"url\":\"https:\/\/expresorgv.online\/home\/blog\/author\/expreso\/\"}]}<\/script>\n<!-- \/ Yoast SEO plugin. -->","yoast_head_json":{"title":"Iglesia cat\u00f3lica pide al Estado convertir la b\u00fasqueda de personas desaparecidas en una \u201ccausa nacional\u201d -","robots":{"index":"index","follow":"follow","max-snippet":"max-snippet:-1","max-image-preview":"max-image-preview:large","max-video-preview":"max-video-preview:-1"},"canonical":"https:\/\/expresorgv.online\/home\/blog\/2026\/08\/30\/iglesia-catolica-pide-al-estado-convertir-la-busqueda-de-personas-desaparecidas-en-una-causa-nacional\/","og_locale":"es_ES","og_type":"article","og_title":"Iglesia cat\u00f3lica pide al Estado convertir la b\u00fasqueda de personas desaparecidas en una \u201ccausa nacional\u201d","og_description":"La Iglesia mexicana urgi\u00f3 este domingo a acompa\u00f1ar a las familias que buscan a sus desaparecidos y pidi\u00f3 al Estado convertir la b\u00fasqueda de personas en una \u201ccausa nacional\u201d. En el marco del D\u00eda Internacional de las V\u00edctimas de Desapariciones Forzadas, que se conmemora cada 30 de agosto, el Episcopado mexicano invit\u00f3 a \u201cmirar de [&hellip;]","og_url":"https:\/\/expresorgv.online\/home\/blog\/2026\/08\/30\/iglesia-catolica-pide-al-estado-convertir-la-busqueda-de-personas-desaparecidas-en-una-causa-nacional\/","article_published_time":"2026-08-30T17:59:44+00:00","article_modified_time":"2026-08-30T17:59:45+00:00","og_image":[{"width":591,"height":328,"url":"https:\/\/expresorgv.online\/home\/wp-content\/uploads\/2026\/08\/Desaparecidos.png","type":"image\/png"}],"author":"expreso","twitter_card":"summary_large_image","twitter_misc":{"Escrito por":"expreso","Tiempo de lectura":"3 minutos"},"schema":{"@context":"https:\/\/schema.org","@graph":[{"@type":"Article","@id":"https:\/\/expresorgv.online\/home\/blog\/2026\/08\/30\/iglesia-catolica-pide-al-estado-convertir-la-busqueda-de-personas-desaparecidas-en-una-causa-nacional\/#article","isPartOf":{"@id":"https:\/\/expresorgv.online\/home\/blog\/2026\/08\/30\/iglesia-catolica-pide-al-estado-convertir-la-busqueda-de-personas-desaparecidas-en-una-causa-nacional\/"},"author":{"name":"expreso","@id":"https:\/\/expresorgv.online\/home\/#\/schema\/person\/ae1ed1a575540204b5f59dca7f91f6a2"},"headline":"Iglesia cat\u00f3lica pide al Estado convertir la b\u00fasqueda de personas desaparecidas en una \u201ccausa nacional\u201d","datePublished":"2026-08-30T17:59:44+00:00","dateModified":"2026-08-30T17:59:45+00:00","mainEntityOfPage":{"@id":"https:\/\/expresorgv.online\/home\/blog\/2026\/08\/30\/iglesia-catolica-pide-al-estado-convertir-la-busqueda-de-personas-desaparecidas-en-una-causa-nacional\/"},"wordCount":527,"commentCount":0,"image":{"@id":"https:\/\/expresorgv.online\/home\/blog\/2026\/08\/30\/iglesia-catolica-pide-al-estado-convertir-la-busqueda-de-personas-desaparecidas-en-una-causa-nacional\/#primaryimage"},"thumbnailUrl":"https:\/\/i0.wp.com\/expresorgv.online\/home\/wp-content\/uploads\/2026\/08\/Desaparecidos.png?fit=591%2C328&ssl=1","articleSection":["NACIONAL"],"inLanguage":"es","potentialAction":[{"@type":"CommentAction","name":"Comment","target":["https:\/\/expresorgv.online\/home\/blog\/2026\/08\/30\/iglesia-catolica-pide-al-estado-convertir-la-busqueda-de-personas-desaparecidas-en-una-causa-nacional\/#respond"]}]},{"@type":"WebPage","@id":"https:\/\/expresorgv.online\/home\/blog\/2026\/08\/30\/iglesia-catolica-pide-al-estado-convertir-la-busqueda-de-personas-desaparecidas-en-una-causa-nacional\/","url":"https:\/\/expresorgv.online\/home\/blog\/2026\/08\/30\/iglesia-catolica-pide-al-estado-convertir-la-busqueda-de-personas-desaparecidas-en-una-causa-nacional\/","name":"Iglesia cat\u00f3lica pide al Estado convertir la b\u00fasqueda de personas desaparecidas en una \u201ccausa nacional\u201d -","isPartOf":{"@id":"https:\/\/expresorgv.online\/home\/#website"},"primaryImageOfPage":{"@id":"https:\/\/expresorgv.online\/home\/blog\/2026\/08\/30\/iglesia-catolica-pide-al-estado-convertir-la-busqueda-de-personas-desaparecidas-en-una-causa-nacional\/#primaryimage"},"image":{"@id":"https:\/\/expresorgv.online\/home\/blog\/2026\/08\/30\/iglesia-catolica-pide-al-estado-convertir-la-busqueda-de-personas-desaparecidas-en-una-causa-nacional\/#primaryimage"},"thumbnailUrl":"https:\/\/i0.wp.com\/expresorgv.online\/home\/wp-content\/uploads\/2026\/08\/Desaparecidos.png?fit=591%2C328&ssl=1","datePublished":"2026-08-30T17:59:44+00:00","dateModified":"2026-08-30T17:59:45+00:00","author":{"@id":"https:\/\/expresorgv.online\/home\/#\/schema\/person\/ae1ed1a575540204b5f59dca7f91f6a2"},"breadcrumb":{"@id":"https:\/\/expresorgv.online\/home\/blog\/2026\/08\/30\/iglesia-catolica-pide-al-estado-convertir-la-busqueda-de-personas-desaparecidas-en-una-causa-nacional\/#breadcrumb"},"inLanguage":"es","potentialAction":[{"@type":"ReadAction","target":["https:\/\/expresorgv.online\/home\/blog\/2026\/08\/30\/iglesia-catolica-pide-al-estado-convertir-la-busqueda-de-personas-desaparecidas-en-una-causa-nacional\/"]}]},{"@type":"ImageObject","inLanguage":"es","@id":"https:\/\/expresorgv.online\/home\/blog\/2026\/08\/30\/iglesia-catolica-pide-al-estado-convertir-la-busqueda-de-personas-desaparecidas-en-una-causa-nacional\/#primaryimage","url":"https:\/\/i0.wp.com\/expresorgv.online\/home\/wp-content\/uploads\/2026\/08\/Desaparecidos.png?fit=591%2C328&ssl=1","contentUrl":"https:\/\/i0.wp.com\/expresorgv.online\/home\/wp-content\/uploads\/2026\/08\/Desaparecidos.png?fit=591%2C328&ssl=1","width":591,"height":328},{"@type":"BreadcrumbList","@id":"https:\/\/expresorgv.online\/home\/blog\/2026\/08\/30\/iglesia-catolica-pide-al-estado-convertir-la-busqueda-de-personas-desaparecidas-en-una-causa-nacional\/#breadcrumb","itemListElement":[{"@type":"ListItem","position":1,"name":"Home","item":"https:\/\/expresorgv.online\/home\/"},{"@type":"ListItem","position":2,"name":"Iglesia cat\u00f3lica pide al Estado convertir la b\u00fasqueda de personas desaparecidas en una \u201ccausa nacional\u201d"}]},{"@type":"WebSite","@id":"https:\/\/expresorgv.online\/home\/#website","url":"https:\/\/expresorgv.online\/home\/","name":"","description":"","potentialAction":[{"@type":"SearchAction","target":{"@type":"EntryPoint","urlTemplate":"https:\/\/expresorgv.online\/home\/?s={search_term_string}"},"query-input":{"@type":"PropertyValueSpecification","valueRequired":true,"valueName":"search_term_string"}}],"inLanguage":"es"},{"@type":"Person","@id":"https:\/\/expresorgv.online\/home\/#\/schema\/person\/ae1ed1a575540204b5f59dca7f91f6a2","name":"expreso","image":{"@type":"ImageObject","inLanguage":"es","@id":"https:\/\/secure.gravatar.com\/avatar\/88cd9f065dcd1b722cd984aac4181386a800c0bca699eaf07e42dd8f820bddee?s=96&d=mm&r=g","url":"https:\/\/secure.gravatar.com\/avatar\/88cd9f065dcd1b722cd984aac4181386a800c0bca699eaf07e42dd8f820bddee?s=96&d=mm&r=g","contentUrl":"https:\/\/secure.gravatar.com\/avatar\/88cd9f065dcd1b722cd984aac4181386a800c0bca699eaf07e42dd8f820bddee?s=96&d=mm&r=g","caption":"expreso"},"url":"https:\/\/expresorgv.online\/home\/blog\/author\/expreso\/"}]}},"jetpack_featured_media_url":"https:\/\/i0.wp.com\/expresorgv.online\/home\/wp-content\/uploads\/2026\/08\/Desaparecidos.png?fit=591%2C328&ssl=1","_links":{"self":[{"href":"https:\/\/expresorgv.online\/home\/wp-json\/wp\/v2\/posts\/38302","targetHints":{"allow":["GET"]}}],"collection":[{"href":"https:\/\/expresorgv.online\/home\/wp-json\/wp\/v2\/posts"}],"about":[{"href":"https:\/\/expresorgv.online\/home\/wp-json\/wp\/v2\/types\/post"}],"author":[{"embeddable":true,"href":"https:\/\/expresorgv.online\/home\/wp-json\/wp\/v2\/users\/2"}],"replies":[{"embeddable":true,"href":"https:\/\/expresorgv.online\/home\/wp-json\/wp\/v2\/comments?post=38302"}],"version-history":[{"count":1,"href":"https:\/\/expresorgv.online\/home\/wp-json\/wp\/v2\/posts\/38302\/revisions"}],"predecessor-version":[{"id":38304,"href":"https:\/\/expresorgv.online\/home\/wp-json\/wp\/v2\/posts\/38302\/revisions\/38304"}],"wp:featuredmedia":[{"embeddable":true,"href":"https:\/\/expresorgv.online\/home\/wp-json\/wp\/v2\/media\/38303"}],"wp:attachment":[{"href":"https:\/\/expresorgv.online\/home\/wp-json\/wp\/v2\/media?parent=38302"}],"wp:term":[{"taxonomy":"category","embeddable":true,"href":"https:\/\/expresorgv.online\/home\/wp-json\/wp\/v2\/categories?post=38302"},{"taxonomy":"post_tag","embeddable":true,"href":"https:\/\/expresorgv.online\/home\/wp-json\/wp\/v2\/tags?post=38302"}],"curies":[{"name":"wp","href":"https:\/\/api.w.org\/{rel}","templated":true}]}}