{"id":38296,"date":"2026-08-30T13:26:09","date_gmt":"2026-08-30T13:26:09","guid":{"rendered":"https:\/\/expresorgv.online\/home\/?p=38296"},"modified":"2026-08-30T13:26:10","modified_gmt":"2026-08-30T13:26:10","slug":"dan-galletas-con-fotografias-de-desaparecidos-a-madres-buscadoras-en-salamanca-guanajuato","status":"publish","type":"post","link":"https:\/\/expresorgv.online\/home\/blog\/2026\/08\/30\/dan-galletas-con-fotografias-de-desaparecidos-a-madres-buscadoras-en-salamanca-guanajuato\/","title":{"rendered":"Dan galletas con fotograf\u00edas de desaparecidos a madres buscadoras en Salamanca, Guanajuato"},"content":{"rendered":"\n<p class=\"wp-block-paragraph\">El alcalde C\u00e9sar Prieto Gallardo y su esposa Eugenia Mart\u00ednez, Presidenta del DIF municipal, repartieron galletas con las fotograf\u00edas de personas desparecidas en la reinauguraci\u00f3n del \u00c1rbol de la Memoria en el jard\u00edn Xidoo, en el marco del D\u00eda Internacional de las V\u00edctimas de Desapariciones Forzadas.<\/p>\n\n\n\n<p class=\"wp-block-paragraph\">Integrantes de colectivos confirmaron que el pastel ven\u00eda decorado con impresiones de fotograf\u00edas comestibles.<\/p>\n\n\n\n<p class=\"wp-block-paragraph\">\u201cYo sent\u00ed feo de ver las fotos de personas que buscamos y no agarr\u00e9 y vi que otras compa\u00f1eras algunas si agarraron pero las guardaron, pero si se pod\u00eda comer era pastel o galletas para comer\u201d, dijo una madre buscadora.<\/p>\n\n\n\n<p class=\"wp-block-paragraph\">El DIF de Salmanca incluso public\u00f3 una fotograf\u00eda del evento en donde se puede ver platos con los bocadillos con las fotograf\u00edas sin nombre de los desparecidos.<\/p>\n\n\n\n<p class=\"wp-block-paragraph\">\u201cSeguiremos poniendo el coraz\u00f3n en cada paso, porque todav\u00eda hay mucho por hacer y porque queremos un Salamanca donde nadie tenga que sentirse solo frente al dolor. En nosotros tienen una mano que acompa\u00f1a, un coraz\u00f3n que escucha y una familia que seguir\u00e1 caminando a su lado, su familia DIF\u201d, dijo en su discurso la Presidenta del DIF Eugenia Mart\u00ednez.<\/p>\n\n\n\n<p class=\"wp-block-paragraph\">Fuentes municipales que pidieron anonimato por no estar autorizadas para dar informaci\u00f3n aseguraron que fueron alumnos de La Salle los que realizaron la muestra gastron\u00f3mica y los creadores del los pasteles con las fotograf\u00edas.<\/p>\n\n\n\n<p class=\"wp-block-paragraph\">Madres buscadoras adornaron el \u00e1rbol y colocaron fotograf\u00edas.<\/p>\n\n\n\n<p class=\"wp-block-paragraph\">Algunas integrantes de colectivos aseguraron que no asistieron porque el alcalde C\u00e9sar Prieto les ha negado ayuda para las b\u00fasquedas en campo y ven incongruente este tipo de actos.<\/p>\n\n\n\n<p class=\"wp-block-paragraph\">\u201cNo fuimos muchas, unas solo quieren las fotos pero porque el presidente C\u00e9sar si tiene dinero para el \u00e1rbol, lo adornaron y hab\u00eda chefs dando de comer y porque cuando pedimos ayuda nos la niegan por que no nos llevan comida cuando estamos buscado muertos en los puntos\u201d, dijo una madre buscadora que pidi\u00f3 el anonimato.<\/p>\n\n\n\n<p class=\"wp-block-paragraph\">Este domingo a las cuatro de la tarde est\u00e1 programada una marcha para conmemorar el d\u00eda de D\u00eda Internacional de las V\u00edctimas de Desapariciones Forzadas en el centro de Salmanca adem\u00e1s de otros municipios como Celaya, Irapuato y Le\u00f3n.<\/p>\n","protected":false},"excerpt":{"rendered":"<p>El alcalde C\u00e9sar Prieto Gallardo y su esposa Eugenia Mart\u00ednez, Presidenta del DIF municipal, repartieron galletas con las fotograf\u00edas de personas desparecidas en la reinauguraci\u00f3n del \u00c1rbol de la Memoria en el jard\u00edn Xidoo, en el marco del D\u00eda Internacional de las V\u00edctimas de Desapariciones Forzadas. Integrantes de colectivos confirmaron que el pastel ven\u00eda decorado [&hellip;]<\/p>\n","protected":false},"author":2,"featured_media":38297,"comment_status":"open","ping_status":"open","sticky":false,"template":"","format":"standard","meta":{"footnotes":""},"categories":[6],"tags":[],"class_list":["post-38296","post","type-post","status-publish","format-standard","has-post-thumbnail","hentry","category-nacional"],"yoast_head":"<!-- This site is optimized with the Yoast SEO plugin v27.2 - https:\/\/yoast.com\/product\/yoast-seo-wordpress\/ -->\n<title>Dan galletas con fotograf\u00edas de desaparecidos a madres buscadoras en Salamanca, Guanajuato -<\/title>\n<meta name=\"robots\" content=\"index, follow, max-snippet:-1, max-image-preview:large, max-video-preview:-1\" \/>\n<link rel=\"canonical\" href=\"https:\/\/expresorgv.online\/home\/blog\/2026\/08\/30\/dan-galletas-con-fotografias-de-desaparecidos-a-madres-buscadoras-en-salamanca-guanajuato\/\" \/>\n<meta property=\"og:locale\" content=\"es_ES\" \/>\n<meta property=\"og:type\" content=\"article\" \/>\n<meta property=\"og:title\" content=\"Dan galletas con fotograf\u00edas de desaparecidos a madres buscadoras en Salamanca, Guanajuato\" \/>\n<meta property=\"og:description\" content=\"El alcalde C\u00e9sar Prieto Gallardo y su esposa Eugenia Mart\u00ednez, Presidenta del DIF municipal, repartieron galletas con las fotograf\u00edas de personas desparecidas en la reinauguraci\u00f3n del \u00c1rbol de la Memoria en el jard\u00edn Xidoo, en el marco del D\u00eda Internacional de las V\u00edctimas de Desapariciones Forzadas. Integrantes de colectivos confirmaron que el pastel ven\u00eda decorado [&hellip;]\" \/>\n<meta property=\"og:url\" content=\"https:\/\/expresorgv.online\/home\/blog\/2026\/08\/30\/dan-galletas-con-fotografias-de-desaparecidos-a-madres-buscadoras-en-salamanca-guanajuato\/\" \/>\n<meta property=\"article:published_time\" content=\"2026-08-30T13:26:09+00:00\" \/>\n<meta property=\"article:modified_time\" content=\"2026-08-30T13:26:10+00:00\" \/>\n<meta property=\"og:image\" content=\"https:\/\/expresorgv.online\/home\/wp-content\/uploads\/2026\/08\/Galletas-Desaparecidos.png\" \/>\n\t<meta property=\"og:image:width\" content=\"591\" \/>\n\t<meta property=\"og:image:height\" content=\"328\" \/>\n\t<meta property=\"og:image:type\" content=\"image\/png\" \/>\n<meta name=\"author\" content=\"expreso\" \/>\n<meta name=\"twitter:card\" content=\"summary_large_image\" \/>\n<meta name=\"twitter:label1\" content=\"Escrito por\" \/>\n\t<meta name=\"twitter:data1\" content=\"expreso\" \/>\n\t<meta name=\"twitter:label2\" content=\"Tiempo de lectura\" \/>\n\t<meta name=\"twitter:data2\" content=\"2 minutos\" \/>\n<script type=\"application\/ld+json\" class=\"yoast-schema-graph\">{\"@context\":\"https:\/\/schema.org\",\"@graph\":[{\"@type\":\"Article\",\"@id\":\"https:\/\/expresorgv.online\/home\/blog\/2026\/08\/30\/dan-galletas-con-fotografias-de-desaparecidos-a-madres-buscadoras-en-salamanca-guanajuato\/#article\",\"isPartOf\":{\"@id\":\"https:\/\/expresorgv.online\/home\/blog\/2026\/08\/30\/dan-galletas-con-fotografias-de-desaparecidos-a-madres-buscadoras-en-salamanca-guanajuato\/\"},\"author\":{\"name\":\"expreso\",\"@id\":\"https:\/\/expresorgv.online\/home\/#\/schema\/person\/ae1ed1a575540204b5f59dca7f91f6a2\"},\"headline\":\"Dan galletas con fotograf\u00edas de desaparecidos a madres buscadoras en Salamanca, Guanajuato\",\"datePublished\":\"2026-08-30T13:26:09+00:00\",\"dateModified\":\"2026-08-30T13:26:10+00:00\",\"mainEntityOfPage\":{\"@id\":\"https:\/\/expresorgv.online\/home\/blog\/2026\/08\/30\/dan-galletas-con-fotografias-de-desaparecidos-a-madres-buscadoras-en-salamanca-guanajuato\/\"},\"wordCount\":397,\"commentCount\":0,\"image\":{\"@id\":\"https:\/\/expresorgv.online\/home\/blog\/2026\/08\/30\/dan-galletas-con-fotografias-de-desaparecidos-a-madres-buscadoras-en-salamanca-guanajuato\/#primaryimage\"},\"thumbnailUrl\":\"https:\/\/i0.wp.com\/expresorgv.online\/home\/wp-content\/uploads\/2026\/08\/Galletas-Desaparecidos.png?fit=591%2C328&ssl=1\",\"articleSection\":[\"NACIONAL\"],\"inLanguage\":\"es\",\"potentialAction\":[{\"@type\":\"CommentAction\",\"name\":\"Comment\",\"target\":[\"https:\/\/expresorgv.online\/home\/blog\/2026\/08\/30\/dan-galletas-con-fotografias-de-desaparecidos-a-madres-buscadoras-en-salamanca-guanajuato\/#respond\"]}]},{\"@type\":\"WebPage\",\"@id\":\"https:\/\/expresorgv.online\/home\/blog\/2026\/08\/30\/dan-galletas-con-fotografias-de-desaparecidos-a-madres-buscadoras-en-salamanca-guanajuato\/\",\"url\":\"https:\/\/expresorgv.online\/home\/blog\/2026\/08\/30\/dan-galletas-con-fotografias-de-desaparecidos-a-madres-buscadoras-en-salamanca-guanajuato\/\",\"name\":\"Dan galletas con fotograf\u00edas de desaparecidos a madres buscadoras en Salamanca, Guanajuato -\",\"isPartOf\":{\"@id\":\"https:\/\/expresorgv.online\/home\/#website\"},\"primaryImageOfPage\":{\"@id\":\"https:\/\/expresorgv.online\/home\/blog\/2026\/08\/30\/dan-galletas-con-fotografias-de-desaparecidos-a-madres-buscadoras-en-salamanca-guanajuato\/#primaryimage\"},\"image\":{\"@id\":\"https:\/\/expresorgv.online\/home\/blog\/2026\/08\/30\/dan-galletas-con-fotografias-de-desaparecidos-a-madres-buscadoras-en-salamanca-guanajuato\/#primaryimage\"},\"thumbnailUrl\":\"https:\/\/i0.wp.com\/expresorgv.online\/home\/wp-content\/uploads\/2026\/08\/Galletas-Desaparecidos.png?fit=591%2C328&ssl=1\",\"datePublished\":\"2026-08-30T13:26:09+00:00\",\"dateModified\":\"2026-08-30T13:26:10+00:00\",\"author\":{\"@id\":\"https:\/\/expresorgv.online\/home\/#\/schema\/person\/ae1ed1a575540204b5f59dca7f91f6a2\"},\"breadcrumb\":{\"@id\":\"https:\/\/expresorgv.online\/home\/blog\/2026\/08\/30\/dan-galletas-con-fotografias-de-desaparecidos-a-madres-buscadoras-en-salamanca-guanajuato\/#breadcrumb\"},\"inLanguage\":\"es\",\"potentialAction\":[{\"@type\":\"ReadAction\",\"target\":[\"https:\/\/expresorgv.online\/home\/blog\/2026\/08\/30\/dan-galletas-con-fotografias-de-desaparecidos-a-madres-buscadoras-en-salamanca-guanajuato\/\"]}]},{\"@type\":\"ImageObject\",\"inLanguage\":\"es\",\"@id\":\"https:\/\/expresorgv.online\/home\/blog\/2026\/08\/30\/dan-galletas-con-fotografias-de-desaparecidos-a-madres-buscadoras-en-salamanca-guanajuato\/#primaryimage\",\"url\":\"https:\/\/i0.wp.com\/expresorgv.online\/home\/wp-content\/uploads\/2026\/08\/Galletas-Desaparecidos.png?fit=591%2C328&ssl=1\",\"contentUrl\":\"https:\/\/i0.wp.com\/expresorgv.online\/home\/wp-content\/uploads\/2026\/08\/Galletas-Desaparecidos.png?fit=591%2C328&ssl=1\",\"width\":591,\"height\":328},{\"@type\":\"BreadcrumbList\",\"@id\":\"https:\/\/expresorgv.online\/home\/blog\/2026\/08\/30\/dan-galletas-con-fotografias-de-desaparecidos-a-madres-buscadoras-en-salamanca-guanajuato\/#breadcrumb\",\"itemListElement\":[{\"@type\":\"ListItem\",\"position\":1,\"name\":\"Home\",\"item\":\"https:\/\/expresorgv.online\/home\/\"},{\"@type\":\"ListItem\",\"position\":2,\"name\":\"Dan galletas con fotograf\u00edas de desaparecidos a madres buscadoras en Salamanca, Guanajuato\"}]},{\"@type\":\"WebSite\",\"@id\":\"https:\/\/expresorgv.online\/home\/#website\",\"url\":\"https:\/\/expresorgv.online\/home\/\",\"name\":\"\",\"description\":\"\",\"potentialAction\":[{\"@type\":\"SearchAction\",\"target\":{\"@type\":\"EntryPoint\",\"urlTemplate\":\"https:\/\/expresorgv.online\/home\/?s={search_term_string}\"},\"query-input\":{\"@type\":\"PropertyValueSpecification\",\"valueRequired\":true,\"valueName\":\"search_term_string\"}}],\"inLanguage\":\"es\"},{\"@type\":\"Person\",\"@id\":\"https:\/\/expresorgv.online\/home\/#\/schema\/person\/ae1ed1a575540204b5f59dca7f91f6a2\",\"name\":\"expreso\",\"image\":{\"@type\":\"ImageObject\",\"inLanguage\":\"es\",\"@id\":\"https:\/\/secure.gravatar.com\/avatar\/88cd9f065dcd1b722cd984aac4181386a800c0bca699eaf07e42dd8f820bddee?s=96&d=mm&r=g\",\"url\":\"https:\/\/secure.gravatar.com\/avatar\/88cd9f065dcd1b722cd984aac4181386a800c0bca699eaf07e42dd8f820bddee?s=96&d=mm&r=g\",\"contentUrl\":\"https:\/\/secure.gravatar.com\/avatar\/88cd9f065dcd1b722cd984aac4181386a800c0bca699eaf07e42dd8f820bddee?s=96&d=mm&r=g\",\"caption\":\"expreso\"},\"url\":\"https:\/\/expresorgv.online\/home\/blog\/author\/expreso\/\"}]}<\/script>\n<!-- \/ Yoast SEO plugin. -->","yoast_head_json":{"title":"Dan galletas con fotograf\u00edas de desaparecidos a madres buscadoras en Salamanca, Guanajuato -","robots":{"index":"index","follow":"follow","max-snippet":"max-snippet:-1","max-image-preview":"max-image-preview:large","max-video-preview":"max-video-preview:-1"},"canonical":"https:\/\/expresorgv.online\/home\/blog\/2026\/08\/30\/dan-galletas-con-fotografias-de-desaparecidos-a-madres-buscadoras-en-salamanca-guanajuato\/","og_locale":"es_ES","og_type":"article","og_title":"Dan galletas con fotograf\u00edas de desaparecidos a madres buscadoras en Salamanca, Guanajuato","og_description":"El alcalde C\u00e9sar Prieto Gallardo y su esposa Eugenia Mart\u00ednez, Presidenta del DIF municipal, repartieron galletas con las fotograf\u00edas de personas desparecidas en la reinauguraci\u00f3n del \u00c1rbol de la Memoria en el jard\u00edn Xidoo, en el marco del D\u00eda Internacional de las V\u00edctimas de Desapariciones Forzadas. Integrantes de colectivos confirmaron que el pastel ven\u00eda decorado [&hellip;]","og_url":"https:\/\/expresorgv.online\/home\/blog\/2026\/08\/30\/dan-galletas-con-fotografias-de-desaparecidos-a-madres-buscadoras-en-salamanca-guanajuato\/","article_published_time":"2026-08-30T13:26:09+00:00","article_modified_time":"2026-08-30T13:26:10+00:00","og_image":[{"width":591,"height":328,"url":"https:\/\/expresorgv.online\/home\/wp-content\/uploads\/2026\/08\/Galletas-Desaparecidos.png","type":"image\/png"}],"author":"expreso","twitter_card":"summary_large_image","twitter_misc":{"Escrito por":"expreso","Tiempo de lectura":"2 minutos"},"schema":{"@context":"https:\/\/schema.org","@graph":[{"@type":"Article","@id":"https:\/\/expresorgv.online\/home\/blog\/2026\/08\/30\/dan-galletas-con-fotografias-de-desaparecidos-a-madres-buscadoras-en-salamanca-guanajuato\/#article","isPartOf":{"@id":"https:\/\/expresorgv.online\/home\/blog\/2026\/08\/30\/dan-galletas-con-fotografias-de-desaparecidos-a-madres-buscadoras-en-salamanca-guanajuato\/"},"author":{"name":"expreso","@id":"https:\/\/expresorgv.online\/home\/#\/schema\/person\/ae1ed1a575540204b5f59dca7f91f6a2"},"headline":"Dan galletas con fotograf\u00edas de desaparecidos a madres buscadoras en Salamanca, Guanajuato","datePublished":"2026-08-30T13:26:09+00:00","dateModified":"2026-08-30T13:26:10+00:00","mainEntityOfPage":{"@id":"https:\/\/expresorgv.online\/home\/blog\/2026\/08\/30\/dan-galletas-con-fotografias-de-desaparecidos-a-madres-buscadoras-en-salamanca-guanajuato\/"},"wordCount":397,"commentCount":0,"image":{"@id":"https:\/\/expresorgv.online\/home\/blog\/2026\/08\/30\/dan-galletas-con-fotografias-de-desaparecidos-a-madres-buscadoras-en-salamanca-guanajuato\/#primaryimage"},"thumbnailUrl":"https:\/\/i0.wp.com\/expresorgv.online\/home\/wp-content\/uploads\/2026\/08\/Galletas-Desaparecidos.png?fit=591%2C328&ssl=1","articleSection":["NACIONAL"],"inLanguage":"es","potentialAction":[{"@type":"CommentAction","name":"Comment","target":["https:\/\/expresorgv.online\/home\/blog\/2026\/08\/30\/dan-galletas-con-fotografias-de-desaparecidos-a-madres-buscadoras-en-salamanca-guanajuato\/#respond"]}]},{"@type":"WebPage","@id":"https:\/\/expresorgv.online\/home\/blog\/2026\/08\/30\/dan-galletas-con-fotografias-de-desaparecidos-a-madres-buscadoras-en-salamanca-guanajuato\/","url":"https:\/\/expresorgv.online\/home\/blog\/2026\/08\/30\/dan-galletas-con-fotografias-de-desaparecidos-a-madres-buscadoras-en-salamanca-guanajuato\/","name":"Dan galletas con fotograf\u00edas de desaparecidos a madres buscadoras en Salamanca, Guanajuato -","isPartOf":{"@id":"https:\/\/expresorgv.online\/home\/#website"},"primaryImageOfPage":{"@id":"https:\/\/expresorgv.online\/home\/blog\/2026\/08\/30\/dan-galletas-con-fotografias-de-desaparecidos-a-madres-buscadoras-en-salamanca-guanajuato\/#primaryimage"},"image":{"@id":"https:\/\/expresorgv.online\/home\/blog\/2026\/08\/30\/dan-galletas-con-fotografias-de-desaparecidos-a-madres-buscadoras-en-salamanca-guanajuato\/#primaryimage"},"thumbnailUrl":"https:\/\/i0.wp.com\/expresorgv.online\/home\/wp-content\/uploads\/2026\/08\/Galletas-Desaparecidos.png?fit=591%2C328&ssl=1","datePublished":"2026-08-30T13:26:09+00:00","dateModified":"2026-08-30T13:26:10+00:00","author":{"@id":"https:\/\/expresorgv.online\/home\/#\/schema\/person\/ae1ed1a575540204b5f59dca7f91f6a2"},"breadcrumb":{"@id":"https:\/\/expresorgv.online\/home\/blog\/2026\/08\/30\/dan-galletas-con-fotografias-de-desaparecidos-a-madres-buscadoras-en-salamanca-guanajuato\/#breadcrumb"},"inLanguage":"es","potentialAction":[{"@type":"ReadAction","target":["https:\/\/expresorgv.online\/home\/blog\/2026\/08\/30\/dan-galletas-con-fotografias-de-desaparecidos-a-madres-buscadoras-en-salamanca-guanajuato\/"]}]},{"@type":"ImageObject","inLanguage":"es","@id":"https:\/\/expresorgv.online\/home\/blog\/2026\/08\/30\/dan-galletas-con-fotografias-de-desaparecidos-a-madres-buscadoras-en-salamanca-guanajuato\/#primaryimage","url":"https:\/\/i0.wp.com\/expresorgv.online\/home\/wp-content\/uploads\/2026\/08\/Galletas-Desaparecidos.png?fit=591%2C328&ssl=1","contentUrl":"https:\/\/i0.wp.com\/expresorgv.online\/home\/wp-content\/uploads\/2026\/08\/Galletas-Desaparecidos.png?fit=591%2C328&ssl=1","width":591,"height":328},{"@type":"BreadcrumbList","@id":"https:\/\/expresorgv.online\/home\/blog\/2026\/08\/30\/dan-galletas-con-fotografias-de-desaparecidos-a-madres-buscadoras-en-salamanca-guanajuato\/#breadcrumb","itemListElement":[{"@type":"ListItem","position":1,"name":"Home","item":"https:\/\/expresorgv.online\/home\/"},{"@type":"ListItem","position":2,"name":"Dan galletas con fotograf\u00edas de desaparecidos a madres buscadoras en Salamanca, Guanajuato"}]},{"@type":"WebSite","@id":"https:\/\/expresorgv.online\/home\/#website","url":"https:\/\/expresorgv.online\/home\/","name":"","description":"","potentialAction":[{"@type":"SearchAction","target":{"@type":"EntryPoint","urlTemplate":"https:\/\/expresorgv.online\/home\/?s={search_term_string}"},"query-input":{"@type":"PropertyValueSpecification","valueRequired":true,"valueName":"search_term_string"}}],"inLanguage":"es"},{"@type":"Person","@id":"https:\/\/expresorgv.online\/home\/#\/schema\/person\/ae1ed1a575540204b5f59dca7f91f6a2","name":"expreso","image":{"@type":"ImageObject","inLanguage":"es","@id":"https:\/\/secure.gravatar.com\/avatar\/88cd9f065dcd1b722cd984aac4181386a800c0bca699eaf07e42dd8f820bddee?s=96&d=mm&r=g","url":"https:\/\/secure.gravatar.com\/avatar\/88cd9f065dcd1b722cd984aac4181386a800c0bca699eaf07e42dd8f820bddee?s=96&d=mm&r=g","contentUrl":"https:\/\/secure.gravatar.com\/avatar\/88cd9f065dcd1b722cd984aac4181386a800c0bca699eaf07e42dd8f820bddee?s=96&d=mm&r=g","caption":"expreso"},"url":"https:\/\/expresorgv.online\/home\/blog\/author\/expreso\/"}]}},"jetpack_featured_media_url":"https:\/\/i0.wp.com\/expresorgv.online\/home\/wp-content\/uploads\/2026\/08\/Galletas-Desaparecidos.png?fit=591%2C328&ssl=1","_links":{"self":[{"href":"https:\/\/expresorgv.online\/home\/wp-json\/wp\/v2\/posts\/38296","targetHints":{"allow":["GET"]}}],"collection":[{"href":"https:\/\/expresorgv.online\/home\/wp-json\/wp\/v2\/posts"}],"about":[{"href":"https:\/\/expresorgv.online\/home\/wp-json\/wp\/v2\/types\/post"}],"author":[{"embeddable":true,"href":"https:\/\/expresorgv.online\/home\/wp-json\/wp\/v2\/users\/2"}],"replies":[{"embeddable":true,"href":"https:\/\/expresorgv.online\/home\/wp-json\/wp\/v2\/comments?post=38296"}],"version-history":[{"count":1,"href":"https:\/\/expresorgv.online\/home\/wp-json\/wp\/v2\/posts\/38296\/revisions"}],"predecessor-version":[{"id":38298,"href":"https:\/\/expresorgv.online\/home\/wp-json\/wp\/v2\/posts\/38296\/revisions\/38298"}],"wp:featuredmedia":[{"embeddable":true,"href":"https:\/\/expresorgv.online\/home\/wp-json\/wp\/v2\/media\/38297"}],"wp:attachment":[{"href":"https:\/\/expresorgv.online\/home\/wp-json\/wp\/v2\/media?parent=38296"}],"wp:term":[{"taxonomy":"category","embeddable":true,"href":"https:\/\/expresorgv.online\/home\/wp-json\/wp\/v2\/categories?post=38296"},{"taxonomy":"post_tag","embeddable":true,"href":"https:\/\/expresorgv.online\/home\/wp-json\/wp\/v2\/tags?post=38296"}],"curies":[{"name":"wp","href":"https:\/\/api.w.org\/{rel}","templated":true}]}}