{"id":38290,"date":"2026-08-30T13:14:50","date_gmt":"2026-08-30T13:14:50","guid":{"rendered":"https:\/\/expresorgv.online\/home\/?p=38290"},"modified":"2026-08-30T13:14:53","modified_gmt":"2026-08-30T13:14:53","slug":"dea-advierte-que-exhibira-a-funcionarios-mexicanos-al-servicio-de-los-carteles","status":"publish","type":"post","link":"https:\/\/expresorgv.online\/home\/blog\/2026\/08\/30\/dea-advierte-que-exhibira-a-funcionarios-mexicanos-al-servicio-de-los-carteles\/","title":{"rendered":"DEA advierte que exhibir\u00e1 a funcionarios mexicanos al servicio de los c\u00e1rteles"},"content":{"rendered":"\n<p class=\"wp-block-paragraph\">El titular de la Administraci\u00f3n de Control de Drogas, Terry Cole, advirti\u00f3 este s\u00e1bado que la agencia est\u00e1 comprometida a exponer a los funcionarios y las redes que ponen los intereses de los c\u00e1rteles por encima de los intereses de las personas que juraron servir.<\/p>\n\n\n\n<p class=\"wp-block-paragraph\">En una publicaci\u00f3n a trav\u00e9s de la cuenta oficial de la dependencia, en la que destac\u00f3 la recuperaci\u00f3n de 5.8 millones de d\u00f3lares por parte del gobierno de M\u00e9xico de una red de corrupci\u00f3n vinculada con Genaro Garc\u00eda Luna, el funcionario asegur\u00f3 que Estados Unidos tambi\u00e9n buscar\u00e1 obtener una compensaci\u00f3n de los activos vinculados en ese caso.<\/p>\n\n\n\n<p class=\"wp-block-paragraph\">\u201cM\u00e9xico ha recuperado 5.8 millones de d\u00f3lares vinculados a su red de corrupci\u00f3n. Estados Unidos tiene sentencias pendientes por separado relacionadas con Garc\u00eda Luna y tambi\u00e9n continuar\u00e1 buscando obtener una compensaci\u00f3n de los activos vinculados a sus actividades corruptas\u201d, afirm\u00f3.<\/p>\n\n\n\n<p class=\"wp-block-paragraph\">El director de la DEA, asegur\u00f3 que la corrupci\u00f3n sigue siendo el arma m\u00e1s poderosa que tienen los c\u00e1rteles y el gobierno de Trump est\u00e1 comprometido en exhibir a esos servidores p\u00fablicos.<\/p>\n\n\n\n<p class=\"wp-block-paragraph\">El gobierno de Estados Unidos acusa a Rub\u00e9n Rocha Moya, Enrique Inzunza y otros ocho funcionarios de Sinaloa por v\u00ednculos con el crimen organizado.<\/p>\n\n\n\n<p class=\"wp-block-paragraph\">A los se\u00f1alamientos p\u00fablicos por narcotr\u00e1fico se ha sumado el exdirector de la DEA, Derek Maltz, quien este s\u00e1bado difundi\u00f3 una imagen generada con inteligencia artificial en la que se representa la supuesta detenci\u00f3n del gobernador con licencia de Sinaloa.<\/p>\n\n\n\n<p class=\"wp-block-paragraph\">En un mensaje, Maltz expres\u00f3 su deseo de que Rocha Moya sea expulsado de M\u00e9xico y enviado a Nueva York para \u201cenfrentar la justicia\u201d en un tribunal federal de ese pa\u00eds.<\/p>\n","protected":false},"excerpt":{"rendered":"<p>El titular de la Administraci\u00f3n de Control de Drogas, Terry Cole, advirti\u00f3 este s\u00e1bado que la agencia est\u00e1 comprometida a exponer a los funcionarios y las redes que ponen los intereses de los c\u00e1rteles por encima de los intereses de las personas que juraron servir. En una publicaci\u00f3n a trav\u00e9s de la cuenta oficial de [&hellip;]<\/p>\n","protected":false},"author":2,"featured_media":38291,"comment_status":"open","ping_status":"open","sticky":false,"template":"","format":"standard","meta":{"footnotes":""},"categories":[7],"tags":[],"class_list":["post-38290","post","type-post","status-publish","format-standard","has-post-thumbnail","hentry","category-internacional"],"yoast_head":"<!-- This site is optimized with the Yoast SEO plugin v27.2 - https:\/\/yoast.com\/product\/yoast-seo-wordpress\/ -->\n<title>DEA advierte que exhibir\u00e1 a funcionarios mexicanos al servicio de los c\u00e1rteles -<\/title>\n<meta name=\"robots\" content=\"index, follow, max-snippet:-1, max-image-preview:large, max-video-preview:-1\" \/>\n<link rel=\"canonical\" href=\"https:\/\/expresorgv.online\/home\/blog\/2026\/08\/30\/dea-advierte-que-exhibira-a-funcionarios-mexicanos-al-servicio-de-los-carteles\/\" \/>\n<meta property=\"og:locale\" content=\"es_ES\" \/>\n<meta property=\"og:type\" content=\"article\" \/>\n<meta property=\"og:title\" content=\"DEA advierte que exhibir\u00e1 a funcionarios mexicanos al servicio de los c\u00e1rteles\" \/>\n<meta property=\"og:description\" content=\"El titular de la Administraci\u00f3n de Control de Drogas, Terry Cole, advirti\u00f3 este s\u00e1bado que la agencia est\u00e1 comprometida a exponer a los funcionarios y las redes que ponen los intereses de los c\u00e1rteles por encima de los intereses de las personas que juraron servir. En una publicaci\u00f3n a trav\u00e9s de la cuenta oficial de [&hellip;]\" \/>\n<meta property=\"og:url\" content=\"https:\/\/expresorgv.online\/home\/blog\/2026\/08\/30\/dea-advierte-que-exhibira-a-funcionarios-mexicanos-al-servicio-de-los-carteles\/\" \/>\n<meta property=\"article:published_time\" content=\"2026-08-30T13:14:50+00:00\" \/>\n<meta property=\"article:modified_time\" content=\"2026-08-30T13:14:53+00:00\" \/>\n<meta property=\"og:image\" content=\"https:\/\/expresorgv.online\/home\/wp-content\/uploads\/2026\/08\/Terry-Cole.png\" \/>\n\t<meta property=\"og:image:width\" content=\"591\" \/>\n\t<meta property=\"og:image:height\" content=\"328\" \/>\n\t<meta property=\"og:image:type\" content=\"image\/png\" \/>\n<meta name=\"author\" content=\"expreso\" \/>\n<meta name=\"twitter:card\" content=\"summary_large_image\" \/>\n<meta name=\"twitter:label1\" content=\"Escrito por\" \/>\n\t<meta name=\"twitter:data1\" content=\"expreso\" \/>\n\t<meta name=\"twitter:label2\" content=\"Tiempo de lectura\" \/>\n\t<meta name=\"twitter:data2\" content=\"2 minutos\" \/>\n<script type=\"application\/ld+json\" class=\"yoast-schema-graph\">{\"@context\":\"https:\/\/schema.org\",\"@graph\":[{\"@type\":\"Article\",\"@id\":\"https:\/\/expresorgv.online\/home\/blog\/2026\/08\/30\/dea-advierte-que-exhibira-a-funcionarios-mexicanos-al-servicio-de-los-carteles\/#article\",\"isPartOf\":{\"@id\":\"https:\/\/expresorgv.online\/home\/blog\/2026\/08\/30\/dea-advierte-que-exhibira-a-funcionarios-mexicanos-al-servicio-de-los-carteles\/\"},\"author\":{\"name\":\"expreso\",\"@id\":\"https:\/\/expresorgv.online\/home\/#\/schema\/person\/ae1ed1a575540204b5f59dca7f91f6a2\"},\"headline\":\"DEA advierte que exhibir\u00e1 a funcionarios mexicanos al servicio de los c\u00e1rteles\",\"datePublished\":\"2026-08-30T13:14:50+00:00\",\"dateModified\":\"2026-08-30T13:14:53+00:00\",\"mainEntityOfPage\":{\"@id\":\"https:\/\/expresorgv.online\/home\/blog\/2026\/08\/30\/dea-advierte-que-exhibira-a-funcionarios-mexicanos-al-servicio-de-los-carteles\/\"},\"wordCount\":311,\"commentCount\":0,\"image\":{\"@id\":\"https:\/\/expresorgv.online\/home\/blog\/2026\/08\/30\/dea-advierte-que-exhibira-a-funcionarios-mexicanos-al-servicio-de-los-carteles\/#primaryimage\"},\"thumbnailUrl\":\"https:\/\/i0.wp.com\/expresorgv.online\/home\/wp-content\/uploads\/2026\/08\/Terry-Cole.png?fit=591%2C328&ssl=1\",\"articleSection\":[\"INTERNACIONAL\"],\"inLanguage\":\"es\",\"potentialAction\":[{\"@type\":\"CommentAction\",\"name\":\"Comment\",\"target\":[\"https:\/\/expresorgv.online\/home\/blog\/2026\/08\/30\/dea-advierte-que-exhibira-a-funcionarios-mexicanos-al-servicio-de-los-carteles\/#respond\"]}]},{\"@type\":\"WebPage\",\"@id\":\"https:\/\/expresorgv.online\/home\/blog\/2026\/08\/30\/dea-advierte-que-exhibira-a-funcionarios-mexicanos-al-servicio-de-los-carteles\/\",\"url\":\"https:\/\/expresorgv.online\/home\/blog\/2026\/08\/30\/dea-advierte-que-exhibira-a-funcionarios-mexicanos-al-servicio-de-los-carteles\/\",\"name\":\"DEA advierte que exhibir\u00e1 a funcionarios mexicanos al servicio de los c\u00e1rteles -\",\"isPartOf\":{\"@id\":\"https:\/\/expresorgv.online\/home\/#website\"},\"primaryImageOfPage\":{\"@id\":\"https:\/\/expresorgv.online\/home\/blog\/2026\/08\/30\/dea-advierte-que-exhibira-a-funcionarios-mexicanos-al-servicio-de-los-carteles\/#primaryimage\"},\"image\":{\"@id\":\"https:\/\/expresorgv.online\/home\/blog\/2026\/08\/30\/dea-advierte-que-exhibira-a-funcionarios-mexicanos-al-servicio-de-los-carteles\/#primaryimage\"},\"thumbnailUrl\":\"https:\/\/i0.wp.com\/expresorgv.online\/home\/wp-content\/uploads\/2026\/08\/Terry-Cole.png?fit=591%2C328&ssl=1\",\"datePublished\":\"2026-08-30T13:14:50+00:00\",\"dateModified\":\"2026-08-30T13:14:53+00:00\",\"author\":{\"@id\":\"https:\/\/expresorgv.online\/home\/#\/schema\/person\/ae1ed1a575540204b5f59dca7f91f6a2\"},\"breadcrumb\":{\"@id\":\"https:\/\/expresorgv.online\/home\/blog\/2026\/08\/30\/dea-advierte-que-exhibira-a-funcionarios-mexicanos-al-servicio-de-los-carteles\/#breadcrumb\"},\"inLanguage\":\"es\",\"potentialAction\":[{\"@type\":\"ReadAction\",\"target\":[\"https:\/\/expresorgv.online\/home\/blog\/2026\/08\/30\/dea-advierte-que-exhibira-a-funcionarios-mexicanos-al-servicio-de-los-carteles\/\"]}]},{\"@type\":\"ImageObject\",\"inLanguage\":\"es\",\"@id\":\"https:\/\/expresorgv.online\/home\/blog\/2026\/08\/30\/dea-advierte-que-exhibira-a-funcionarios-mexicanos-al-servicio-de-los-carteles\/#primaryimage\",\"url\":\"https:\/\/i0.wp.com\/expresorgv.online\/home\/wp-content\/uploads\/2026\/08\/Terry-Cole.png?fit=591%2C328&ssl=1\",\"contentUrl\":\"https:\/\/i0.wp.com\/expresorgv.online\/home\/wp-content\/uploads\/2026\/08\/Terry-Cole.png?fit=591%2C328&ssl=1\",\"width\":591,\"height\":328},{\"@type\":\"BreadcrumbList\",\"@id\":\"https:\/\/expresorgv.online\/home\/blog\/2026\/08\/30\/dea-advierte-que-exhibira-a-funcionarios-mexicanos-al-servicio-de-los-carteles\/#breadcrumb\",\"itemListElement\":[{\"@type\":\"ListItem\",\"position\":1,\"name\":\"Home\",\"item\":\"https:\/\/expresorgv.online\/home\/\"},{\"@type\":\"ListItem\",\"position\":2,\"name\":\"DEA advierte que exhibir\u00e1 a funcionarios mexicanos al servicio de los c\u00e1rteles\"}]},{\"@type\":\"WebSite\",\"@id\":\"https:\/\/expresorgv.online\/home\/#website\",\"url\":\"https:\/\/expresorgv.online\/home\/\",\"name\":\"\",\"description\":\"\",\"potentialAction\":[{\"@type\":\"SearchAction\",\"target\":{\"@type\":\"EntryPoint\",\"urlTemplate\":\"https:\/\/expresorgv.online\/home\/?s={search_term_string}\"},\"query-input\":{\"@type\":\"PropertyValueSpecification\",\"valueRequired\":true,\"valueName\":\"search_term_string\"}}],\"inLanguage\":\"es\"},{\"@type\":\"Person\",\"@id\":\"https:\/\/expresorgv.online\/home\/#\/schema\/person\/ae1ed1a575540204b5f59dca7f91f6a2\",\"name\":\"expreso\",\"image\":{\"@type\":\"ImageObject\",\"inLanguage\":\"es\",\"@id\":\"https:\/\/secure.gravatar.com\/avatar\/88cd9f065dcd1b722cd984aac4181386a800c0bca699eaf07e42dd8f820bddee?s=96&d=mm&r=g\",\"url\":\"https:\/\/secure.gravatar.com\/avatar\/88cd9f065dcd1b722cd984aac4181386a800c0bca699eaf07e42dd8f820bddee?s=96&d=mm&r=g\",\"contentUrl\":\"https:\/\/secure.gravatar.com\/avatar\/88cd9f065dcd1b722cd984aac4181386a800c0bca699eaf07e42dd8f820bddee?s=96&d=mm&r=g\",\"caption\":\"expreso\"},\"url\":\"https:\/\/expresorgv.online\/home\/blog\/author\/expreso\/\"}]}<\/script>\n<!-- \/ Yoast SEO plugin. -->","yoast_head_json":{"title":"DEA advierte que exhibir\u00e1 a funcionarios mexicanos al servicio de los c\u00e1rteles -","robots":{"index":"index","follow":"follow","max-snippet":"max-snippet:-1","max-image-preview":"max-image-preview:large","max-video-preview":"max-video-preview:-1"},"canonical":"https:\/\/expresorgv.online\/home\/blog\/2026\/08\/30\/dea-advierte-que-exhibira-a-funcionarios-mexicanos-al-servicio-de-los-carteles\/","og_locale":"es_ES","og_type":"article","og_title":"DEA advierte que exhibir\u00e1 a funcionarios mexicanos al servicio de los c\u00e1rteles","og_description":"El titular de la Administraci\u00f3n de Control de Drogas, Terry Cole, advirti\u00f3 este s\u00e1bado que la agencia est\u00e1 comprometida a exponer a los funcionarios y las redes que ponen los intereses de los c\u00e1rteles por encima de los intereses de las personas que juraron servir. En una publicaci\u00f3n a trav\u00e9s de la cuenta oficial de [&hellip;]","og_url":"https:\/\/expresorgv.online\/home\/blog\/2026\/08\/30\/dea-advierte-que-exhibira-a-funcionarios-mexicanos-al-servicio-de-los-carteles\/","article_published_time":"2026-08-30T13:14:50+00:00","article_modified_time":"2026-08-30T13:14:53+00:00","og_image":[{"width":591,"height":328,"url":"https:\/\/expresorgv.online\/home\/wp-content\/uploads\/2026\/08\/Terry-Cole.png","type":"image\/png"}],"author":"expreso","twitter_card":"summary_large_image","twitter_misc":{"Escrito por":"expreso","Tiempo de lectura":"2 minutos"},"schema":{"@context":"https:\/\/schema.org","@graph":[{"@type":"Article","@id":"https:\/\/expresorgv.online\/home\/blog\/2026\/08\/30\/dea-advierte-que-exhibira-a-funcionarios-mexicanos-al-servicio-de-los-carteles\/#article","isPartOf":{"@id":"https:\/\/expresorgv.online\/home\/blog\/2026\/08\/30\/dea-advierte-que-exhibira-a-funcionarios-mexicanos-al-servicio-de-los-carteles\/"},"author":{"name":"expreso","@id":"https:\/\/expresorgv.online\/home\/#\/schema\/person\/ae1ed1a575540204b5f59dca7f91f6a2"},"headline":"DEA advierte que exhibir\u00e1 a funcionarios mexicanos al servicio de los c\u00e1rteles","datePublished":"2026-08-30T13:14:50+00:00","dateModified":"2026-08-30T13:14:53+00:00","mainEntityOfPage":{"@id":"https:\/\/expresorgv.online\/home\/blog\/2026\/08\/30\/dea-advierte-que-exhibira-a-funcionarios-mexicanos-al-servicio-de-los-carteles\/"},"wordCount":311,"commentCount":0,"image":{"@id":"https:\/\/expresorgv.online\/home\/blog\/2026\/08\/30\/dea-advierte-que-exhibira-a-funcionarios-mexicanos-al-servicio-de-los-carteles\/#primaryimage"},"thumbnailUrl":"https:\/\/i0.wp.com\/expresorgv.online\/home\/wp-content\/uploads\/2026\/08\/Terry-Cole.png?fit=591%2C328&ssl=1","articleSection":["INTERNACIONAL"],"inLanguage":"es","potentialAction":[{"@type":"CommentAction","name":"Comment","target":["https:\/\/expresorgv.online\/home\/blog\/2026\/08\/30\/dea-advierte-que-exhibira-a-funcionarios-mexicanos-al-servicio-de-los-carteles\/#respond"]}]},{"@type":"WebPage","@id":"https:\/\/expresorgv.online\/home\/blog\/2026\/08\/30\/dea-advierte-que-exhibira-a-funcionarios-mexicanos-al-servicio-de-los-carteles\/","url":"https:\/\/expresorgv.online\/home\/blog\/2026\/08\/30\/dea-advierte-que-exhibira-a-funcionarios-mexicanos-al-servicio-de-los-carteles\/","name":"DEA advierte que exhibir\u00e1 a funcionarios mexicanos al servicio de los c\u00e1rteles -","isPartOf":{"@id":"https:\/\/expresorgv.online\/home\/#website"},"primaryImageOfPage":{"@id":"https:\/\/expresorgv.online\/home\/blog\/2026\/08\/30\/dea-advierte-que-exhibira-a-funcionarios-mexicanos-al-servicio-de-los-carteles\/#primaryimage"},"image":{"@id":"https:\/\/expresorgv.online\/home\/blog\/2026\/08\/30\/dea-advierte-que-exhibira-a-funcionarios-mexicanos-al-servicio-de-los-carteles\/#primaryimage"},"thumbnailUrl":"https:\/\/i0.wp.com\/expresorgv.online\/home\/wp-content\/uploads\/2026\/08\/Terry-Cole.png?fit=591%2C328&ssl=1","datePublished":"2026-08-30T13:14:50+00:00","dateModified":"2026-08-30T13:14:53+00:00","author":{"@id":"https:\/\/expresorgv.online\/home\/#\/schema\/person\/ae1ed1a575540204b5f59dca7f91f6a2"},"breadcrumb":{"@id":"https:\/\/expresorgv.online\/home\/blog\/2026\/08\/30\/dea-advierte-que-exhibira-a-funcionarios-mexicanos-al-servicio-de-los-carteles\/#breadcrumb"},"inLanguage":"es","potentialAction":[{"@type":"ReadAction","target":["https:\/\/expresorgv.online\/home\/blog\/2026\/08\/30\/dea-advierte-que-exhibira-a-funcionarios-mexicanos-al-servicio-de-los-carteles\/"]}]},{"@type":"ImageObject","inLanguage":"es","@id":"https:\/\/expresorgv.online\/home\/blog\/2026\/08\/30\/dea-advierte-que-exhibira-a-funcionarios-mexicanos-al-servicio-de-los-carteles\/#primaryimage","url":"https:\/\/i0.wp.com\/expresorgv.online\/home\/wp-content\/uploads\/2026\/08\/Terry-Cole.png?fit=591%2C328&ssl=1","contentUrl":"https:\/\/i0.wp.com\/expresorgv.online\/home\/wp-content\/uploads\/2026\/08\/Terry-Cole.png?fit=591%2C328&ssl=1","width":591,"height":328},{"@type":"BreadcrumbList","@id":"https:\/\/expresorgv.online\/home\/blog\/2026\/08\/30\/dea-advierte-que-exhibira-a-funcionarios-mexicanos-al-servicio-de-los-carteles\/#breadcrumb","itemListElement":[{"@type":"ListItem","position":1,"name":"Home","item":"https:\/\/expresorgv.online\/home\/"},{"@type":"ListItem","position":2,"name":"DEA advierte que exhibir\u00e1 a funcionarios mexicanos al servicio de los c\u00e1rteles"}]},{"@type":"WebSite","@id":"https:\/\/expresorgv.online\/home\/#website","url":"https:\/\/expresorgv.online\/home\/","name":"","description":"","potentialAction":[{"@type":"SearchAction","target":{"@type":"EntryPoint","urlTemplate":"https:\/\/expresorgv.online\/home\/?s={search_term_string}"},"query-input":{"@type":"PropertyValueSpecification","valueRequired":true,"valueName":"search_term_string"}}],"inLanguage":"es"},{"@type":"Person","@id":"https:\/\/expresorgv.online\/home\/#\/schema\/person\/ae1ed1a575540204b5f59dca7f91f6a2","name":"expreso","image":{"@type":"ImageObject","inLanguage":"es","@id":"https:\/\/secure.gravatar.com\/avatar\/88cd9f065dcd1b722cd984aac4181386a800c0bca699eaf07e42dd8f820bddee?s=96&d=mm&r=g","url":"https:\/\/secure.gravatar.com\/avatar\/88cd9f065dcd1b722cd984aac4181386a800c0bca699eaf07e42dd8f820bddee?s=96&d=mm&r=g","contentUrl":"https:\/\/secure.gravatar.com\/avatar\/88cd9f065dcd1b722cd984aac4181386a800c0bca699eaf07e42dd8f820bddee?s=96&d=mm&r=g","caption":"expreso"},"url":"https:\/\/expresorgv.online\/home\/blog\/author\/expreso\/"}]}},"jetpack_featured_media_url":"https:\/\/i0.wp.com\/expresorgv.online\/home\/wp-content\/uploads\/2026\/08\/Terry-Cole.png?fit=591%2C328&ssl=1","_links":{"self":[{"href":"https:\/\/expresorgv.online\/home\/wp-json\/wp\/v2\/posts\/38290","targetHints":{"allow":["GET"]}}],"collection":[{"href":"https:\/\/expresorgv.online\/home\/wp-json\/wp\/v2\/posts"}],"about":[{"href":"https:\/\/expresorgv.online\/home\/wp-json\/wp\/v2\/types\/post"}],"author":[{"embeddable":true,"href":"https:\/\/expresorgv.online\/home\/wp-json\/wp\/v2\/users\/2"}],"replies":[{"embeddable":true,"href":"https:\/\/expresorgv.online\/home\/wp-json\/wp\/v2\/comments?post=38290"}],"version-history":[{"count":1,"href":"https:\/\/expresorgv.online\/home\/wp-json\/wp\/v2\/posts\/38290\/revisions"}],"predecessor-version":[{"id":38292,"href":"https:\/\/expresorgv.online\/home\/wp-json\/wp\/v2\/posts\/38290\/revisions\/38292"}],"wp:featuredmedia":[{"embeddable":true,"href":"https:\/\/expresorgv.online\/home\/wp-json\/wp\/v2\/media\/38291"}],"wp:attachment":[{"href":"https:\/\/expresorgv.online\/home\/wp-json\/wp\/v2\/media?parent=38290"}],"wp:term":[{"taxonomy":"category","embeddable":true,"href":"https:\/\/expresorgv.online\/home\/wp-json\/wp\/v2\/categories?post=38290"},{"taxonomy":"post_tag","embeddable":true,"href":"https:\/\/expresorgv.online\/home\/wp-json\/wp\/v2\/tags?post=38290"}],"curies":[{"name":"wp","href":"https:\/\/api.w.org\/{rel}","templated":true}]}}