{"id":38284,"date":"2026-08-30T12:42:23","date_gmt":"2026-08-30T12:42:23","guid":{"rendered":"https:\/\/expresorgv.online\/home\/?p=38284"},"modified":"2026-08-30T12:42:24","modified_gmt":"2026-08-30T12:42:24","slug":"portero-del-leon-fue-agredido-con-arma-de-fuego-por-ladrones-que-entraron-a-robar-a-su-casa","status":"publish","type":"post","link":"https:\/\/expresorgv.online\/home\/blog\/2026\/08\/30\/portero-del-leon-fue-agredido-con-arma-de-fuego-por-ladrones-que-entraron-a-robar-a-su-casa\/","title":{"rendered":"Portero del Le\u00f3n fue agredido con arma de fuego por ladrones que entraron a robar a su casa"},"content":{"rendered":"\n<p class=\"wp-block-paragraph\">Irving Mart\u00ednez, tercer portero del Le\u00f3n, fue agredido con arma de fuego por ladrones que entraron a robar a su casa.<\/p>\n\n\n\n<p class=\"wp-block-paragraph\">De acuerdo con reportes period\u00edsticos, la madrugada de este s\u00e1bado, el cancerbero fue v\u00edctima de la inseguridad en su domicilio, ubicado en el fraccionamiento La Valenciana, en los l\u00edmites de Guanajuato y Jalisco.<\/p>\n\n\n\n<p class=\"wp-block-paragraph\">Los hechos ocurrieron alrededor de las 4:00 de la ma\u00f1ana, cuando el futbolista y su familia regresaban de la Ciudad de M\u00e9xico, luego del partido donde La Fiera igual\u00f3 1-1 ante el Atlante en el Estadio Azteca.<\/p>\n\n\n\n<p class=\"wp-block-paragraph\">Al arribar, la familia detect\u00f3 movimiento y observ\u00f3 a cinco hombres encapuchados corriendo en la parte trasera del inmueble, lo cual fue captado por las c\u00e1maras de seguridad.<\/p>\n\n\n\n<p class=\"wp-block-paragraph\">Seg\u00fan las informaciones referidas, los \u00abamantes de lo ajeno\u00bb dispararon a Mart\u00ednez Guti\u00e9rrez y a su pareja, aunque ambos resultaron ilesos.<\/p>\n","protected":false},"excerpt":{"rendered":"<p>Irving Mart\u00ednez, tercer portero del Le\u00f3n, fue agredido con arma de fuego por ladrones que entraron a robar a su casa. De acuerdo con reportes period\u00edsticos, la madrugada de este s\u00e1bado, el cancerbero fue v\u00edctima de la inseguridad en su domicilio, ubicado en el fraccionamiento La Valenciana, en los l\u00edmites de Guanajuato y Jalisco. Los [&hellip;]<\/p>\n","protected":false},"author":2,"featured_media":38285,"comment_status":"open","ping_status":"open","sticky":false,"template":"","format":"standard","meta":{"footnotes":""},"categories":[10],"tags":[],"class_list":["post-38284","post","type-post","status-publish","format-standard","has-post-thumbnail","hentry","category-oe-deportes"],"yoast_head":"<!-- This site is optimized with the Yoast SEO plugin v27.2 - https:\/\/yoast.com\/product\/yoast-seo-wordpress\/ -->\n<title>Portero del Le\u00f3n fue agredido con arma de fuego por ladrones que entraron a robar a su casa -<\/title>\n<meta name=\"robots\" content=\"index, follow, max-snippet:-1, max-image-preview:large, max-video-preview:-1\" \/>\n<link rel=\"canonical\" href=\"https:\/\/expresorgv.online\/home\/blog\/2026\/08\/30\/portero-del-leon-fue-agredido-con-arma-de-fuego-por-ladrones-que-entraron-a-robar-a-su-casa\/\" \/>\n<meta property=\"og:locale\" content=\"es_ES\" \/>\n<meta property=\"og:type\" content=\"article\" \/>\n<meta property=\"og:title\" content=\"Portero del Le\u00f3n fue agredido con arma de fuego por ladrones que entraron a robar a su casa\" \/>\n<meta property=\"og:description\" content=\"Irving Mart\u00ednez, tercer portero del Le\u00f3n, fue agredido con arma de fuego por ladrones que entraron a robar a su casa. De acuerdo con reportes period\u00edsticos, la madrugada de este s\u00e1bado, el cancerbero fue v\u00edctima de la inseguridad en su domicilio, ubicado en el fraccionamiento La Valenciana, en los l\u00edmites de Guanajuato y Jalisco. Los [&hellip;]\" \/>\n<meta property=\"og:url\" content=\"https:\/\/expresorgv.online\/home\/blog\/2026\/08\/30\/portero-del-leon-fue-agredido-con-arma-de-fuego-por-ladrones-que-entraron-a-robar-a-su-casa\/\" \/>\n<meta property=\"article:published_time\" content=\"2026-08-30T12:42:23+00:00\" \/>\n<meta property=\"article:modified_time\" content=\"2026-08-30T12:42:24+00:00\" \/>\n<meta property=\"og:image\" content=\"https:\/\/expresorgv.online\/home\/wp-content\/uploads\/2026\/08\/Irving-Martinez.jpg\" \/>\n\t<meta property=\"og:image:width\" content=\"591\" \/>\n\t<meta property=\"og:image:height\" content=\"328\" \/>\n\t<meta property=\"og:image:type\" content=\"image\/jpeg\" \/>\n<meta name=\"author\" content=\"expreso\" \/>\n<meta name=\"twitter:card\" content=\"summary_large_image\" \/>\n<meta name=\"twitter:label1\" content=\"Escrito por\" \/>\n\t<meta name=\"twitter:data1\" content=\"expreso\" \/>\n\t<meta name=\"twitter:label2\" content=\"Tiempo de lectura\" \/>\n\t<meta name=\"twitter:data2\" content=\"1 minuto\" \/>\n<script type=\"application\/ld+json\" class=\"yoast-schema-graph\">{\"@context\":\"https:\/\/schema.org\",\"@graph\":[{\"@type\":\"Article\",\"@id\":\"https:\/\/expresorgv.online\/home\/blog\/2026\/08\/30\/portero-del-leon-fue-agredido-con-arma-de-fuego-por-ladrones-que-entraron-a-robar-a-su-casa\/#article\",\"isPartOf\":{\"@id\":\"https:\/\/expresorgv.online\/home\/blog\/2026\/08\/30\/portero-del-leon-fue-agredido-con-arma-de-fuego-por-ladrones-que-entraron-a-robar-a-su-casa\/\"},\"author\":{\"name\":\"expreso\",\"@id\":\"https:\/\/expresorgv.online\/home\/#\/schema\/person\/ae1ed1a575540204b5f59dca7f91f6a2\"},\"headline\":\"Portero del Le\u00f3n fue agredido con arma de fuego por ladrones que entraron a robar a su casa\",\"datePublished\":\"2026-08-30T12:42:23+00:00\",\"dateModified\":\"2026-08-30T12:42:24+00:00\",\"mainEntityOfPage\":{\"@id\":\"https:\/\/expresorgv.online\/home\/blog\/2026\/08\/30\/portero-del-leon-fue-agredido-con-arma-de-fuego-por-ladrones-que-entraron-a-robar-a-su-casa\/\"},\"wordCount\":170,\"commentCount\":0,\"image\":{\"@id\":\"https:\/\/expresorgv.online\/home\/blog\/2026\/08\/30\/portero-del-leon-fue-agredido-con-arma-de-fuego-por-ladrones-que-entraron-a-robar-a-su-casa\/#primaryimage\"},\"thumbnailUrl\":\"https:\/\/i0.wp.com\/expresorgv.online\/home\/wp-content\/uploads\/2026\/08\/Irving-Martinez.jpg?fit=591%2C328&ssl=1\",\"articleSection\":[\"OE DEPORTES\"],\"inLanguage\":\"es\",\"potentialAction\":[{\"@type\":\"CommentAction\",\"name\":\"Comment\",\"target\":[\"https:\/\/expresorgv.online\/home\/blog\/2026\/08\/30\/portero-del-leon-fue-agredido-con-arma-de-fuego-por-ladrones-que-entraron-a-robar-a-su-casa\/#respond\"]}]},{\"@type\":\"WebPage\",\"@id\":\"https:\/\/expresorgv.online\/home\/blog\/2026\/08\/30\/portero-del-leon-fue-agredido-con-arma-de-fuego-por-ladrones-que-entraron-a-robar-a-su-casa\/\",\"url\":\"https:\/\/expresorgv.online\/home\/blog\/2026\/08\/30\/portero-del-leon-fue-agredido-con-arma-de-fuego-por-ladrones-que-entraron-a-robar-a-su-casa\/\",\"name\":\"Portero del Le\u00f3n fue agredido con arma de fuego por ladrones que entraron a robar a su casa -\",\"isPartOf\":{\"@id\":\"https:\/\/expresorgv.online\/home\/#website\"},\"primaryImageOfPage\":{\"@id\":\"https:\/\/expresorgv.online\/home\/blog\/2026\/08\/30\/portero-del-leon-fue-agredido-con-arma-de-fuego-por-ladrones-que-entraron-a-robar-a-su-casa\/#primaryimage\"},\"image\":{\"@id\":\"https:\/\/expresorgv.online\/home\/blog\/2026\/08\/30\/portero-del-leon-fue-agredido-con-arma-de-fuego-por-ladrones-que-entraron-a-robar-a-su-casa\/#primaryimage\"},\"thumbnailUrl\":\"https:\/\/i0.wp.com\/expresorgv.online\/home\/wp-content\/uploads\/2026\/08\/Irving-Martinez.jpg?fit=591%2C328&ssl=1\",\"datePublished\":\"2026-08-30T12:42:23+00:00\",\"dateModified\":\"2026-08-30T12:42:24+00:00\",\"author\":{\"@id\":\"https:\/\/expresorgv.online\/home\/#\/schema\/person\/ae1ed1a575540204b5f59dca7f91f6a2\"},\"breadcrumb\":{\"@id\":\"https:\/\/expresorgv.online\/home\/blog\/2026\/08\/30\/portero-del-leon-fue-agredido-con-arma-de-fuego-por-ladrones-que-entraron-a-robar-a-su-casa\/#breadcrumb\"},\"inLanguage\":\"es\",\"potentialAction\":[{\"@type\":\"ReadAction\",\"target\":[\"https:\/\/expresorgv.online\/home\/blog\/2026\/08\/30\/portero-del-leon-fue-agredido-con-arma-de-fuego-por-ladrones-que-entraron-a-robar-a-su-casa\/\"]}]},{\"@type\":\"ImageObject\",\"inLanguage\":\"es\",\"@id\":\"https:\/\/expresorgv.online\/home\/blog\/2026\/08\/30\/portero-del-leon-fue-agredido-con-arma-de-fuego-por-ladrones-que-entraron-a-robar-a-su-casa\/#primaryimage\",\"url\":\"https:\/\/i0.wp.com\/expresorgv.online\/home\/wp-content\/uploads\/2026\/08\/Irving-Martinez.jpg?fit=591%2C328&ssl=1\",\"contentUrl\":\"https:\/\/i0.wp.com\/expresorgv.online\/home\/wp-content\/uploads\/2026\/08\/Irving-Martinez.jpg?fit=591%2C328&ssl=1\",\"width\":591,\"height\":328},{\"@type\":\"BreadcrumbList\",\"@id\":\"https:\/\/expresorgv.online\/home\/blog\/2026\/08\/30\/portero-del-leon-fue-agredido-con-arma-de-fuego-por-ladrones-que-entraron-a-robar-a-su-casa\/#breadcrumb\",\"itemListElement\":[{\"@type\":\"ListItem\",\"position\":1,\"name\":\"Home\",\"item\":\"https:\/\/expresorgv.online\/home\/\"},{\"@type\":\"ListItem\",\"position\":2,\"name\":\"Portero del Le\u00f3n fue agredido con arma de fuego por ladrones que entraron a robar a su casa\"}]},{\"@type\":\"WebSite\",\"@id\":\"https:\/\/expresorgv.online\/home\/#website\",\"url\":\"https:\/\/expresorgv.online\/home\/\",\"name\":\"\",\"description\":\"\",\"potentialAction\":[{\"@type\":\"SearchAction\",\"target\":{\"@type\":\"EntryPoint\",\"urlTemplate\":\"https:\/\/expresorgv.online\/home\/?s={search_term_string}\"},\"query-input\":{\"@type\":\"PropertyValueSpecification\",\"valueRequired\":true,\"valueName\":\"search_term_string\"}}],\"inLanguage\":\"es\"},{\"@type\":\"Person\",\"@id\":\"https:\/\/expresorgv.online\/home\/#\/schema\/person\/ae1ed1a575540204b5f59dca7f91f6a2\",\"name\":\"expreso\",\"image\":{\"@type\":\"ImageObject\",\"inLanguage\":\"es\",\"@id\":\"https:\/\/secure.gravatar.com\/avatar\/88cd9f065dcd1b722cd984aac4181386a800c0bca699eaf07e42dd8f820bddee?s=96&d=mm&r=g\",\"url\":\"https:\/\/secure.gravatar.com\/avatar\/88cd9f065dcd1b722cd984aac4181386a800c0bca699eaf07e42dd8f820bddee?s=96&d=mm&r=g\",\"contentUrl\":\"https:\/\/secure.gravatar.com\/avatar\/88cd9f065dcd1b722cd984aac4181386a800c0bca699eaf07e42dd8f820bddee?s=96&d=mm&r=g\",\"caption\":\"expreso\"},\"url\":\"https:\/\/expresorgv.online\/home\/blog\/author\/expreso\/\"}]}<\/script>\n<!-- \/ Yoast SEO plugin. -->","yoast_head_json":{"title":"Portero del Le\u00f3n fue agredido con arma de fuego por ladrones que entraron a robar a su casa -","robots":{"index":"index","follow":"follow","max-snippet":"max-snippet:-1","max-image-preview":"max-image-preview:large","max-video-preview":"max-video-preview:-1"},"canonical":"https:\/\/expresorgv.online\/home\/blog\/2026\/08\/30\/portero-del-leon-fue-agredido-con-arma-de-fuego-por-ladrones-que-entraron-a-robar-a-su-casa\/","og_locale":"es_ES","og_type":"article","og_title":"Portero del Le\u00f3n fue agredido con arma de fuego por ladrones que entraron a robar a su casa","og_description":"Irving Mart\u00ednez, tercer portero del Le\u00f3n, fue agredido con arma de fuego por ladrones que entraron a robar a su casa. De acuerdo con reportes period\u00edsticos, la madrugada de este s\u00e1bado, el cancerbero fue v\u00edctima de la inseguridad en su domicilio, ubicado en el fraccionamiento La Valenciana, en los l\u00edmites de Guanajuato y Jalisco. Los [&hellip;]","og_url":"https:\/\/expresorgv.online\/home\/blog\/2026\/08\/30\/portero-del-leon-fue-agredido-con-arma-de-fuego-por-ladrones-que-entraron-a-robar-a-su-casa\/","article_published_time":"2026-08-30T12:42:23+00:00","article_modified_time":"2026-08-30T12:42:24+00:00","og_image":[{"width":591,"height":328,"url":"https:\/\/expresorgv.online\/home\/wp-content\/uploads\/2026\/08\/Irving-Martinez.jpg","type":"image\/jpeg"}],"author":"expreso","twitter_card":"summary_large_image","twitter_misc":{"Escrito por":"expreso","Tiempo de lectura":"1 minuto"},"schema":{"@context":"https:\/\/schema.org","@graph":[{"@type":"Article","@id":"https:\/\/expresorgv.online\/home\/blog\/2026\/08\/30\/portero-del-leon-fue-agredido-con-arma-de-fuego-por-ladrones-que-entraron-a-robar-a-su-casa\/#article","isPartOf":{"@id":"https:\/\/expresorgv.online\/home\/blog\/2026\/08\/30\/portero-del-leon-fue-agredido-con-arma-de-fuego-por-ladrones-que-entraron-a-robar-a-su-casa\/"},"author":{"name":"expreso","@id":"https:\/\/expresorgv.online\/home\/#\/schema\/person\/ae1ed1a575540204b5f59dca7f91f6a2"},"headline":"Portero del Le\u00f3n fue agredido con arma de fuego por ladrones que entraron a robar a su casa","datePublished":"2026-08-30T12:42:23+00:00","dateModified":"2026-08-30T12:42:24+00:00","mainEntityOfPage":{"@id":"https:\/\/expresorgv.online\/home\/blog\/2026\/08\/30\/portero-del-leon-fue-agredido-con-arma-de-fuego-por-ladrones-que-entraron-a-robar-a-su-casa\/"},"wordCount":170,"commentCount":0,"image":{"@id":"https:\/\/expresorgv.online\/home\/blog\/2026\/08\/30\/portero-del-leon-fue-agredido-con-arma-de-fuego-por-ladrones-que-entraron-a-robar-a-su-casa\/#primaryimage"},"thumbnailUrl":"https:\/\/i0.wp.com\/expresorgv.online\/home\/wp-content\/uploads\/2026\/08\/Irving-Martinez.jpg?fit=591%2C328&ssl=1","articleSection":["OE DEPORTES"],"inLanguage":"es","potentialAction":[{"@type":"CommentAction","name":"Comment","target":["https:\/\/expresorgv.online\/home\/blog\/2026\/08\/30\/portero-del-leon-fue-agredido-con-arma-de-fuego-por-ladrones-que-entraron-a-robar-a-su-casa\/#respond"]}]},{"@type":"WebPage","@id":"https:\/\/expresorgv.online\/home\/blog\/2026\/08\/30\/portero-del-leon-fue-agredido-con-arma-de-fuego-por-ladrones-que-entraron-a-robar-a-su-casa\/","url":"https:\/\/expresorgv.online\/home\/blog\/2026\/08\/30\/portero-del-leon-fue-agredido-con-arma-de-fuego-por-ladrones-que-entraron-a-robar-a-su-casa\/","name":"Portero del Le\u00f3n fue agredido con arma de fuego por ladrones que entraron a robar a su casa -","isPartOf":{"@id":"https:\/\/expresorgv.online\/home\/#website"},"primaryImageOfPage":{"@id":"https:\/\/expresorgv.online\/home\/blog\/2026\/08\/30\/portero-del-leon-fue-agredido-con-arma-de-fuego-por-ladrones-que-entraron-a-robar-a-su-casa\/#primaryimage"},"image":{"@id":"https:\/\/expresorgv.online\/home\/blog\/2026\/08\/30\/portero-del-leon-fue-agredido-con-arma-de-fuego-por-ladrones-que-entraron-a-robar-a-su-casa\/#primaryimage"},"thumbnailUrl":"https:\/\/i0.wp.com\/expresorgv.online\/home\/wp-content\/uploads\/2026\/08\/Irving-Martinez.jpg?fit=591%2C328&ssl=1","datePublished":"2026-08-30T12:42:23+00:00","dateModified":"2026-08-30T12:42:24+00:00","author":{"@id":"https:\/\/expresorgv.online\/home\/#\/schema\/person\/ae1ed1a575540204b5f59dca7f91f6a2"},"breadcrumb":{"@id":"https:\/\/expresorgv.online\/home\/blog\/2026\/08\/30\/portero-del-leon-fue-agredido-con-arma-de-fuego-por-ladrones-que-entraron-a-robar-a-su-casa\/#breadcrumb"},"inLanguage":"es","potentialAction":[{"@type":"ReadAction","target":["https:\/\/expresorgv.online\/home\/blog\/2026\/08\/30\/portero-del-leon-fue-agredido-con-arma-de-fuego-por-ladrones-que-entraron-a-robar-a-su-casa\/"]}]},{"@type":"ImageObject","inLanguage":"es","@id":"https:\/\/expresorgv.online\/home\/blog\/2026\/08\/30\/portero-del-leon-fue-agredido-con-arma-de-fuego-por-ladrones-que-entraron-a-robar-a-su-casa\/#primaryimage","url":"https:\/\/i0.wp.com\/expresorgv.online\/home\/wp-content\/uploads\/2026\/08\/Irving-Martinez.jpg?fit=591%2C328&ssl=1","contentUrl":"https:\/\/i0.wp.com\/expresorgv.online\/home\/wp-content\/uploads\/2026\/08\/Irving-Martinez.jpg?fit=591%2C328&ssl=1","width":591,"height":328},{"@type":"BreadcrumbList","@id":"https:\/\/expresorgv.online\/home\/blog\/2026\/08\/30\/portero-del-leon-fue-agredido-con-arma-de-fuego-por-ladrones-que-entraron-a-robar-a-su-casa\/#breadcrumb","itemListElement":[{"@type":"ListItem","position":1,"name":"Home","item":"https:\/\/expresorgv.online\/home\/"},{"@type":"ListItem","position":2,"name":"Portero del Le\u00f3n fue agredido con arma de fuego por ladrones que entraron a robar a su casa"}]},{"@type":"WebSite","@id":"https:\/\/expresorgv.online\/home\/#website","url":"https:\/\/expresorgv.online\/home\/","name":"","description":"","potentialAction":[{"@type":"SearchAction","target":{"@type":"EntryPoint","urlTemplate":"https:\/\/expresorgv.online\/home\/?s={search_term_string}"},"query-input":{"@type":"PropertyValueSpecification","valueRequired":true,"valueName":"search_term_string"}}],"inLanguage":"es"},{"@type":"Person","@id":"https:\/\/expresorgv.online\/home\/#\/schema\/person\/ae1ed1a575540204b5f59dca7f91f6a2","name":"expreso","image":{"@type":"ImageObject","inLanguage":"es","@id":"https:\/\/secure.gravatar.com\/avatar\/88cd9f065dcd1b722cd984aac4181386a800c0bca699eaf07e42dd8f820bddee?s=96&d=mm&r=g","url":"https:\/\/secure.gravatar.com\/avatar\/88cd9f065dcd1b722cd984aac4181386a800c0bca699eaf07e42dd8f820bddee?s=96&d=mm&r=g","contentUrl":"https:\/\/secure.gravatar.com\/avatar\/88cd9f065dcd1b722cd984aac4181386a800c0bca699eaf07e42dd8f820bddee?s=96&d=mm&r=g","caption":"expreso"},"url":"https:\/\/expresorgv.online\/home\/blog\/author\/expreso\/"}]}},"jetpack_featured_media_url":"https:\/\/i0.wp.com\/expresorgv.online\/home\/wp-content\/uploads\/2026\/08\/Irving-Martinez.jpg?fit=591%2C328&ssl=1","_links":{"self":[{"href":"https:\/\/expresorgv.online\/home\/wp-json\/wp\/v2\/posts\/38284","targetHints":{"allow":["GET"]}}],"collection":[{"href":"https:\/\/expresorgv.online\/home\/wp-json\/wp\/v2\/posts"}],"about":[{"href":"https:\/\/expresorgv.online\/home\/wp-json\/wp\/v2\/types\/post"}],"author":[{"embeddable":true,"href":"https:\/\/expresorgv.online\/home\/wp-json\/wp\/v2\/users\/2"}],"replies":[{"embeddable":true,"href":"https:\/\/expresorgv.online\/home\/wp-json\/wp\/v2\/comments?post=38284"}],"version-history":[{"count":1,"href":"https:\/\/expresorgv.online\/home\/wp-json\/wp\/v2\/posts\/38284\/revisions"}],"predecessor-version":[{"id":38286,"href":"https:\/\/expresorgv.online\/home\/wp-json\/wp\/v2\/posts\/38284\/revisions\/38286"}],"wp:featuredmedia":[{"embeddable":true,"href":"https:\/\/expresorgv.online\/home\/wp-json\/wp\/v2\/media\/38285"}],"wp:attachment":[{"href":"https:\/\/expresorgv.online\/home\/wp-json\/wp\/v2\/media?parent=38284"}],"wp:term":[{"taxonomy":"category","embeddable":true,"href":"https:\/\/expresorgv.online\/home\/wp-json\/wp\/v2\/categories?post=38284"},{"taxonomy":"post_tag","embeddable":true,"href":"https:\/\/expresorgv.online\/home\/wp-json\/wp\/v2\/tags?post=38284"}],"curies":[{"name":"wp","href":"https:\/\/api.w.org\/{rel}","templated":true}]}}