{"id":38281,"date":"2026-08-30T12:30:22","date_gmt":"2026-08-30T12:30:22","guid":{"rendered":"https:\/\/expresorgv.online\/home\/?p=38281"},"modified":"2026-08-30T12:30:25","modified_gmt":"2026-08-30T12:30:25","slug":"maestros-apoyan-regulacion-de-celulares-en-las-escuelas-afirma-mario-delgado","status":"publish","type":"post","link":"https:\/\/expresorgv.online\/home\/blog\/2026\/08\/30\/maestros-apoyan-regulacion-de-celulares-en-las-escuelas-afirma-mario-delgado\/","title":{"rendered":"Maestros apoyan regulaci\u00f3n de celulares en las escuelas, afirma Mario Delgado"},"content":{"rendered":"\n<p class=\"wp-block-paragraph\">El Secretario de Educaci\u00f3n (SEP), Mario Delgado, asegur\u00f3 que en la Consulta Nacional para el Uso y Regulaci\u00f3n de Dispositivos Digitales los maestros consideraron indispensable regular el uso de celulares en los salones de clase y establecer protocolos para prevenir y atender situaciones de riesgo.<\/p>\n\n\n\n<p class=\"wp-block-paragraph\">\u00abQueremos evitar que el uso indiscriminado de estos dispositivos afecte actividades fundamentales para ni\u00f1as, ni\u00f1os y adolescentes, como jugar durante el recreo, desarrollar habilidades socioemocionales y relacionarse con sus compa\u00f1eras y compa\u00f1eros, adem\u00e1s de prevenir que sean un factor de desconcentraci\u00f3n, ansiedad o conductas de uso excesivo\u00bb, afirm\u00f3 en un enlace con autoridades educativas de todo el Pa\u00eds.<\/p>\n\n\n\n<p class=\"wp-block-paragraph\">Delgado expuso que los docentes consideran necesario avanzar hacia una regulaci\u00f3n clara del uso de dispositivos digitales, de acuerdo con acorde la edad de los estudiantes y establecer protocolos para prevenir y atender situaciones de riesgo relacionadas con dispositivos y redes sociales.<\/p>\n\n\n\n<p class=\"wp-block-paragraph\">Durante la segunda reuni\u00f3n nacional plenaria del Consejo Nacional de Autoridades Educativas (CONAEDU), realizada en l\u00ednea, el titular de la SEP indic\u00f3 que los maestros solicitaron incorporar a las familias en la regulaci\u00f3n del uso de esos dispositivos.<\/p>\n\n\n\n<p class=\"wp-block-paragraph\">En un comunicado, la dependencia agreg\u00f3 que el 95 por ciento de los adolescentes de 12 a 17 a\u00f1os en M\u00e9xico tienen acceso a Internet.<\/p>\n\n\n\n<p class=\"wp-block-paragraph\">La consulta sobre el uso de celulares en las escuelas fue anunciada por la Presidenta Claudia Sheinbaum hace dos semanas para \u00abcrear conciencia\u00bb sobre el impacto que genera el uso excesivo de redes sociales y dispositivos digitales, particularmente en la salud mental.<\/p>\n\n\n\n<p class=\"wp-block-paragraph\">La consulta se realiz\u00f3 el 24 y 25 de agosto.<\/p>\n\n\n\n<p class=\"wp-block-paragraph\">\u00abQue en los Consejos T\u00e9cnicos de las escuelas se debata sobre el uso particularmente de tel\u00e9fonos celulares en las escuelas, para ir primero sobre este tema. Ya 16 estados de la Rep\u00fablica lo tienen regulado y el objetivo es poderlo regular en todo el pa\u00eds, pero vamos a preguntarle primero a las maestras y a los maestros cu\u00e1l es su opini\u00f3n\u00bb, indic\u00f3 la Mandataria.<\/p>\n","protected":false},"excerpt":{"rendered":"<p>El Secretario de Educaci\u00f3n (SEP), Mario Delgado, asegur\u00f3 que en la Consulta Nacional para el Uso y Regulaci\u00f3n de Dispositivos Digitales los maestros consideraron indispensable regular el uso de celulares en los salones de clase y establecer protocolos para prevenir y atender situaciones de riesgo. \u00abQueremos evitar que el uso indiscriminado de estos dispositivos afecte [&hellip;]<\/p>\n","protected":false},"author":2,"featured_media":38282,"comment_status":"open","ping_status":"open","sticky":false,"template":"","format":"standard","meta":{"footnotes":""},"categories":[6],"tags":[],"class_list":["post-38281","post","type-post","status-publish","format-standard","has-post-thumbnail","hentry","category-nacional"],"yoast_head":"<!-- This site is optimized with the Yoast SEO plugin v27.2 - https:\/\/yoast.com\/product\/yoast-seo-wordpress\/ -->\n<title>Maestros apoyan regulaci\u00f3n de celulares en las escuelas, afirma Mario Delgado -<\/title>\n<meta name=\"robots\" content=\"index, follow, max-snippet:-1, max-image-preview:large, max-video-preview:-1\" \/>\n<link rel=\"canonical\" href=\"https:\/\/expresorgv.online\/home\/blog\/2026\/08\/30\/maestros-apoyan-regulacion-de-celulares-en-las-escuelas-afirma-mario-delgado\/\" \/>\n<meta property=\"og:locale\" content=\"es_ES\" \/>\n<meta property=\"og:type\" content=\"article\" \/>\n<meta property=\"og:title\" content=\"Maestros apoyan regulaci\u00f3n de celulares en las escuelas, afirma Mario Delgado\" \/>\n<meta property=\"og:description\" content=\"El Secretario de Educaci\u00f3n (SEP), Mario Delgado, asegur\u00f3 que en la Consulta Nacional para el Uso y Regulaci\u00f3n de Dispositivos Digitales los maestros consideraron indispensable regular el uso de celulares en los salones de clase y establecer protocolos para prevenir y atender situaciones de riesgo. \u00abQueremos evitar que el uso indiscriminado de estos dispositivos afecte [&hellip;]\" \/>\n<meta property=\"og:url\" content=\"https:\/\/expresorgv.online\/home\/blog\/2026\/08\/30\/maestros-apoyan-regulacion-de-celulares-en-las-escuelas-afirma-mario-delgado\/\" \/>\n<meta property=\"article:published_time\" content=\"2026-08-30T12:30:22+00:00\" \/>\n<meta property=\"article:modified_time\" content=\"2026-08-30T12:30:25+00:00\" \/>\n<meta property=\"og:image\" content=\"https:\/\/expresorgv.online\/home\/wp-content\/uploads\/2026\/08\/Celulares-Escuelas.jpg\" \/>\n\t<meta property=\"og:image:width\" content=\"591\" \/>\n\t<meta property=\"og:image:height\" content=\"328\" \/>\n\t<meta property=\"og:image:type\" content=\"image\/jpeg\" \/>\n<meta name=\"author\" content=\"expreso\" \/>\n<meta name=\"twitter:card\" content=\"summary_large_image\" \/>\n<meta name=\"twitter:label1\" content=\"Escrito por\" \/>\n\t<meta name=\"twitter:data1\" content=\"expreso\" \/>\n\t<meta name=\"twitter:label2\" content=\"Tiempo de lectura\" \/>\n\t<meta name=\"twitter:data2\" content=\"2 minutos\" \/>\n<script type=\"application\/ld+json\" class=\"yoast-schema-graph\">{\"@context\":\"https:\/\/schema.org\",\"@graph\":[{\"@type\":\"Article\",\"@id\":\"https:\/\/expresorgv.online\/home\/blog\/2026\/08\/30\/maestros-apoyan-regulacion-de-celulares-en-las-escuelas-afirma-mario-delgado\/#article\",\"isPartOf\":{\"@id\":\"https:\/\/expresorgv.online\/home\/blog\/2026\/08\/30\/maestros-apoyan-regulacion-de-celulares-en-las-escuelas-afirma-mario-delgado\/\"},\"author\":{\"name\":\"expreso\",\"@id\":\"https:\/\/expresorgv.online\/home\/#\/schema\/person\/ae1ed1a575540204b5f59dca7f91f6a2\"},\"headline\":\"Maestros apoyan regulaci\u00f3n de celulares en las escuelas, afirma Mario Delgado\",\"datePublished\":\"2026-08-30T12:30:22+00:00\",\"dateModified\":\"2026-08-30T12:30:25+00:00\",\"mainEntityOfPage\":{\"@id\":\"https:\/\/expresorgv.online\/home\/blog\/2026\/08\/30\/maestros-apoyan-regulacion-de-celulares-en-las-escuelas-afirma-mario-delgado\/\"},\"wordCount\":351,\"commentCount\":0,\"image\":{\"@id\":\"https:\/\/expresorgv.online\/home\/blog\/2026\/08\/30\/maestros-apoyan-regulacion-de-celulares-en-las-escuelas-afirma-mario-delgado\/#primaryimage\"},\"thumbnailUrl\":\"https:\/\/i0.wp.com\/expresorgv.online\/home\/wp-content\/uploads\/2026\/08\/Celulares-Escuelas.jpg?fit=591%2C328&ssl=1\",\"articleSection\":[\"NACIONAL\"],\"inLanguage\":\"es\",\"potentialAction\":[{\"@type\":\"CommentAction\",\"name\":\"Comment\",\"target\":[\"https:\/\/expresorgv.online\/home\/blog\/2026\/08\/30\/maestros-apoyan-regulacion-de-celulares-en-las-escuelas-afirma-mario-delgado\/#respond\"]}]},{\"@type\":\"WebPage\",\"@id\":\"https:\/\/expresorgv.online\/home\/blog\/2026\/08\/30\/maestros-apoyan-regulacion-de-celulares-en-las-escuelas-afirma-mario-delgado\/\",\"url\":\"https:\/\/expresorgv.online\/home\/blog\/2026\/08\/30\/maestros-apoyan-regulacion-de-celulares-en-las-escuelas-afirma-mario-delgado\/\",\"name\":\"Maestros apoyan regulaci\u00f3n de celulares en las escuelas, afirma Mario Delgado -\",\"isPartOf\":{\"@id\":\"https:\/\/expresorgv.online\/home\/#website\"},\"primaryImageOfPage\":{\"@id\":\"https:\/\/expresorgv.online\/home\/blog\/2026\/08\/30\/maestros-apoyan-regulacion-de-celulares-en-las-escuelas-afirma-mario-delgado\/#primaryimage\"},\"image\":{\"@id\":\"https:\/\/expresorgv.online\/home\/blog\/2026\/08\/30\/maestros-apoyan-regulacion-de-celulares-en-las-escuelas-afirma-mario-delgado\/#primaryimage\"},\"thumbnailUrl\":\"https:\/\/i0.wp.com\/expresorgv.online\/home\/wp-content\/uploads\/2026\/08\/Celulares-Escuelas.jpg?fit=591%2C328&ssl=1\",\"datePublished\":\"2026-08-30T12:30:22+00:00\",\"dateModified\":\"2026-08-30T12:30:25+00:00\",\"author\":{\"@id\":\"https:\/\/expresorgv.online\/home\/#\/schema\/person\/ae1ed1a575540204b5f59dca7f91f6a2\"},\"breadcrumb\":{\"@id\":\"https:\/\/expresorgv.online\/home\/blog\/2026\/08\/30\/maestros-apoyan-regulacion-de-celulares-en-las-escuelas-afirma-mario-delgado\/#breadcrumb\"},\"inLanguage\":\"es\",\"potentialAction\":[{\"@type\":\"ReadAction\",\"target\":[\"https:\/\/expresorgv.online\/home\/blog\/2026\/08\/30\/maestros-apoyan-regulacion-de-celulares-en-las-escuelas-afirma-mario-delgado\/\"]}]},{\"@type\":\"ImageObject\",\"inLanguage\":\"es\",\"@id\":\"https:\/\/expresorgv.online\/home\/blog\/2026\/08\/30\/maestros-apoyan-regulacion-de-celulares-en-las-escuelas-afirma-mario-delgado\/#primaryimage\",\"url\":\"https:\/\/i0.wp.com\/expresorgv.online\/home\/wp-content\/uploads\/2026\/08\/Celulares-Escuelas.jpg?fit=591%2C328&ssl=1\",\"contentUrl\":\"https:\/\/i0.wp.com\/expresorgv.online\/home\/wp-content\/uploads\/2026\/08\/Celulares-Escuelas.jpg?fit=591%2C328&ssl=1\",\"width\":591,\"height\":328},{\"@type\":\"BreadcrumbList\",\"@id\":\"https:\/\/expresorgv.online\/home\/blog\/2026\/08\/30\/maestros-apoyan-regulacion-de-celulares-en-las-escuelas-afirma-mario-delgado\/#breadcrumb\",\"itemListElement\":[{\"@type\":\"ListItem\",\"position\":1,\"name\":\"Home\",\"item\":\"https:\/\/expresorgv.online\/home\/\"},{\"@type\":\"ListItem\",\"position\":2,\"name\":\"Maestros apoyan regulaci\u00f3n de celulares en las escuelas, afirma Mario Delgado\"}]},{\"@type\":\"WebSite\",\"@id\":\"https:\/\/expresorgv.online\/home\/#website\",\"url\":\"https:\/\/expresorgv.online\/home\/\",\"name\":\"\",\"description\":\"\",\"potentialAction\":[{\"@type\":\"SearchAction\",\"target\":{\"@type\":\"EntryPoint\",\"urlTemplate\":\"https:\/\/expresorgv.online\/home\/?s={search_term_string}\"},\"query-input\":{\"@type\":\"PropertyValueSpecification\",\"valueRequired\":true,\"valueName\":\"search_term_string\"}}],\"inLanguage\":\"es\"},{\"@type\":\"Person\",\"@id\":\"https:\/\/expresorgv.online\/home\/#\/schema\/person\/ae1ed1a575540204b5f59dca7f91f6a2\",\"name\":\"expreso\",\"image\":{\"@type\":\"ImageObject\",\"inLanguage\":\"es\",\"@id\":\"https:\/\/secure.gravatar.com\/avatar\/88cd9f065dcd1b722cd984aac4181386a800c0bca699eaf07e42dd8f820bddee?s=96&d=mm&r=g\",\"url\":\"https:\/\/secure.gravatar.com\/avatar\/88cd9f065dcd1b722cd984aac4181386a800c0bca699eaf07e42dd8f820bddee?s=96&d=mm&r=g\",\"contentUrl\":\"https:\/\/secure.gravatar.com\/avatar\/88cd9f065dcd1b722cd984aac4181386a800c0bca699eaf07e42dd8f820bddee?s=96&d=mm&r=g\",\"caption\":\"expreso\"},\"url\":\"https:\/\/expresorgv.online\/home\/blog\/author\/expreso\/\"}]}<\/script>\n<!-- \/ Yoast SEO plugin. -->","yoast_head_json":{"title":"Maestros apoyan regulaci\u00f3n de celulares en las escuelas, afirma Mario Delgado -","robots":{"index":"index","follow":"follow","max-snippet":"max-snippet:-1","max-image-preview":"max-image-preview:large","max-video-preview":"max-video-preview:-1"},"canonical":"https:\/\/expresorgv.online\/home\/blog\/2026\/08\/30\/maestros-apoyan-regulacion-de-celulares-en-las-escuelas-afirma-mario-delgado\/","og_locale":"es_ES","og_type":"article","og_title":"Maestros apoyan regulaci\u00f3n de celulares en las escuelas, afirma Mario Delgado","og_description":"El Secretario de Educaci\u00f3n (SEP), Mario Delgado, asegur\u00f3 que en la Consulta Nacional para el Uso y Regulaci\u00f3n de Dispositivos Digitales los maestros consideraron indispensable regular el uso de celulares en los salones de clase y establecer protocolos para prevenir y atender situaciones de riesgo. \u00abQueremos evitar que el uso indiscriminado de estos dispositivos afecte [&hellip;]","og_url":"https:\/\/expresorgv.online\/home\/blog\/2026\/08\/30\/maestros-apoyan-regulacion-de-celulares-en-las-escuelas-afirma-mario-delgado\/","article_published_time":"2026-08-30T12:30:22+00:00","article_modified_time":"2026-08-30T12:30:25+00:00","og_image":[{"width":591,"height":328,"url":"https:\/\/expresorgv.online\/home\/wp-content\/uploads\/2026\/08\/Celulares-Escuelas.jpg","type":"image\/jpeg"}],"author":"expreso","twitter_card":"summary_large_image","twitter_misc":{"Escrito por":"expreso","Tiempo de lectura":"2 minutos"},"schema":{"@context":"https:\/\/schema.org","@graph":[{"@type":"Article","@id":"https:\/\/expresorgv.online\/home\/blog\/2026\/08\/30\/maestros-apoyan-regulacion-de-celulares-en-las-escuelas-afirma-mario-delgado\/#article","isPartOf":{"@id":"https:\/\/expresorgv.online\/home\/blog\/2026\/08\/30\/maestros-apoyan-regulacion-de-celulares-en-las-escuelas-afirma-mario-delgado\/"},"author":{"name":"expreso","@id":"https:\/\/expresorgv.online\/home\/#\/schema\/person\/ae1ed1a575540204b5f59dca7f91f6a2"},"headline":"Maestros apoyan regulaci\u00f3n de celulares en las escuelas, afirma Mario Delgado","datePublished":"2026-08-30T12:30:22+00:00","dateModified":"2026-08-30T12:30:25+00:00","mainEntityOfPage":{"@id":"https:\/\/expresorgv.online\/home\/blog\/2026\/08\/30\/maestros-apoyan-regulacion-de-celulares-en-las-escuelas-afirma-mario-delgado\/"},"wordCount":351,"commentCount":0,"image":{"@id":"https:\/\/expresorgv.online\/home\/blog\/2026\/08\/30\/maestros-apoyan-regulacion-de-celulares-en-las-escuelas-afirma-mario-delgado\/#primaryimage"},"thumbnailUrl":"https:\/\/i0.wp.com\/expresorgv.online\/home\/wp-content\/uploads\/2026\/08\/Celulares-Escuelas.jpg?fit=591%2C328&ssl=1","articleSection":["NACIONAL"],"inLanguage":"es","potentialAction":[{"@type":"CommentAction","name":"Comment","target":["https:\/\/expresorgv.online\/home\/blog\/2026\/08\/30\/maestros-apoyan-regulacion-de-celulares-en-las-escuelas-afirma-mario-delgado\/#respond"]}]},{"@type":"WebPage","@id":"https:\/\/expresorgv.online\/home\/blog\/2026\/08\/30\/maestros-apoyan-regulacion-de-celulares-en-las-escuelas-afirma-mario-delgado\/","url":"https:\/\/expresorgv.online\/home\/blog\/2026\/08\/30\/maestros-apoyan-regulacion-de-celulares-en-las-escuelas-afirma-mario-delgado\/","name":"Maestros apoyan regulaci\u00f3n de celulares en las escuelas, afirma Mario Delgado -","isPartOf":{"@id":"https:\/\/expresorgv.online\/home\/#website"},"primaryImageOfPage":{"@id":"https:\/\/expresorgv.online\/home\/blog\/2026\/08\/30\/maestros-apoyan-regulacion-de-celulares-en-las-escuelas-afirma-mario-delgado\/#primaryimage"},"image":{"@id":"https:\/\/expresorgv.online\/home\/blog\/2026\/08\/30\/maestros-apoyan-regulacion-de-celulares-en-las-escuelas-afirma-mario-delgado\/#primaryimage"},"thumbnailUrl":"https:\/\/i0.wp.com\/expresorgv.online\/home\/wp-content\/uploads\/2026\/08\/Celulares-Escuelas.jpg?fit=591%2C328&ssl=1","datePublished":"2026-08-30T12:30:22+00:00","dateModified":"2026-08-30T12:30:25+00:00","author":{"@id":"https:\/\/expresorgv.online\/home\/#\/schema\/person\/ae1ed1a575540204b5f59dca7f91f6a2"},"breadcrumb":{"@id":"https:\/\/expresorgv.online\/home\/blog\/2026\/08\/30\/maestros-apoyan-regulacion-de-celulares-en-las-escuelas-afirma-mario-delgado\/#breadcrumb"},"inLanguage":"es","potentialAction":[{"@type":"ReadAction","target":["https:\/\/expresorgv.online\/home\/blog\/2026\/08\/30\/maestros-apoyan-regulacion-de-celulares-en-las-escuelas-afirma-mario-delgado\/"]}]},{"@type":"ImageObject","inLanguage":"es","@id":"https:\/\/expresorgv.online\/home\/blog\/2026\/08\/30\/maestros-apoyan-regulacion-de-celulares-en-las-escuelas-afirma-mario-delgado\/#primaryimage","url":"https:\/\/i0.wp.com\/expresorgv.online\/home\/wp-content\/uploads\/2026\/08\/Celulares-Escuelas.jpg?fit=591%2C328&ssl=1","contentUrl":"https:\/\/i0.wp.com\/expresorgv.online\/home\/wp-content\/uploads\/2026\/08\/Celulares-Escuelas.jpg?fit=591%2C328&ssl=1","width":591,"height":328},{"@type":"BreadcrumbList","@id":"https:\/\/expresorgv.online\/home\/blog\/2026\/08\/30\/maestros-apoyan-regulacion-de-celulares-en-las-escuelas-afirma-mario-delgado\/#breadcrumb","itemListElement":[{"@type":"ListItem","position":1,"name":"Home","item":"https:\/\/expresorgv.online\/home\/"},{"@type":"ListItem","position":2,"name":"Maestros apoyan regulaci\u00f3n de celulares en las escuelas, afirma Mario Delgado"}]},{"@type":"WebSite","@id":"https:\/\/expresorgv.online\/home\/#website","url":"https:\/\/expresorgv.online\/home\/","name":"","description":"","potentialAction":[{"@type":"SearchAction","target":{"@type":"EntryPoint","urlTemplate":"https:\/\/expresorgv.online\/home\/?s={search_term_string}"},"query-input":{"@type":"PropertyValueSpecification","valueRequired":true,"valueName":"search_term_string"}}],"inLanguage":"es"},{"@type":"Person","@id":"https:\/\/expresorgv.online\/home\/#\/schema\/person\/ae1ed1a575540204b5f59dca7f91f6a2","name":"expreso","image":{"@type":"ImageObject","inLanguage":"es","@id":"https:\/\/secure.gravatar.com\/avatar\/88cd9f065dcd1b722cd984aac4181386a800c0bca699eaf07e42dd8f820bddee?s=96&d=mm&r=g","url":"https:\/\/secure.gravatar.com\/avatar\/88cd9f065dcd1b722cd984aac4181386a800c0bca699eaf07e42dd8f820bddee?s=96&d=mm&r=g","contentUrl":"https:\/\/secure.gravatar.com\/avatar\/88cd9f065dcd1b722cd984aac4181386a800c0bca699eaf07e42dd8f820bddee?s=96&d=mm&r=g","caption":"expreso"},"url":"https:\/\/expresorgv.online\/home\/blog\/author\/expreso\/"}]}},"jetpack_featured_media_url":"https:\/\/i0.wp.com\/expresorgv.online\/home\/wp-content\/uploads\/2026\/08\/Celulares-Escuelas.jpg?fit=591%2C328&ssl=1","_links":{"self":[{"href":"https:\/\/expresorgv.online\/home\/wp-json\/wp\/v2\/posts\/38281","targetHints":{"allow":["GET"]}}],"collection":[{"href":"https:\/\/expresorgv.online\/home\/wp-json\/wp\/v2\/posts"}],"about":[{"href":"https:\/\/expresorgv.online\/home\/wp-json\/wp\/v2\/types\/post"}],"author":[{"embeddable":true,"href":"https:\/\/expresorgv.online\/home\/wp-json\/wp\/v2\/users\/2"}],"replies":[{"embeddable":true,"href":"https:\/\/expresorgv.online\/home\/wp-json\/wp\/v2\/comments?post=38281"}],"version-history":[{"count":1,"href":"https:\/\/expresorgv.online\/home\/wp-json\/wp\/v2\/posts\/38281\/revisions"}],"predecessor-version":[{"id":38283,"href":"https:\/\/expresorgv.online\/home\/wp-json\/wp\/v2\/posts\/38281\/revisions\/38283"}],"wp:featuredmedia":[{"embeddable":true,"href":"https:\/\/expresorgv.online\/home\/wp-json\/wp\/v2\/media\/38282"}],"wp:attachment":[{"href":"https:\/\/expresorgv.online\/home\/wp-json\/wp\/v2\/media?parent=38281"}],"wp:term":[{"taxonomy":"category","embeddable":true,"href":"https:\/\/expresorgv.online\/home\/wp-json\/wp\/v2\/categories?post=38281"},{"taxonomy":"post_tag","embeddable":true,"href":"https:\/\/expresorgv.online\/home\/wp-json\/wp\/v2\/tags?post=38281"}],"curies":[{"name":"wp","href":"https:\/\/api.w.org\/{rel}","templated":true}]}}