{"id":38271,"date":"2026-08-30T11:51:56","date_gmt":"2026-08-30T11:51:56","guid":{"rendered":"https:\/\/expresorgv.online\/home\/?p=38271"},"modified":"2026-08-30T11:51:57","modified_gmt":"2026-08-30T11:51:57","slug":"madre-de-dafne-exige-justicia-a-40-dias-de-su-muerte-encabeza-rosario-frente-a-la-academia-doenitz","status":"publish","type":"post","link":"https:\/\/expresorgv.online\/home\/blog\/2026\/08\/30\/madre-de-dafne-exige-justicia-a-40-dias-de-su-muerte-encabeza-rosario-frente-a-la-academia-doenitz\/","title":{"rendered":"Madre de Dafne exige justicia a 40 d\u00edas de su muerte; encabeza rosario frente a la academia Doenitz"},"content":{"rendered":"\n<p class=\"wp-block-paragraph\">Frente a la Academia Militarizada Doenitz, el recuerdo de Dafne Zapata Quintos volvi\u00f3 a hacerse presente. A 40 d\u00edas de su fallecimiento, familiares y personas cercanas a la adolescente se reunieron para participar en un Rosario y acompa\u00f1ar a su madre, Alejandra Quintos, quien reiter\u00f3 su exigencia de justicia.<\/p>\n\n\n\n<p class=\"wp-block-paragraph\">Las escaleras del acceso a la instituci\u00f3n fueron iluminadas con decenas de veladoras, mientras que en el lugar se coloc\u00f3 un altar con una fotograf\u00eda de Dafne.<\/p>\n\n\n\n<p class=\"wp-block-paragraph\">El momento estuvo marcado por mensajes de recuerdo y solidaridad hacia la familia. Como parte del homenaje tambi\u00e9n se interpret\u00f3 una versi\u00f3n de \u201cAmor eterno\u201d, cuya letra fue adaptada para hacer referencia a la historia de la adolescente.<\/p>\n\n\n\n<p class=\"wp-block-paragraph\"><strong>Madre de Dafne afirma que ha recibido amenazas<\/strong><\/p>\n\n\n\n<p class=\"wp-block-paragraph\">Durante el encuentro, Alejandra Quintos habl\u00f3 sobre las dificultades que ha enfrentado desde que comenz\u00f3 p\u00fablicamente a exigir el esclarecimiento de la muerte de su hija.<\/p>\n\n\n\n<p class=\"wp-block-paragraph\">La madre de Dafne se\u00f1al\u00f3 que ha recibido amenazas de muerte y explic\u00f3 que actualmente cuenta con escolta como medida de seguridad.<\/p>\n\n\n\n<p class=\"wp-block-paragraph\">Tambi\u00e9n afirm\u00f3 que dos de sus cuentas de Facebook fueron bloqueadas, situaci\u00f3n que vincul\u00f3 con las acciones que ha emprendido para mantener la atenci\u00f3n sobre el caso.<\/p>\n\n\n\n<p class=\"wp-block-paragraph\">Ante ello, insisti\u00f3 en el llamado a otras posibles v\u00edctimas o personas que tengan informaci\u00f3n relacionada con los hechos para que acudan ante las autoridades y presenten las denuncias correspondientes, a fin de que cada se\u00f1alamiento pueda ser investigado formalmente.<\/p>\n\n\n\n<p class=\"wp-block-paragraph\"><strong>\u201cTodav\u00eda faltan m\u00e1s personas\u201d<\/strong><\/p>\n\n\n\n<p class=\"wp-block-paragraph\">En su intervenci\u00f3n, Quintos sostuvo que, desde su perspectiva, a\u00fan habr\u00eda personas pendientes de ser detenidas y expres\u00f3 su confianza en que las investigaciones contin\u00faen avanzando.<\/p>\n\n\n\n<p class=\"wp-block-paragraph\">\u201cTodav\u00eda faltan m\u00e1s personas\u201d, manifest\u00f3 la madre de Dafne, al se\u00f1alar que espera que quienes pudieran tener responsabilidad sean presentados ante las autoridades conforme avance el proceso.<\/p>\n\n\n\n<p class=\"wp-block-paragraph\">El encuentro transcurri\u00f3 entre oraciones, recuerdos y muestras de apoyo para la familia, mientras las veladoras permanec\u00edan encendidas frente a la instituci\u00f3n.<\/p>\n\n\n\n<p class=\"wp-block-paragraph\"><strong>La exigencia de justicia contin\u00faa<\/strong><\/p>\n\n\n\n<p class=\"wp-block-paragraph\">A cuatro 40 d\u00edas del fallecimiento de Dafne, su madre mantiene una serie de acciones p\u00fablicas para recordar a su hija y exigir que el caso contin\u00fae siendo investigado.<\/p>\n\n\n\n<p class=\"wp-block-paragraph\">El Rosario realizado en Ciudad Madero represent\u00f3 tambi\u00e9n un llamado para que quienes consideren haber sido afectados o tengan informaci\u00f3n relacionada con el caso recurran a las instancias correspondientes.<\/p>\n\n\n\n<p class=\"wp-block-paragraph\">Alejandra Quintos afirm\u00f3 que continuar\u00e1 alzando la voz por su hija y confi\u00f3 en que las investigaciones permitan esclarecer lo ocurrido y determinar las responsabilidades que correspondan.<\/p>\n\n\n\n<p class=\"wp-block-paragraph\">La fotograf\u00eda de Dafne qued\u00f3 al centro del altar, acompa\u00f1ada por las veladoras que familiares y asistentes encendieron en su memoria, en una jornada en la que el recuerdo de la adolescente se convirti\u00f3 nuevamente en una exigencia p\u00fablica de justicia.<\/p>\n","protected":false},"excerpt":{"rendered":"<p>Frente a la Academia Militarizada Doenitz, el recuerdo de Dafne Zapata Quintos volvi\u00f3 a hacerse presente. A 40 d\u00edas de su fallecimiento, familiares y personas cercanas a la adolescente se reunieron para participar en un Rosario y acompa\u00f1ar a su madre, Alejandra Quintos, quien reiter\u00f3 su exigencia de justicia. Las escaleras del acceso a la [&hellip;]<\/p>\n","protected":false},"author":2,"featured_media":38272,"comment_status":"open","ping_status":"open","sticky":false,"template":"","format":"standard","meta":{"footnotes":""},"categories":[5],"tags":[],"class_list":["post-38271","post","type-post","status-publish","format-standard","has-post-thumbnail","hentry","category-estatal"],"yoast_head":"<!-- This site is optimized with the Yoast SEO plugin v27.2 - https:\/\/yoast.com\/product\/yoast-seo-wordpress\/ -->\n<title>Madre de Dafne exige justicia a 40 d\u00edas de su muerte; encabeza rosario frente a la academia Doenitz -<\/title>\n<meta name=\"robots\" content=\"index, follow, max-snippet:-1, max-image-preview:large, max-video-preview:-1\" \/>\n<link rel=\"canonical\" href=\"https:\/\/expresorgv.online\/home\/blog\/2026\/08\/30\/madre-de-dafne-exige-justicia-a-40-dias-de-su-muerte-encabeza-rosario-frente-a-la-academia-doenitz\/\" \/>\n<meta property=\"og:locale\" content=\"es_ES\" \/>\n<meta property=\"og:type\" content=\"article\" \/>\n<meta property=\"og:title\" content=\"Madre de Dafne exige justicia a 40 d\u00edas de su muerte; encabeza rosario frente a la academia Doenitz\" \/>\n<meta property=\"og:description\" content=\"Frente a la Academia Militarizada Doenitz, el recuerdo de Dafne Zapata Quintos volvi\u00f3 a hacerse presente. A 40 d\u00edas de su fallecimiento, familiares y personas cercanas a la adolescente se reunieron para participar en un Rosario y acompa\u00f1ar a su madre, Alejandra Quintos, quien reiter\u00f3 su exigencia de justicia. Las escaleras del acceso a la [&hellip;]\" \/>\n<meta property=\"og:url\" content=\"https:\/\/expresorgv.online\/home\/blog\/2026\/08\/30\/madre-de-dafne-exige-justicia-a-40-dias-de-su-muerte-encabeza-rosario-frente-a-la-academia-doenitz\/\" \/>\n<meta property=\"article:published_time\" content=\"2026-08-30T11:51:56+00:00\" \/>\n<meta property=\"article:modified_time\" content=\"2026-08-30T11:51:57+00:00\" \/>\n<meta property=\"og:image\" content=\"https:\/\/expresorgv.online\/home\/wp-content\/uploads\/2026\/08\/Dafne-Zapata.jpg\" \/>\n\t<meta property=\"og:image:width\" content=\"591\" \/>\n\t<meta property=\"og:image:height\" content=\"328\" \/>\n\t<meta property=\"og:image:type\" content=\"image\/jpeg\" \/>\n<meta name=\"author\" content=\"expreso\" \/>\n<meta name=\"twitter:card\" content=\"summary_large_image\" \/>\n<meta name=\"twitter:label1\" content=\"Escrito por\" \/>\n\t<meta name=\"twitter:data1\" content=\"expreso\" \/>\n\t<meta name=\"twitter:label2\" content=\"Tiempo de lectura\" \/>\n\t<meta name=\"twitter:data2\" content=\"3 minutos\" \/>\n<script type=\"application\/ld+json\" class=\"yoast-schema-graph\">{\"@context\":\"https:\/\/schema.org\",\"@graph\":[{\"@type\":\"Article\",\"@id\":\"https:\/\/expresorgv.online\/home\/blog\/2026\/08\/30\/madre-de-dafne-exige-justicia-a-40-dias-de-su-muerte-encabeza-rosario-frente-a-la-academia-doenitz\/#article\",\"isPartOf\":{\"@id\":\"https:\/\/expresorgv.online\/home\/blog\/2026\/08\/30\/madre-de-dafne-exige-justicia-a-40-dias-de-su-muerte-encabeza-rosario-frente-a-la-academia-doenitz\/\"},\"author\":{\"name\":\"expreso\",\"@id\":\"https:\/\/expresorgv.online\/home\/#\/schema\/person\/ae1ed1a575540204b5f59dca7f91f6a2\"},\"headline\":\"Madre de Dafne exige justicia a 40 d\u00edas de su muerte; encabeza rosario frente a la academia Doenitz\",\"datePublished\":\"2026-08-30T11:51:56+00:00\",\"dateModified\":\"2026-08-30T11:51:57+00:00\",\"mainEntityOfPage\":{\"@id\":\"https:\/\/expresorgv.online\/home\/blog\/2026\/08\/30\/madre-de-dafne-exige-justicia-a-40-dias-de-su-muerte-encabeza-rosario-frente-a-la-academia-doenitz\/\"},\"wordCount\":497,\"commentCount\":0,\"image\":{\"@id\":\"https:\/\/expresorgv.online\/home\/blog\/2026\/08\/30\/madre-de-dafne-exige-justicia-a-40-dias-de-su-muerte-encabeza-rosario-frente-a-la-academia-doenitz\/#primaryimage\"},\"thumbnailUrl\":\"https:\/\/i0.wp.com\/expresorgv.online\/home\/wp-content\/uploads\/2026\/08\/Dafne-Zapata.jpg?fit=591%2C328&ssl=1\",\"articleSection\":[\"ESTATAL\"],\"inLanguage\":\"es\",\"potentialAction\":[{\"@type\":\"CommentAction\",\"name\":\"Comment\",\"target\":[\"https:\/\/expresorgv.online\/home\/blog\/2026\/08\/30\/madre-de-dafne-exige-justicia-a-40-dias-de-su-muerte-encabeza-rosario-frente-a-la-academia-doenitz\/#respond\"]}]},{\"@type\":\"WebPage\",\"@id\":\"https:\/\/expresorgv.online\/home\/blog\/2026\/08\/30\/madre-de-dafne-exige-justicia-a-40-dias-de-su-muerte-encabeza-rosario-frente-a-la-academia-doenitz\/\",\"url\":\"https:\/\/expresorgv.online\/home\/blog\/2026\/08\/30\/madre-de-dafne-exige-justicia-a-40-dias-de-su-muerte-encabeza-rosario-frente-a-la-academia-doenitz\/\",\"name\":\"Madre de Dafne exige justicia a 40 d\u00edas de su muerte; encabeza rosario frente a la academia Doenitz -\",\"isPartOf\":{\"@id\":\"https:\/\/expresorgv.online\/home\/#website\"},\"primaryImageOfPage\":{\"@id\":\"https:\/\/expresorgv.online\/home\/blog\/2026\/08\/30\/madre-de-dafne-exige-justicia-a-40-dias-de-su-muerte-encabeza-rosario-frente-a-la-academia-doenitz\/#primaryimage\"},\"image\":{\"@id\":\"https:\/\/expresorgv.online\/home\/blog\/2026\/08\/30\/madre-de-dafne-exige-justicia-a-40-dias-de-su-muerte-encabeza-rosario-frente-a-la-academia-doenitz\/#primaryimage\"},\"thumbnailUrl\":\"https:\/\/i0.wp.com\/expresorgv.online\/home\/wp-content\/uploads\/2026\/08\/Dafne-Zapata.jpg?fit=591%2C328&ssl=1\",\"datePublished\":\"2026-08-30T11:51:56+00:00\",\"dateModified\":\"2026-08-30T11:51:57+00:00\",\"author\":{\"@id\":\"https:\/\/expresorgv.online\/home\/#\/schema\/person\/ae1ed1a575540204b5f59dca7f91f6a2\"},\"breadcrumb\":{\"@id\":\"https:\/\/expresorgv.online\/home\/blog\/2026\/08\/30\/madre-de-dafne-exige-justicia-a-40-dias-de-su-muerte-encabeza-rosario-frente-a-la-academia-doenitz\/#breadcrumb\"},\"inLanguage\":\"es\",\"potentialAction\":[{\"@type\":\"ReadAction\",\"target\":[\"https:\/\/expresorgv.online\/home\/blog\/2026\/08\/30\/madre-de-dafne-exige-justicia-a-40-dias-de-su-muerte-encabeza-rosario-frente-a-la-academia-doenitz\/\"]}]},{\"@type\":\"ImageObject\",\"inLanguage\":\"es\",\"@id\":\"https:\/\/expresorgv.online\/home\/blog\/2026\/08\/30\/madre-de-dafne-exige-justicia-a-40-dias-de-su-muerte-encabeza-rosario-frente-a-la-academia-doenitz\/#primaryimage\",\"url\":\"https:\/\/i0.wp.com\/expresorgv.online\/home\/wp-content\/uploads\/2026\/08\/Dafne-Zapata.jpg?fit=591%2C328&ssl=1\",\"contentUrl\":\"https:\/\/i0.wp.com\/expresorgv.online\/home\/wp-content\/uploads\/2026\/08\/Dafne-Zapata.jpg?fit=591%2C328&ssl=1\",\"width\":591,\"height\":328},{\"@type\":\"BreadcrumbList\",\"@id\":\"https:\/\/expresorgv.online\/home\/blog\/2026\/08\/30\/madre-de-dafne-exige-justicia-a-40-dias-de-su-muerte-encabeza-rosario-frente-a-la-academia-doenitz\/#breadcrumb\",\"itemListElement\":[{\"@type\":\"ListItem\",\"position\":1,\"name\":\"Home\",\"item\":\"https:\/\/expresorgv.online\/home\/\"},{\"@type\":\"ListItem\",\"position\":2,\"name\":\"Madre de Dafne exige justicia a 40 d\u00edas de su muerte; encabeza rosario frente a la academia Doenitz\"}]},{\"@type\":\"WebSite\",\"@id\":\"https:\/\/expresorgv.online\/home\/#website\",\"url\":\"https:\/\/expresorgv.online\/home\/\",\"name\":\"\",\"description\":\"\",\"potentialAction\":[{\"@type\":\"SearchAction\",\"target\":{\"@type\":\"EntryPoint\",\"urlTemplate\":\"https:\/\/expresorgv.online\/home\/?s={search_term_string}\"},\"query-input\":{\"@type\":\"PropertyValueSpecification\",\"valueRequired\":true,\"valueName\":\"search_term_string\"}}],\"inLanguage\":\"es\"},{\"@type\":\"Person\",\"@id\":\"https:\/\/expresorgv.online\/home\/#\/schema\/person\/ae1ed1a575540204b5f59dca7f91f6a2\",\"name\":\"expreso\",\"image\":{\"@type\":\"ImageObject\",\"inLanguage\":\"es\",\"@id\":\"https:\/\/secure.gravatar.com\/avatar\/88cd9f065dcd1b722cd984aac4181386a800c0bca699eaf07e42dd8f820bddee?s=96&d=mm&r=g\",\"url\":\"https:\/\/secure.gravatar.com\/avatar\/88cd9f065dcd1b722cd984aac4181386a800c0bca699eaf07e42dd8f820bddee?s=96&d=mm&r=g\",\"contentUrl\":\"https:\/\/secure.gravatar.com\/avatar\/88cd9f065dcd1b722cd984aac4181386a800c0bca699eaf07e42dd8f820bddee?s=96&d=mm&r=g\",\"caption\":\"expreso\"},\"url\":\"https:\/\/expresorgv.online\/home\/blog\/author\/expreso\/\"}]}<\/script>\n<!-- \/ Yoast SEO plugin. -->","yoast_head_json":{"title":"Madre de Dafne exige justicia a 40 d\u00edas de su muerte; encabeza rosario frente a la academia Doenitz -","robots":{"index":"index","follow":"follow","max-snippet":"max-snippet:-1","max-image-preview":"max-image-preview:large","max-video-preview":"max-video-preview:-1"},"canonical":"https:\/\/expresorgv.online\/home\/blog\/2026\/08\/30\/madre-de-dafne-exige-justicia-a-40-dias-de-su-muerte-encabeza-rosario-frente-a-la-academia-doenitz\/","og_locale":"es_ES","og_type":"article","og_title":"Madre de Dafne exige justicia a 40 d\u00edas de su muerte; encabeza rosario frente a la academia Doenitz","og_description":"Frente a la Academia Militarizada Doenitz, el recuerdo de Dafne Zapata Quintos volvi\u00f3 a hacerse presente. A 40 d\u00edas de su fallecimiento, familiares y personas cercanas a la adolescente se reunieron para participar en un Rosario y acompa\u00f1ar a su madre, Alejandra Quintos, quien reiter\u00f3 su exigencia de justicia. Las escaleras del acceso a la [&hellip;]","og_url":"https:\/\/expresorgv.online\/home\/blog\/2026\/08\/30\/madre-de-dafne-exige-justicia-a-40-dias-de-su-muerte-encabeza-rosario-frente-a-la-academia-doenitz\/","article_published_time":"2026-08-30T11:51:56+00:00","article_modified_time":"2026-08-30T11:51:57+00:00","og_image":[{"width":591,"height":328,"url":"https:\/\/expresorgv.online\/home\/wp-content\/uploads\/2026\/08\/Dafne-Zapata.jpg","type":"image\/jpeg"}],"author":"expreso","twitter_card":"summary_large_image","twitter_misc":{"Escrito por":"expreso","Tiempo de lectura":"3 minutos"},"schema":{"@context":"https:\/\/schema.org","@graph":[{"@type":"Article","@id":"https:\/\/expresorgv.online\/home\/blog\/2026\/08\/30\/madre-de-dafne-exige-justicia-a-40-dias-de-su-muerte-encabeza-rosario-frente-a-la-academia-doenitz\/#article","isPartOf":{"@id":"https:\/\/expresorgv.online\/home\/blog\/2026\/08\/30\/madre-de-dafne-exige-justicia-a-40-dias-de-su-muerte-encabeza-rosario-frente-a-la-academia-doenitz\/"},"author":{"name":"expreso","@id":"https:\/\/expresorgv.online\/home\/#\/schema\/person\/ae1ed1a575540204b5f59dca7f91f6a2"},"headline":"Madre de Dafne exige justicia a 40 d\u00edas de su muerte; encabeza rosario frente a la academia Doenitz","datePublished":"2026-08-30T11:51:56+00:00","dateModified":"2026-08-30T11:51:57+00:00","mainEntityOfPage":{"@id":"https:\/\/expresorgv.online\/home\/blog\/2026\/08\/30\/madre-de-dafne-exige-justicia-a-40-dias-de-su-muerte-encabeza-rosario-frente-a-la-academia-doenitz\/"},"wordCount":497,"commentCount":0,"image":{"@id":"https:\/\/expresorgv.online\/home\/blog\/2026\/08\/30\/madre-de-dafne-exige-justicia-a-40-dias-de-su-muerte-encabeza-rosario-frente-a-la-academia-doenitz\/#primaryimage"},"thumbnailUrl":"https:\/\/i0.wp.com\/expresorgv.online\/home\/wp-content\/uploads\/2026\/08\/Dafne-Zapata.jpg?fit=591%2C328&ssl=1","articleSection":["ESTATAL"],"inLanguage":"es","potentialAction":[{"@type":"CommentAction","name":"Comment","target":["https:\/\/expresorgv.online\/home\/blog\/2026\/08\/30\/madre-de-dafne-exige-justicia-a-40-dias-de-su-muerte-encabeza-rosario-frente-a-la-academia-doenitz\/#respond"]}]},{"@type":"WebPage","@id":"https:\/\/expresorgv.online\/home\/blog\/2026\/08\/30\/madre-de-dafne-exige-justicia-a-40-dias-de-su-muerte-encabeza-rosario-frente-a-la-academia-doenitz\/","url":"https:\/\/expresorgv.online\/home\/blog\/2026\/08\/30\/madre-de-dafne-exige-justicia-a-40-dias-de-su-muerte-encabeza-rosario-frente-a-la-academia-doenitz\/","name":"Madre de Dafne exige justicia a 40 d\u00edas de su muerte; encabeza rosario frente a la academia Doenitz -","isPartOf":{"@id":"https:\/\/expresorgv.online\/home\/#website"},"primaryImageOfPage":{"@id":"https:\/\/expresorgv.online\/home\/blog\/2026\/08\/30\/madre-de-dafne-exige-justicia-a-40-dias-de-su-muerte-encabeza-rosario-frente-a-la-academia-doenitz\/#primaryimage"},"image":{"@id":"https:\/\/expresorgv.online\/home\/blog\/2026\/08\/30\/madre-de-dafne-exige-justicia-a-40-dias-de-su-muerte-encabeza-rosario-frente-a-la-academia-doenitz\/#primaryimage"},"thumbnailUrl":"https:\/\/i0.wp.com\/expresorgv.online\/home\/wp-content\/uploads\/2026\/08\/Dafne-Zapata.jpg?fit=591%2C328&ssl=1","datePublished":"2026-08-30T11:51:56+00:00","dateModified":"2026-08-30T11:51:57+00:00","author":{"@id":"https:\/\/expresorgv.online\/home\/#\/schema\/person\/ae1ed1a575540204b5f59dca7f91f6a2"},"breadcrumb":{"@id":"https:\/\/expresorgv.online\/home\/blog\/2026\/08\/30\/madre-de-dafne-exige-justicia-a-40-dias-de-su-muerte-encabeza-rosario-frente-a-la-academia-doenitz\/#breadcrumb"},"inLanguage":"es","potentialAction":[{"@type":"ReadAction","target":["https:\/\/expresorgv.online\/home\/blog\/2026\/08\/30\/madre-de-dafne-exige-justicia-a-40-dias-de-su-muerte-encabeza-rosario-frente-a-la-academia-doenitz\/"]}]},{"@type":"ImageObject","inLanguage":"es","@id":"https:\/\/expresorgv.online\/home\/blog\/2026\/08\/30\/madre-de-dafne-exige-justicia-a-40-dias-de-su-muerte-encabeza-rosario-frente-a-la-academia-doenitz\/#primaryimage","url":"https:\/\/i0.wp.com\/expresorgv.online\/home\/wp-content\/uploads\/2026\/08\/Dafne-Zapata.jpg?fit=591%2C328&ssl=1","contentUrl":"https:\/\/i0.wp.com\/expresorgv.online\/home\/wp-content\/uploads\/2026\/08\/Dafne-Zapata.jpg?fit=591%2C328&ssl=1","width":591,"height":328},{"@type":"BreadcrumbList","@id":"https:\/\/expresorgv.online\/home\/blog\/2026\/08\/30\/madre-de-dafne-exige-justicia-a-40-dias-de-su-muerte-encabeza-rosario-frente-a-la-academia-doenitz\/#breadcrumb","itemListElement":[{"@type":"ListItem","position":1,"name":"Home","item":"https:\/\/expresorgv.online\/home\/"},{"@type":"ListItem","position":2,"name":"Madre de Dafne exige justicia a 40 d\u00edas de su muerte; encabeza rosario frente a la academia Doenitz"}]},{"@type":"WebSite","@id":"https:\/\/expresorgv.online\/home\/#website","url":"https:\/\/expresorgv.online\/home\/","name":"","description":"","potentialAction":[{"@type":"SearchAction","target":{"@type":"EntryPoint","urlTemplate":"https:\/\/expresorgv.online\/home\/?s={search_term_string}"},"query-input":{"@type":"PropertyValueSpecification","valueRequired":true,"valueName":"search_term_string"}}],"inLanguage":"es"},{"@type":"Person","@id":"https:\/\/expresorgv.online\/home\/#\/schema\/person\/ae1ed1a575540204b5f59dca7f91f6a2","name":"expreso","image":{"@type":"ImageObject","inLanguage":"es","@id":"https:\/\/secure.gravatar.com\/avatar\/88cd9f065dcd1b722cd984aac4181386a800c0bca699eaf07e42dd8f820bddee?s=96&d=mm&r=g","url":"https:\/\/secure.gravatar.com\/avatar\/88cd9f065dcd1b722cd984aac4181386a800c0bca699eaf07e42dd8f820bddee?s=96&d=mm&r=g","contentUrl":"https:\/\/secure.gravatar.com\/avatar\/88cd9f065dcd1b722cd984aac4181386a800c0bca699eaf07e42dd8f820bddee?s=96&d=mm&r=g","caption":"expreso"},"url":"https:\/\/expresorgv.online\/home\/blog\/author\/expreso\/"}]}},"jetpack_featured_media_url":"https:\/\/i0.wp.com\/expresorgv.online\/home\/wp-content\/uploads\/2026\/08\/Dafne-Zapata.jpg?fit=591%2C328&ssl=1","_links":{"self":[{"href":"https:\/\/expresorgv.online\/home\/wp-json\/wp\/v2\/posts\/38271","targetHints":{"allow":["GET"]}}],"collection":[{"href":"https:\/\/expresorgv.online\/home\/wp-json\/wp\/v2\/posts"}],"about":[{"href":"https:\/\/expresorgv.online\/home\/wp-json\/wp\/v2\/types\/post"}],"author":[{"embeddable":true,"href":"https:\/\/expresorgv.online\/home\/wp-json\/wp\/v2\/users\/2"}],"replies":[{"embeddable":true,"href":"https:\/\/expresorgv.online\/home\/wp-json\/wp\/v2\/comments?post=38271"}],"version-history":[{"count":1,"href":"https:\/\/expresorgv.online\/home\/wp-json\/wp\/v2\/posts\/38271\/revisions"}],"predecessor-version":[{"id":38273,"href":"https:\/\/expresorgv.online\/home\/wp-json\/wp\/v2\/posts\/38271\/revisions\/38273"}],"wp:featuredmedia":[{"embeddable":true,"href":"https:\/\/expresorgv.online\/home\/wp-json\/wp\/v2\/media\/38272"}],"wp:attachment":[{"href":"https:\/\/expresorgv.online\/home\/wp-json\/wp\/v2\/media?parent=38271"}],"wp:term":[{"taxonomy":"category","embeddable":true,"href":"https:\/\/expresorgv.online\/home\/wp-json\/wp\/v2\/categories?post=38271"},{"taxonomy":"post_tag","embeddable":true,"href":"https:\/\/expresorgv.online\/home\/wp-json\/wp\/v2\/tags?post=38271"}],"curies":[{"name":"wp","href":"https:\/\/api.w.org\/{rel}","templated":true}]}}