{"id":38268,"date":"2026-08-30T11:40:10","date_gmt":"2026-08-30T11:40:10","guid":{"rendered":"https:\/\/expresorgv.online\/home\/?p=38268"},"modified":"2026-08-30T11:40:11","modified_gmt":"2026-08-30T11:40:11","slug":"sedena-confirma-que-eu-destruyo-tres-drones-en-su-frontera-con-tamaulipas","status":"publish","type":"post","link":"https:\/\/expresorgv.online\/home\/blog\/2026\/08\/30\/sedena-confirma-que-eu-destruyo-tres-drones-en-su-frontera-con-tamaulipas\/","title":{"rendered":"Sedena confirma que EU destruy\u00f3 tres drones en su frontera con Tamaulipas"},"content":{"rendered":"\n<p class=\"wp-block-paragraph\">La Secretar\u00eda de la Defensa Nacional (Defensa), inform\u00f3 que el ej\u00e9rcito de Estados Unidos destruy\u00f3 en su territorio, colindante con el estado de Tamaulipas, la noche del 25 al 26 de este mes, tres drones utilizados por grupos de traficantes de personas para vigilar los movimientos de las autoridades en la frontera con M\u00e9xico.<\/p>\n\n\n\n<p class=\"wp-block-paragraph\">La instituci\u00f3n nacional indic\u00f3 que \u00abel marco de la Relaci\u00f3n Bilateral M\u00e9xico-Estados Unidos, desde el 5 de febrero del 2025, se realizan operaciones concurrentes (espejo), entre Fuerzas Armadas de ambos pa\u00edses y agencias encargadas del cumplimiento de la ley de Estados Unidos, las cuales consisten en reconocimientos simult\u00e1neos a lo largo de la frontera com\u00fan, cada fuerza dentro de su territorio, para evitar el tr\u00e1fico de armas y drogas\u00bb.<\/p>\n\n\n\n<p class=\"wp-block-paragraph\">A este respecto, las autoridades estadunidenses informaron que el mi\u00e9rcoles pasado la Fuerza de Tarea Conjunta de la Frontera Sur de Estados Unidos derrib\u00f3 tres drones en la frontera con M\u00e9xico, los cuales eran presuntamente operados por c\u00e1rteles de la droga.<\/p>\n\n\n\n<p class=\"wp-block-paragraph\">Lo anterior mediante un \u00absistema l\u00e1ser multiprop\u00f3sito de alta energ\u00eda del ej\u00e9rcito\u00bb.<\/p>\n\n\n\n<p class=\"wp-block-paragraph\">La Defensa puntualiz\u00f3 que estas acciones se realizaron en el marco de estas operaciones binacionales, la Fuerza de Tarea Conjunta Frontera Sur del Comando Norte, \u00abencargada de realizar las operaciones concurrentes (espejo), en el lado estadunidense, inform\u00f3 a trav\u00e9s de la Comandancia de la 8\/a. Zona Militar con sede en Reynosa, Tamaulipas.<\/p>\n\n\n\n<p class=\"wp-block-paragraph\">La representaci\u00f3n de la Defensa Nacional dijo que las autoridades estadunidenses reportaron \u00abhaber detectado e inhabilitado en su territorio soberano en la noche del 25 y 26 de agosto de 2026, tres drones con caracter\u00edsticas comerciales, utilizados por traficantes de indocumentados para la vigilancia de autoridades\u00bb.<\/p>\n","protected":false},"excerpt":{"rendered":"<p>La Secretar\u00eda de la Defensa Nacional (Defensa), inform\u00f3 que el ej\u00e9rcito de Estados Unidos destruy\u00f3 en su territorio, colindante con el estado de Tamaulipas, la noche del 25 al 26 de este mes, tres drones utilizados por grupos de traficantes de personas para vigilar los movimientos de las autoridades en la frontera con M\u00e9xico. La [&hellip;]<\/p>\n","protected":false},"author":2,"featured_media":38269,"comment_status":"open","ping_status":"open","sticky":false,"template":"","format":"standard","meta":{"footnotes":""},"categories":[5],"tags":[],"class_list":["post-38268","post","type-post","status-publish","format-standard","has-post-thumbnail","hentry","category-estatal"],"yoast_head":"<!-- This site is optimized with the Yoast SEO plugin v27.2 - https:\/\/yoast.com\/product\/yoast-seo-wordpress\/ -->\n<title>Sedena confirma que EU destruy\u00f3 tres drones en su frontera con Tamaulipas -<\/title>\n<meta name=\"robots\" content=\"index, follow, max-snippet:-1, max-image-preview:large, max-video-preview:-1\" \/>\n<link rel=\"canonical\" href=\"https:\/\/expresorgv.online\/home\/blog\/2026\/08\/30\/sedena-confirma-que-eu-destruyo-tres-drones-en-su-frontera-con-tamaulipas\/\" \/>\n<meta property=\"og:locale\" content=\"es_ES\" \/>\n<meta property=\"og:type\" content=\"article\" \/>\n<meta property=\"og:title\" content=\"Sedena confirma que EU destruy\u00f3 tres drones en su frontera con Tamaulipas\" \/>\n<meta property=\"og:description\" content=\"La Secretar\u00eda de la Defensa Nacional (Defensa), inform\u00f3 que el ej\u00e9rcito de Estados Unidos destruy\u00f3 en su territorio, colindante con el estado de Tamaulipas, la noche del 25 al 26 de este mes, tres drones utilizados por grupos de traficantes de personas para vigilar los movimientos de las autoridades en la frontera con M\u00e9xico. La [&hellip;]\" \/>\n<meta property=\"og:url\" content=\"https:\/\/expresorgv.online\/home\/blog\/2026\/08\/30\/sedena-confirma-que-eu-destruyo-tres-drones-en-su-frontera-con-tamaulipas\/\" \/>\n<meta property=\"article:published_time\" content=\"2026-08-30T11:40:10+00:00\" \/>\n<meta property=\"article:modified_time\" content=\"2026-08-30T11:40:11+00:00\" \/>\n<meta property=\"og:image\" content=\"https:\/\/expresorgv.online\/home\/wp-content\/uploads\/2026\/08\/Dron.jpg\" \/>\n\t<meta property=\"og:image:width\" content=\"591\" \/>\n\t<meta property=\"og:image:height\" content=\"328\" \/>\n\t<meta property=\"og:image:type\" content=\"image\/jpeg\" \/>\n<meta name=\"author\" content=\"expreso\" \/>\n<meta name=\"twitter:card\" content=\"summary_large_image\" \/>\n<meta name=\"twitter:label1\" content=\"Escrito por\" \/>\n\t<meta name=\"twitter:data1\" content=\"expreso\" \/>\n\t<meta name=\"twitter:label2\" content=\"Tiempo de lectura\" \/>\n\t<meta name=\"twitter:data2\" content=\"2 minutos\" \/>\n<script type=\"application\/ld+json\" class=\"yoast-schema-graph\">{\"@context\":\"https:\/\/schema.org\",\"@graph\":[{\"@type\":\"Article\",\"@id\":\"https:\/\/expresorgv.online\/home\/blog\/2026\/08\/30\/sedena-confirma-que-eu-destruyo-tres-drones-en-su-frontera-con-tamaulipas\/#article\",\"isPartOf\":{\"@id\":\"https:\/\/expresorgv.online\/home\/blog\/2026\/08\/30\/sedena-confirma-que-eu-destruyo-tres-drones-en-su-frontera-con-tamaulipas\/\"},\"author\":{\"name\":\"expreso\",\"@id\":\"https:\/\/expresorgv.online\/home\/#\/schema\/person\/ae1ed1a575540204b5f59dca7f91f6a2\"},\"headline\":\"Sedena confirma que EU destruy\u00f3 tres drones en su frontera con Tamaulipas\",\"datePublished\":\"2026-08-30T11:40:10+00:00\",\"dateModified\":\"2026-08-30T11:40:11+00:00\",\"mainEntityOfPage\":{\"@id\":\"https:\/\/expresorgv.online\/home\/blog\/2026\/08\/30\/sedena-confirma-que-eu-destruyo-tres-drones-en-su-frontera-con-tamaulipas\/\"},\"wordCount\":299,\"commentCount\":0,\"image\":{\"@id\":\"https:\/\/expresorgv.online\/home\/blog\/2026\/08\/30\/sedena-confirma-que-eu-destruyo-tres-drones-en-su-frontera-con-tamaulipas\/#primaryimage\"},\"thumbnailUrl\":\"https:\/\/i0.wp.com\/expresorgv.online\/home\/wp-content\/uploads\/2026\/08\/Dron.jpg?fit=591%2C328&ssl=1\",\"articleSection\":[\"ESTATAL\"],\"inLanguage\":\"es\",\"potentialAction\":[{\"@type\":\"CommentAction\",\"name\":\"Comment\",\"target\":[\"https:\/\/expresorgv.online\/home\/blog\/2026\/08\/30\/sedena-confirma-que-eu-destruyo-tres-drones-en-su-frontera-con-tamaulipas\/#respond\"]}]},{\"@type\":\"WebPage\",\"@id\":\"https:\/\/expresorgv.online\/home\/blog\/2026\/08\/30\/sedena-confirma-que-eu-destruyo-tres-drones-en-su-frontera-con-tamaulipas\/\",\"url\":\"https:\/\/expresorgv.online\/home\/blog\/2026\/08\/30\/sedena-confirma-que-eu-destruyo-tres-drones-en-su-frontera-con-tamaulipas\/\",\"name\":\"Sedena confirma que EU destruy\u00f3 tres drones en su frontera con Tamaulipas -\",\"isPartOf\":{\"@id\":\"https:\/\/expresorgv.online\/home\/#website\"},\"primaryImageOfPage\":{\"@id\":\"https:\/\/expresorgv.online\/home\/blog\/2026\/08\/30\/sedena-confirma-que-eu-destruyo-tres-drones-en-su-frontera-con-tamaulipas\/#primaryimage\"},\"image\":{\"@id\":\"https:\/\/expresorgv.online\/home\/blog\/2026\/08\/30\/sedena-confirma-que-eu-destruyo-tres-drones-en-su-frontera-con-tamaulipas\/#primaryimage\"},\"thumbnailUrl\":\"https:\/\/i0.wp.com\/expresorgv.online\/home\/wp-content\/uploads\/2026\/08\/Dron.jpg?fit=591%2C328&ssl=1\",\"datePublished\":\"2026-08-30T11:40:10+00:00\",\"dateModified\":\"2026-08-30T11:40:11+00:00\",\"author\":{\"@id\":\"https:\/\/expresorgv.online\/home\/#\/schema\/person\/ae1ed1a575540204b5f59dca7f91f6a2\"},\"breadcrumb\":{\"@id\":\"https:\/\/expresorgv.online\/home\/blog\/2026\/08\/30\/sedena-confirma-que-eu-destruyo-tres-drones-en-su-frontera-con-tamaulipas\/#breadcrumb\"},\"inLanguage\":\"es\",\"potentialAction\":[{\"@type\":\"ReadAction\",\"target\":[\"https:\/\/expresorgv.online\/home\/blog\/2026\/08\/30\/sedena-confirma-que-eu-destruyo-tres-drones-en-su-frontera-con-tamaulipas\/\"]}]},{\"@type\":\"ImageObject\",\"inLanguage\":\"es\",\"@id\":\"https:\/\/expresorgv.online\/home\/blog\/2026\/08\/30\/sedena-confirma-que-eu-destruyo-tres-drones-en-su-frontera-con-tamaulipas\/#primaryimage\",\"url\":\"https:\/\/i0.wp.com\/expresorgv.online\/home\/wp-content\/uploads\/2026\/08\/Dron.jpg?fit=591%2C328&ssl=1\",\"contentUrl\":\"https:\/\/i0.wp.com\/expresorgv.online\/home\/wp-content\/uploads\/2026\/08\/Dron.jpg?fit=591%2C328&ssl=1\",\"width\":591,\"height\":328},{\"@type\":\"BreadcrumbList\",\"@id\":\"https:\/\/expresorgv.online\/home\/blog\/2026\/08\/30\/sedena-confirma-que-eu-destruyo-tres-drones-en-su-frontera-con-tamaulipas\/#breadcrumb\",\"itemListElement\":[{\"@type\":\"ListItem\",\"position\":1,\"name\":\"Home\",\"item\":\"https:\/\/expresorgv.online\/home\/\"},{\"@type\":\"ListItem\",\"position\":2,\"name\":\"Sedena confirma que EU destruy\u00f3 tres drones en su frontera con Tamaulipas\"}]},{\"@type\":\"WebSite\",\"@id\":\"https:\/\/expresorgv.online\/home\/#website\",\"url\":\"https:\/\/expresorgv.online\/home\/\",\"name\":\"\",\"description\":\"\",\"potentialAction\":[{\"@type\":\"SearchAction\",\"target\":{\"@type\":\"EntryPoint\",\"urlTemplate\":\"https:\/\/expresorgv.online\/home\/?s={search_term_string}\"},\"query-input\":{\"@type\":\"PropertyValueSpecification\",\"valueRequired\":true,\"valueName\":\"search_term_string\"}}],\"inLanguage\":\"es\"},{\"@type\":\"Person\",\"@id\":\"https:\/\/expresorgv.online\/home\/#\/schema\/person\/ae1ed1a575540204b5f59dca7f91f6a2\",\"name\":\"expreso\",\"image\":{\"@type\":\"ImageObject\",\"inLanguage\":\"es\",\"@id\":\"https:\/\/secure.gravatar.com\/avatar\/88cd9f065dcd1b722cd984aac4181386a800c0bca699eaf07e42dd8f820bddee?s=96&d=mm&r=g\",\"url\":\"https:\/\/secure.gravatar.com\/avatar\/88cd9f065dcd1b722cd984aac4181386a800c0bca699eaf07e42dd8f820bddee?s=96&d=mm&r=g\",\"contentUrl\":\"https:\/\/secure.gravatar.com\/avatar\/88cd9f065dcd1b722cd984aac4181386a800c0bca699eaf07e42dd8f820bddee?s=96&d=mm&r=g\",\"caption\":\"expreso\"},\"url\":\"https:\/\/expresorgv.online\/home\/blog\/author\/expreso\/\"}]}<\/script>\n<!-- \/ Yoast SEO plugin. -->","yoast_head_json":{"title":"Sedena confirma que EU destruy\u00f3 tres drones en su frontera con Tamaulipas -","robots":{"index":"index","follow":"follow","max-snippet":"max-snippet:-1","max-image-preview":"max-image-preview:large","max-video-preview":"max-video-preview:-1"},"canonical":"https:\/\/expresorgv.online\/home\/blog\/2026\/08\/30\/sedena-confirma-que-eu-destruyo-tres-drones-en-su-frontera-con-tamaulipas\/","og_locale":"es_ES","og_type":"article","og_title":"Sedena confirma que EU destruy\u00f3 tres drones en su frontera con Tamaulipas","og_description":"La Secretar\u00eda de la Defensa Nacional (Defensa), inform\u00f3 que el ej\u00e9rcito de Estados Unidos destruy\u00f3 en su territorio, colindante con el estado de Tamaulipas, la noche del 25 al 26 de este mes, tres drones utilizados por grupos de traficantes de personas para vigilar los movimientos de las autoridades en la frontera con M\u00e9xico. La [&hellip;]","og_url":"https:\/\/expresorgv.online\/home\/blog\/2026\/08\/30\/sedena-confirma-que-eu-destruyo-tres-drones-en-su-frontera-con-tamaulipas\/","article_published_time":"2026-08-30T11:40:10+00:00","article_modified_time":"2026-08-30T11:40:11+00:00","og_image":[{"width":591,"height":328,"url":"https:\/\/expresorgv.online\/home\/wp-content\/uploads\/2026\/08\/Dron.jpg","type":"image\/jpeg"}],"author":"expreso","twitter_card":"summary_large_image","twitter_misc":{"Escrito por":"expreso","Tiempo de lectura":"2 minutos"},"schema":{"@context":"https:\/\/schema.org","@graph":[{"@type":"Article","@id":"https:\/\/expresorgv.online\/home\/blog\/2026\/08\/30\/sedena-confirma-que-eu-destruyo-tres-drones-en-su-frontera-con-tamaulipas\/#article","isPartOf":{"@id":"https:\/\/expresorgv.online\/home\/blog\/2026\/08\/30\/sedena-confirma-que-eu-destruyo-tres-drones-en-su-frontera-con-tamaulipas\/"},"author":{"name":"expreso","@id":"https:\/\/expresorgv.online\/home\/#\/schema\/person\/ae1ed1a575540204b5f59dca7f91f6a2"},"headline":"Sedena confirma que EU destruy\u00f3 tres drones en su frontera con Tamaulipas","datePublished":"2026-08-30T11:40:10+00:00","dateModified":"2026-08-30T11:40:11+00:00","mainEntityOfPage":{"@id":"https:\/\/expresorgv.online\/home\/blog\/2026\/08\/30\/sedena-confirma-que-eu-destruyo-tres-drones-en-su-frontera-con-tamaulipas\/"},"wordCount":299,"commentCount":0,"image":{"@id":"https:\/\/expresorgv.online\/home\/blog\/2026\/08\/30\/sedena-confirma-que-eu-destruyo-tres-drones-en-su-frontera-con-tamaulipas\/#primaryimage"},"thumbnailUrl":"https:\/\/i0.wp.com\/expresorgv.online\/home\/wp-content\/uploads\/2026\/08\/Dron.jpg?fit=591%2C328&ssl=1","articleSection":["ESTATAL"],"inLanguage":"es","potentialAction":[{"@type":"CommentAction","name":"Comment","target":["https:\/\/expresorgv.online\/home\/blog\/2026\/08\/30\/sedena-confirma-que-eu-destruyo-tres-drones-en-su-frontera-con-tamaulipas\/#respond"]}]},{"@type":"WebPage","@id":"https:\/\/expresorgv.online\/home\/blog\/2026\/08\/30\/sedena-confirma-que-eu-destruyo-tres-drones-en-su-frontera-con-tamaulipas\/","url":"https:\/\/expresorgv.online\/home\/blog\/2026\/08\/30\/sedena-confirma-que-eu-destruyo-tres-drones-en-su-frontera-con-tamaulipas\/","name":"Sedena confirma que EU destruy\u00f3 tres drones en su frontera con Tamaulipas -","isPartOf":{"@id":"https:\/\/expresorgv.online\/home\/#website"},"primaryImageOfPage":{"@id":"https:\/\/expresorgv.online\/home\/blog\/2026\/08\/30\/sedena-confirma-que-eu-destruyo-tres-drones-en-su-frontera-con-tamaulipas\/#primaryimage"},"image":{"@id":"https:\/\/expresorgv.online\/home\/blog\/2026\/08\/30\/sedena-confirma-que-eu-destruyo-tres-drones-en-su-frontera-con-tamaulipas\/#primaryimage"},"thumbnailUrl":"https:\/\/i0.wp.com\/expresorgv.online\/home\/wp-content\/uploads\/2026\/08\/Dron.jpg?fit=591%2C328&ssl=1","datePublished":"2026-08-30T11:40:10+00:00","dateModified":"2026-08-30T11:40:11+00:00","author":{"@id":"https:\/\/expresorgv.online\/home\/#\/schema\/person\/ae1ed1a575540204b5f59dca7f91f6a2"},"breadcrumb":{"@id":"https:\/\/expresorgv.online\/home\/blog\/2026\/08\/30\/sedena-confirma-que-eu-destruyo-tres-drones-en-su-frontera-con-tamaulipas\/#breadcrumb"},"inLanguage":"es","potentialAction":[{"@type":"ReadAction","target":["https:\/\/expresorgv.online\/home\/blog\/2026\/08\/30\/sedena-confirma-que-eu-destruyo-tres-drones-en-su-frontera-con-tamaulipas\/"]}]},{"@type":"ImageObject","inLanguage":"es","@id":"https:\/\/expresorgv.online\/home\/blog\/2026\/08\/30\/sedena-confirma-que-eu-destruyo-tres-drones-en-su-frontera-con-tamaulipas\/#primaryimage","url":"https:\/\/i0.wp.com\/expresorgv.online\/home\/wp-content\/uploads\/2026\/08\/Dron.jpg?fit=591%2C328&ssl=1","contentUrl":"https:\/\/i0.wp.com\/expresorgv.online\/home\/wp-content\/uploads\/2026\/08\/Dron.jpg?fit=591%2C328&ssl=1","width":591,"height":328},{"@type":"BreadcrumbList","@id":"https:\/\/expresorgv.online\/home\/blog\/2026\/08\/30\/sedena-confirma-que-eu-destruyo-tres-drones-en-su-frontera-con-tamaulipas\/#breadcrumb","itemListElement":[{"@type":"ListItem","position":1,"name":"Home","item":"https:\/\/expresorgv.online\/home\/"},{"@type":"ListItem","position":2,"name":"Sedena confirma que EU destruy\u00f3 tres drones en su frontera con Tamaulipas"}]},{"@type":"WebSite","@id":"https:\/\/expresorgv.online\/home\/#website","url":"https:\/\/expresorgv.online\/home\/","name":"","description":"","potentialAction":[{"@type":"SearchAction","target":{"@type":"EntryPoint","urlTemplate":"https:\/\/expresorgv.online\/home\/?s={search_term_string}"},"query-input":{"@type":"PropertyValueSpecification","valueRequired":true,"valueName":"search_term_string"}}],"inLanguage":"es"},{"@type":"Person","@id":"https:\/\/expresorgv.online\/home\/#\/schema\/person\/ae1ed1a575540204b5f59dca7f91f6a2","name":"expreso","image":{"@type":"ImageObject","inLanguage":"es","@id":"https:\/\/secure.gravatar.com\/avatar\/88cd9f065dcd1b722cd984aac4181386a800c0bca699eaf07e42dd8f820bddee?s=96&d=mm&r=g","url":"https:\/\/secure.gravatar.com\/avatar\/88cd9f065dcd1b722cd984aac4181386a800c0bca699eaf07e42dd8f820bddee?s=96&d=mm&r=g","contentUrl":"https:\/\/secure.gravatar.com\/avatar\/88cd9f065dcd1b722cd984aac4181386a800c0bca699eaf07e42dd8f820bddee?s=96&d=mm&r=g","caption":"expreso"},"url":"https:\/\/expresorgv.online\/home\/blog\/author\/expreso\/"}]}},"jetpack_featured_media_url":"https:\/\/i0.wp.com\/expresorgv.online\/home\/wp-content\/uploads\/2026\/08\/Dron.jpg?fit=591%2C328&ssl=1","_links":{"self":[{"href":"https:\/\/expresorgv.online\/home\/wp-json\/wp\/v2\/posts\/38268","targetHints":{"allow":["GET"]}}],"collection":[{"href":"https:\/\/expresorgv.online\/home\/wp-json\/wp\/v2\/posts"}],"about":[{"href":"https:\/\/expresorgv.online\/home\/wp-json\/wp\/v2\/types\/post"}],"author":[{"embeddable":true,"href":"https:\/\/expresorgv.online\/home\/wp-json\/wp\/v2\/users\/2"}],"replies":[{"embeddable":true,"href":"https:\/\/expresorgv.online\/home\/wp-json\/wp\/v2\/comments?post=38268"}],"version-history":[{"count":1,"href":"https:\/\/expresorgv.online\/home\/wp-json\/wp\/v2\/posts\/38268\/revisions"}],"predecessor-version":[{"id":38270,"href":"https:\/\/expresorgv.online\/home\/wp-json\/wp\/v2\/posts\/38268\/revisions\/38270"}],"wp:featuredmedia":[{"embeddable":true,"href":"https:\/\/expresorgv.online\/home\/wp-json\/wp\/v2\/media\/38269"}],"wp:attachment":[{"href":"https:\/\/expresorgv.online\/home\/wp-json\/wp\/v2\/media?parent=38268"}],"wp:term":[{"taxonomy":"category","embeddable":true,"href":"https:\/\/expresorgv.online\/home\/wp-json\/wp\/v2\/categories?post=38268"},{"taxonomy":"post_tag","embeddable":true,"href":"https:\/\/expresorgv.online\/home\/wp-json\/wp\/v2\/tags?post=38268"}],"curies":[{"name":"wp","href":"https:\/\/api.w.org\/{rel}","templated":true}]}}