{"id":38234,"date":"2026-08-29T11:04:29","date_gmt":"2026-08-29T11:04:29","guid":{"rendered":"https:\/\/expresorgv.online\/home\/?p=38234"},"modified":"2026-08-29T11:04:30","modified_gmt":"2026-08-29T11:04:30","slug":"detienen-a-mujer-acusada-de-maltratar-a-un-perro-con-una-funda-en-la-cabeza-en-laredo-texas","status":"publish","type":"post","link":"https:\/\/expresorgv.online\/home\/blog\/2026\/08\/29\/detienen-a-mujer-acusada-de-maltratar-a-un-perro-con-una-funda-en-la-cabeza-en-laredo-texas\/","title":{"rendered":"Detienen a mujer acusada de maltratar a un perro con una funda en la cabeza en Laredo, Texas"},"content":{"rendered":"\n<p class=\"wp-block-paragraph\">Un caso de maltrato animal ocurri\u00f3 en Laredo, Texas, un perrito era torturado por una mujer de 60 a\u00f1os de edad, quien le coloc\u00f3 una funda gruesa en la cabeza, dej\u00e1ndolo sin beber ni comer.<\/p>\n\n\n\n<p class=\"wp-block-paragraph\">La ciudadan\u00eda denunci\u00f3 a la responsable de nombre Mar\u00eda Teresa Garc\u00eda, por colocarle la tela en la cabeza al perrito y salvaron a la mascota.<\/p>\n\n\n\n<p class=\"wp-block-paragraph\">Al ser liberado de la capucha, el animalito huy\u00f3 y fue encontrado este jueves 27 de agosto en el sur de Laredo.<\/p>\n\n\n\n<p class=\"wp-block-paragraph\">Mar\u00eda Teresa Garc\u00eda, fue detenida poco antes de mediod\u00eda de este mi\u00e9rcoles 26, en la esquina de Pine y Bartlett, en el barrio Santo Ni\u00f1o, pero la investigaci\u00f3n databa del viernes 21.<\/p>\n\n\n\n<p class=\"wp-block-paragraph\">Ali Cavazos y Jorge S\u00e1nchez, patrulleros de la Polic\u00eda de Laredo estuvieron con la mascota, mientras llegaba el personal de cuidado animal.<\/p>\n\n\n\n<p class=\"wp-block-paragraph\">El perro de aproximadamente dos a\u00f1os ahora est\u00e1 a salvo y bajo el cuidado de Laredo Animal Care Services.<\/p>\n\n\n\n<p class=\"wp-block-paragraph\">Se descubri\u00f3 que estaba ligeramente hambriento y tiene una lesi\u00f3n menor en una de sus patas, lo que se espera que se cure pronto.<\/p>\n\n\n\n<p class=\"wp-block-paragraph\">En conferencia de presa El alcalde Trevi\u00f1o anunci\u00f3 que planea presentar un punto de vista ante la pr\u00f3xima reuni\u00f3n regular del Consejo Municipal para revisar una ordenanza que buscar\u00eda consecuencias m\u00e1s estrictas para los individuos encontrados culpables de crueldad animal y negligencia.<\/p>\n\n\n\n<p class=\"wp-block-paragraph\">Por su parte Miguel Rodr\u00edguez Jefe Rodriguez agradeci\u00f3 a la comunidad por denunciar y destaco que, la ley en Texas penaliza severamente la crueldad animal, se han reportado 21 casos y 5 arrestos en lo que va del 2026, contando la situaci\u00f3n del can que fue encontrado esta semana con una funda en la cabeza.<\/p>\n\n\n\n<p class=\"wp-block-paragraph\">\u201cEl a\u00f1o pasado fueron 41 casos, este a\u00f1o de enero hasta ahorita agosto vamos ya en 21 casos\u201d \u201cContados a las diferentes divisiones de la ciudad para casos criminales hasta ahorita. Como te vuelvo a repetir solamente de de enero hasta ahorita y hasta ahorita digamos cinco arrestos, en esos casos de que se presentaron, el a\u00f1o pasado hubo 18 arrestos\u201d\u201cA lo que tenemos ahorita de entendido es de que hab\u00eda dicho de que el animal era muy agresivo y ya como lo vemos no es agresivo, si se quer\u00eda deshacer del animal\u201d<\/p>\n\n\n\n<p class=\"wp-block-paragraph\">Joe Baeza, Vocero de la Polic\u00eda de Laredo, Texas inform\u00f3 que, agradecen a la poblaci\u00f3n que quieren ayudar e incluso adoptar al canino, sin embargo mencion\u00f3 que primero ver\u00e1n por la salud del animalito y m\u00e1s adelante dar\u00e1n a conocer que se har\u00e1 con la mascota.<\/p>\n\n\n\n<p class=\"wp-block-paragraph\">\u201cYo s\u00e9 que mucha gente estaba preguntando m\u00e1s noticias de donde pueden ayudar la mascota y eso todav\u00eda est\u00e1 pendiente porque su evaluaci\u00f3n de su salud est\u00e1n evaluando todo eso, vamos a dejar que animal se recupere y ya despu\u00e9s vamos a tener m\u00e1s informaci\u00f3n de su futuro o que puede hacer la comunidad para ayudarlo.<br>Yo s\u00e9 que hay muchas personas que siempre van a querer adoptarlo y todo eso todo esto, son cosas que vamos a tratar m\u00e1s adelante\u201d<\/p>\n","protected":false},"excerpt":{"rendered":"<p>Un caso de maltrato animal ocurri\u00f3 en Laredo, Texas, un perrito era torturado por una mujer de 60 a\u00f1os de edad, quien le coloc\u00f3 una funda gruesa en la cabeza, dej\u00e1ndolo sin beber ni comer. La ciudadan\u00eda denunci\u00f3 a la responsable de nombre Mar\u00eda Teresa Garc\u00eda, por colocarle la tela en la cabeza al perrito [&hellip;]<\/p>\n","protected":false},"author":2,"featured_media":38235,"comment_status":"open","ping_status":"open","sticky":false,"template":"","format":"standard","meta":{"footnotes":""},"categories":[8],"tags":[],"class_list":["post-38234","post","type-post","status-publish","format-standard","has-post-thumbnail","hentry","category-valle-de-texas"],"yoast_head":"<!-- This site is optimized with the Yoast SEO plugin v27.2 - https:\/\/yoast.com\/product\/yoast-seo-wordpress\/ -->\n<title>Detienen a mujer acusada de maltratar a un perro con una funda en la cabeza en Laredo, Texas -<\/title>\n<meta name=\"robots\" content=\"index, follow, max-snippet:-1, max-image-preview:large, max-video-preview:-1\" \/>\n<link rel=\"canonical\" href=\"https:\/\/expresorgv.online\/home\/blog\/2026\/08\/29\/detienen-a-mujer-acusada-de-maltratar-a-un-perro-con-una-funda-en-la-cabeza-en-laredo-texas\/\" \/>\n<meta property=\"og:locale\" content=\"es_ES\" \/>\n<meta property=\"og:type\" content=\"article\" \/>\n<meta property=\"og:title\" content=\"Detienen a mujer acusada de maltratar a un perro con una funda en la cabeza en Laredo, Texas\" \/>\n<meta property=\"og:description\" content=\"Un caso de maltrato animal ocurri\u00f3 en Laredo, Texas, un perrito era torturado por una mujer de 60 a\u00f1os de edad, quien le coloc\u00f3 una funda gruesa en la cabeza, dej\u00e1ndolo sin beber ni comer. La ciudadan\u00eda denunci\u00f3 a la responsable de nombre Mar\u00eda Teresa Garc\u00eda, por colocarle la tela en la cabeza al perrito [&hellip;]\" \/>\n<meta property=\"og:url\" content=\"https:\/\/expresorgv.online\/home\/blog\/2026\/08\/29\/detienen-a-mujer-acusada-de-maltratar-a-un-perro-con-una-funda-en-la-cabeza-en-laredo-texas\/\" \/>\n<meta property=\"article:published_time\" content=\"2026-08-29T11:04:29+00:00\" \/>\n<meta property=\"article:modified_time\" content=\"2026-08-29T11:04:30+00:00\" \/>\n<meta property=\"og:image\" content=\"https:\/\/expresorgv.online\/home\/wp-content\/uploads\/2026\/08\/Perro-Maltrato-Laredo.png\" \/>\n\t<meta property=\"og:image:width\" content=\"591\" \/>\n\t<meta property=\"og:image:height\" content=\"328\" \/>\n\t<meta property=\"og:image:type\" content=\"image\/png\" \/>\n<meta name=\"author\" content=\"expreso\" \/>\n<meta name=\"twitter:card\" content=\"summary_large_image\" \/>\n<meta name=\"twitter:label1\" content=\"Escrito por\" \/>\n\t<meta name=\"twitter:data1\" content=\"expreso\" \/>\n\t<meta name=\"twitter:label2\" content=\"Tiempo de lectura\" \/>\n\t<meta name=\"twitter:data2\" content=\"3 minutos\" \/>\n<script type=\"application\/ld+json\" class=\"yoast-schema-graph\">{\"@context\":\"https:\/\/schema.org\",\"@graph\":[{\"@type\":\"Article\",\"@id\":\"https:\/\/expresorgv.online\/home\/blog\/2026\/08\/29\/detienen-a-mujer-acusada-de-maltratar-a-un-perro-con-una-funda-en-la-cabeza-en-laredo-texas\/#article\",\"isPartOf\":{\"@id\":\"https:\/\/expresorgv.online\/home\/blog\/2026\/08\/29\/detienen-a-mujer-acusada-de-maltratar-a-un-perro-con-una-funda-en-la-cabeza-en-laredo-texas\/\"},\"author\":{\"name\":\"expreso\",\"@id\":\"https:\/\/expresorgv.online\/home\/#\/schema\/person\/ae1ed1a575540204b5f59dca7f91f6a2\"},\"headline\":\"Detienen a mujer acusada de maltratar a un perro con una funda en la cabeza en Laredo, Texas\",\"datePublished\":\"2026-08-29T11:04:29+00:00\",\"dateModified\":\"2026-08-29T11:04:30+00:00\",\"mainEntityOfPage\":{\"@id\":\"https:\/\/expresorgv.online\/home\/blog\/2026\/08\/29\/detienen-a-mujer-acusada-de-maltratar-a-un-perro-con-una-funda-en-la-cabeza-en-laredo-texas\/\"},\"wordCount\":545,\"commentCount\":0,\"image\":{\"@id\":\"https:\/\/expresorgv.online\/home\/blog\/2026\/08\/29\/detienen-a-mujer-acusada-de-maltratar-a-un-perro-con-una-funda-en-la-cabeza-en-laredo-texas\/#primaryimage\"},\"thumbnailUrl\":\"https:\/\/i0.wp.com\/expresorgv.online\/home\/wp-content\/uploads\/2026\/08\/Perro-Maltrato-Laredo.png?fit=591%2C328&ssl=1\",\"articleSection\":[\"VALLE DE TEXAS\"],\"inLanguage\":\"es\",\"potentialAction\":[{\"@type\":\"CommentAction\",\"name\":\"Comment\",\"target\":[\"https:\/\/expresorgv.online\/home\/blog\/2026\/08\/29\/detienen-a-mujer-acusada-de-maltratar-a-un-perro-con-una-funda-en-la-cabeza-en-laredo-texas\/#respond\"]}]},{\"@type\":\"WebPage\",\"@id\":\"https:\/\/expresorgv.online\/home\/blog\/2026\/08\/29\/detienen-a-mujer-acusada-de-maltratar-a-un-perro-con-una-funda-en-la-cabeza-en-laredo-texas\/\",\"url\":\"https:\/\/expresorgv.online\/home\/blog\/2026\/08\/29\/detienen-a-mujer-acusada-de-maltratar-a-un-perro-con-una-funda-en-la-cabeza-en-laredo-texas\/\",\"name\":\"Detienen a mujer acusada de maltratar a un perro con una funda en la cabeza en Laredo, Texas -\",\"isPartOf\":{\"@id\":\"https:\/\/expresorgv.online\/home\/#website\"},\"primaryImageOfPage\":{\"@id\":\"https:\/\/expresorgv.online\/home\/blog\/2026\/08\/29\/detienen-a-mujer-acusada-de-maltratar-a-un-perro-con-una-funda-en-la-cabeza-en-laredo-texas\/#primaryimage\"},\"image\":{\"@id\":\"https:\/\/expresorgv.online\/home\/blog\/2026\/08\/29\/detienen-a-mujer-acusada-de-maltratar-a-un-perro-con-una-funda-en-la-cabeza-en-laredo-texas\/#primaryimage\"},\"thumbnailUrl\":\"https:\/\/i0.wp.com\/expresorgv.online\/home\/wp-content\/uploads\/2026\/08\/Perro-Maltrato-Laredo.png?fit=591%2C328&ssl=1\",\"datePublished\":\"2026-08-29T11:04:29+00:00\",\"dateModified\":\"2026-08-29T11:04:30+00:00\",\"author\":{\"@id\":\"https:\/\/expresorgv.online\/home\/#\/schema\/person\/ae1ed1a575540204b5f59dca7f91f6a2\"},\"breadcrumb\":{\"@id\":\"https:\/\/expresorgv.online\/home\/blog\/2026\/08\/29\/detienen-a-mujer-acusada-de-maltratar-a-un-perro-con-una-funda-en-la-cabeza-en-laredo-texas\/#breadcrumb\"},\"inLanguage\":\"es\",\"potentialAction\":[{\"@type\":\"ReadAction\",\"target\":[\"https:\/\/expresorgv.online\/home\/blog\/2026\/08\/29\/detienen-a-mujer-acusada-de-maltratar-a-un-perro-con-una-funda-en-la-cabeza-en-laredo-texas\/\"]}]},{\"@type\":\"ImageObject\",\"inLanguage\":\"es\",\"@id\":\"https:\/\/expresorgv.online\/home\/blog\/2026\/08\/29\/detienen-a-mujer-acusada-de-maltratar-a-un-perro-con-una-funda-en-la-cabeza-en-laredo-texas\/#primaryimage\",\"url\":\"https:\/\/i0.wp.com\/expresorgv.online\/home\/wp-content\/uploads\/2026\/08\/Perro-Maltrato-Laredo.png?fit=591%2C328&ssl=1\",\"contentUrl\":\"https:\/\/i0.wp.com\/expresorgv.online\/home\/wp-content\/uploads\/2026\/08\/Perro-Maltrato-Laredo.png?fit=591%2C328&ssl=1\",\"width\":591,\"height\":328},{\"@type\":\"BreadcrumbList\",\"@id\":\"https:\/\/expresorgv.online\/home\/blog\/2026\/08\/29\/detienen-a-mujer-acusada-de-maltratar-a-un-perro-con-una-funda-en-la-cabeza-en-laredo-texas\/#breadcrumb\",\"itemListElement\":[{\"@type\":\"ListItem\",\"position\":1,\"name\":\"Home\",\"item\":\"https:\/\/expresorgv.online\/home\/\"},{\"@type\":\"ListItem\",\"position\":2,\"name\":\"Detienen a mujer acusada de maltratar a un perro con una funda en la cabeza en Laredo, Texas\"}]},{\"@type\":\"WebSite\",\"@id\":\"https:\/\/expresorgv.online\/home\/#website\",\"url\":\"https:\/\/expresorgv.online\/home\/\",\"name\":\"\",\"description\":\"\",\"potentialAction\":[{\"@type\":\"SearchAction\",\"target\":{\"@type\":\"EntryPoint\",\"urlTemplate\":\"https:\/\/expresorgv.online\/home\/?s={search_term_string}\"},\"query-input\":{\"@type\":\"PropertyValueSpecification\",\"valueRequired\":true,\"valueName\":\"search_term_string\"}}],\"inLanguage\":\"es\"},{\"@type\":\"Person\",\"@id\":\"https:\/\/expresorgv.online\/home\/#\/schema\/person\/ae1ed1a575540204b5f59dca7f91f6a2\",\"name\":\"expreso\",\"image\":{\"@type\":\"ImageObject\",\"inLanguage\":\"es\",\"@id\":\"https:\/\/secure.gravatar.com\/avatar\/88cd9f065dcd1b722cd984aac4181386a800c0bca699eaf07e42dd8f820bddee?s=96&d=mm&r=g\",\"url\":\"https:\/\/secure.gravatar.com\/avatar\/88cd9f065dcd1b722cd984aac4181386a800c0bca699eaf07e42dd8f820bddee?s=96&d=mm&r=g\",\"contentUrl\":\"https:\/\/secure.gravatar.com\/avatar\/88cd9f065dcd1b722cd984aac4181386a800c0bca699eaf07e42dd8f820bddee?s=96&d=mm&r=g\",\"caption\":\"expreso\"},\"url\":\"https:\/\/expresorgv.online\/home\/blog\/author\/expreso\/\"}]}<\/script>\n<!-- \/ Yoast SEO plugin. -->","yoast_head_json":{"title":"Detienen a mujer acusada de maltratar a un perro con una funda en la cabeza en Laredo, Texas -","robots":{"index":"index","follow":"follow","max-snippet":"max-snippet:-1","max-image-preview":"max-image-preview:large","max-video-preview":"max-video-preview:-1"},"canonical":"https:\/\/expresorgv.online\/home\/blog\/2026\/08\/29\/detienen-a-mujer-acusada-de-maltratar-a-un-perro-con-una-funda-en-la-cabeza-en-laredo-texas\/","og_locale":"es_ES","og_type":"article","og_title":"Detienen a mujer acusada de maltratar a un perro con una funda en la cabeza en Laredo, Texas","og_description":"Un caso de maltrato animal ocurri\u00f3 en Laredo, Texas, un perrito era torturado por una mujer de 60 a\u00f1os de edad, quien le coloc\u00f3 una funda gruesa en la cabeza, dej\u00e1ndolo sin beber ni comer. La ciudadan\u00eda denunci\u00f3 a la responsable de nombre Mar\u00eda Teresa Garc\u00eda, por colocarle la tela en la cabeza al perrito [&hellip;]","og_url":"https:\/\/expresorgv.online\/home\/blog\/2026\/08\/29\/detienen-a-mujer-acusada-de-maltratar-a-un-perro-con-una-funda-en-la-cabeza-en-laredo-texas\/","article_published_time":"2026-08-29T11:04:29+00:00","article_modified_time":"2026-08-29T11:04:30+00:00","og_image":[{"width":591,"height":328,"url":"https:\/\/expresorgv.online\/home\/wp-content\/uploads\/2026\/08\/Perro-Maltrato-Laredo.png","type":"image\/png"}],"author":"expreso","twitter_card":"summary_large_image","twitter_misc":{"Escrito por":"expreso","Tiempo de lectura":"3 minutos"},"schema":{"@context":"https:\/\/schema.org","@graph":[{"@type":"Article","@id":"https:\/\/expresorgv.online\/home\/blog\/2026\/08\/29\/detienen-a-mujer-acusada-de-maltratar-a-un-perro-con-una-funda-en-la-cabeza-en-laredo-texas\/#article","isPartOf":{"@id":"https:\/\/expresorgv.online\/home\/blog\/2026\/08\/29\/detienen-a-mujer-acusada-de-maltratar-a-un-perro-con-una-funda-en-la-cabeza-en-laredo-texas\/"},"author":{"name":"expreso","@id":"https:\/\/expresorgv.online\/home\/#\/schema\/person\/ae1ed1a575540204b5f59dca7f91f6a2"},"headline":"Detienen a mujer acusada de maltratar a un perro con una funda en la cabeza en Laredo, Texas","datePublished":"2026-08-29T11:04:29+00:00","dateModified":"2026-08-29T11:04:30+00:00","mainEntityOfPage":{"@id":"https:\/\/expresorgv.online\/home\/blog\/2026\/08\/29\/detienen-a-mujer-acusada-de-maltratar-a-un-perro-con-una-funda-en-la-cabeza-en-laredo-texas\/"},"wordCount":545,"commentCount":0,"image":{"@id":"https:\/\/expresorgv.online\/home\/blog\/2026\/08\/29\/detienen-a-mujer-acusada-de-maltratar-a-un-perro-con-una-funda-en-la-cabeza-en-laredo-texas\/#primaryimage"},"thumbnailUrl":"https:\/\/i0.wp.com\/expresorgv.online\/home\/wp-content\/uploads\/2026\/08\/Perro-Maltrato-Laredo.png?fit=591%2C328&ssl=1","articleSection":["VALLE DE TEXAS"],"inLanguage":"es","potentialAction":[{"@type":"CommentAction","name":"Comment","target":["https:\/\/expresorgv.online\/home\/blog\/2026\/08\/29\/detienen-a-mujer-acusada-de-maltratar-a-un-perro-con-una-funda-en-la-cabeza-en-laredo-texas\/#respond"]}]},{"@type":"WebPage","@id":"https:\/\/expresorgv.online\/home\/blog\/2026\/08\/29\/detienen-a-mujer-acusada-de-maltratar-a-un-perro-con-una-funda-en-la-cabeza-en-laredo-texas\/","url":"https:\/\/expresorgv.online\/home\/blog\/2026\/08\/29\/detienen-a-mujer-acusada-de-maltratar-a-un-perro-con-una-funda-en-la-cabeza-en-laredo-texas\/","name":"Detienen a mujer acusada de maltratar a un perro con una funda en la cabeza en Laredo, Texas -","isPartOf":{"@id":"https:\/\/expresorgv.online\/home\/#website"},"primaryImageOfPage":{"@id":"https:\/\/expresorgv.online\/home\/blog\/2026\/08\/29\/detienen-a-mujer-acusada-de-maltratar-a-un-perro-con-una-funda-en-la-cabeza-en-laredo-texas\/#primaryimage"},"image":{"@id":"https:\/\/expresorgv.online\/home\/blog\/2026\/08\/29\/detienen-a-mujer-acusada-de-maltratar-a-un-perro-con-una-funda-en-la-cabeza-en-laredo-texas\/#primaryimage"},"thumbnailUrl":"https:\/\/i0.wp.com\/expresorgv.online\/home\/wp-content\/uploads\/2026\/08\/Perro-Maltrato-Laredo.png?fit=591%2C328&ssl=1","datePublished":"2026-08-29T11:04:29+00:00","dateModified":"2026-08-29T11:04:30+00:00","author":{"@id":"https:\/\/expresorgv.online\/home\/#\/schema\/person\/ae1ed1a575540204b5f59dca7f91f6a2"},"breadcrumb":{"@id":"https:\/\/expresorgv.online\/home\/blog\/2026\/08\/29\/detienen-a-mujer-acusada-de-maltratar-a-un-perro-con-una-funda-en-la-cabeza-en-laredo-texas\/#breadcrumb"},"inLanguage":"es","potentialAction":[{"@type":"ReadAction","target":["https:\/\/expresorgv.online\/home\/blog\/2026\/08\/29\/detienen-a-mujer-acusada-de-maltratar-a-un-perro-con-una-funda-en-la-cabeza-en-laredo-texas\/"]}]},{"@type":"ImageObject","inLanguage":"es","@id":"https:\/\/expresorgv.online\/home\/blog\/2026\/08\/29\/detienen-a-mujer-acusada-de-maltratar-a-un-perro-con-una-funda-en-la-cabeza-en-laredo-texas\/#primaryimage","url":"https:\/\/i0.wp.com\/expresorgv.online\/home\/wp-content\/uploads\/2026\/08\/Perro-Maltrato-Laredo.png?fit=591%2C328&ssl=1","contentUrl":"https:\/\/i0.wp.com\/expresorgv.online\/home\/wp-content\/uploads\/2026\/08\/Perro-Maltrato-Laredo.png?fit=591%2C328&ssl=1","width":591,"height":328},{"@type":"BreadcrumbList","@id":"https:\/\/expresorgv.online\/home\/blog\/2026\/08\/29\/detienen-a-mujer-acusada-de-maltratar-a-un-perro-con-una-funda-en-la-cabeza-en-laredo-texas\/#breadcrumb","itemListElement":[{"@type":"ListItem","position":1,"name":"Home","item":"https:\/\/expresorgv.online\/home\/"},{"@type":"ListItem","position":2,"name":"Detienen a mujer acusada de maltratar a un perro con una funda en la cabeza en Laredo, Texas"}]},{"@type":"WebSite","@id":"https:\/\/expresorgv.online\/home\/#website","url":"https:\/\/expresorgv.online\/home\/","name":"","description":"","potentialAction":[{"@type":"SearchAction","target":{"@type":"EntryPoint","urlTemplate":"https:\/\/expresorgv.online\/home\/?s={search_term_string}"},"query-input":{"@type":"PropertyValueSpecification","valueRequired":true,"valueName":"search_term_string"}}],"inLanguage":"es"},{"@type":"Person","@id":"https:\/\/expresorgv.online\/home\/#\/schema\/person\/ae1ed1a575540204b5f59dca7f91f6a2","name":"expreso","image":{"@type":"ImageObject","inLanguage":"es","@id":"https:\/\/secure.gravatar.com\/avatar\/88cd9f065dcd1b722cd984aac4181386a800c0bca699eaf07e42dd8f820bddee?s=96&d=mm&r=g","url":"https:\/\/secure.gravatar.com\/avatar\/88cd9f065dcd1b722cd984aac4181386a800c0bca699eaf07e42dd8f820bddee?s=96&d=mm&r=g","contentUrl":"https:\/\/secure.gravatar.com\/avatar\/88cd9f065dcd1b722cd984aac4181386a800c0bca699eaf07e42dd8f820bddee?s=96&d=mm&r=g","caption":"expreso"},"url":"https:\/\/expresorgv.online\/home\/blog\/author\/expreso\/"}]}},"jetpack_featured_media_url":"https:\/\/i0.wp.com\/expresorgv.online\/home\/wp-content\/uploads\/2026\/08\/Perro-Maltrato-Laredo.png?fit=591%2C328&ssl=1","_links":{"self":[{"href":"https:\/\/expresorgv.online\/home\/wp-json\/wp\/v2\/posts\/38234","targetHints":{"allow":["GET"]}}],"collection":[{"href":"https:\/\/expresorgv.online\/home\/wp-json\/wp\/v2\/posts"}],"about":[{"href":"https:\/\/expresorgv.online\/home\/wp-json\/wp\/v2\/types\/post"}],"author":[{"embeddable":true,"href":"https:\/\/expresorgv.online\/home\/wp-json\/wp\/v2\/users\/2"}],"replies":[{"embeddable":true,"href":"https:\/\/expresorgv.online\/home\/wp-json\/wp\/v2\/comments?post=38234"}],"version-history":[{"count":1,"href":"https:\/\/expresorgv.online\/home\/wp-json\/wp\/v2\/posts\/38234\/revisions"}],"predecessor-version":[{"id":38236,"href":"https:\/\/expresorgv.online\/home\/wp-json\/wp\/v2\/posts\/38234\/revisions\/38236"}],"wp:featuredmedia":[{"embeddable":true,"href":"https:\/\/expresorgv.online\/home\/wp-json\/wp\/v2\/media\/38235"}],"wp:attachment":[{"href":"https:\/\/expresorgv.online\/home\/wp-json\/wp\/v2\/media?parent=38234"}],"wp:term":[{"taxonomy":"category","embeddable":true,"href":"https:\/\/expresorgv.online\/home\/wp-json\/wp\/v2\/categories?post=38234"},{"taxonomy":"post_tag","embeddable":true,"href":"https:\/\/expresorgv.online\/home\/wp-json\/wp\/v2\/tags?post=38234"}],"curies":[{"name":"wp","href":"https:\/\/api.w.org\/{rel}","templated":true}]}}