{"id":38231,"date":"2026-08-29T10:59:15","date_gmt":"2026-08-29T10:59:15","guid":{"rendered":"https:\/\/expresorgv.online\/home\/?p=38231"},"modified":"2026-08-29T10:59:16","modified_gmt":"2026-08-29T10:59:16","slug":"colectivos-de-busqueda-de-desaparecidos-piden-concluir-centro-forense-en-la-zona-sur-de-tamaulipas","status":"publish","type":"post","link":"https:\/\/expresorgv.online\/home\/blog\/2026\/08\/29\/colectivos-de-busqueda-de-desaparecidos-piden-concluir-centro-forense-en-la-zona-sur-de-tamaulipas\/","title":{"rendered":"Colectivos de b\u00fasqueda de desaparecidos piden concluir centro forense en la zona sur de Tamaulipas"},"content":{"rendered":"\n<p class=\"wp-block-paragraph\">Los colectivos conformados por madres buscadoras le exigieron a las autoridades que se entregue la obra del Centro de Identificaci\u00f3n Forense en Altamira, que tiene dos a\u00f1os detenida, adem\u00e1s, de plantear que se realicen b\u00fasquedas en penales, hospitales, anexos y otros espacios en Tamaulipas como parte de una brigada estatal.<\/p>\n\n\n\n<p class=\"wp-block-paragraph\">Elizabeth Mancha, del colectivo Unidos de Coraz\u00f3n hasta Encontrarte, detall\u00f3 que se reunieron con H\u00e9ctor Villegas. el secretario general de Gobierno de Tamaulipas, para hablar de exigencias que tienen tiempo detenidas y una de ellas es que se entregue el Centro de Identificaci\u00f3n que est\u00e1 en La Pedrera.<\/p>\n\n\n\n<p class=\"wp-block-paragraph\">Detall\u00f3 que las autoridades les informaron en 2024 que iba a estar en 2025, pero no se ha logrado concluir, lo cual urgen para comenzar con los procesos de identificaci\u00f3n, con el fin de que las madres buscadoras puedan tener mejores resultados, pero la obra tiene m\u00e1s tiempo sin funcionar para lo que fue construida.<\/p>\n\n\n\n<p class=\"wp-block-paragraph\">\u201cA nosotros nos mostraron las instalaciones cuando aparentemente iba a entrar en funcionamiento desde el 2024; sin embargo, hasta donde entiendo, tiene que se finaliz\u00f3 la construcci\u00f3n desde hace alrededor de 5 o 6 a\u00f1os\u201d, declar\u00f3 la activista.<\/p>\n\n\n\n<p class=\"wp-block-paragraph\">Dicha infraestructura, la cual no ha podido ser entregada, de acuerdo a lo manifestado por las madres buscadoras, es para que se lleven a cabo \u201clas confrontas con los perfiles que las familias proporcionan en los diferentes municipios donde se encuentran las oficinas de desaparecidos, as\u00ed nosotros otorgamos muestras (de ADN) para que se corran confrontas con los restos que est\u00e1n ah\u00ed en rezago\u201d.<\/p>\n\n\n\n<p class=\"wp-block-paragraph\">Dicha obra que se encuentra cercana al Centro Integral de Justicia de La Pedrera, es dependiente de la Fiscal\u00eda General de Justicia de Tamaulipas, la cual no han podido echar a andar ante la falta de equipo, pero tambi\u00e9n de personal especializado para su operaci\u00f3n, recalcaron las activistas.<\/p>\n\n\n\n<p class=\"wp-block-paragraph\">\u201cNo, al parecer \u00fanicamente contamos con centros de resguardo, que no es lo mismo. En los centros de resguardo \u00fanicamente se almacenan, vamos a decirlo de esta manera, sin intenci\u00f3n de faltar al respeto, porque al final son personas y adem\u00e1s son nuestros familiares\u201d, explic\u00f3.<\/p>\n\n\n\n<p class=\"wp-block-paragraph\">Sobre si hay alg\u00fan caso de \u00e9xito respecto a un Centro de Identificaci\u00f3n Forense, asegur\u00f3 que es la \u00fanica que pueda estar funcional en la zona sur, misma que debe tener resultados, asegur\u00f3 la activista que tienen esperanzas de que pueda entregarse para darle una soluci\u00f3n a las madres buscadoras del estado.<\/p>\n\n\n\n<p class=\"wp-block-paragraph\">\u201cEl centro de identificaci\u00f3n forense es para que se lleve a cabo justamente la identificaci\u00f3n de los restos que existen en el rezago forense. El director de periciales es el licenciado Pedro Sosa, quien se encuentra en las oficinas de periciales de Ciudad Victoria\u201d, declar\u00f3 Elizabeth Mancha.<\/p>\n\n\n\n<p class=\"wp-block-paragraph\">Asimismo, detall\u00f3 que le plantearon al funcionario la realizaci\u00f3n de una brigada de b\u00fasqueda como las que se llevan a cabo en otras entidades como Zacatecas, Jalisco, entre otras. en las cuales se realizan \u201cb\u00fasquedas vivas\u201d en los penales, en los anexos o incluso en la gente en condici\u00f3n de calle.<\/p>\n\n\n\n<p class=\"wp-block-paragraph\">Es una buena forma de poder obtener indicios sobre las personas que est\u00e1n desaparecidas y que son el objetivo de los diversos colectivos que hay en el estado de Tamaulipas.<\/p>\n\n\n\n<p class=\"wp-block-paragraph\">\u201cEsto se lleva a cabo recorriendo centros penitenciarios que en Tamaulipas no est\u00e1 permitido, se lleva a cabo tambi\u00e9n en anexos en centros de rehabilitaci\u00f3n para gente con problemas de drogas y dem\u00e1s ellos tambi\u00e9n aportan informaci\u00f3n. Hemos tenido hallazgos positivos de gente con ficha de b\u00fasqueda que se encuentran recluidos en estos lugares\u201d.<\/p>\n\n\n\n<p class=\"wp-block-paragraph\">Otros espacios en los cuales se pueden llevar a cabo acercamientos, con la intenci\u00f3n de obtener informes \u201ces tambi\u00e9n visitando hospitales, psiqui\u00e1tricos, albergues que siendo Tamaulipas un estado fronterizo pues contamos con estos centros migrantes esto no se hace en Tamaulipas en este momento\u201d.<\/p>\n","protected":false},"excerpt":{"rendered":"<p>Los colectivos conformados por madres buscadoras le exigieron a las autoridades que se entregue la obra del Centro de Identificaci\u00f3n Forense en Altamira, que tiene dos a\u00f1os detenida, adem\u00e1s, de plantear que se realicen b\u00fasquedas en penales, hospitales, anexos y otros espacios en Tamaulipas como parte de una brigada estatal. Elizabeth Mancha, del colectivo Unidos [&hellip;]<\/p>\n","protected":false},"author":2,"featured_media":38232,"comment_status":"open","ping_status":"open","sticky":false,"template":"","format":"standard","meta":{"footnotes":""},"categories":[5],"tags":[],"class_list":["post-38231","post","type-post","status-publish","format-standard","has-post-thumbnail","hentry","category-estatal"],"yoast_head":"<!-- This site is optimized with the Yoast SEO plugin v27.2 - https:\/\/yoast.com\/product\/yoast-seo-wordpress\/ -->\n<title>Colectivos de b\u00fasqueda de desaparecidos piden concluir centro forense en la zona sur de Tamaulipas -<\/title>\n<meta name=\"robots\" content=\"index, follow, max-snippet:-1, max-image-preview:large, max-video-preview:-1\" \/>\n<link rel=\"canonical\" href=\"https:\/\/expresorgv.online\/home\/blog\/2026\/08\/29\/colectivos-de-busqueda-de-desaparecidos-piden-concluir-centro-forense-en-la-zona-sur-de-tamaulipas\/\" \/>\n<meta property=\"og:locale\" content=\"es_ES\" \/>\n<meta property=\"og:type\" content=\"article\" \/>\n<meta property=\"og:title\" content=\"Colectivos de b\u00fasqueda de desaparecidos piden concluir centro forense en la zona sur de Tamaulipas\" \/>\n<meta property=\"og:description\" content=\"Los colectivos conformados por madres buscadoras le exigieron a las autoridades que se entregue la obra del Centro de Identificaci\u00f3n Forense en Altamira, que tiene dos a\u00f1os detenida, adem\u00e1s, de plantear que se realicen b\u00fasquedas en penales, hospitales, anexos y otros espacios en Tamaulipas como parte de una brigada estatal. Elizabeth Mancha, del colectivo Unidos [&hellip;]\" \/>\n<meta property=\"og:url\" content=\"https:\/\/expresorgv.online\/home\/blog\/2026\/08\/29\/colectivos-de-busqueda-de-desaparecidos-piden-concluir-centro-forense-en-la-zona-sur-de-tamaulipas\/\" \/>\n<meta property=\"article:published_time\" content=\"2026-08-29T10:59:15+00:00\" \/>\n<meta property=\"article:modified_time\" content=\"2026-08-29T10:59:16+00:00\" \/>\n<meta property=\"og:image\" content=\"https:\/\/expresorgv.online\/home\/wp-content\/uploads\/2026\/08\/Centro-de-Identificacion-Forense.jpg\" \/>\n\t<meta property=\"og:image:width\" content=\"591\" \/>\n\t<meta property=\"og:image:height\" content=\"328\" \/>\n\t<meta property=\"og:image:type\" content=\"image\/jpeg\" \/>\n<meta name=\"author\" content=\"expreso\" \/>\n<meta name=\"twitter:card\" content=\"summary_large_image\" \/>\n<meta name=\"twitter:label1\" content=\"Escrito por\" \/>\n\t<meta name=\"twitter:data1\" content=\"expreso\" \/>\n\t<meta name=\"twitter:label2\" content=\"Tiempo de lectura\" \/>\n\t<meta name=\"twitter:data2\" content=\"4 minutos\" \/>\n<script type=\"application\/ld+json\" class=\"yoast-schema-graph\">{\"@context\":\"https:\/\/schema.org\",\"@graph\":[{\"@type\":\"Article\",\"@id\":\"https:\/\/expresorgv.online\/home\/blog\/2026\/08\/29\/colectivos-de-busqueda-de-desaparecidos-piden-concluir-centro-forense-en-la-zona-sur-de-tamaulipas\/#article\",\"isPartOf\":{\"@id\":\"https:\/\/expresorgv.online\/home\/blog\/2026\/08\/29\/colectivos-de-busqueda-de-desaparecidos-piden-concluir-centro-forense-en-la-zona-sur-de-tamaulipas\/\"},\"author\":{\"name\":\"expreso\",\"@id\":\"https:\/\/expresorgv.online\/home\/#\/schema\/person\/ae1ed1a575540204b5f59dca7f91f6a2\"},\"headline\":\"Colectivos de b\u00fasqueda de desaparecidos piden concluir centro forense en la zona sur de Tamaulipas\",\"datePublished\":\"2026-08-29T10:59:15+00:00\",\"dateModified\":\"2026-08-29T10:59:16+00:00\",\"mainEntityOfPage\":{\"@id\":\"https:\/\/expresorgv.online\/home\/blog\/2026\/08\/29\/colectivos-de-busqueda-de-desaparecidos-piden-concluir-centro-forense-en-la-zona-sur-de-tamaulipas\/\"},\"wordCount\":673,\"commentCount\":0,\"image\":{\"@id\":\"https:\/\/expresorgv.online\/home\/blog\/2026\/08\/29\/colectivos-de-busqueda-de-desaparecidos-piden-concluir-centro-forense-en-la-zona-sur-de-tamaulipas\/#primaryimage\"},\"thumbnailUrl\":\"https:\/\/i0.wp.com\/expresorgv.online\/home\/wp-content\/uploads\/2026\/08\/Centro-de-Identificacion-Forense.jpg?fit=591%2C328&ssl=1\",\"articleSection\":[\"ESTATAL\"],\"inLanguage\":\"es\",\"potentialAction\":[{\"@type\":\"CommentAction\",\"name\":\"Comment\",\"target\":[\"https:\/\/expresorgv.online\/home\/blog\/2026\/08\/29\/colectivos-de-busqueda-de-desaparecidos-piden-concluir-centro-forense-en-la-zona-sur-de-tamaulipas\/#respond\"]}]},{\"@type\":\"WebPage\",\"@id\":\"https:\/\/expresorgv.online\/home\/blog\/2026\/08\/29\/colectivos-de-busqueda-de-desaparecidos-piden-concluir-centro-forense-en-la-zona-sur-de-tamaulipas\/\",\"url\":\"https:\/\/expresorgv.online\/home\/blog\/2026\/08\/29\/colectivos-de-busqueda-de-desaparecidos-piden-concluir-centro-forense-en-la-zona-sur-de-tamaulipas\/\",\"name\":\"Colectivos de b\u00fasqueda de desaparecidos piden concluir centro forense en la zona sur de Tamaulipas -\",\"isPartOf\":{\"@id\":\"https:\/\/expresorgv.online\/home\/#website\"},\"primaryImageOfPage\":{\"@id\":\"https:\/\/expresorgv.online\/home\/blog\/2026\/08\/29\/colectivos-de-busqueda-de-desaparecidos-piden-concluir-centro-forense-en-la-zona-sur-de-tamaulipas\/#primaryimage\"},\"image\":{\"@id\":\"https:\/\/expresorgv.online\/home\/blog\/2026\/08\/29\/colectivos-de-busqueda-de-desaparecidos-piden-concluir-centro-forense-en-la-zona-sur-de-tamaulipas\/#primaryimage\"},\"thumbnailUrl\":\"https:\/\/i0.wp.com\/expresorgv.online\/home\/wp-content\/uploads\/2026\/08\/Centro-de-Identificacion-Forense.jpg?fit=591%2C328&ssl=1\",\"datePublished\":\"2026-08-29T10:59:15+00:00\",\"dateModified\":\"2026-08-29T10:59:16+00:00\",\"author\":{\"@id\":\"https:\/\/expresorgv.online\/home\/#\/schema\/person\/ae1ed1a575540204b5f59dca7f91f6a2\"},\"breadcrumb\":{\"@id\":\"https:\/\/expresorgv.online\/home\/blog\/2026\/08\/29\/colectivos-de-busqueda-de-desaparecidos-piden-concluir-centro-forense-en-la-zona-sur-de-tamaulipas\/#breadcrumb\"},\"inLanguage\":\"es\",\"potentialAction\":[{\"@type\":\"ReadAction\",\"target\":[\"https:\/\/expresorgv.online\/home\/blog\/2026\/08\/29\/colectivos-de-busqueda-de-desaparecidos-piden-concluir-centro-forense-en-la-zona-sur-de-tamaulipas\/\"]}]},{\"@type\":\"ImageObject\",\"inLanguage\":\"es\",\"@id\":\"https:\/\/expresorgv.online\/home\/blog\/2026\/08\/29\/colectivos-de-busqueda-de-desaparecidos-piden-concluir-centro-forense-en-la-zona-sur-de-tamaulipas\/#primaryimage\",\"url\":\"https:\/\/i0.wp.com\/expresorgv.online\/home\/wp-content\/uploads\/2026\/08\/Centro-de-Identificacion-Forense.jpg?fit=591%2C328&ssl=1\",\"contentUrl\":\"https:\/\/i0.wp.com\/expresorgv.online\/home\/wp-content\/uploads\/2026\/08\/Centro-de-Identificacion-Forense.jpg?fit=591%2C328&ssl=1\",\"width\":591,\"height\":328},{\"@type\":\"BreadcrumbList\",\"@id\":\"https:\/\/expresorgv.online\/home\/blog\/2026\/08\/29\/colectivos-de-busqueda-de-desaparecidos-piden-concluir-centro-forense-en-la-zona-sur-de-tamaulipas\/#breadcrumb\",\"itemListElement\":[{\"@type\":\"ListItem\",\"position\":1,\"name\":\"Home\",\"item\":\"https:\/\/expresorgv.online\/home\/\"},{\"@type\":\"ListItem\",\"position\":2,\"name\":\"Colectivos de b\u00fasqueda de desaparecidos piden concluir centro forense en la zona sur de Tamaulipas\"}]},{\"@type\":\"WebSite\",\"@id\":\"https:\/\/expresorgv.online\/home\/#website\",\"url\":\"https:\/\/expresorgv.online\/home\/\",\"name\":\"\",\"description\":\"\",\"potentialAction\":[{\"@type\":\"SearchAction\",\"target\":{\"@type\":\"EntryPoint\",\"urlTemplate\":\"https:\/\/expresorgv.online\/home\/?s={search_term_string}\"},\"query-input\":{\"@type\":\"PropertyValueSpecification\",\"valueRequired\":true,\"valueName\":\"search_term_string\"}}],\"inLanguage\":\"es\"},{\"@type\":\"Person\",\"@id\":\"https:\/\/expresorgv.online\/home\/#\/schema\/person\/ae1ed1a575540204b5f59dca7f91f6a2\",\"name\":\"expreso\",\"image\":{\"@type\":\"ImageObject\",\"inLanguage\":\"es\",\"@id\":\"https:\/\/secure.gravatar.com\/avatar\/88cd9f065dcd1b722cd984aac4181386a800c0bca699eaf07e42dd8f820bddee?s=96&d=mm&r=g\",\"url\":\"https:\/\/secure.gravatar.com\/avatar\/88cd9f065dcd1b722cd984aac4181386a800c0bca699eaf07e42dd8f820bddee?s=96&d=mm&r=g\",\"contentUrl\":\"https:\/\/secure.gravatar.com\/avatar\/88cd9f065dcd1b722cd984aac4181386a800c0bca699eaf07e42dd8f820bddee?s=96&d=mm&r=g\",\"caption\":\"expreso\"},\"url\":\"https:\/\/expresorgv.online\/home\/blog\/author\/expreso\/\"}]}<\/script>\n<!-- \/ Yoast SEO plugin. -->","yoast_head_json":{"title":"Colectivos de b\u00fasqueda de desaparecidos piden concluir centro forense en la zona sur de Tamaulipas -","robots":{"index":"index","follow":"follow","max-snippet":"max-snippet:-1","max-image-preview":"max-image-preview:large","max-video-preview":"max-video-preview:-1"},"canonical":"https:\/\/expresorgv.online\/home\/blog\/2026\/08\/29\/colectivos-de-busqueda-de-desaparecidos-piden-concluir-centro-forense-en-la-zona-sur-de-tamaulipas\/","og_locale":"es_ES","og_type":"article","og_title":"Colectivos de b\u00fasqueda de desaparecidos piden concluir centro forense en la zona sur de Tamaulipas","og_description":"Los colectivos conformados por madres buscadoras le exigieron a las autoridades que se entregue la obra del Centro de Identificaci\u00f3n Forense en Altamira, que tiene dos a\u00f1os detenida, adem\u00e1s, de plantear que se realicen b\u00fasquedas en penales, hospitales, anexos y otros espacios en Tamaulipas como parte de una brigada estatal. Elizabeth Mancha, del colectivo Unidos [&hellip;]","og_url":"https:\/\/expresorgv.online\/home\/blog\/2026\/08\/29\/colectivos-de-busqueda-de-desaparecidos-piden-concluir-centro-forense-en-la-zona-sur-de-tamaulipas\/","article_published_time":"2026-08-29T10:59:15+00:00","article_modified_time":"2026-08-29T10:59:16+00:00","og_image":[{"width":591,"height":328,"url":"https:\/\/expresorgv.online\/home\/wp-content\/uploads\/2026\/08\/Centro-de-Identificacion-Forense.jpg","type":"image\/jpeg"}],"author":"expreso","twitter_card":"summary_large_image","twitter_misc":{"Escrito por":"expreso","Tiempo de lectura":"4 minutos"},"schema":{"@context":"https:\/\/schema.org","@graph":[{"@type":"Article","@id":"https:\/\/expresorgv.online\/home\/blog\/2026\/08\/29\/colectivos-de-busqueda-de-desaparecidos-piden-concluir-centro-forense-en-la-zona-sur-de-tamaulipas\/#article","isPartOf":{"@id":"https:\/\/expresorgv.online\/home\/blog\/2026\/08\/29\/colectivos-de-busqueda-de-desaparecidos-piden-concluir-centro-forense-en-la-zona-sur-de-tamaulipas\/"},"author":{"name":"expreso","@id":"https:\/\/expresorgv.online\/home\/#\/schema\/person\/ae1ed1a575540204b5f59dca7f91f6a2"},"headline":"Colectivos de b\u00fasqueda de desaparecidos piden concluir centro forense en la zona sur de Tamaulipas","datePublished":"2026-08-29T10:59:15+00:00","dateModified":"2026-08-29T10:59:16+00:00","mainEntityOfPage":{"@id":"https:\/\/expresorgv.online\/home\/blog\/2026\/08\/29\/colectivos-de-busqueda-de-desaparecidos-piden-concluir-centro-forense-en-la-zona-sur-de-tamaulipas\/"},"wordCount":673,"commentCount":0,"image":{"@id":"https:\/\/expresorgv.online\/home\/blog\/2026\/08\/29\/colectivos-de-busqueda-de-desaparecidos-piden-concluir-centro-forense-en-la-zona-sur-de-tamaulipas\/#primaryimage"},"thumbnailUrl":"https:\/\/i0.wp.com\/expresorgv.online\/home\/wp-content\/uploads\/2026\/08\/Centro-de-Identificacion-Forense.jpg?fit=591%2C328&ssl=1","articleSection":["ESTATAL"],"inLanguage":"es","potentialAction":[{"@type":"CommentAction","name":"Comment","target":["https:\/\/expresorgv.online\/home\/blog\/2026\/08\/29\/colectivos-de-busqueda-de-desaparecidos-piden-concluir-centro-forense-en-la-zona-sur-de-tamaulipas\/#respond"]}]},{"@type":"WebPage","@id":"https:\/\/expresorgv.online\/home\/blog\/2026\/08\/29\/colectivos-de-busqueda-de-desaparecidos-piden-concluir-centro-forense-en-la-zona-sur-de-tamaulipas\/","url":"https:\/\/expresorgv.online\/home\/blog\/2026\/08\/29\/colectivos-de-busqueda-de-desaparecidos-piden-concluir-centro-forense-en-la-zona-sur-de-tamaulipas\/","name":"Colectivos de b\u00fasqueda de desaparecidos piden concluir centro forense en la zona sur de Tamaulipas -","isPartOf":{"@id":"https:\/\/expresorgv.online\/home\/#website"},"primaryImageOfPage":{"@id":"https:\/\/expresorgv.online\/home\/blog\/2026\/08\/29\/colectivos-de-busqueda-de-desaparecidos-piden-concluir-centro-forense-en-la-zona-sur-de-tamaulipas\/#primaryimage"},"image":{"@id":"https:\/\/expresorgv.online\/home\/blog\/2026\/08\/29\/colectivos-de-busqueda-de-desaparecidos-piden-concluir-centro-forense-en-la-zona-sur-de-tamaulipas\/#primaryimage"},"thumbnailUrl":"https:\/\/i0.wp.com\/expresorgv.online\/home\/wp-content\/uploads\/2026\/08\/Centro-de-Identificacion-Forense.jpg?fit=591%2C328&ssl=1","datePublished":"2026-08-29T10:59:15+00:00","dateModified":"2026-08-29T10:59:16+00:00","author":{"@id":"https:\/\/expresorgv.online\/home\/#\/schema\/person\/ae1ed1a575540204b5f59dca7f91f6a2"},"breadcrumb":{"@id":"https:\/\/expresorgv.online\/home\/blog\/2026\/08\/29\/colectivos-de-busqueda-de-desaparecidos-piden-concluir-centro-forense-en-la-zona-sur-de-tamaulipas\/#breadcrumb"},"inLanguage":"es","potentialAction":[{"@type":"ReadAction","target":["https:\/\/expresorgv.online\/home\/blog\/2026\/08\/29\/colectivos-de-busqueda-de-desaparecidos-piden-concluir-centro-forense-en-la-zona-sur-de-tamaulipas\/"]}]},{"@type":"ImageObject","inLanguage":"es","@id":"https:\/\/expresorgv.online\/home\/blog\/2026\/08\/29\/colectivos-de-busqueda-de-desaparecidos-piden-concluir-centro-forense-en-la-zona-sur-de-tamaulipas\/#primaryimage","url":"https:\/\/i0.wp.com\/expresorgv.online\/home\/wp-content\/uploads\/2026\/08\/Centro-de-Identificacion-Forense.jpg?fit=591%2C328&ssl=1","contentUrl":"https:\/\/i0.wp.com\/expresorgv.online\/home\/wp-content\/uploads\/2026\/08\/Centro-de-Identificacion-Forense.jpg?fit=591%2C328&ssl=1","width":591,"height":328},{"@type":"BreadcrumbList","@id":"https:\/\/expresorgv.online\/home\/blog\/2026\/08\/29\/colectivos-de-busqueda-de-desaparecidos-piden-concluir-centro-forense-en-la-zona-sur-de-tamaulipas\/#breadcrumb","itemListElement":[{"@type":"ListItem","position":1,"name":"Home","item":"https:\/\/expresorgv.online\/home\/"},{"@type":"ListItem","position":2,"name":"Colectivos de b\u00fasqueda de desaparecidos piden concluir centro forense en la zona sur de Tamaulipas"}]},{"@type":"WebSite","@id":"https:\/\/expresorgv.online\/home\/#website","url":"https:\/\/expresorgv.online\/home\/","name":"","description":"","potentialAction":[{"@type":"SearchAction","target":{"@type":"EntryPoint","urlTemplate":"https:\/\/expresorgv.online\/home\/?s={search_term_string}"},"query-input":{"@type":"PropertyValueSpecification","valueRequired":true,"valueName":"search_term_string"}}],"inLanguage":"es"},{"@type":"Person","@id":"https:\/\/expresorgv.online\/home\/#\/schema\/person\/ae1ed1a575540204b5f59dca7f91f6a2","name":"expreso","image":{"@type":"ImageObject","inLanguage":"es","@id":"https:\/\/secure.gravatar.com\/avatar\/88cd9f065dcd1b722cd984aac4181386a800c0bca699eaf07e42dd8f820bddee?s=96&d=mm&r=g","url":"https:\/\/secure.gravatar.com\/avatar\/88cd9f065dcd1b722cd984aac4181386a800c0bca699eaf07e42dd8f820bddee?s=96&d=mm&r=g","contentUrl":"https:\/\/secure.gravatar.com\/avatar\/88cd9f065dcd1b722cd984aac4181386a800c0bca699eaf07e42dd8f820bddee?s=96&d=mm&r=g","caption":"expreso"},"url":"https:\/\/expresorgv.online\/home\/blog\/author\/expreso\/"}]}},"jetpack_featured_media_url":"https:\/\/i0.wp.com\/expresorgv.online\/home\/wp-content\/uploads\/2026\/08\/Centro-de-Identificacion-Forense.jpg?fit=591%2C328&ssl=1","_links":{"self":[{"href":"https:\/\/expresorgv.online\/home\/wp-json\/wp\/v2\/posts\/38231","targetHints":{"allow":["GET"]}}],"collection":[{"href":"https:\/\/expresorgv.online\/home\/wp-json\/wp\/v2\/posts"}],"about":[{"href":"https:\/\/expresorgv.online\/home\/wp-json\/wp\/v2\/types\/post"}],"author":[{"embeddable":true,"href":"https:\/\/expresorgv.online\/home\/wp-json\/wp\/v2\/users\/2"}],"replies":[{"embeddable":true,"href":"https:\/\/expresorgv.online\/home\/wp-json\/wp\/v2\/comments?post=38231"}],"version-history":[{"count":1,"href":"https:\/\/expresorgv.online\/home\/wp-json\/wp\/v2\/posts\/38231\/revisions"}],"predecessor-version":[{"id":38233,"href":"https:\/\/expresorgv.online\/home\/wp-json\/wp\/v2\/posts\/38231\/revisions\/38233"}],"wp:featuredmedia":[{"embeddable":true,"href":"https:\/\/expresorgv.online\/home\/wp-json\/wp\/v2\/media\/38232"}],"wp:attachment":[{"href":"https:\/\/expresorgv.online\/home\/wp-json\/wp\/v2\/media?parent=38231"}],"wp:term":[{"taxonomy":"category","embeddable":true,"href":"https:\/\/expresorgv.online\/home\/wp-json\/wp\/v2\/categories?post=38231"},{"taxonomy":"post_tag","embeddable":true,"href":"https:\/\/expresorgv.online\/home\/wp-json\/wp\/v2\/tags?post=38231"}],"curies":[{"name":"wp","href":"https:\/\/api.w.org\/{rel}","templated":true}]}}